{"id":45626,"date":"2020-03-02T01:05:14","date_gmt":"2020-03-02T07:05:14","guid":{"rendered":"http:\/\/www.grieta.org.mx\/?p=45626"},"modified":"2020-06-06T02:48:00","modified_gmt":"2020-06-06T07:48:00","slug":"dos-mujeres-asesinadas-asi-inicia-la-semana-en-oaxaca","status":"publish","type":"post","link":"http:\/\/www.grieta.org.mx\/index.php\/2020\/03\/02\/dos-mujeres-asesinadas-asi-inicia-la-semana-en-oaxaca\/","title":{"rendered":"Dos mujeres asesinadas, as\u00ed inicia la semana en Oaxaca"},"content":{"rendered":"<p>Noticias \/ Por Milenio.<\/p>\n<p>La Fiscal\u00eda General del Estado (FGE) de Oaxaca report\u00f3 que dos mujeres fueron asesinadas en diferentes puntos de la entidad.<\/p>\n<p>Explic\u00f3 que alrededor de las 9:00 horas un grupo de hombres armados, que viajaba a bordo de una camioneta, dispar\u00f3 a una mujer que sal\u00eda de su domicilio en la colonia Volcanes, de la ciudad de Oaxaca.<\/p>\n<p><img loading=\"lazy\" decoding=\"async\" data-attachment-id=\"45627\" data-permalink=\"http:\/\/www.grieta.org.mx\/index.php\/2020\/03\/02\/dos-mujeres-asesinadas-asi-inicia-la-semana-en-oaxaca\/2-45\/\" data-orig-file=\"http:\/\/www.grieta.org.mx\/wp-content\/uploads\/2020\/03\/2.jpg\" data-orig-size=\"1144,645\" data-comments-opened=\"0\" data-image-meta=\"{&quot;aperture&quot;:&quot;0&quot;,&quot;credit&quot;:&quot;&quot;,&quot;camera&quot;:&quot;&quot;,&quot;caption&quot;:&quot;&quot;,&quot;created_timestamp&quot;:&quot;0&quot;,&quot;copyright&quot;:&quot;&quot;,&quot;focal_length&quot;:&quot;0&quot;,&quot;iso&quot;:&quot;0&quot;,&quot;shutter_speed&quot;:&quot;0&quot;,&quot;title&quot;:&quot;&quot;,&quot;orientation&quot;:&quot;0&quot;}\" data-image-title=\"2\" data-image-description=\"\" data-image-caption=\"\" data-medium-file=\"http:\/\/www.grieta.org.mx\/wp-content\/uploads\/2020\/03\/2-300x169.jpg\" data-large-file=\"http:\/\/www.grieta.org.mx\/wp-content\/uploads\/2020\/03\/2-1024x577.jpg\" class=\"aligncenter wp-image-45627\" src=\"http:\/\/www.grieta.org.mx\/wp-content\/uploads\/2020\/03\/2.jpg\" alt=\"\" width=\"800\" height=\"451\" srcset=\"http:\/\/www.grieta.org.mx\/wp-content\/uploads\/2020\/03\/2.jpg 1144w, http:\/\/www.grieta.org.mx\/wp-content\/uploads\/2020\/03\/2-300x169.jpg 300w, http:\/\/www.grieta.org.mx\/wp-content\/uploads\/2020\/03\/2-768x433.jpg 768w, http:\/\/www.grieta.org.mx\/wp-content\/uploads\/2020\/03\/2-1024x577.jpg 1024w, http:\/\/www.grieta.org.mx\/wp-content\/uploads\/2020\/03\/2-887x500.jpg 887w\" sizes=\"auto, (max-width: 800px) 100vw, 800px\" \/><\/p>\n<p>La mujer muri\u00f3 en el lugar y fue identificada como Nancy &#8216;N&#8217;, de 45 a\u00f1os.<\/p>\n<p>??A\u00f1adi\u00f3 que en el municipio de Huajuapan de Le\u00f3n, un hombre dispar\u00f3 a una mujer y luego escap\u00f3. La mujer muri\u00f3 en el lugar tras la agresi\u00f3n.<\/p>\n<p>El fiscal del estado, Rub\u00e9n Vasconcelos, inform\u00f3 que 402 mujeres han sido asesinadas en Oaxaca durante los \u00faltimos tres a\u00f1os.<\/p>\n<p>Mientras que en lo que va de este a\u00f1o se han reportado 25 asesinatos de mujeres, de los cuales s\u00f3lo tres han sido tipificados como feminicidios.<\/p>\n<p><a href=\"https:\/\/www.nvinoticias.com\/nota\/139412\/dos-mujeres-asesinadas-asi-inicia-la-semana-en-oaxaca\" target=\"_blank\" rel=\"noopener noreferrer\">https:\/\/www.nvinoticias.com\/nota\/139412\/dos-mujeres-asesinadas-asi-inicia-la-semana-en-oaxaca<\/a><\/p>\n","protected":false},"excerpt":{"rendered":"<p>Noticias \/ Por Milenio. La Fiscal\u00eda General del Estado (FGE) de Oaxaca report\u00f3 que dos mujeres fueron asesinadas en diferentes puntos de la entidad. Explic\u00f3 que alrededor de las 9:00 &hellip; <a href=\"http:\/\/www.grieta.org.mx\/index.php\/2020\/03\/02\/dos-mujeres-asesinadas-asi-inicia-la-semana-en-oaxaca\/\" class=\"more-link\">Leer m\u00e1s<\/a><\/p>\n","protected":false},"author":2,"featured_media":45627,"comment_status":"closed","ping_status":"closed","sticky":false,"template":"","format":"standard","meta":{"ngg_post_thumbnail":0,"_jetpack_newsletter_access":"","_jetpack_dont_email_post_to_subs":false,"_jetpack_newsletter_tier_id":0,"_jetpack_memberships_contains_paywalled_content":false,"_jetpack_memberships_contains_paid_content":false,"footnotes":""},"categories":[80,1325,2,25,1665],"tags":[],"class_list":["post-45626","post","type-post","status-publish","format-standard","has-post-thumbnail","hentry","category-cintillo","category-feminicidios-en-oaxaca-oaxaca","category-noticias-nacionales","category-oaxaca","category-violencia-contra-las-mujeres-en-oaxaca","entry"],"jetpack_featured_media_url":"http:\/\/www.grieta.org.mx\/wp-content\/uploads\/2020\/03\/2.jpg","jetpack_sharing_enabled":true,"jetpack_shortlink":"https:\/\/wp.me\/p7ZJR4-bRU","jetpack_likes_enabled":false,"jetpack-related-posts":[{"id":47704,"url":"http:\/\/www.grieta.org.mx\/index.php\/2020\/04\/10\/suman-419-mujeres-asesinadas-en-oaxaca\/","url_meta":{"origin":45626,"position":0},"title":"Suman 419 mujeres asesinadas en Oaxaca","author":"grieta","date":"10 abril, 2020","format":false,"excerpt":"P\u00e1gina 3 \/ Pedro Mat\u00edas. Del 1 de diciembre de 2016 al 10 de abril de 2020 registran 419 casos de mujeres asesinadas. *Se contabilizan dos feminicidios infantiles: GESMujer Pedro MAT\u00cdAS OAXACA. (pagina3.mx).- Con la ejecuci\u00f3n de cuatro mujeres en las \u00faltimas 24 horas, suman 419 casos de mujeres asesinadas\u2026","rel":"","context":"En &quot;CINTILLO&quot;","block_context":{"text":"CINTILLO","link":"http:\/\/www.grieta.org.mx\/index.php\/category\/cintillo\/"},"img":{"alt_text":"","src":"https:\/\/i0.wp.com\/www.grieta.org.mx\/wp-content\/uploads\/2020\/04\/feminicidio-en-Oaxaca-696x394.jpg?resize=350%2C200","width":350,"height":200,"srcset":"https:\/\/i0.wp.com\/www.grieta.org.mx\/wp-content\/uploads\/2020\/04\/feminicidio-en-Oaxaca-696x394.jpg?resize=350%2C200 1x, https:\/\/i0.wp.com\/www.grieta.org.mx\/wp-content\/uploads\/2020\/04\/feminicidio-en-Oaxaca-696x394.jpg?resize=525%2C300 1.5x"},"classes":[]},{"id":51988,"url":"http:\/\/www.grieta.org.mx\/index.php\/2020\/07\/21\/234-mujeres-asesinadas-en-oaxaca-a-dos-anos-de-la-alerta-de-violencia-de-genero\/","url_meta":{"origin":45626,"position":1},"title":"234 mujeres asesinadas en Oaxaca, a dos a\u00f1os de la Alerta de Violencia de G\u00e9nero","author":"grieta","date":"21 julio, 2020","format":false,"excerpt":"Noticias \/ Citlalli Luciana. *AVGM fue emitida en 40 municipios de Oaxaca A casi dos a\u00f1os de que se emitiera la Alerta de Violencia de G\u00e9nero contra las Mujeres en 40 municipios de Oaxaca, los \u00edndices de violencia feminicida evidencian la falta de impacto para salvaguardar su vida. En ese\u2026","rel":"","context":"En &quot;CINTILLO&quot;","block_context":{"text":"CINTILLO","link":"http:\/\/www.grieta.org.mx\/index.php\/category\/cintillo\/"},"img":{"alt_text":"","src":"https:\/\/i0.wp.com\/www.grieta.org.mx\/wp-content\/uploads\/2018\/03\/14524434_1106112876131411_958039263622046936_o.jpg?resize=350%2C200","width":350,"height":200,"srcset":"https:\/\/i0.wp.com\/www.grieta.org.mx\/wp-content\/uploads\/2018\/03\/14524434_1106112876131411_958039263622046936_o.jpg?resize=350%2C200 1x, https:\/\/i0.wp.com\/www.grieta.org.mx\/wp-content\/uploads\/2018\/03\/14524434_1106112876131411_958039263622046936_o.jpg?resize=525%2C300 1.5x, https:\/\/i0.wp.com\/www.grieta.org.mx\/wp-content\/uploads\/2018\/03\/14524434_1106112876131411_958039263622046936_o.jpg?resize=700%2C400 2x"},"classes":[]},{"id":24684,"url":"http:\/\/www.grieta.org.mx\/index.php\/2018\/05\/19\/en-una-semana-cinco-mujeres-asesinadas-en-oaxaca\/","url_meta":{"origin":45626,"position":2},"title":"En una semana, cinco mujeres asesinadas en Oaxaca","author":"grieta","date":"19 mayo, 2018","format":false,"excerpt":"Noticias. Citlalli Luciana, Oaxaca.-Los asesinatos contra las mujeres en Oaxaca se encuentran imparables. Tan s\u00f3lo en la semana que termina fueron cinco v\u00edctimas. En cuatro casos los cr\u00edmenes se cometieron con arma de fuego, forma cada vez m\u00e1s recurrente por la falta de control de \u00e9stas. En los \u00faltimos dos\u2026","rel":"","context":"En &quot;CINTILLO&quot;","block_context":{"text":"CINTILLO","link":"http:\/\/www.grieta.org.mx\/index.php\/category\/cintillo\/"},"img":{"alt_text":"","src":"https:\/\/i0.wp.com\/www.grieta.org.mx\/wp-content\/uploads\/2018\/07\/portada_-_feminicidios_4.jpg?resize=350%2C200","width":350,"height":200,"srcset":"https:\/\/i0.wp.com\/www.grieta.org.mx\/wp-content\/uploads\/2018\/07\/portada_-_feminicidios_4.jpg?resize=350%2C200 1x, https:\/\/i0.wp.com\/www.grieta.org.mx\/wp-content\/uploads\/2018\/07\/portada_-_feminicidios_4.jpg?resize=525%2C300 1.5x, https:\/\/i0.wp.com\/www.grieta.org.mx\/wp-content\/uploads\/2018\/07\/portada_-_feminicidios_4.jpg?resize=700%2C400 2x, https:\/\/i0.wp.com\/www.grieta.org.mx\/wp-content\/uploads\/2018\/07\/portada_-_feminicidios_4.jpg?resize=1050%2C600 3x"},"classes":[]},{"id":55674,"url":"http:\/\/www.grieta.org.mx\/index.php\/2020\/12\/09\/oaxaca-van-101-mujeres-asesinadas-en-lo-que-va-del-ano\/","url_meta":{"origin":45626,"position":3},"title":"Oaxaca: Van 101 mujeres asesinadas en lo que va del a\u00f1o","author":"grieta","date":"9 diciembre, 2020","format":false,"excerpt":"Proceso \/ Pedro Mat\u00edas. El caso m\u00e1s reciente es el de una mujer de aproximadamente 30 a\u00f1os de edad que fue localizada sin vida, semidesnuda y con una soga al cuello. OAXACA, Oax. (apro).- Con el crimen de otra mujer que se encuentra en calidad de desconocida y con visibles\u2026","rel":"","context":"En &quot;CINTILLO&quot;","block_context":{"text":"CINTILLO","link":"http:\/\/www.grieta.org.mx\/index.php\/category\/cintillo\/"},"img":{"alt_text":"","src":"https:\/\/i0.wp.com\/www.grieta.org.mx\/wp-content\/uploads\/2020\/12\/1-3.jpg?resize=350%2C200","width":350,"height":200,"srcset":"https:\/\/i0.wp.com\/www.grieta.org.mx\/wp-content\/uploads\/2020\/12\/1-3.jpg?resize=350%2C200 1x, https:\/\/i0.wp.com\/www.grieta.org.mx\/wp-content\/uploads\/2020\/12\/1-3.jpg?resize=525%2C300 1.5x, https:\/\/i0.wp.com\/www.grieta.org.mx\/wp-content\/uploads\/2020\/12\/1-3.jpg?resize=700%2C400 2x"},"classes":[]},{"id":70308,"url":"http:\/\/www.grieta.org.mx\/index.php\/2024\/10\/20\/van-8-feminicidios-en-el-mes-de-octubre-en-oaxaca-anoche-asesinaron-a-antonieta-una-famosa-costurera-en-tuxtepec-oaxaca\/","url_meta":{"origin":45626,"position":4},"title":"Van 8 feminicidios en el mes de octubre en Oaxaca: Anoche asesinaron a Antonieta, una famosa costurera en Tuxtepec, Oaxaca","author":"grieta","date":"20 octubre, 2024","format":false,"excerpt":"Imagen: Itsmo Press Diana Manzo \/ Itsmo Press #Oaxaca 20 Oct (#Istmopress) \u2013 Antonieta, de 48 a\u00f1os de edad y conocida costurera de Tuxtepec, Oaxaca fue asesinada anoche a balazos en su vivienda. Con este feminicidio, suman 8 mujeres asesinadas en lo que va del mes de octubre en este\u2026","rel":"","context":"En &quot;CINTILLO&quot;","block_context":{"text":"CINTILLO","link":"http:\/\/www.grieta.org.mx\/index.php\/category\/cintillo\/"},"img":{"alt_text":"","src":"https:\/\/i0.wp.com\/www.grieta.org.mx\/wp-content\/uploads\/2024\/10\/1729478970767-1024x576-1.jpg?resize=350%2C200","width":350,"height":200,"srcset":"https:\/\/i0.wp.com\/www.grieta.org.mx\/wp-content\/uploads\/2024\/10\/1729478970767-1024x576-1.jpg?resize=350%2C200 1x, https:\/\/i0.wp.com\/www.grieta.org.mx\/wp-content\/uploads\/2024\/10\/1729478970767-1024x576-1.jpg?resize=525%2C300 1.5x, https:\/\/i0.wp.com\/www.grieta.org.mx\/wp-content\/uploads\/2024\/10\/1729478970767-1024x576-1.jpg?resize=700%2C400 2x"},"classes":[]},{"id":33864,"url":"http:\/\/www.grieta.org.mx\/index.php\/2019\/05\/21\/50-mujeres-asesinadas-en-oaxaca-en-menos-de-5-meses\/","url_meta":{"origin":45626,"position":5},"title":"50 mujeres asesinadas en Oaxaca, en menos de 5 meses","author":"grieta","date":"21 mayo, 2019","format":false,"excerpt":"P\u00e1gina 3. SemM\u00e9xico, Oaxaca, 20 mayo 2019.- Agentes estatales de investigaci\u00f3n localizaron este domingo a una mujer asesinada en el municipio de Mat\u00edas Romero Avenda\u00f1o; el segundo feminicidio durante el fin de semana ocurrido en la regi\u00f3n del Istmo de Tehuantepec y el n\u00famero 50 en lo que va del\u2026","rel":"","context":"En &quot;CINTILLO&quot;","block_context":{"text":"CINTILLO","link":"http:\/\/www.grieta.org.mx\/index.php\/category\/cintillo\/"},"img":{"alt_text":"","src":"https:\/\/i0.wp.com\/www.grieta.org.mx\/wp-content\/uploads\/2018\/03\/14524434_1106112876131411_958039263622046936_o.jpg?resize=350%2C200","width":350,"height":200,"srcset":"https:\/\/i0.wp.com\/www.grieta.org.mx\/wp-content\/uploads\/2018\/03\/14524434_1106112876131411_958039263622046936_o.jpg?resize=350%2C200 1x, https:\/\/i0.wp.com\/www.grieta.org.mx\/wp-content\/uploads\/2018\/03\/14524434_1106112876131411_958039263622046936_o.jpg?resize=525%2C300 1.5x, https:\/\/i0.wp.com\/www.grieta.org.mx\/wp-content\/uploads\/2018\/03\/14524434_1106112876131411_958039263622046936_o.jpg?resize=700%2C400 2x"},"classes":[]}],"_links":{"self":[{"href":"http:\/\/www.grieta.org.mx\/index.php\/wp-json\/wp\/v2\/posts\/45626","targetHints":{"allow":["GET"]}}],"collection":[{"href":"http:\/\/www.grieta.org.mx\/index.php\/wp-json\/wp\/v2\/posts"}],"about":[{"href":"http:\/\/www.grieta.org.mx\/index.php\/wp-json\/wp\/v2\/types\/post"}],"author":[{"embeddable":true,"href":"http:\/\/www.grieta.org.mx\/index.php\/wp-json\/wp\/v2\/users\/2"}],"replies":[{"embeddable":true,"href":"http:\/\/www.grieta.org.mx\/index.php\/wp-json\/wp\/v2\/comments?post=45626"}],"version-history":[{"count":1,"href":"http:\/\/www.grieta.org.mx\/index.php\/wp-json\/wp\/v2\/posts\/45626\/revisions"}],"predecessor-version":[{"id":45629,"href":"http:\/\/www.grieta.org.mx\/index.php\/wp-json\/wp\/v2\/posts\/45626\/revisions\/45629"}],"wp:featuredmedia":[{"embeddable":true,"href":"http:\/\/www.grieta.org.mx\/index.php\/wp-json\/wp\/v2\/media\/45627"}],"wp:attachment":[{"href":"http:\/\/www.grieta.org.mx\/index.php\/wp-json\/wp\/v2\/media?parent=45626"}],"wp:term":[{"taxonomy":"category","embeddable":true,"href":"http:\/\/www.grieta.org.mx\/index.php\/wp-json\/wp\/v2\/categories?post=45626"},{"taxonomy":"post_tag","embeddable":true,"href":"http:\/\/www.grieta.org.mx\/index.php\/wp-json\/wp\/v2\/tags?post=45626"}],"curies":[{"name":"wp","href":"https:\/\/api.w.org\/{rel}","templated":true}]}}