{"id":45603,"date":"2020-03-04T18:20:51","date_gmt":"2020-03-05T00:20:51","guid":{"rendered":"http:\/\/www.grieta.org.mx\/?p=45603"},"modified":"2020-03-05T18:26:20","modified_gmt":"2020-03-06T00:26:20","slug":"realizaran-jornada-de-busqueda-de-desaparecidos-en-10-municipios-de-jalisco","status":"publish","type":"post","link":"http:\/\/www.grieta.org.mx\/index.php\/2020\/03\/04\/realizaran-jornada-de-busqueda-de-desaparecidos-en-10-municipios-de-jalisco\/","title":{"rendered":"Realizar\u00e1n jornada de b\u00fasqueda de desaparecidos en 10 municipios de Jalisco"},"content":{"rendered":"<p><img loading=\"lazy\" decoding=\"async\" data-attachment-id=\"45604\" data-permalink=\"http:\/\/www.grieta.org.mx\/index.php\/2020\/03\/04\/realizaran-jornada-de-busqueda-de-desaparecidos-en-10-municipios-de-jalisco\/photo5116316071681435738-960x640\/\" data-orig-file=\"http:\/\/www.grieta.org.mx\/wp-content\/uploads\/2020\/03\/photo5116316071681435738-960x640.jpg\" data-orig-size=\"960,640\" data-comments-opened=\"0\" data-image-meta=\"{&quot;aperture&quot;:&quot;0&quot;,&quot;credit&quot;:&quot;&quot;,&quot;camera&quot;:&quot;&quot;,&quot;caption&quot;:&quot;&quot;,&quot;created_timestamp&quot;:&quot;0&quot;,&quot;copyright&quot;:&quot;&quot;,&quot;focal_length&quot;:&quot;0&quot;,&quot;iso&quot;:&quot;0&quot;,&quot;shutter_speed&quot;:&quot;0&quot;,&quot;title&quot;:&quot;&quot;,&quot;orientation&quot;:&quot;0&quot;}\" data-image-title=\"photo5116316071681435738-960&amp;#215;640\" data-image-description=\"\" data-image-caption=\"\" data-medium-file=\"http:\/\/www.grieta.org.mx\/wp-content\/uploads\/2020\/03\/photo5116316071681435738-960x640-300x200.jpg\" data-large-file=\"http:\/\/www.grieta.org.mx\/wp-content\/uploads\/2020\/03\/photo5116316071681435738-960x640.jpg\" class=\"aligncenter wp-image-45604\" src=\"http:\/\/www.grieta.org.mx\/wp-content\/uploads\/2020\/03\/photo5116316071681435738-960x640.jpg\" alt=\"\" width=\"800\" height=\"533\" srcset=\"http:\/\/www.grieta.org.mx\/wp-content\/uploads\/2020\/03\/photo5116316071681435738-960x640.jpg 960w, http:\/\/www.grieta.org.mx\/wp-content\/uploads\/2020\/03\/photo5116316071681435738-960x640-300x200.jpg 300w, http:\/\/www.grieta.org.mx\/wp-content\/uploads\/2020\/03\/photo5116316071681435738-960x640-768x512.jpg 768w, http:\/\/www.grieta.org.mx\/wp-content\/uploads\/2020\/03\/photo5116316071681435738-960x640-750x500.jpg 750w\" sizes=\"auto, (max-width: 800px) 100vw, 800px\" \/><\/p>\n<p>Foto: B\u00fasqueda Nacional en Vida<\/p>\n<p>Redacci\u00f3n\/ Zona Docs<\/p>\n<p>Luego de que en el mes de diciembre de 2019 el colectivo de\u00a0<strong>B\u00fasqueda Nacional en Vida por Nuestros Desaparecidos<\/strong>\u00a0tuviera\u00a0<strong>que suspender sus acciones debido a que el Gobierno Federal<\/strong>\u00a0les negara el acompa\u00f1amiento de elementos de la Guardia Nacional para su resguardo durante las labores de b\u00fasqueda de sus seres queridos, finalmente\u00a0<strong>continuar\u00e1n con su encomienda el pr\u00f3ximo 8 de marzo en Jalisco.<\/strong><\/p>\n<p>Seg\u00fan han anunciado en su convocatoria\u00a0<strong>realizar\u00e1n labores de b\u00fasqueda en vida en 10 municipios<\/strong>\u00a0del estado:\u00a0<strong>Guadalajara, Zapopan, Chapala, Ocotl\u00e1n, Magdalena, Tlaquepaque, Ciudad Guzm\u00e1n, Tequila, San Juan de los Lagos y Lagos de Moreno.<\/strong>\u00a0Durante el recorrido\u00a0<strong>visitar\u00e1n penales, hospitales y albergues, esperando encontrar a sus amores desaparecidos<\/strong>. A la par y sin obviar el escenario de violencia recrudecida, tambi\u00e9n\u00a0<strong>visitar\u00e1n el Instituto Jalisciense de Ciencias Forenses y llevar\u00e1n a cabo acciones de concientizaci\u00f3n y visibilizaci\u00f3n<\/strong>\u00a0de la problem\u00e1tica.<\/p>\n<p>La jornada de b\u00fasqueda bajo el lema \u201cVivos se los llevaron, vivos los queremos\u201d\u00a0<strong>iniciar\u00e1 el pr\u00f3ximo 8 de marzo y concluir\u00e1 el d\u00eda 22 del mismo mes<\/strong>. Si te encuentras en alguna de las ciudades donde se encontrar\u00e1 la brigada, env\u00eda un mensaje o\u00a0<strong>consulta la p\u00e1gina de\u00a0<em>Facebook<\/em>\u00a0del colectivo para mayor informaci\u00f3n,<\/strong>\u00a0encu\u00e9ntralos como\u00a0<strong><em>B\u00fasqueda Nacional en Vida<\/em><\/strong>.<\/p>\n<p><img loading=\"lazy\" decoding=\"async\" class=\"\" src=\"https:\/\/www.zonadocs.mx\/wp-content\/uploads\/2020\/03\/photo5118356202621872302.jpg\" width=\"801\" height=\"536\" \/><\/p>\n<p><a href=\"https:\/\/www.zonadocs.mx\/2020\/03\/04\/realizaran-jornada-de-busqueda-de-desaparecidos-en-10-municipios-de-jalisco\/\">https:\/\/www.zonadocs.mx\/2020\/03\/04\/realizaran-jornada-de-busqueda-de-desaparecidos-en-10-municipios-de-jalisco\/<\/a><\/p>\n","protected":false},"excerpt":{"rendered":"<p>Foto: B\u00fasqueda Nacional en Vida Redacci\u00f3n\/ Zona Docs Luego de que en el mes de diciembre de 2019 el colectivo de\u00a0B\u00fasqueda Nacional en Vida por Nuestros Desaparecidos\u00a0tuviera\u00a0que suspender sus acciones &hellip; <a href=\"http:\/\/www.grieta.org.mx\/index.php\/2020\/03\/04\/realizaran-jornada-de-busqueda-de-desaparecidos-en-10-municipios-de-jalisco\/\" class=\"more-link\">Leer m\u00e1s<\/a><\/p>\n","protected":false},"author":2,"featured_media":45604,"comment_status":"closed","ping_status":"closed","sticky":false,"template":"","format":"standard","meta":{"ngg_post_thumbnail":0,"_jetpack_newsletter_access":"","_jetpack_dont_email_post_to_subs":false,"_jetpack_newsletter_tier_id":0,"_jetpack_memberships_contains_paywalled_content":false,"_jetpack_memberships_contains_paid_content":false,"footnotes":""},"categories":[80,87,1032,20,2,83],"tags":[1828,3018],"class_list":["post-45603","post","type-post","status-publish","format-standard","has-post-thumbnail","hentry","category-cintillo","category-desaparecidos","category-desaparecidos-en-jalisco","category-jalisco","category-noticias-nacionales","category-temas-nacionales","tag-busqueda-de-desaparecidos","tag-colectivos-de-busqueda-de-desaparecidos","entry"],"jetpack_featured_media_url":"http:\/\/www.grieta.org.mx\/wp-content\/uploads\/2020\/03\/photo5116316071681435738-960x640.jpg","jetpack_sharing_enabled":true,"jetpack_shortlink":"https:\/\/wp.me\/p7ZJR4-bRx","jetpack_likes_enabled":false,"jetpack-related-posts":[{"id":60398,"url":"http:\/\/www.grieta.org.mx\/index.php\/2021\/07\/06\/familias-de-colima-recorren-jalisco-buscando-a-sus-desaparecidos\/","url_meta":{"origin":45603,"position":0},"title":"Familias de Colima recorren Jalisco buscando a sus desaparecidos","author":"grieta","date":"6 julio, 2021","format":false,"excerpt":"Foto:\u00a0 Diario Avanzada Heidi de Le\u00f3n Guti\u00e9rrez \/ Diario Avanzada Colima, M\u00e9xico, Avanzada (06\/07\/2021).- Integrantes de la Red de Personas Desaparecidas en Colima se encuentran en Jalisco para buscar a sus familiares \u00a0en hospitales, albergues,\u00a0 centros penitenciarios \u00a0y en distintos puntos de esa entidad como parte de la Jornada Nacional\u2026","rel":"","context":"En &quot;CINTILLO&quot;","block_context":{"text":"CINTILLO","link":"http:\/\/www.grieta.org.mx\/index.php\/category\/cintillo\/"},"img":{"alt_text":"","src":"https:\/\/i0.wp.com\/www.grieta.org.mx\/wp-content\/uploads\/2021\/07\/Des.png?resize=350%2C200","width":350,"height":200},"classes":[]},{"id":46509,"url":"http:\/\/www.grieta.org.mx\/index.php\/2020\/03\/09\/brigada-nacional-de-busqueda-llega-a-jalisco\/","url_meta":{"origin":45603,"position":1},"title":"Brigada Nacional de B\u00fasqueda llega a Jalisco","author":"grieta","date":"9 marzo, 2020","format":false,"excerpt":"Foto: Lauro Rodr\u00edguez Lauro Rodriguez \/El Diario NTR Esta informaci\u00f3n es originalmente trabajada por una mujer, quien hoy est\u00e1 en paro. La Brigada Nacional de B\u00fasqueda lleg\u00f3 a Jalisco y visitar\u00e1n hospitales y c\u00e1rceles en b\u00fasqueda de sus familiares desaparecidos. Integrantes del grupo mencionaron que en varias ocasiones, a las\u2026","rel":"","context":"En &quot;CINTILLO&quot;","block_context":{"text":"CINTILLO","link":"http:\/\/www.grieta.org.mx\/index.php\/category\/cintillo\/"},"img":{"alt_text":"","src":"https:\/\/i0.wp.com\/www.grieta.org.mx\/wp-content\/uploads\/2020\/03\/2020-03-09_12-03-48___3201.jpg?resize=350%2C200","width":350,"height":200,"srcset":"https:\/\/i0.wp.com\/www.grieta.org.mx\/wp-content\/uploads\/2020\/03\/2020-03-09_12-03-48___3201.jpg?resize=350%2C200 1x, https:\/\/i0.wp.com\/www.grieta.org.mx\/wp-content\/uploads\/2020\/03\/2020-03-09_12-03-48___3201.jpg?resize=525%2C300 1.5x, https:\/\/i0.wp.com\/www.grieta.org.mx\/wp-content\/uploads\/2020\/03\/2020-03-09_12-03-48___3201.jpg?resize=700%2C400 2x"},"classes":[]},{"id":55371,"url":"http:\/\/www.grieta.org.mx\/index.php\/2020\/11\/18\/continua-busqueda-de-colimenses-en-jalisco\/","url_meta":{"origin":45603,"position":2},"title":"Contin\u00faa b\u00fasqueda de colimenses en Jalisco","author":"grieta","date":"18 noviembre, 2020","format":false,"excerpt":"Foto: Cuartoscuro Lauro Rodr\u00edguez \/ El Diario NTR Al pie del volc\u00e1n de Colima y entre plantaciones de ca\u00f1a,\u00a0en el municipio de\u00a0Tonila, al sur de Jalisco, contin\u00faa la b\u00fasqueda de colimenses desaparecidos. El 24 de septiembre, integrantes del colectivo\u00a0Red de Desaparecidos en Colima, AC,\u00a0se manifestaron en la glorieta\u00a0de los Ni\u00f1os\u2026","rel":"","context":"En &quot;CINTILLO&quot;","block_context":{"text":"CINTILLO","link":"http:\/\/www.grieta.org.mx\/index.php\/category\/cintillo\/"},"img":{"alt_text":"","src":"https:\/\/i0.wp.com\/www.grieta.org.mx\/wp-content\/uploads\/2020\/11\/2020-11-18_12-11-39___8730.jpg?resize=350%2C200","width":350,"height":200,"srcset":"https:\/\/i0.wp.com\/www.grieta.org.mx\/wp-content\/uploads\/2020\/11\/2020-11-18_12-11-39___8730.jpg?resize=350%2C200 1x, https:\/\/i0.wp.com\/www.grieta.org.mx\/wp-content\/uploads\/2020\/11\/2020-11-18_12-11-39___8730.jpg?resize=525%2C300 1.5x, https:\/\/i0.wp.com\/www.grieta.org.mx\/wp-content\/uploads\/2020\/11\/2020-11-18_12-11-39___8730.jpg?resize=700%2C400 2x"},"classes":[]},{"id":64600,"url":"http:\/\/www.grieta.org.mx\/index.php\/2022\/07\/20\/condiciona-fiscalia-busqueda-de-desaparecidos-no-quieren-la-participacion-de-colectivos-denuncian-madres-buscadoras-jalisco\/","url_meta":{"origin":45603,"position":3},"title":"Condiciona Fiscal\u00eda b\u00fasqueda de desaparecidos; no quieren la participaci\u00f3n de colectivos denuncian madres buscadoras (Jalisco, Sonora)","author":"grieta","date":"20 julio, 2022","format":false,"excerpt":"Imagen: Especial Lauro Rodr\u00edguez \/ El Diario NTR Las Madres Buscadoras de Sonora acusaron que la Fiscal\u00eda del Estado condicion\u00f3 la b\u00fasqueda en campo. Mencion\u00f3 que se niegan a acompa\u00f1ar acciones colectivas. Ceci Patricia Flores Armenta, lideresa del colectivo Madres Buscadoras de Sonora, mencion\u00f3 que extendieron su estancia en Jalisco\u2026","rel":"","context":"En &quot;CINTILLO&quot;","block_context":{"text":"CINTILLO","link":"http:\/\/www.grieta.org.mx\/index.php\/category\/cintillo\/"},"img":{"alt_text":"","src":"https:\/\/i0.wp.com\/www.grieta.org.mx\/wp-content\/uploads\/2022\/07\/2022-07-20_10-07-27___612.png?resize=350%2C200","width":350,"height":200,"srcset":"https:\/\/i0.wp.com\/www.grieta.org.mx\/wp-content\/uploads\/2022\/07\/2022-07-20_10-07-27___612.png?resize=350%2C200 1x, https:\/\/i0.wp.com\/www.grieta.org.mx\/wp-content\/uploads\/2022\/07\/2022-07-20_10-07-27___612.png?resize=525%2C300 1.5x, https:\/\/i0.wp.com\/www.grieta.org.mx\/wp-content\/uploads\/2022\/07\/2022-07-20_10-07-27___612.png?resize=700%2C400 2x"},"classes":[]},{"id":65139,"url":"http:\/\/www.grieta.org.mx\/index.php\/2022\/09\/04\/necesitamos-que-nos-traten-con-respeto-y-dignidad-colectivos-de-busqueda-de-jalisco\/","url_meta":{"origin":45603,"position":4},"title":"\u201cNecesitamos que nos traten con respeto y dignidad\u201d: colectivos de b\u00fasqueda de Jalisco","author":"grieta","date":"4 septiembre, 2022","format":false,"excerpt":"Imagen: Aletse Torres Flores El colectivo\u00a0Luz de Esperanza\u00a0realiz\u00f3, este 4 de septiembre, una serie de acciones de protesta y exigencia de aparici\u00f3n con vida de sus familiares desaparecidos en Jalisco; entre ellas estuvieron la pega de losetas de b\u00fasqueda en la Glorieta de las y los Desaparecidos de Jalisco, as\u00ed\u2026","rel":"","context":"En &quot;CINTILLO&quot;","block_context":{"text":"CINTILLO","link":"http:\/\/www.grieta.org.mx\/index.php\/category\/cintillo\/"},"img":{"alt_text":"","src":"https:\/\/i0.wp.com\/www.grieta.org.mx\/wp-content\/uploads\/2022\/09\/photo5523966381410854845-1068x789-1.jpg?resize=350%2C200","width":350,"height":200,"srcset":"https:\/\/i0.wp.com\/www.grieta.org.mx\/wp-content\/uploads\/2022\/09\/photo5523966381410854845-1068x789-1.jpg?resize=350%2C200 1x, https:\/\/i0.wp.com\/www.grieta.org.mx\/wp-content\/uploads\/2022\/09\/photo5523966381410854845-1068x789-1.jpg?resize=525%2C300 1.5x, https:\/\/i0.wp.com\/www.grieta.org.mx\/wp-content\/uploads\/2022\/09\/photo5523966381410854845-1068x789-1.jpg?resize=700%2C400 2x, https:\/\/i0.wp.com\/www.grieta.org.mx\/wp-content\/uploads\/2022\/09\/photo5523966381410854845-1068x789-1.jpg?resize=1050%2C600 3x"},"classes":[]},{"id":41969,"url":"http:\/\/www.grieta.org.mx\/index.php\/2019\/12\/03\/familiares-de-desaparecidos-reclamaron-la-falta-de-trabajos-y-de-resultados-jalisco\/","url_meta":{"origin":45603,"position":5},"title":"Familiares de desaparecidos reclamaron la falta de trabajos y de resultados (Jalisco)","author":"grieta","date":"3 diciembre, 2019","format":false,"excerpt":"Foto: Especial Juan Levario \/ El Diario NTR Durante la presentaci\u00f3n de un proyecto de colaboraci\u00f3n con expertos guatemaltecos para b\u00fasqueda de personas\u00a0en Jalisco, familiares de desaparecidos reclamaron a Enrique Ibarra Pedroza, secretario general de Gobierno,\u00a0y a otros funcionarios la falta de trabajos y de resultados. Representantes de los colectivos\u2026","rel":"","context":"En &quot;CINTILLO&quot;","block_context":{"text":"CINTILLO","link":"http:\/\/www.grieta.org.mx\/index.php\/category\/cintillo\/"},"img":{"alt_text":"","src":"https:\/\/i0.wp.com\/www.grieta.org.mx\/wp-content\/uploads\/2019\/12\/2019-12-02_11-12-13___5378.jpg?resize=350%2C200","width":350,"height":200,"srcset":"https:\/\/i0.wp.com\/www.grieta.org.mx\/wp-content\/uploads\/2019\/12\/2019-12-02_11-12-13___5378.jpg?resize=350%2C200 1x, https:\/\/i0.wp.com\/www.grieta.org.mx\/wp-content\/uploads\/2019\/12\/2019-12-02_11-12-13___5378.jpg?resize=525%2C300 1.5x, https:\/\/i0.wp.com\/www.grieta.org.mx\/wp-content\/uploads\/2019\/12\/2019-12-02_11-12-13___5378.jpg?resize=700%2C400 2x"},"classes":[]}],"_links":{"self":[{"href":"http:\/\/www.grieta.org.mx\/index.php\/wp-json\/wp\/v2\/posts\/45603","targetHints":{"allow":["GET"]}}],"collection":[{"href":"http:\/\/www.grieta.org.mx\/index.php\/wp-json\/wp\/v2\/posts"}],"about":[{"href":"http:\/\/www.grieta.org.mx\/index.php\/wp-json\/wp\/v2\/types\/post"}],"author":[{"embeddable":true,"href":"http:\/\/www.grieta.org.mx\/index.php\/wp-json\/wp\/v2\/users\/2"}],"replies":[{"embeddable":true,"href":"http:\/\/www.grieta.org.mx\/index.php\/wp-json\/wp\/v2\/comments?post=45603"}],"version-history":[{"count":1,"href":"http:\/\/www.grieta.org.mx\/index.php\/wp-json\/wp\/v2\/posts\/45603\/revisions"}],"predecessor-version":[{"id":45605,"href":"http:\/\/www.grieta.org.mx\/index.php\/wp-json\/wp\/v2\/posts\/45603\/revisions\/45605"}],"wp:featuredmedia":[{"embeddable":true,"href":"http:\/\/www.grieta.org.mx\/index.php\/wp-json\/wp\/v2\/media\/45604"}],"wp:attachment":[{"href":"http:\/\/www.grieta.org.mx\/index.php\/wp-json\/wp\/v2\/media?parent=45603"}],"wp:term":[{"taxonomy":"category","embeddable":true,"href":"http:\/\/www.grieta.org.mx\/index.php\/wp-json\/wp\/v2\/categories?post=45603"},{"taxonomy":"post_tag","embeddable":true,"href":"http:\/\/www.grieta.org.mx\/index.php\/wp-json\/wp\/v2\/tags?post=45603"}],"curies":[{"name":"wp","href":"https:\/\/api.w.org\/{rel}","templated":true}]}}