{"id":45599,"date":"2020-03-04T18:00:21","date_gmt":"2020-03-05T00:00:21","guid":{"rendered":"http:\/\/www.grieta.org.mx\/?p=45599"},"modified":"2020-03-05T18:08:41","modified_gmt":"2020-03-06T00:08:41","slug":"nuestros-jovenes-estan-muriendo-reclaman-pobladores-del-rio-santiago-a-autoridades-de-salud-en-jalisco","status":"publish","type":"post","link":"http:\/\/www.grieta.org.mx\/index.php\/2020\/03\/04\/nuestros-jovenes-estan-muriendo-reclaman-pobladores-del-rio-santiago-a-autoridades-de-salud-en-jalisco\/","title":{"rendered":"\u201cNuestros j\u00f3venes est\u00e1n muriendo \u201d: reclaman pobladores del R\u00edo Santiago a autoridades de salud en Jalisco"},"content":{"rendered":"<p><img loading=\"lazy\" decoding=\"async\" data-attachment-id=\"45600\" data-permalink=\"http:\/\/www.grieta.org.mx\/index.php\/2020\/03\/04\/nuestros-jovenes-estan-muriendo-reclaman-pobladores-del-rio-santiago-a-autoridades-de-salud-en-jalisco\/result-6-1050x640\/\" data-orig-file=\"http:\/\/www.grieta.org.mx\/wp-content\/uploads\/2020\/03\/result-6-1050x640.jpg\" data-orig-size=\"1050,640\" data-comments-opened=\"0\" data-image-meta=\"{&quot;aperture&quot;:&quot;0&quot;,&quot;credit&quot;:&quot;&quot;,&quot;camera&quot;:&quot;&quot;,&quot;caption&quot;:&quot;&quot;,&quot;created_timestamp&quot;:&quot;0&quot;,&quot;copyright&quot;:&quot;&quot;,&quot;focal_length&quot;:&quot;0&quot;,&quot;iso&quot;:&quot;0&quot;,&quot;shutter_speed&quot;:&quot;0&quot;,&quot;title&quot;:&quot;&quot;,&quot;orientation&quot;:&quot;0&quot;}\" data-image-title=\"result-6-1050&amp;#215;640\" data-image-description=\"\" data-image-caption=\"\" data-medium-file=\"http:\/\/www.grieta.org.mx\/wp-content\/uploads\/2020\/03\/result-6-1050x640-300x183.jpg\" data-large-file=\"http:\/\/www.grieta.org.mx\/wp-content\/uploads\/2020\/03\/result-6-1050x640-1024x624.jpg\" class=\"aligncenter wp-image-45600\" src=\"http:\/\/www.grieta.org.mx\/wp-content\/uploads\/2020\/03\/result-6-1050x640.jpg\" alt=\"\" width=\"799\" height=\"487\" srcset=\"http:\/\/www.grieta.org.mx\/wp-content\/uploads\/2020\/03\/result-6-1050x640.jpg 1050w, http:\/\/www.grieta.org.mx\/wp-content\/uploads\/2020\/03\/result-6-1050x640-300x183.jpg 300w, http:\/\/www.grieta.org.mx\/wp-content\/uploads\/2020\/03\/result-6-1050x640-768x468.jpg 768w, http:\/\/www.grieta.org.mx\/wp-content\/uploads\/2020\/03\/result-6-1050x640-1024x624.jpg 1024w, http:\/\/www.grieta.org.mx\/wp-content\/uploads\/2020\/03\/result-6-1050x640-820x500.jpg 820w\" sizes=\"auto, (max-width: 799px) 100vw, 799px\" \/><\/p>\n<p>Foto: Eric Sandoval<\/p>\n<p><em><strong>Pobladores de la Cuenca Lerma-Pac\u00edfico-Santiago convocaron se manifestaron frente a la Secretar\u00eda de Salud Jalisco, para exigirle a las autoridades una atenci\u00f3n inmediata a las enfermedades que han afectado a sus familiares desde hace m\u00e1s de una d\u00e9cada.<\/strong><\/em><\/p>\n<p>Eric Sandoval \/ Zona Docs<\/p>\n<p><strong>\u201cNo hay medicamento. No hay vacuna. No hay absolutamente nada\u201d,<\/strong>\u00a0increp\u00f3 una habitante de Juanacatl\u00e1n al Secretario de Salud de Jalisco, Fernando Petersen, quien despu\u00e9s de escuchas las consignas:\u00a0<strong>\u201cQue baje el secretario a escuchar al pueblo\u201d,<\/strong>\u00a0hasta que finalmente \u00e9ste se vio obligado a bajar de su oficina para escuchar y dialogar con los pobladores afectados por la contaminaci\u00f3n del R\u00edo Santiago.<\/p>\n<p><strong>\u201cEn este momento una jovencito de 19 a\u00f1os est\u00e1 muriendo, est\u00e1 entubado de insuficiencia renal. No puede ser posible que usted como Secretar\u00eda de Salud, me diga que me va a dar un mejoralito en un pueblo muy lejano al m\u00edo. Nuestra gente se est\u00e1 muriendo\u201d<\/strong>, le reclam\u00f3 otra habitante de Juanacatl\u00e1n despu\u00e9s de que Fernando Petersen anunciara que el d\u00eda 4 de marzo,<strong>\u00a0un s\u00f3lo nefr\u00f3logo dar\u00eda atenci\u00f3n m\u00e9dica en el municipio de Poncitl\u00e1n.<\/strong><\/p>\n<p><strong>Los pobladores exigieron un nefr\u00f3logo para cada pueblo<\/strong>: El Salto, Juanacatl\u00e1n, Ocotl\u00e1n, Poncitl\u00e1n, Tlajomulco, Atotonilquillo, San Crist\u00f3bal de la Barranca, Santa Cruz de las Flores e Ixtlahuac\u00e1n de los Membrillos, a lo que el secretario replic\u00f3:\u00a0<strong>\u201cMa\u00f1ana tendr\u00e1n un nefr\u00f3logo que nunca hab\u00edan tenido\u201d, lo que provoc\u00f3 gritos y abucheos hacia el funcionario estatal.<\/strong><\/p>\n<p>El 7 de febrero de 2020, la\u00a0<em>Comisi\u00f3n Interamericana de Derechos Humanos<\/em>\u00a0(CIDH) emiti\u00f3 a trav\u00e9s de la resoluci\u00f3n\u00a0<a href=\"https:\/\/www.oas.org\/es\/cidh\/prensa\/comunicados\/2020\/MC70819.pdf\">07\/2020<\/a>,\u00a0<strong>tres medidas cautelares al Estado Mexicano, en beneficio de los habitantes afectados por la contaminaci\u00f3n del r\u00edo:<\/strong><\/p>\n<ul>\n<li>Adoptar las medidas necesarias para preservar la vida, integridad personal y salud los pobladores de las zonas hasta 5 kil\u00f3metros del R\u00edo Santiago en los municipios de Juanacatl\u00e1n y El Salto, as\u00ed como los pobladores de las localidades de San Pedro Itzic\u00e1n, Agua Caliente, Chalpicote y Mezcala en el municipio de Poncitl\u00e1n, Estado de Jalisco, se\u00f1alados en la solicitud.<\/li>\n<li>Concertar las medidas a implementarse con los beneficiarios y sus representantes.<\/li>\n<li>Informar sobre las medidas adoptadas para mitigar las fuentes de riesgo alegadas.<\/li>\n<\/ul>\n<p>Sin embargo, el Secretario de Salud Jalisco, d<strong>ijo no conocer dichas medidas porque a\u00fan no hab\u00eda le\u00eddo tal documento<\/strong>, a lo que Graciela Gonz\u00e1lez Torres, habitante del El Salto, calific\u00f3 como:<strong>\u00a0\u201cuna aberraci\u00f3n\u201d.<\/strong><\/p>\n<p>La misma Graciela, le record\u00f3 al secretario su poder, a trav\u00e9s de la ley,\u00a0<strong>para clausurar empresas que a trav\u00e9s de sus acciones, atenten contra la salud p\u00fablica del Estado de Jalisco.<\/strong><\/p>\n<p>Despu\u00e9s de escuchar diversos reclamos y comentarios cr\u00edticos de los pobladores por la inacci\u00f3n del secretario, el mismo Fernando Petersen,<strong>\u00a0tom\u00f3 el micr\u00f3fono y se comprometi\u00f3 a asistir antes de terminar el mes de marzo a todos los pueblos afectados por la contaminaci\u00f3n del R\u00edo Santiago<\/strong>, su recorrido, seg\u00fan el mismo anunci\u00f3,\u00a0<strong>comenzar\u00e1 el martes 10 de marzo.<\/strong><\/p>\n<p>Al final de su promesa, el funcionario regres\u00f3 a su oficina;\u00a0<strong>mientras que los pobladores se quedaron frente a la Secretar\u00eda de Sa\u00f1ud mientras cantaban el nuevo himno de la lucha<\/strong>: \u201cRegresen nuestro r\u00edo\u201d, una canci\u00f3n realizada por rapero Miya Tafari dedicada a los pueblos de Juanacatl\u00e1n y El Salto. \u201c\u00bfQu\u00e9 es lo que pasa? El agua limpia ya est\u00e1 escasa. Vamos arriba el pu\u00f1o, defendamos nuestra casa\u201d, rapea Miya en la canci\u00f3n disponible en su canal de YouTube (<strong><a href=\"https:\/\/www.youtube.com\/watch?v=P_thNwp7VL8\">https:\/\/www.youtube.com\/watch?v=P_thNwp7VL8<\/a><\/strong>).<\/p>\n<p>Los habitantes de la cuenca llevaron pancartas para manifestarse durante m\u00e1s de tres horas en la Secretar\u00eda de Salud:\u00a0<strong>\u201cLo que m\u00e1s amamos es lo que defendemos\u201d,\u00a0<\/strong>gritaron los pobladores para dejar en claro los motivos de su lucha y resistencia.<\/p>\n<p>A la fecha,\u00a0<strong>m\u00e1s de dos mil 231 personas han perdido la vida a causa de la contaminaci\u00f3n del R\u00edo Santiago, mientras que 4 mil 029 personas padecen afectaciones diferentes como: c\u00e1ncer y enfermedades renales<\/strong>; esto conforme a los registros que ha realizado el\u00a0<em>Comit\u00e9 Ciudadano de Defensa Ambiental de El Salto<\/em>.<\/p>\n<p><a href=\"https:\/\/www.zonadocs.mx\/2020\/03\/04\/nuestros-jovenes-estan-muriendo-reclaman-pobladores-del-rio-santiago-a-autoridades-de-salud-en-jalisco\/\">https:\/\/www.zonadocs.mx\/2020\/03\/04\/nuestros-jovenes-estan-muriendo-reclaman-pobladores-del-rio-santiago-a-autoridades-de-salud-en-jalisco\/<\/a><\/p>\n","protected":false},"excerpt":{"rendered":"<p>Foto: Eric Sandoval Pobladores de la Cuenca Lerma-Pac\u00edfico-Santiago convocaron se manifestaron frente a la Secretar\u00eda de Salud Jalisco, para exigirle a las autoridades una atenci\u00f3n inmediata a las enfermedades que &hellip; <a href=\"http:\/\/www.grieta.org.mx\/index.php\/2020\/03\/04\/nuestros-jovenes-estan-muriendo-reclaman-pobladores-del-rio-santiago-a-autoridades-de-salud-en-jalisco\/\" class=\"more-link\">Leer m\u00e1s<\/a><\/p>\n","protected":false},"author":2,"featured_media":45600,"comment_status":"closed","ping_status":"closed","sticky":false,"template":"","format":"standard","meta":{"ngg_post_thumbnail":0,"_jetpack_newsletter_access":"","_jetpack_dont_email_post_to_subs":false,"_jetpack_newsletter_tier_id":0,"_jetpack_memberships_contains_paywalled_content":false,"_jetpack_memberships_contains_paid_content":false,"footnotes":""},"categories":[80,2561,20,2],"tags":[3041,2562,3154,3155],"class_list":["post-45599","post","type-post","status-publish","format-standard","has-post-thumbnail","hentry","category-cintillo","category-destruccion-ambiental-en-jalisco","category-jalisco","category-noticias-nacionales","tag-contaminacion-de-rios","tag-destruccion-ambiental","tag-muertes-por-contaminacion-de-rios","tag-rio-santiago","entry"],"jetpack_featured_media_url":"http:\/\/www.grieta.org.mx\/wp-content\/uploads\/2020\/03\/result-6-1050x640.jpg","jetpack_sharing_enabled":true,"jetpack_shortlink":"https:\/\/wp.me\/p7ZJR4-bRt","jetpack_likes_enabled":false,"jetpack-related-posts":[{"id":52232,"url":"http:\/\/www.grieta.org.mx\/index.php\/2020\/07\/30\/protestan-frente-a-casa-jalisco-por-la-falta-de-acciones-para-el-saneamiento-del-rio-santiago-y-la-atencion-a-los-enfermos-por-la-contaminacion\/","url_meta":{"origin":45599,"position":0},"title":"Protestan frente a casa Jalisco por la falta de acciones para el saneamiento del r\u00edo Santiago y la atenci\u00f3n a los enfermos por la contaminaci\u00f3n","author":"grieta","date":"30 julio, 2020","format":false,"excerpt":"Foto: Christian Cantero Luego de reuniones con autoridades municipales, estatales y federales, los habitantes de las comunidades que rodean al R\u00edo Santiago convocaron a una rueda de prensa y posteriormente a una manifestaci\u00f3n frente a Casa Jalisco para protestar por la omisi\u00f3n del Gobierno de Jalisco en el saneamiento de\u2026","rel":"","context":"En &quot;CINTILLO&quot;","block_context":{"text":"CINTILLO","link":"http:\/\/www.grieta.org.mx\/index.php\/category\/cintillo\/"},"img":{"alt_text":"","src":"https:\/\/i0.wp.com\/www.grieta.org.mx\/wp-content\/uploads\/2020\/08\/Unknown-30-1200x640.jpeg?resize=350%2C200","width":350,"height":200,"srcset":"https:\/\/i0.wp.com\/www.grieta.org.mx\/wp-content\/uploads\/2020\/08\/Unknown-30-1200x640.jpeg?resize=350%2C200 1x, https:\/\/i0.wp.com\/www.grieta.org.mx\/wp-content\/uploads\/2020\/08\/Unknown-30-1200x640.jpeg?resize=525%2C300 1.5x, https:\/\/i0.wp.com\/www.grieta.org.mx\/wp-content\/uploads\/2020\/08\/Unknown-30-1200x640.jpeg?resize=700%2C400 2x, https:\/\/i0.wp.com\/www.grieta.org.mx\/wp-content\/uploads\/2020\/08\/Unknown-30-1200x640.jpeg?resize=1050%2C600 3x"},"classes":[]},{"id":44113,"url":"http:\/\/www.grieta.org.mx\/index.php\/2020\/02\/03\/nos-despojaron-del-rio-ahora-hay-cancer-activista-jalisco\/","url_meta":{"origin":45599,"position":1},"title":"Nos despojaron del r\u00edo; ahora hay c\u00e1ncer: activista (Jalisco)","author":"grieta","date":"3 febrero, 2020","format":false,"excerpt":"Foto: Jorge Alberto Mendoza Redacci\u00f3n \/ El Diario NTR La difusi\u00f3n de un\u00a0estudio sobre la contaminaci\u00f3n\u00a0del R\u00edo Santiago -a cargo del periodista Jos\u00e9 Toral-, y que estuvo oculto durante una d\u00e9cada, confirm\u00f3 el\u00a0da\u00f1o al que est\u00e1n expuestos\u00a0los habitantes de El Salto, comparti\u00f3 la activista\u00a0Graciela Gonz\u00e1lez Torres, integrante de la asociaci\u00f3n\u00a0Un\u2026","rel":"","context":"En &quot;CINTILLO&quot;","block_context":{"text":"CINTILLO","link":"http:\/\/www.grieta.org.mx\/index.php\/category\/cintillo\/"},"img":{"alt_text":"","src":"https:\/\/i0.wp.com\/www.grieta.org.mx\/wp-content\/uploads\/2020\/02\/2020-02-03_11-02-58___8504.jpg?resize=350%2C200","width":350,"height":200,"srcset":"https:\/\/i0.wp.com\/www.grieta.org.mx\/wp-content\/uploads\/2020\/02\/2020-02-03_11-02-58___8504.jpg?resize=350%2C200 1x, https:\/\/i0.wp.com\/www.grieta.org.mx\/wp-content\/uploads\/2020\/02\/2020-02-03_11-02-58___8504.jpg?resize=525%2C300 1.5x, https:\/\/i0.wp.com\/www.grieta.org.mx\/wp-content\/uploads\/2020\/02\/2020-02-03_11-02-58___8504.jpg?resize=700%2C400 2x"},"classes":[]},{"id":5751,"url":"http:\/\/www.grieta.org.mx\/index.php\/2016\/09\/09\/contaminacion-y-danos-a-la-salud-por-desechos-urbanos-e-industriales-en-jalisco\/","url_meta":{"origin":45599,"position":2},"title":"Conflictos por contaminaci\u00f3n y da\u00f1os a la salud debido a desechos urbanos e industriales en Jalisco","author":"grieta","date":"9 septiembre, 2016","format":false,"excerpt":"Habitantes del Salto contra la contaminaci\u00f3n del Rio Santiago 09\/09\/16. El R\u00edo Santiago una cat\u00e1strofe ambientalSomos el Medio 07\/01\/15. R\u00edo entre metales pesados M\u00e1s por m\u00e1s Guadalajara\/Cr\u00f3nica de Sociales 08\/10\/15. Demandaremos a empresas por da\u00f1os al medio ambiente P\u00e1gina 24 Jalisco 02\/08\/15. M\u00e1s muertes cerca de r\u00edo contaminado Ntr Guadajara\u2026","rel":"","context":"En &quot;Jalisco&quot;","block_context":{"text":"Jalisco","link":"http:\/\/www.grieta.org.mx\/index.php\/category\/noticias-nacionales\/jalisco\/"},"img":{"alt_text":"","src":"https:\/\/i0.wp.com\/www.grieta.org.mx\/wp-content\/uploads\/2018\/03\/14524434_1106112876131411_958039263622046936_o.jpg?resize=350%2C200","width":350,"height":200,"srcset":"https:\/\/i0.wp.com\/www.grieta.org.mx\/wp-content\/uploads\/2018\/03\/14524434_1106112876131411_958039263622046936_o.jpg?resize=350%2C200 1x, https:\/\/i0.wp.com\/www.grieta.org.mx\/wp-content\/uploads\/2018\/03\/14524434_1106112876131411_958039263622046936_o.jpg?resize=525%2C300 1.5x, https:\/\/i0.wp.com\/www.grieta.org.mx\/wp-content\/uploads\/2018\/03\/14524434_1106112876131411_958039263622046936_o.jpg?resize=700%2C400 2x"},"classes":[]},{"id":71477,"url":"http:\/\/www.grieta.org.mx\/index.php\/2025\/03\/01\/cientos-de-personas-protestan-en-guadalajara-contra-la-termoelectrica-en-juanacatlan-jalisco\/","url_meta":{"origin":45599,"position":3},"title":"Cientos de personas protestan en Guadalajara contra la termoel\u00e9ctrica en Juanacatl\u00e1n (Jalisco)","author":"grieta","date":"1 marzo, 2025","format":false,"excerpt":"Imagen: Zona Docs Shiebi Aguilar y Mario Marlo \/ Zona Docs Cientos de personas se congregaron este mi\u00e9rcoles en una manifestaci\u00f3n pac\u00edfica en Guadalajara para expresar su oposici\u00f3n a la construcci\u00f3n de una planta termoel\u00e9ctrica en Juanacatl\u00e1n. La movilizaci\u00f3n comenz\u00f3 en Los Dos Templos y avanz\u00f3 hacia el Palacio de\u2026","rel":"","context":"En &quot;CINTILLO&quot;","block_context":{"text":"CINTILLO","link":"http:\/\/www.grieta.org.mx\/index.php\/category\/cintillo\/"},"img":{"alt_text":"","src":"https:\/\/i0.wp.com\/www.grieta.org.mx\/wp-content\/uploads\/2025\/03\/WhatsApp-Image-2025-02-28-at-4.07.30-PM-2-1536x1023-1.jpeg?resize=350%2C200","width":350,"height":200,"srcset":"https:\/\/i0.wp.com\/www.grieta.org.mx\/wp-content\/uploads\/2025\/03\/WhatsApp-Image-2025-02-28-at-4.07.30-PM-2-1536x1023-1.jpeg?resize=350%2C200 1x, https:\/\/i0.wp.com\/www.grieta.org.mx\/wp-content\/uploads\/2025\/03\/WhatsApp-Image-2025-02-28-at-4.07.30-PM-2-1536x1023-1.jpeg?resize=525%2C300 1.5x, https:\/\/i0.wp.com\/www.grieta.org.mx\/wp-content\/uploads\/2025\/03\/WhatsApp-Image-2025-02-28-at-4.07.30-PM-2-1536x1023-1.jpeg?resize=700%2C400 2x, https:\/\/i0.wp.com\/www.grieta.org.mx\/wp-content\/uploads\/2025\/03\/WhatsApp-Image-2025-02-28-at-4.07.30-PM-2-1536x1023-1.jpeg?resize=1050%2C600 3x, https:\/\/i0.wp.com\/www.grieta.org.mx\/wp-content\/uploads\/2025\/03\/WhatsApp-Image-2025-02-28-at-4.07.30-PM-2-1536x1023-1.jpeg?resize=1400%2C800 4x"},"classes":[]},{"id":72309,"url":"http:\/\/www.grieta.org.mx\/index.php\/2025\/09\/01\/van-94-muertes-por-polucion-del-rio-santiago-jalisco\/","url_meta":{"origin":45599,"position":4},"title":"Van 94 muertes por poluci\u00f3n del r\u00edo Santiago (Jalisco)","author":"grieta","date":"1 septiembre, 2025","format":false,"excerpt":"Imagen: El Diario NTR Nancy \u00c1ngel \/ El Diario NTR Seg\u00fan cifras del Comit\u00e9 Ciudadano de Defensa Ambiental de El Salto, tan solo en lo que va del a\u00f1o se han registrado 94 muertes en el municipio relacionadas directamente con enfermedades atribuibles a la contaminaci\u00f3n del r\u00edo Santiago. A la\u2026","rel":"","context":"En &quot;CINTILLO&quot;","block_context":{"text":"CINTILLO","link":"http:\/\/www.grieta.org.mx\/index.php\/category\/cintillo\/"},"img":{"alt_text":"","src":"https:\/\/i0.wp.com\/www.grieta.org.mx\/wp-content\/uploads\/2025\/09\/2025-09-02_12-09-07___8344.jpg?resize=350%2C200","width":350,"height":200,"srcset":"https:\/\/i0.wp.com\/www.grieta.org.mx\/wp-content\/uploads\/2025\/09\/2025-09-02_12-09-07___8344.jpg?resize=350%2C200 1x, https:\/\/i0.wp.com\/www.grieta.org.mx\/wp-content\/uploads\/2025\/09\/2025-09-02_12-09-07___8344.jpg?resize=525%2C300 1.5x, https:\/\/i0.wp.com\/www.grieta.org.mx\/wp-content\/uploads\/2025\/09\/2025-09-02_12-09-07___8344.jpg?resize=700%2C400 2x"},"classes":[]},{"id":43531,"url":"http:\/\/www.grieta.org.mx\/index.php\/2020\/01\/24\/jalisco-oculto-durante-10-anos-contaminacion-del-rio-santiago\/","url_meta":{"origin":45599,"position":5},"title":"Jalisco ocult\u00f3 durante 10 a\u00f1os contaminaci\u00f3n del r\u00edo Santiago","author":"grieta","date":"24 enero, 2020","format":false,"excerpt":"Foto: Partidero Redacci\u00f3n \/ Partidero Guadalajara, Jalisco.- Hace 10 a\u00f1os, cuando el gobierno de Jalisco era liderado por el panista Emilio Gonz\u00e1lez M\u00e1rquez, la Comisi\u00f3n Estatal del Agua pag\u00f3 a la Universidad Aut\u00f3noma de San Luis Potos\u00ed un estudio sobre las condiciones del r\u00edo Santiago. Una composici\u00f3n de plomo, ars\u00e9nico,\u2026","rel":"","context":"En &quot;CINTILLO&quot;","block_context":{"text":"CINTILLO","link":"http:\/\/www.grieta.org.mx\/index.php\/category\/cintillo\/"},"img":{"alt_text":"","src":"https:\/\/i0.wp.com\/www.grieta.org.mx\/wp-content\/uploads\/2020\/01\/CEA-1280x640.jpg?resize=350%2C200","width":350,"height":200,"srcset":"https:\/\/i0.wp.com\/www.grieta.org.mx\/wp-content\/uploads\/2020\/01\/CEA-1280x640.jpg?resize=350%2C200 1x, https:\/\/i0.wp.com\/www.grieta.org.mx\/wp-content\/uploads\/2020\/01\/CEA-1280x640.jpg?resize=525%2C300 1.5x, https:\/\/i0.wp.com\/www.grieta.org.mx\/wp-content\/uploads\/2020\/01\/CEA-1280x640.jpg?resize=700%2C400 2x, https:\/\/i0.wp.com\/www.grieta.org.mx\/wp-content\/uploads\/2020\/01\/CEA-1280x640.jpg?resize=1050%2C600 3x"},"classes":[]}],"_links":{"self":[{"href":"http:\/\/www.grieta.org.mx\/index.php\/wp-json\/wp\/v2\/posts\/45599","targetHints":{"allow":["GET"]}}],"collection":[{"href":"http:\/\/www.grieta.org.mx\/index.php\/wp-json\/wp\/v2\/posts"}],"about":[{"href":"http:\/\/www.grieta.org.mx\/index.php\/wp-json\/wp\/v2\/types\/post"}],"author":[{"embeddable":true,"href":"http:\/\/www.grieta.org.mx\/index.php\/wp-json\/wp\/v2\/users\/2"}],"replies":[{"embeddable":true,"href":"http:\/\/www.grieta.org.mx\/index.php\/wp-json\/wp\/v2\/comments?post=45599"}],"version-history":[{"count":1,"href":"http:\/\/www.grieta.org.mx\/index.php\/wp-json\/wp\/v2\/posts\/45599\/revisions"}],"predecessor-version":[{"id":45602,"href":"http:\/\/www.grieta.org.mx\/index.php\/wp-json\/wp\/v2\/posts\/45599\/revisions\/45602"}],"wp:featuredmedia":[{"embeddable":true,"href":"http:\/\/www.grieta.org.mx\/index.php\/wp-json\/wp\/v2\/media\/45600"}],"wp:attachment":[{"href":"http:\/\/www.grieta.org.mx\/index.php\/wp-json\/wp\/v2\/media?parent=45599"}],"wp:term":[{"taxonomy":"category","embeddable":true,"href":"http:\/\/www.grieta.org.mx\/index.php\/wp-json\/wp\/v2\/categories?post=45599"},{"taxonomy":"post_tag","embeddable":true,"href":"http:\/\/www.grieta.org.mx\/index.php\/wp-json\/wp\/v2\/tags?post=45599"}],"curies":[{"name":"wp","href":"https:\/\/api.w.org\/{rel}","templated":true}]}}