{"id":4545,"date":"2015-08-30T04:28:44","date_gmt":"2015-08-30T04:28:44","guid":{"rendered":"http:\/\/50.22.11.12\/~grietaor\/?p=4545"},"modified":"2016-03-24T04:29:53","modified_gmt":"2016-03-24T04:29:53","slug":"planean-proyecto-menos-costoso-que-el-monterrey-vi","status":"publish","type":"post","link":"http:\/\/www.grieta.org.mx\/index.php\/2015\/08\/30\/planean-proyecto-menos-costoso-que-el-monterrey-vi\/","title":{"rendered":"Planean proyecto menos costoso que el Monterrey VI"},"content":{"rendered":"<p>El Economista<\/p>\n<p>    El gobernador electo de Nuevo Le\u00f3n reiter\u00f3 que el acueducto no se realizar\u00e1 tal como est\u00e1, por lo cual trabajan en modificaciones.<\/p>\n<p>Monterrey, NL. El gobernador electo de Nuevo Le\u00f3n, Jaime Rodr\u00edguez Calder\u00f3n, El Bronco, reiter\u00f3 que el proyecto hidr\u00e1ulico Monterrey VI no se realizar\u00e1 como fue concebido por la actual administraci\u00f3n. Por ello, dijo, plantear\u00e1 al presidente una alternativa menos costosa.<\/p>\n<p>\u201c\u00c9l (presidente) quiere traer agua a Monterrey; yo ser\u00e9 capaz de convencerlo (\u2026) para que nos cueste lo menos posible\u201d, extern\u00f3 ante m\u00e1s de 700 asistentes al Foro Monterrey 2015.<\/p>\n<p>\u201cMonterrey VI no se va a hacer. Para los que dudaban de m\u00ed, a los que siguen dudando de m\u00ed, voy a hacer todo lo que les dije, me voy a ganar su confianza\u201d, agreg\u00f3.<\/p>\n<p>El proyecto actual del acueducto Monterrey VI consiste en traer agua desde el r\u00edo Tampa\u00f3n, en el municipio de Tamu\u00edn, en San Luis Potos\u00ed; posteriormente, cruzar por el norte de Veracruz, Tamaulipas y llegar hasta la presa de Cerro Prieto, en Nuevo Le\u00f3n, en un recorrido de 372 kil\u00f3metros. Se estima que la construcci\u00f3n se realizar\u00e1 en tres a\u00f1os.<\/p>\n<p>El costo proyectado del acueducto asciende a 14,161 millones de pesos, sin IVA; sin embargo, para suministrar agua en bloque del r\u00edo P\u00e1nuco de manera adicional, la operaci\u00f3n y mantenimiento del acueducto por 27 a\u00f1os tendr\u00eda un costo de 25,908 millones de pesos, seg\u00fan el organismo Servicios de Agua y Drenaje de Monterrey.<\/p>\n<p>Ante ello, organismos ambientales y empresariales se opusieron al proyecto, al considerar que tendr\u00eda un costo de m\u00e1s de 60,000 millones de pesos para el estado, un monto semejante a la deuda actual de la entidad.<\/p>\n<p>Un problema cr\u00edtico: ?escasez de agua<\/p>\n<p>Monterrey vive dos problemas ambientales que debe resolver con urgencia: \u201cel tr\u00e1fico vial y el agua, que cada vez es m\u00e1s insuficiente ante el crecimiento poblacional\u201d, afirm\u00f3 Dann Sklarew, director del Centro de Emprendimiento Social de la Universidad George Mason, en Virginia, Estados Unidos.<\/p>\n<p>El especialista en gobernanza de recursos h\u00eddricos coment\u00f3 en una conferencia que ofreci\u00f3 en la Universidad de Monterrey que \u201cla poblaci\u00f3n de Monterrey sigue creciendo, (pero \u00e9sta) no puede avanzar m\u00e1s all\u00e1 de los l\u00edmites del agua que llega para esa gente\u201d.<\/p>\n<p>Por ello, expuso que es necesario hacer una inversi\u00f3n eficiente del agua, como se contempla en el proyecto del Acueducto Monterrey VI.<\/p>\n<p>El asesor t\u00e9cnico principal de la Organizaci\u00f3n de las Naciones Unidas compar\u00f3 este proyecto con una obra p\u00fablica planeada en Phoenix, Arizona, o Los \u00c1ngeles, California, luego de las condiciones previas que ha enfrentado la poblaci\u00f3n.<\/p>\n<p>Por tanto, dijo: \u201cLas inversiones en el uso eficiente del agua y la conservaci\u00f3n son cr\u00edticos en mantener tanto la econom\u00eda como la calidad de vida para las ciudades que son secas y c\u00e1lidas\u201d.<\/p>\n<p><a href=\"http:\/\/eleconomista.com.mx\/estados\/2015\/08\/30\/planean-proyecto-menos-costoso-que-monterrey-vi\" target=\"_blank\">eleconomista.com.mx\/estados\/2015\/08\/30\/planean-proyecto-menos-costoso-que-monterrey-vi<\/a><\/p>\n","protected":false},"excerpt":{"rendered":"<p>El Economista El gobernador electo de Nuevo Le\u00f3n reiter\u00f3 que el acueducto no se realizar\u00e1 tal como est\u00e1, por lo cual trabajan en modificaciones. Monterrey, NL. El gobernador electo de &hellip; <a href=\"http:\/\/www.grieta.org.mx\/index.php\/2015\/08\/30\/planean-proyecto-menos-costoso-que-el-monterrey-vi\/\" class=\"more-link\">Leer m\u00e1s<\/a><\/p>\n","protected":false},"author":2,"featured_media":21928,"comment_status":"closed","ping_status":"open","sticky":false,"template":"","format":"standard","meta":{"ngg_post_thumbnail":0,"_jetpack_newsletter_access":"","_jetpack_dont_email_post_to_subs":false,"_jetpack_newsletter_tier_id":0,"_jetpack_memberships_contains_paywalled_content":false,"_jetpack_memberships_contains_paid_content":false,"footnotes":""},"categories":[80,202,38],"tags":[358],"class_list":["post-4545","post","type-post","status-publish","format-standard","has-post-thumbnail","hentry","category-cintillo","category-nuevo-leon","category-proyectos-hidricos","tag-monterrey-vi","entry"],"jetpack_featured_media_url":"http:\/\/www.grieta.org.mx\/wp-content\/uploads\/2018\/03\/14524434_1106112876131411_958039263622046936_o.jpg","jetpack_sharing_enabled":true,"jetpack_shortlink":"https:\/\/wp.me\/p7ZJR4-1bj","jetpack_likes_enabled":false,"jetpack-related-posts":[{"id":4530,"url":"http:\/\/www.grieta.org.mx\/index.php\/2016\/09\/14\/proyecto-hidraulico-monterrey-vi\/","url_meta":{"origin":4545,"position":0},"title":"Proyecto Hidr\u00e1ulico Monterrey VI","author":"grieta","date":"14 septiembre, 2016","format":false,"excerpt":"13\/09\/16. Admite gobernador acuerdo con EPN sobre Monterrey VI'Milenio Monterrey 14\/08\/16. Proyecto de acueducto en Monterrey 'sigue vivo'El Economista 07\/07\/16. Exigen revisar alternativas a proyecto Monterrey VI Milenio Monterrey 18\/06\/16. Monterrey VI da\u00f1ar\u00eda a sectores productivos Milenio Tamaulipas 21\/05\/16. Planta gobernador a inconformes con Monterrey VI Milenio Monterrey 16\/05\/16. En\u2026","rel":"","context":"En &quot;NOTICIAS NACIONALES&quot;","block_context":{"text":"NOTICIAS NACIONALES","link":"http:\/\/www.grieta.org.mx\/index.php\/category\/noticias-nacionales\/"},"img":{"alt_text":"","src":"https:\/\/i0.wp.com\/www.grieta.org.mx\/wp-content\/uploads\/2018\/03\/14524434_1106112876131411_958039263622046936_o.jpg?resize=350%2C200","width":350,"height":200,"srcset":"https:\/\/i0.wp.com\/www.grieta.org.mx\/wp-content\/uploads\/2018\/03\/14524434_1106112876131411_958039263622046936_o.jpg?resize=350%2C200 1x, https:\/\/i0.wp.com\/www.grieta.org.mx\/wp-content\/uploads\/2018\/03\/14524434_1106112876131411_958039263622046936_o.jpg?resize=525%2C300 1.5x, https:\/\/i0.wp.com\/www.grieta.org.mx\/wp-content\/uploads\/2018\/03\/14524434_1106112876131411_958039263622046936_o.jpg?resize=700%2C400 2x"},"classes":[]},{"id":4531,"url":"http:\/\/www.grieta.org.mx\/index.php\/2016\/01\/13\/reviven-en-nuevo-leon-proyecto-monterrey-vi\/","url_meta":{"origin":4545,"position":1},"title":"Reviven en Nuevo Le\u00f3n proyecto Monterrey VI","author":"grieta","date":"13 enero, 2016","format":false,"excerpt":"El Economista Aunque el gobernador aclara que s\u00f3lo ser\u00e1 en nombre, tambi\u00e9n llevar\u00e1 agua desde SLP. Lourdes Flores Realizar\u00e1n reestructura o ajustes al original El mandatario dijo que se encuentran analizando todas las posturas porque el l\u00edquido es necesario. Monterrey, NL. El gobernador de Nuevo Le\u00f3n, Jaime Rodr\u00edguez, dijo que\u2026","rel":"","context":"En &quot;CINTILLO&quot;","block_context":{"text":"CINTILLO","link":"http:\/\/www.grieta.org.mx\/index.php\/category\/cintillo\/"},"img":{"alt_text":"","src":"https:\/\/i0.wp.com\/www.grieta.org.mx\/wp-content\/uploads\/2018\/03\/14524434_1106112876131411_958039263622046936_o.jpg?resize=350%2C200","width":350,"height":200,"srcset":"https:\/\/i0.wp.com\/www.grieta.org.mx\/wp-content\/uploads\/2018\/03\/14524434_1106112876131411_958039263622046936_o.jpg?resize=350%2C200 1x, https:\/\/i0.wp.com\/www.grieta.org.mx\/wp-content\/uploads\/2018\/03\/14524434_1106112876131411_958039263622046936_o.jpg?resize=525%2C300 1.5x, https:\/\/i0.wp.com\/www.grieta.org.mx\/wp-content\/uploads\/2018\/03\/14524434_1106112876131411_958039263622046936_o.jpg?resize=700%2C400 2x"},"classes":[]},{"id":4703,"url":"http:\/\/www.grieta.org.mx\/index.php\/2015\/06\/25\/afirman-que-proyecto-de-monterrey-vi-no-se-ha-detenido\/","url_meta":{"origin":4545,"position":2},"title":"Afirman que proyecto de Monterrey VI no se ha detenido","author":"grieta","date":"25 junio, 2015","format":false,"excerpt":"El Horizonte Por: Redacci\u00f3n El Horizonte \u2013 Seg\u00fan actores consultados, el proyecto avanza en temas de tramitolog\u00eda en cuanto a liberaci\u00f3n de derechos de paso de los acueductos desde el r\u00edo P\u00e1nuco, hasta Nuevo Le\u00f3n. En d\u00edas pasados, el vicepresidente corporativo de ICA, Carlos M\u00e9ndez, declar\u00f3 en medios de comunicaci\u00f3n\u2026","rel":"","context":"En &quot;CINTILLO&quot;","block_context":{"text":"CINTILLO","link":"http:\/\/www.grieta.org.mx\/index.php\/category\/cintillo\/"},"img":{"alt_text":"","src":"https:\/\/i0.wp.com\/www.grieta.org.mx\/wp-content\/uploads\/2018\/03\/14524434_1106112876131411_958039263622046936_o.jpg?resize=350%2C200","width":350,"height":200,"srcset":"https:\/\/i0.wp.com\/www.grieta.org.mx\/wp-content\/uploads\/2018\/03\/14524434_1106112876131411_958039263622046936_o.jpg?resize=350%2C200 1x, https:\/\/i0.wp.com\/www.grieta.org.mx\/wp-content\/uploads\/2018\/03\/14524434_1106112876131411_958039263622046936_o.jpg?resize=525%2C300 1.5x, https:\/\/i0.wp.com\/www.grieta.org.mx\/wp-content\/uploads\/2018\/03\/14524434_1106112876131411_958039263622046936_o.jpg?resize=700%2C400 2x"},"classes":[]},{"id":4547,"url":"http:\/\/www.grieta.org.mx\/index.php\/2015\/08\/19\/monterrey-vi-en-compas-%e2%80%a8de-espera\/","url_meta":{"origin":4545,"position":3},"title":"Monterrey VI, en comp\u00e1s ?de espera","author":"grieta","date":"19 agosto, 2015","format":false,"excerpt":"El Economista Una segunda opci\u00f3n para traer agua a la zona metropolitana, coment\u00f3 Jaime Rodr\u00edguez, es a trav\u00e9s de un segundo acueducto desde la presa El Cuchillo hasta la ciudad de Monterrey. El inconveniente, coment\u00f3, es que se tienen que comprar los derechos del agua. LOURDES FLORES Monterrey, NL. El\u2026","rel":"","context":"En &quot;CINTILLO&quot;","block_context":{"text":"CINTILLO","link":"http:\/\/www.grieta.org.mx\/index.php\/category\/cintillo\/"},"img":{"alt_text":"","src":"https:\/\/i0.wp.com\/www.grieta.org.mx\/wp-content\/uploads\/2018\/03\/14524434_1106112876131411_958039263622046936_o.jpg?resize=350%2C200","width":350,"height":200,"srcset":"https:\/\/i0.wp.com\/www.grieta.org.mx\/wp-content\/uploads\/2018\/03\/14524434_1106112876131411_958039263622046936_o.jpg?resize=350%2C200 1x, https:\/\/i0.wp.com\/www.grieta.org.mx\/wp-content\/uploads\/2018\/03\/14524434_1106112876131411_958039263622046936_o.jpg?resize=525%2C300 1.5x, https:\/\/i0.wp.com\/www.grieta.org.mx\/wp-content\/uploads\/2018\/03\/14524434_1106112876131411_958039263622046936_o.jpg?resize=700%2C400 2x"},"classes":[]},{"id":4700,"url":"http:\/\/www.grieta.org.mx\/index.php\/2015\/07\/07\/costara-14-millones-de-pesos-cancelar-proyecto-monterrey-vi\/","url_meta":{"origin":4545,"position":4},"title":"Costar\u00e1 14 millones de pesos cancelar proyecto Monterrey VI","author":"grieta","date":"7 julio, 2015","format":false,"excerpt":"El Financiero Directivos de Servicios de Agua y Drenaje de Monterrey se\u00f1alaron que el monto tendr\u00eda que pagarlo el gobierno de Nuevo Le\u00f3n, en caso de rescindir el contrato ya pactado. Juan Antonio Lara MONTERREY.- Servicios de Agua y Drenaje de Monterrey (SADM) se\u00f1al\u00f3 que el proyecto de Monterrey VI\u2026","rel":"","context":"En &quot;CINTILLO&quot;","block_context":{"text":"CINTILLO","link":"http:\/\/www.grieta.org.mx\/index.php\/category\/cintillo\/"},"img":{"alt_text":"","src":"https:\/\/i0.wp.com\/www.grieta.org.mx\/wp-content\/uploads\/2018\/03\/14524434_1106112876131411_958039263622046936_o.jpg?resize=350%2C200","width":350,"height":200,"srcset":"https:\/\/i0.wp.com\/www.grieta.org.mx\/wp-content\/uploads\/2018\/03\/14524434_1106112876131411_958039263622046936_o.jpg?resize=350%2C200 1x, https:\/\/i0.wp.com\/www.grieta.org.mx\/wp-content\/uploads\/2018\/03\/14524434_1106112876131411_958039263622046936_o.jpg?resize=525%2C300 1.5x, https:\/\/i0.wp.com\/www.grieta.org.mx\/wp-content\/uploads\/2018\/03\/14524434_1106112876131411_958039263622046936_o.jpg?resize=700%2C400 2x"},"classes":[]},{"id":4567,"url":"http:\/\/www.grieta.org.mx\/index.php\/2015\/07\/08\/monterrey-vi-cronica-de-una-obra-polemica\/","url_meta":{"origin":4545,"position":5},"title":"Monterrey VI, cr\u00f3nica de una obra pol\u00e9mica","author":"grieta","date":"8 julio, 2015","format":false,"excerpt":"Milenio Eduardo Mendieta Monterrey, NL. Pese a que el proyecto Monterrey VI ha sido considerado desde hace un par de a\u00f1os en los planes de mandatarios estatales y federales, el acueducto ha creado pol\u00e9mica en la sociedad regiomontana casi desde su planteamiento. De acuerdo a reportes period\u00edsticos, el presidente Enrique\u2026","rel":"","context":"En &quot;CINTILLO&quot;","block_context":{"text":"CINTILLO","link":"http:\/\/www.grieta.org.mx\/index.php\/category\/cintillo\/"},"img":{"alt_text":"","src":"https:\/\/i0.wp.com\/www.grieta.org.mx\/wp-content\/uploads\/2018\/03\/14524434_1106112876131411_958039263622046936_o.jpg?resize=350%2C200","width":350,"height":200,"srcset":"https:\/\/i0.wp.com\/www.grieta.org.mx\/wp-content\/uploads\/2018\/03\/14524434_1106112876131411_958039263622046936_o.jpg?resize=350%2C200 1x, https:\/\/i0.wp.com\/www.grieta.org.mx\/wp-content\/uploads\/2018\/03\/14524434_1106112876131411_958039263622046936_o.jpg?resize=525%2C300 1.5x, https:\/\/i0.wp.com\/www.grieta.org.mx\/wp-content\/uploads\/2018\/03\/14524434_1106112876131411_958039263622046936_o.jpg?resize=700%2C400 2x"},"classes":[]}],"_links":{"self":[{"href":"http:\/\/www.grieta.org.mx\/index.php\/wp-json\/wp\/v2\/posts\/4545","targetHints":{"allow":["GET"]}}],"collection":[{"href":"http:\/\/www.grieta.org.mx\/index.php\/wp-json\/wp\/v2\/posts"}],"about":[{"href":"http:\/\/www.grieta.org.mx\/index.php\/wp-json\/wp\/v2\/types\/post"}],"author":[{"embeddable":true,"href":"http:\/\/www.grieta.org.mx\/index.php\/wp-json\/wp\/v2\/users\/2"}],"replies":[{"embeddable":true,"href":"http:\/\/www.grieta.org.mx\/index.php\/wp-json\/wp\/v2\/comments?post=4545"}],"version-history":[{"count":1,"href":"http:\/\/www.grieta.org.mx\/index.php\/wp-json\/wp\/v2\/posts\/4545\/revisions"}],"predecessor-version":[{"id":4546,"href":"http:\/\/www.grieta.org.mx\/index.php\/wp-json\/wp\/v2\/posts\/4545\/revisions\/4546"}],"wp:featuredmedia":[{"embeddable":true,"href":"http:\/\/www.grieta.org.mx\/index.php\/wp-json\/wp\/v2\/media\/21928"}],"wp:attachment":[{"href":"http:\/\/www.grieta.org.mx\/index.php\/wp-json\/wp\/v2\/media?parent=4545"}],"wp:term":[{"taxonomy":"category","embeddable":true,"href":"http:\/\/www.grieta.org.mx\/index.php\/wp-json\/wp\/v2\/categories?post=4545"},{"taxonomy":"post_tag","embeddable":true,"href":"http:\/\/www.grieta.org.mx\/index.php\/wp-json\/wp\/v2\/tags?post=4545"}],"curies":[{"name":"wp","href":"https:\/\/api.w.org\/{rel}","templated":true}]}}