{"id":4541,"date":"2015-09-08T04:25:03","date_gmt":"2015-09-08T04:25:03","guid":{"rendered":"http:\/\/50.22.11.12\/~grietaor\/?p=4541"},"modified":"2016-03-24T04:27:07","modified_gmt":"2016-03-24T04:27:07","slug":"segundo-ducto-en-presa-sustituiria-al-plan-monterrey-vi","status":"publish","type":"post","link":"http:\/\/www.grieta.org.mx\/index.php\/2015\/09\/08\/segundo-ducto-en-presa-sustituiria-al-plan-monterrey-vi\/","title":{"rendered":"Segundo ducto en presa sustituir\u00eda al plan Monterrey VI"},"content":{"rendered":"<p>Proceso<\/p>\n<p>8 septiembre, 2015<\/p>\n<p>MONTERREY, N.L. (apro).- El gobernador electo, Jaime Rodr\u00edguez Calder\u00f3n, planea construir un segundo ducto que ir\u00eda de la presa El Cuchillo, localizada en el municipio de China, a esta capital.<\/p>\n<p>Manuel Gonz\u00e1lez Flores, coordinador del equipo de transici\u00f3n, sostuvo que a\u00fan no se ha tomado una decisi\u00f3n sobre el plan hidr\u00e1ulico alternativo a Monterrey VI, y explic\u00f3 que entre las m\u00faltiples opciones que se han presentado figura la de El Cuchillo, que traer\u00e1 agua desde el vaso captador ubicado en China, que se encuentra a 120 kil\u00f3metros de esta ciudad.<\/p>\n<p>El futuro secretario general de Gobierno precis\u00f3 que con ese entubado, la zona metropolitana del estado podr\u00e1 contar con cinco metros c\u00fabicos m\u00e1s por segundo, que se sumar\u00edan a una cantidad id\u00e9ntica que ya surte la misma almacenadora acu\u00edfera.<\/p>\n<p>Debido a que a\u00fan es un plan, agreg\u00f3, no se ha analizado el costo de esta obra.<\/p>\n<p>El Cuchillo, presa inaugurada en 1993, tiene una capacidad de almacenamiento de mil 193 millones de metros c\u00fabicos, y surte agua al \u00e1rea conurbada por un ducto de 110 kil\u00f3metros, con un di\u00e1metro de 2.13 metros, a lo largo de los cu\u00e1les hay cinco estaciones de bombeo que env\u00edan el l\u00edquido de norte a sur.<\/p>\n<p>La presa se alimenta del r\u00edo San Juan, y a trav\u00e9s de este afluente desfoga agua peri\u00f3dicamente hacia territorio de Tamaulipas, que le da un uso agr\u00edcola.<\/p>\n<p>El Cuchillo, junto con Cerro Prieto, en Linares, y La Boca, en Santiago, son las tres fuentes superficiales de suministro que aportan 60% del abasto a la zona conurbada.<\/p>\n<p>Gonz\u00e1lez se\u00f1al\u00f3 que mientras Rodr\u00edguez Calder\u00f3n, \u2018El Bronco\u2019, no tome una determinaci\u00f3n, la \u00fanica certeza es que Monterrey VI no ser\u00e1 construido en lo inmediato, debido a que la obra, adem\u00e1s de haber sido cuestionada por su opacidad, tiene un costo que supera los 60 mil millones de pesos, una cantidad que resulta impagable por la deuda que tiene el estado.<\/p>\n<p>El coordinador operativo de la transici\u00f3n explic\u00f3 que luego de ganar las elecciones, el pasado 7 de junio, \u2018El Bronco\u2019 ha sostenido algunas reuniones con el presidente Enrique Pe\u00f1a Nieto, quien le pidi\u00f3 que le presentara otras opciones para buscar esquemas de financiamiento que la Federaci\u00f3n pueda respaldar.<\/p>\n<p>El actual gobernador priista, Rodrigo Medina de la Cruz, fue uno de los m\u00e1s fervientes impulsores de Monterrey VI, pero tuvo que suspender la promoci\u00f3n de la obra cuando se descubri\u00f3 que hab\u00eda sido asignada a constructores cuestionados, como Concretos y Obra Civil del Pac\u00edfico, integrada a Grupo Higa, de la familia de Juan Jos\u00e9 Hinojosa.<\/p>\n<p>Otra de las empresas era Pyecsa, propiedad de Gustavo Cavazos, quien, seg\u00fan trascendidos, lidera al Grupo Allende, que supuestamente controla la asignaci\u00f3n de obras p\u00fablicas del gobierno de Nuevo Le\u00f3n.<\/p>\n<p><a href=\"http:\/\/www.proceso.com.mx\/414906\/segundo-ducto-en-presa-sustituiria-al-plan-monterrey-vi?utm_source=feedburner&#038;utm_medium=feed&#038;utm_campaign=Feed%3A%20revista_proceso%20%28Revista%20Proceso%29\" target=\"_blank\">http:\/\/www.proceso.com.mx\/414906\/segundo-ducto-en-presa-sustituiria-al-plan-monterrey-vi?utm_source=feedburner&#038;utm_medium=feed&#038;utm_campaign=Feed%3A%20revista_proceso%20%28Revista%20Proceso%29<\/a><\/p>\n","protected":false},"excerpt":{"rendered":"<p>Proceso 8 septiembre, 2015 MONTERREY, N.L. (apro).- El gobernador electo, Jaime Rodr\u00edguez Calder\u00f3n, planea construir un segundo ducto que ir\u00eda de la presa El Cuchillo, localizada en el municipio de &hellip; <a href=\"http:\/\/www.grieta.org.mx\/index.php\/2015\/09\/08\/segundo-ducto-en-presa-sustituiria-al-plan-monterrey-vi\/\" class=\"more-link\">Leer m\u00e1s<\/a><\/p>\n","protected":false},"author":2,"featured_media":21928,"comment_status":"closed","ping_status":"open","sticky":false,"template":"","format":"standard","meta":{"ngg_post_thumbnail":0,"_jetpack_newsletter_access":"","_jetpack_dont_email_post_to_subs":false,"_jetpack_newsletter_tier_id":0,"_jetpack_memberships_contains_paywalled_content":false,"_jetpack_memberships_contains_paid_content":false,"footnotes":""},"categories":[80,202,38],"tags":[358],"class_list":["post-4541","post","type-post","status-publish","format-standard","has-post-thumbnail","hentry","category-cintillo","category-nuevo-leon","category-proyectos-hidricos","tag-monterrey-vi","entry"],"jetpack_featured_media_url":"http:\/\/www.grieta.org.mx\/wp-content\/uploads\/2018\/03\/14524434_1106112876131411_958039263622046936_o.jpg","jetpack_sharing_enabled":true,"jetpack_shortlink":"https:\/\/wp.me\/p7ZJR4-1bf","jetpack_likes_enabled":false,"jetpack-related-posts":[{"id":4547,"url":"http:\/\/www.grieta.org.mx\/index.php\/2015\/08\/19\/monterrey-vi-en-compas-%e2%80%a8de-espera\/","url_meta":{"origin":4541,"position":0},"title":"Monterrey VI, en comp\u00e1s ?de espera","author":"grieta","date":"19 agosto, 2015","format":false,"excerpt":"El Economista Una segunda opci\u00f3n para traer agua a la zona metropolitana, coment\u00f3 Jaime Rodr\u00edguez, es a trav\u00e9s de un segundo acueducto desde la presa El Cuchillo hasta la ciudad de Monterrey. El inconveniente, coment\u00f3, es que se tienen que comprar los derechos del agua. LOURDES FLORES Monterrey, NL. El\u2026","rel":"","context":"En &quot;CINTILLO&quot;","block_context":{"text":"CINTILLO","link":"http:\/\/www.grieta.org.mx\/index.php\/category\/cintillo\/"},"img":{"alt_text":"","src":"https:\/\/i0.wp.com\/www.grieta.org.mx\/wp-content\/uploads\/2018\/03\/14524434_1106112876131411_958039263622046936_o.jpg?resize=350%2C200","width":350,"height":200,"srcset":"https:\/\/i0.wp.com\/www.grieta.org.mx\/wp-content\/uploads\/2018\/03\/14524434_1106112876131411_958039263622046936_o.jpg?resize=350%2C200 1x, https:\/\/i0.wp.com\/www.grieta.org.mx\/wp-content\/uploads\/2018\/03\/14524434_1106112876131411_958039263622046936_o.jpg?resize=525%2C300 1.5x, https:\/\/i0.wp.com\/www.grieta.org.mx\/wp-content\/uploads\/2018\/03\/14524434_1106112876131411_958039263622046936_o.jpg?resize=700%2C400 2x"},"classes":[]},{"id":4530,"url":"http:\/\/www.grieta.org.mx\/index.php\/2016\/09\/14\/proyecto-hidraulico-monterrey-vi\/","url_meta":{"origin":4541,"position":1},"title":"Proyecto Hidr\u00e1ulico Monterrey VI","author":"grieta","date":"14 septiembre, 2016","format":false,"excerpt":"13\/09\/16. Admite gobernador acuerdo con EPN sobre Monterrey VI'Milenio Monterrey 14\/08\/16. Proyecto de acueducto en Monterrey 'sigue vivo'El Economista 07\/07\/16. Exigen revisar alternativas a proyecto Monterrey VI Milenio Monterrey 18\/06\/16. Monterrey VI da\u00f1ar\u00eda a sectores productivos Milenio Tamaulipas 21\/05\/16. Planta gobernador a inconformes con Monterrey VI Milenio Monterrey 16\/05\/16. En\u2026","rel":"","context":"En &quot;NOTICIAS NACIONALES&quot;","block_context":{"text":"NOTICIAS NACIONALES","link":"http:\/\/www.grieta.org.mx\/index.php\/category\/noticias-nacionales\/"},"img":{"alt_text":"","src":"https:\/\/i0.wp.com\/www.grieta.org.mx\/wp-content\/uploads\/2018\/03\/14524434_1106112876131411_958039263622046936_o.jpg?resize=350%2C200","width":350,"height":200,"srcset":"https:\/\/i0.wp.com\/www.grieta.org.mx\/wp-content\/uploads\/2018\/03\/14524434_1106112876131411_958039263622046936_o.jpg?resize=350%2C200 1x, https:\/\/i0.wp.com\/www.grieta.org.mx\/wp-content\/uploads\/2018\/03\/14524434_1106112876131411_958039263622046936_o.jpg?resize=525%2C300 1.5x, https:\/\/i0.wp.com\/www.grieta.org.mx\/wp-content\/uploads\/2018\/03\/14524434_1106112876131411_958039263622046936_o.jpg?resize=700%2C400 2x"},"classes":[]},{"id":4700,"url":"http:\/\/www.grieta.org.mx\/index.php\/2015\/07\/07\/costara-14-millones-de-pesos-cancelar-proyecto-monterrey-vi\/","url_meta":{"origin":4541,"position":2},"title":"Costar\u00e1 14 millones de pesos cancelar proyecto Monterrey VI","author":"grieta","date":"7 julio, 2015","format":false,"excerpt":"El Financiero Directivos de Servicios de Agua y Drenaje de Monterrey se\u00f1alaron que el monto tendr\u00eda que pagarlo el gobierno de Nuevo Le\u00f3n, en caso de rescindir el contrato ya pactado. Juan Antonio Lara MONTERREY.- Servicios de Agua y Drenaje de Monterrey (SADM) se\u00f1al\u00f3 que el proyecto de Monterrey VI\u2026","rel":"","context":"En &quot;CINTILLO&quot;","block_context":{"text":"CINTILLO","link":"http:\/\/www.grieta.org.mx\/index.php\/category\/cintillo\/"},"img":{"alt_text":"","src":"https:\/\/i0.wp.com\/www.grieta.org.mx\/wp-content\/uploads\/2018\/03\/14524434_1106112876131411_958039263622046936_o.jpg?resize=350%2C200","width":350,"height":200,"srcset":"https:\/\/i0.wp.com\/www.grieta.org.mx\/wp-content\/uploads\/2018\/03\/14524434_1106112876131411_958039263622046936_o.jpg?resize=350%2C200 1x, https:\/\/i0.wp.com\/www.grieta.org.mx\/wp-content\/uploads\/2018\/03\/14524434_1106112876131411_958039263622046936_o.jpg?resize=525%2C300 1.5x, https:\/\/i0.wp.com\/www.grieta.org.mx\/wp-content\/uploads\/2018\/03\/14524434_1106112876131411_958039263622046936_o.jpg?resize=700%2C400 2x"},"classes":[]},{"id":4882,"url":"http:\/\/www.grieta.org.mx\/index.php\/2015\/09\/20\/experto-fracking-pone-en-riesgo-a-monterrey\/","url_meta":{"origin":4541,"position":3},"title":"Experto: \u2018fracking\u2019 pone en riesgo a Monterrey","author":"grieta","date":"20 septiembre, 2015","format":false,"excerpt":"El Universal David Carrizales Monterrey.\u2014 La exploraci\u00f3n y explotaci\u00f3n de pozos para la extracci\u00f3n de gas Shale pondr\u00e1 en grave riesgo a la zona metropolitana de Monterrey, no s\u00f3lo por la posibilidad de sismos de 5.7 grados en la escala de Richter, como el registrado en Oklahoma en 2013, sino\u2026","rel":"","context":"En &quot;CINTILLO&quot;","block_context":{"text":"CINTILLO","link":"http:\/\/www.grieta.org.mx\/index.php\/category\/cintillo\/"},"img":{"alt_text":"","src":"https:\/\/i0.wp.com\/www.grieta.org.mx\/wp-content\/uploads\/2018\/03\/14524434_1106112876131411_958039263622046936_o.jpg?resize=350%2C200","width":350,"height":200,"srcset":"https:\/\/i0.wp.com\/www.grieta.org.mx\/wp-content\/uploads\/2018\/03\/14524434_1106112876131411_958039263622046936_o.jpg?resize=350%2C200 1x, https:\/\/i0.wp.com\/www.grieta.org.mx\/wp-content\/uploads\/2018\/03\/14524434_1106112876131411_958039263622046936_o.jpg?resize=525%2C300 1.5x, https:\/\/i0.wp.com\/www.grieta.org.mx\/wp-content\/uploads\/2018\/03\/14524434_1106112876131411_958039263622046936_o.jpg?resize=700%2C400 2x"},"classes":[]},{"id":4792,"url":"http:\/\/www.grieta.org.mx\/index.php\/2015\/01\/29\/piden-ong-cancelar-proyecto-hidraulico-monterrey-vi-de-consorcio-de-higa\/","url_meta":{"origin":4541,"position":4},"title":"Piden ONG cancelar proyecto hidr\u00e1ulico Monterrey VI de consorcio de Higa","author":"grieta","date":"29 enero, 2015","format":false,"excerpt":"La Jornada Por Erick Mu\u00f1iz Monterrey, NL. Organismos civiles de Nuevo Le\u00f3n solicitaron, a trav\u00e9s de desplegados publicados en Monterrey y la ciudad de M\u00e9xico, cancelar el proyecto hidr\u00e1ulico Monterrey VI, que consiste en trasladar agua del r\u00edo P\u00e1nuco, en Veracruz, a la presa Cerro Prieto, en Monterrey. La petici\u00f3n\u2026","rel":"","context":"En &quot;CINTILLO&quot;","block_context":{"text":"CINTILLO","link":"http:\/\/www.grieta.org.mx\/index.php\/category\/cintillo\/"},"img":{"alt_text":"","src":"https:\/\/i0.wp.com\/www.grieta.org.mx\/wp-content\/uploads\/2018\/03\/14524434_1106112876131411_958039263622046936_o.jpg?resize=350%2C200","width":350,"height":200,"srcset":"https:\/\/i0.wp.com\/www.grieta.org.mx\/wp-content\/uploads\/2018\/03\/14524434_1106112876131411_958039263622046936_o.jpg?resize=350%2C200 1x, https:\/\/i0.wp.com\/www.grieta.org.mx\/wp-content\/uploads\/2018\/03\/14524434_1106112876131411_958039263622046936_o.jpg?resize=525%2C300 1.5x, https:\/\/i0.wp.com\/www.grieta.org.mx\/wp-content\/uploads\/2018\/03\/14524434_1106112876131411_958039263622046936_o.jpg?resize=700%2C400 2x"},"classes":[]},{"id":4784,"url":"http:\/\/www.grieta.org.mx\/index.php\/2015\/02\/08\/ciudadanos-demandan-cancelar-proyecto-hidraulico-monterrey-vi\/","url_meta":{"origin":4541,"position":5},"title":"Ciudadanos demandan cancelar proyecto hidr\u00e1ulico Monterrey VI","author":"grieta","date":"8 febrero, 2015","format":false,"excerpt":"La Jornada Por Erick Mu\u00f1iz Monterrey, N.L. M\u00e1s de 300 ciudadanos e integrantes de organismos no gubernamentales (Ongs) se manifestaron esta ma\u00f1ana frente al palacio de gobierno, en la explanada de Los H\u00e9roes, para exigir la cancelaci\u00f3n del proyecto hidr\u00e1ulico Monterrey VI, a cargo de constructoras encabezadas por el Grupo\u2026","rel":"","context":"En &quot;CINTILLO&quot;","block_context":{"text":"CINTILLO","link":"http:\/\/www.grieta.org.mx\/index.php\/category\/cintillo\/"},"img":{"alt_text":"","src":"https:\/\/i0.wp.com\/www.grieta.org.mx\/wp-content\/uploads\/2018\/03\/14524434_1106112876131411_958039263622046936_o.jpg?resize=350%2C200","width":350,"height":200,"srcset":"https:\/\/i0.wp.com\/www.grieta.org.mx\/wp-content\/uploads\/2018\/03\/14524434_1106112876131411_958039263622046936_o.jpg?resize=350%2C200 1x, https:\/\/i0.wp.com\/www.grieta.org.mx\/wp-content\/uploads\/2018\/03\/14524434_1106112876131411_958039263622046936_o.jpg?resize=525%2C300 1.5x, https:\/\/i0.wp.com\/www.grieta.org.mx\/wp-content\/uploads\/2018\/03\/14524434_1106112876131411_958039263622046936_o.jpg?resize=700%2C400 2x"},"classes":[]}],"_links":{"self":[{"href":"http:\/\/www.grieta.org.mx\/index.php\/wp-json\/wp\/v2\/posts\/4541","targetHints":{"allow":["GET"]}}],"collection":[{"href":"http:\/\/www.grieta.org.mx\/index.php\/wp-json\/wp\/v2\/posts"}],"about":[{"href":"http:\/\/www.grieta.org.mx\/index.php\/wp-json\/wp\/v2\/types\/post"}],"author":[{"embeddable":true,"href":"http:\/\/www.grieta.org.mx\/index.php\/wp-json\/wp\/v2\/users\/2"}],"replies":[{"embeddable":true,"href":"http:\/\/www.grieta.org.mx\/index.php\/wp-json\/wp\/v2\/comments?post=4541"}],"version-history":[{"count":1,"href":"http:\/\/www.grieta.org.mx\/index.php\/wp-json\/wp\/v2\/posts\/4541\/revisions"}],"predecessor-version":[{"id":4543,"href":"http:\/\/www.grieta.org.mx\/index.php\/wp-json\/wp\/v2\/posts\/4541\/revisions\/4543"}],"wp:featuredmedia":[{"embeddable":true,"href":"http:\/\/www.grieta.org.mx\/index.php\/wp-json\/wp\/v2\/media\/21928"}],"wp:attachment":[{"href":"http:\/\/www.grieta.org.mx\/index.php\/wp-json\/wp\/v2\/media?parent=4541"}],"wp:term":[{"taxonomy":"category","embeddable":true,"href":"http:\/\/www.grieta.org.mx\/index.php\/wp-json\/wp\/v2\/categories?post=4541"},{"taxonomy":"post_tag","embeddable":true,"href":"http:\/\/www.grieta.org.mx\/index.php\/wp-json\/wp\/v2\/tags?post=4541"}],"curies":[{"name":"wp","href":"https:\/\/api.w.org\/{rel}","templated":true}]}}