{"id":4531,"date":"2016-01-13T04:12:47","date_gmt":"2016-01-13T04:12:47","guid":{"rendered":"http:\/\/50.22.11.12\/~grietaor\/?p=4531"},"modified":"2016-03-24T04:17:36","modified_gmt":"2016-03-24T04:17:36","slug":"reviven-en-nuevo-leon-proyecto-monterrey-vi","status":"publish","type":"post","link":"http:\/\/www.grieta.org.mx\/index.php\/2016\/01\/13\/reviven-en-nuevo-leon-proyecto-monterrey-vi\/","title":{"rendered":"Reviven en Nuevo Le\u00f3n proyecto Monterrey VI"},"content":{"rendered":"<p>El Economista<\/p>\n<p>Aunque el gobernador aclara que s\u00f3lo ser\u00e1 en nombre, tambi\u00e9n llevar\u00e1 agua desde SLP.<\/p>\n<p>Lourdes Flores<\/p>\n<p>Realizar\u00e1n reestructura o ajustes al original<\/p>\n<p>El mandatario dijo que se encuentran analizando todas las posturas porque el l\u00edquido es necesario.<\/p>\n<p>Monterrey, NL. El gobernador de Nuevo Le\u00f3n, Jaime Rodr\u00edguez, dijo que desde hace tres meses trabaja con el Fondo de Agua Metropolitano de Monterrey (FAMM) y con el Consejo Nuevo Le\u00f3n en un proyecto integral hidr\u00e1ulico, que incluye traer agua de otras cuencas, as\u00ed como resolver el problema del drenaje pluvial, bajo el nombre del pol\u00e9mico Monterrey VI.<\/p>\n<p>\u201cHay pol\u00e9mica desde el inicio de la implementaci\u00f3n del proyecto Monterrey VI, se llama as\u00ed porque as\u00ed van los periodos (de los proyectos anteriores: Monterrey I hasta Monterrey V); eso hay que quitarlo, luego se piensa que se va a hacer lo mismo que estaba\u201d, coment\u00f3 el gobernador tras una reuni\u00f3n con el presidente del FAMM, Eugenio Clariond, y con Antonio Elos\u00faa, presidente de la Comisi\u00f3n de Desarrollo Urbano del Consejo Nuevo Le\u00f3n para la Planeaci\u00f3n Estrat\u00e9gica.<br \/>\nLo mismo, pero no el mismo<\/p>\n<p>Y destac\u00f3: \u201cCuando hablo de Monterrey VI, es la siguiente etapa para traer agua a Monterrey (\u2026) Les he pedido (al FAMM y al Consejo Nuevo Le\u00f3n) convocar a todos los sectores y que no sea s\u00f3lo traer agua, sino ver el tema ecol\u00f3gico, reforestar las cuencas\u201d y que se congreguen las opiniones de expertos, \u201cpara tener un proyecto completo\u201d, dijo el mandatario estatal.<\/p>\n<p>El Bronco dijo que la pol\u00e9mica resurgi\u00f3 porque la semana anterior que visit\u00f3 al presidente Enrique Pe\u00f1a Nieto se le pregunt\u00f3 si habl\u00f3 con \u00e9l sobre el proyecto Monterrey VI y asegur\u00f3: \u201cLo expliqu\u00e9, no lo vimos en particular, le ped\u00ed al presidente tiempo para hacerle una propuesta; no hay urgencias que compliquen al estado (de Nuevo Le\u00f3n), no es una presi\u00f3n de nadie\u201d, destac\u00f3.<br \/>\nContrato con anterior gobierno<\/p>\n<p>Ante la pregunta de un reportero de si el presidente lo convenci\u00f3 para trabajar con Grupo Higa, ataj\u00f3: \u201cNunca criticaron a Rodrigo Medina, \u00e9ste es un proyecto que se contrat\u00f3 cuando yo no era gobernador, es como el contrato para construir el hospital, que llegu\u00e9 y lo quit\u00e9 porque se me ocurri\u00f3. Fue un concurso que se hizo legalmente y fue cuestionado legalmente, punto\u201d.<\/p>\n<p>Jaime Rodr\u00edguez detall\u00f3: \u201cLegalmente lo que queremos es no entrar en confrontaci\u00f3n con nadie, sino buscar las soluciones, y yo he decidido como gobernador encontrar en las experiencias del Consejo Nuevo Le\u00f3n y del FAMM y de Agua y Drenaje que se escuchen todas las opiniones, que se presenten alternativas\u201d.<\/p>\n<p>Sin embargo, aclar\u00f3 que se ha reunido con Eugenio Clariond y con Antonio Elos\u00faa desde la etapa de transici\u00f3n del gobierno, para tener un consenso con Agua y Drenaje de Monterrey y que se incorporen todas las opciones y ver cu\u00e1l es la m\u00e1s viable.<br \/>\nEl P\u00e1nuco es alternativa<\/p>\n<p>Ante el temor de algunos expertos de que se retome el proyecto Monterrey VI, que se ha estimado costar\u00eda al estado de Nuevo Le\u00f3n alrededor de 60,000 millones de pesos, Eugenio Clariond, presidente del FAMM, aclar\u00f3 durante la conferencia de prensa: \u201cTenemos que estudiar distintas alternativas para traer agua, ver pros y contra; obviamente el P\u00e1nuco es una alternativa, aunque estaba muy mal estructurado y mal planteado la forma en que se iba a realizar\u201d.<\/p>\n<p>Por tanto, dijo Clariond, \u201chemos ofrecido entregar un plan hidr\u00e1ulico para Nuevo Le\u00f3n, no s\u00f3lo para Monterrey, al 2030. Y obviamente el R\u00edo P\u00e1nuco es una alternativa, tendremos que ver cu\u00e1l es la mejor, eso lo tendr\u00e1n que decidir los t\u00e9cnicos y los que conocen sobre problemas t\u00e9cnicos y no sobre una raz\u00f3n pol\u00edtica u econ\u00f3mica\u201d.<br \/>\nNo fluye<\/p>\n<p>El proyecto original Monterrey VI consiste en llevar agua del r\u00edo Tampa\u00f3n, en Tamu\u00edn, San Luis Potos\u00ed, cruzar por el norte de Veracruz, Tamaulipas y llegar hasta la presa de Cerro Prieto en Nuevo Le\u00f3n.<\/p>\n<p>\u2013 La obra a cargo de una subsidiaria de ICA, RECSA y otras tres empresas tendr\u00eda un recorrido de 372 kil\u00f3metros.<br \/>\n\u2013 Se estima que la construcci\u00f3n se realizar\u00eda en tres a\u00f1os.<br \/>\n\u2013 El costo proyectado del acueducto asciende a 14,161 millones de pesos, sin IVA.<br \/>\n\u2013 Para suministrar agua en bloque, de manera adicional, la operaci\u00f3n y mantenimiento del acueducto por 27 a\u00f1os tendr\u00e1 un costo de 25,908 millones de pesos.<\/p>\n<p><a href=\"http:\/\/eleconomista.com.mx\/estados\/2016\/01\/13\/reviven-nuevo-leon-proyecto-monterrey-vi\" target=\"_blank\">eleconomista.com.mx\/estados\/2016\/01\/13\/reviven-nuevo-leon-proyecto-monterrey-vi<\/a><\/p>\n","protected":false},"excerpt":{"rendered":"<p>El Economista Aunque el gobernador aclara que s\u00f3lo ser\u00e1 en nombre, tambi\u00e9n llevar\u00e1 agua desde SLP. Lourdes Flores Realizar\u00e1n reestructura o ajustes al original El mandatario dijo que se encuentran &hellip; <a href=\"http:\/\/www.grieta.org.mx\/index.php\/2016\/01\/13\/reviven-en-nuevo-leon-proyecto-monterrey-vi\/\" class=\"more-link\">Leer m\u00e1s<\/a><\/p>\n","protected":false},"author":2,"featured_media":21928,"comment_status":"closed","ping_status":"open","sticky":false,"template":"","format":"standard","meta":{"ngg_post_thumbnail":0,"_jetpack_newsletter_access":"","_jetpack_dont_email_post_to_subs":false,"_jetpack_newsletter_tier_id":0,"_jetpack_memberships_contains_paywalled_content":false,"_jetpack_memberships_contains_paid_content":false,"footnotes":""},"categories":[80,202,38],"tags":[358],"class_list":["post-4531","post","type-post","status-publish","format-standard","has-post-thumbnail","hentry","category-cintillo","category-nuevo-leon","category-proyectos-hidricos","tag-monterrey-vi","entry"],"jetpack_featured_media_url":"http:\/\/www.grieta.org.mx\/wp-content\/uploads\/2018\/03\/14524434_1106112876131411_958039263622046936_o.jpg","jetpack_sharing_enabled":true,"jetpack_shortlink":"https:\/\/wp.me\/p7ZJR4-1b5","jetpack_likes_enabled":false,"jetpack-related-posts":[{"id":4700,"url":"http:\/\/www.grieta.org.mx\/index.php\/2015\/07\/07\/costara-14-millones-de-pesos-cancelar-proyecto-monterrey-vi\/","url_meta":{"origin":4531,"position":0},"title":"Costar\u00e1 14 millones de pesos cancelar proyecto Monterrey VI","author":"grieta","date":"7 julio, 2015","format":false,"excerpt":"El Financiero Directivos de Servicios de Agua y Drenaje de Monterrey se\u00f1alaron que el monto tendr\u00eda que pagarlo el gobierno de Nuevo Le\u00f3n, en caso de rescindir el contrato ya pactado. Juan Antonio Lara MONTERREY.- Servicios de Agua y Drenaje de Monterrey (SADM) se\u00f1al\u00f3 que el proyecto de Monterrey VI\u2026","rel":"","context":"En &quot;CINTILLO&quot;","block_context":{"text":"CINTILLO","link":"http:\/\/www.grieta.org.mx\/index.php\/category\/cintillo\/"},"img":{"alt_text":"","src":"https:\/\/i0.wp.com\/www.grieta.org.mx\/wp-content\/uploads\/2018\/03\/14524434_1106112876131411_958039263622046936_o.jpg?resize=350%2C200","width":350,"height":200,"srcset":"https:\/\/i0.wp.com\/www.grieta.org.mx\/wp-content\/uploads\/2018\/03\/14524434_1106112876131411_958039263622046936_o.jpg?resize=350%2C200 1x, https:\/\/i0.wp.com\/www.grieta.org.mx\/wp-content\/uploads\/2018\/03\/14524434_1106112876131411_958039263622046936_o.jpg?resize=525%2C300 1.5x, https:\/\/i0.wp.com\/www.grieta.org.mx\/wp-content\/uploads\/2018\/03\/14524434_1106112876131411_958039263622046936_o.jpg?resize=700%2C400 2x"},"classes":[]},{"id":4792,"url":"http:\/\/www.grieta.org.mx\/index.php\/2015\/01\/29\/piden-ong-cancelar-proyecto-hidraulico-monterrey-vi-de-consorcio-de-higa\/","url_meta":{"origin":4531,"position":1},"title":"Piden ONG cancelar proyecto hidr\u00e1ulico Monterrey VI de consorcio de Higa","author":"grieta","date":"29 enero, 2015","format":false,"excerpt":"La Jornada Por Erick Mu\u00f1iz Monterrey, NL. Organismos civiles de Nuevo Le\u00f3n solicitaron, a trav\u00e9s de desplegados publicados en Monterrey y la ciudad de M\u00e9xico, cancelar el proyecto hidr\u00e1ulico Monterrey VI, que consiste en trasladar agua del r\u00edo P\u00e1nuco, en Veracruz, a la presa Cerro Prieto, en Monterrey. La petici\u00f3n\u2026","rel":"","context":"En &quot;CINTILLO&quot;","block_context":{"text":"CINTILLO","link":"http:\/\/www.grieta.org.mx\/index.php\/category\/cintillo\/"},"img":{"alt_text":"","src":"https:\/\/i0.wp.com\/www.grieta.org.mx\/wp-content\/uploads\/2018\/03\/14524434_1106112876131411_958039263622046936_o.jpg?resize=350%2C200","width":350,"height":200,"srcset":"https:\/\/i0.wp.com\/www.grieta.org.mx\/wp-content\/uploads\/2018\/03\/14524434_1106112876131411_958039263622046936_o.jpg?resize=350%2C200 1x, https:\/\/i0.wp.com\/www.grieta.org.mx\/wp-content\/uploads\/2018\/03\/14524434_1106112876131411_958039263622046936_o.jpg?resize=525%2C300 1.5x, https:\/\/i0.wp.com\/www.grieta.org.mx\/wp-content\/uploads\/2018\/03\/14524434_1106112876131411_958039263622046936_o.jpg?resize=700%2C400 2x"},"classes":[]},{"id":4703,"url":"http:\/\/www.grieta.org.mx\/index.php\/2015\/06\/25\/afirman-que-proyecto-de-monterrey-vi-no-se-ha-detenido\/","url_meta":{"origin":4531,"position":2},"title":"Afirman que proyecto de Monterrey VI no se ha detenido","author":"grieta","date":"25 junio, 2015","format":false,"excerpt":"El Horizonte Por: Redacci\u00f3n El Horizonte \u2013 Seg\u00fan actores consultados, el proyecto avanza en temas de tramitolog\u00eda en cuanto a liberaci\u00f3n de derechos de paso de los acueductos desde el r\u00edo P\u00e1nuco, hasta Nuevo Le\u00f3n. En d\u00edas pasados, el vicepresidente corporativo de ICA, Carlos M\u00e9ndez, declar\u00f3 en medios de comunicaci\u00f3n\u2026","rel":"","context":"En &quot;CINTILLO&quot;","block_context":{"text":"CINTILLO","link":"http:\/\/www.grieta.org.mx\/index.php\/category\/cintillo\/"},"img":{"alt_text":"","src":"https:\/\/i0.wp.com\/www.grieta.org.mx\/wp-content\/uploads\/2018\/03\/14524434_1106112876131411_958039263622046936_o.jpg?resize=350%2C200","width":350,"height":200,"srcset":"https:\/\/i0.wp.com\/www.grieta.org.mx\/wp-content\/uploads\/2018\/03\/14524434_1106112876131411_958039263622046936_o.jpg?resize=350%2C200 1x, https:\/\/i0.wp.com\/www.grieta.org.mx\/wp-content\/uploads\/2018\/03\/14524434_1106112876131411_958039263622046936_o.jpg?resize=525%2C300 1.5x, https:\/\/i0.wp.com\/www.grieta.org.mx\/wp-content\/uploads\/2018\/03\/14524434_1106112876131411_958039263622046936_o.jpg?resize=700%2C400 2x"},"classes":[]},{"id":4545,"url":"http:\/\/www.grieta.org.mx\/index.php\/2015\/08\/30\/planean-proyecto-menos-costoso-que-el-monterrey-vi\/","url_meta":{"origin":4531,"position":3},"title":"Planean proyecto menos costoso que el Monterrey VI","author":"grieta","date":"30 agosto, 2015","format":false,"excerpt":"El Economista El gobernador electo de Nuevo Le\u00f3n reiter\u00f3 que el acueducto no se realizar\u00e1 tal como est\u00e1, por lo cual trabajan en modificaciones. Monterrey, NL. El gobernador electo de Nuevo Le\u00f3n, Jaime Rodr\u00edguez Calder\u00f3n, El Bronco, reiter\u00f3 que el proyecto hidr\u00e1ulico Monterrey VI no se realizar\u00e1 como fue concebido\u2026","rel":"","context":"En &quot;CINTILLO&quot;","block_context":{"text":"CINTILLO","link":"http:\/\/www.grieta.org.mx\/index.php\/category\/cintillo\/"},"img":{"alt_text":"","src":"https:\/\/i0.wp.com\/www.grieta.org.mx\/wp-content\/uploads\/2018\/03\/14524434_1106112876131411_958039263622046936_o.jpg?resize=350%2C200","width":350,"height":200,"srcset":"https:\/\/i0.wp.com\/www.grieta.org.mx\/wp-content\/uploads\/2018\/03\/14524434_1106112876131411_958039263622046936_o.jpg?resize=350%2C200 1x, https:\/\/i0.wp.com\/www.grieta.org.mx\/wp-content\/uploads\/2018\/03\/14524434_1106112876131411_958039263622046936_o.jpg?resize=525%2C300 1.5x, https:\/\/i0.wp.com\/www.grieta.org.mx\/wp-content\/uploads\/2018\/03\/14524434_1106112876131411_958039263622046936_o.jpg?resize=700%2C400 2x"},"classes":[]},{"id":4802,"url":"http:\/\/www.grieta.org.mx\/index.php\/2016\/01\/18\/exigen-con-protesta-frenar-monterrey-vi\/","url_meta":{"origin":4531,"position":4},"title":"Exigen con protesta frenar Monterrey VI","author":"grieta","date":"18 enero, 2016","format":false,"excerpt":"No a Monterrey VI Jos\u00e9 Villas\u00e1ez Monterrey, M\u00e9xico (18 enero 2016).- Con gritos de \u201c\u00a1No a Monterrey VI!\u201d y \u201c\u00a1Cumple, Bronco!\u201d, alrededor de 150 ciudadanos exigieron ayer al Gobernador Jaime Rodr\u00edguez que cumpla su promesa de campa\u00f1a de dar marcha atr\u00e1s a Monterrey VI. Por casi dos horas, integrantes de\u2026","rel":"","context":"En &quot;CINTILLO&quot;","block_context":{"text":"CINTILLO","link":"http:\/\/www.grieta.org.mx\/index.php\/category\/cintillo\/"},"img":{"alt_text":"","src":"https:\/\/i0.wp.com\/www.grieta.org.mx\/wp-content\/uploads\/2018\/03\/14524434_1106112876131411_958039263622046936_o.jpg?resize=350%2C200","width":350,"height":200,"srcset":"https:\/\/i0.wp.com\/www.grieta.org.mx\/wp-content\/uploads\/2018\/03\/14524434_1106112876131411_958039263622046936_o.jpg?resize=350%2C200 1x, https:\/\/i0.wp.com\/www.grieta.org.mx\/wp-content\/uploads\/2018\/03\/14524434_1106112876131411_958039263622046936_o.jpg?resize=525%2C300 1.5x, https:\/\/i0.wp.com\/www.grieta.org.mx\/wp-content\/uploads\/2018\/03\/14524434_1106112876131411_958039263622046936_o.jpg?resize=700%2C400 2x"},"classes":[]},{"id":4862,"url":"http:\/\/www.grieta.org.mx\/index.php\/2016\/03\/17\/monterrey-vi-no-se-cancela-jaime-rodriguez\/","url_meta":{"origin":4531,"position":5},"title":"Monterrey VI no se cancela: Jaime Rodr\u00edguez","author":"grieta","date":"17 marzo, 2016","format":false,"excerpt":"El Horizonte El gobernador inform\u00f3 que el proyecto hidr\u00e1ulico, Monterrey VI no se cancela, pues se perder\u00edan $600 millones de pesos Rodolfo Garc\u00eda El gobernador del estado, Jaime Rodr\u00edguez Calder\u00f3n, asegur\u00f3 que si bien su administraci\u00f3n ha detenido el proyecto Monterrey VI, debido a que no est\u00e1 de acuerdo con\u2026","rel":"","context":"En &quot;CINTILLO&quot;","block_context":{"text":"CINTILLO","link":"http:\/\/www.grieta.org.mx\/index.php\/category\/cintillo\/"},"img":{"alt_text":"","src":"https:\/\/i0.wp.com\/www.grieta.org.mx\/wp-content\/uploads\/2018\/03\/14524434_1106112876131411_958039263622046936_o.jpg?resize=350%2C200","width":350,"height":200,"srcset":"https:\/\/i0.wp.com\/www.grieta.org.mx\/wp-content\/uploads\/2018\/03\/14524434_1106112876131411_958039263622046936_o.jpg?resize=350%2C200 1x, https:\/\/i0.wp.com\/www.grieta.org.mx\/wp-content\/uploads\/2018\/03\/14524434_1106112876131411_958039263622046936_o.jpg?resize=525%2C300 1.5x, https:\/\/i0.wp.com\/www.grieta.org.mx\/wp-content\/uploads\/2018\/03\/14524434_1106112876131411_958039263622046936_o.jpg?resize=700%2C400 2x"},"classes":[]}],"_links":{"self":[{"href":"http:\/\/www.grieta.org.mx\/index.php\/wp-json\/wp\/v2\/posts\/4531","targetHints":{"allow":["GET"]}}],"collection":[{"href":"http:\/\/www.grieta.org.mx\/index.php\/wp-json\/wp\/v2\/posts"}],"about":[{"href":"http:\/\/www.grieta.org.mx\/index.php\/wp-json\/wp\/v2\/types\/post"}],"author":[{"embeddable":true,"href":"http:\/\/www.grieta.org.mx\/index.php\/wp-json\/wp\/v2\/users\/2"}],"replies":[{"embeddable":true,"href":"http:\/\/www.grieta.org.mx\/index.php\/wp-json\/wp\/v2\/comments?post=4531"}],"version-history":[{"count":1,"href":"http:\/\/www.grieta.org.mx\/index.php\/wp-json\/wp\/v2\/posts\/4531\/revisions"}],"predecessor-version":[{"id":4532,"href":"http:\/\/www.grieta.org.mx\/index.php\/wp-json\/wp\/v2\/posts\/4531\/revisions\/4532"}],"wp:featuredmedia":[{"embeddable":true,"href":"http:\/\/www.grieta.org.mx\/index.php\/wp-json\/wp\/v2\/media\/21928"}],"wp:attachment":[{"href":"http:\/\/www.grieta.org.mx\/index.php\/wp-json\/wp\/v2\/media?parent=4531"}],"wp:term":[{"taxonomy":"category","embeddable":true,"href":"http:\/\/www.grieta.org.mx\/index.php\/wp-json\/wp\/v2\/categories?post=4531"},{"taxonomy":"post_tag","embeddable":true,"href":"http:\/\/www.grieta.org.mx\/index.php\/wp-json\/wp\/v2\/tags?post=4531"}],"curies":[{"name":"wp","href":"https:\/\/api.w.org\/{rel}","templated":true}]}}