{"id":45237,"date":"2020-02-21T23:55:51","date_gmt":"2020-02-22T05:55:51","guid":{"rendered":"http:\/\/www.grieta.org.mx\/?p=45237"},"modified":"2020-02-27T00:10:16","modified_gmt":"2020-02-27T06:10:16","slug":"jornada-samir-somos-todas-y-todos-en-neza-estado-de-mexico","status":"publish","type":"post","link":"http:\/\/www.grieta.org.mx\/index.php\/2020\/02\/21\/jornada-samir-somos-todas-y-todos-en-neza-estado-de-mexico\/","title":{"rendered":"JORNADA SAMIR SOMOS TODAS Y TODOS EN NEZA (Estado de M\u00e9xico)"},"content":{"rendered":"<p><img loading=\"lazy\" decoding=\"async\" data-attachment-id=\"45238\" data-permalink=\"http:\/\/www.grieta.org.mx\/index.php\/2020\/02\/21\/jornada-samir-somos-todas-y-todos-en-neza-estado-de-mexico\/jornada-samir-somos-todas-y-todos-en-neza-edomex-feb\/\" data-orig-file=\"http:\/\/www.grieta.org.mx\/wp-content\/uploads\/2020\/02\/JORNADA-SAMIR-SOMOS-TODAS-Y-TODOS-EN-NEZA-edomex-feb.jpg\" data-orig-size=\"960,540\" data-comments-opened=\"0\" data-image-meta=\"{&quot;aperture&quot;:&quot;0&quot;,&quot;credit&quot;:&quot;&quot;,&quot;camera&quot;:&quot;&quot;,&quot;caption&quot;:&quot;&quot;,&quot;created_timestamp&quot;:&quot;0&quot;,&quot;copyright&quot;:&quot;&quot;,&quot;focal_length&quot;:&quot;0&quot;,&quot;iso&quot;:&quot;0&quot;,&quot;shutter_speed&quot;:&quot;0&quot;,&quot;title&quot;:&quot;&quot;,&quot;orientation&quot;:&quot;0&quot;}\" data-image-title=\"JORNADA SAMIR SOMOS TODAS Y TODOS EN NEZA edomex feb\" data-image-description=\"\" data-image-caption=\"\" data-medium-file=\"http:\/\/www.grieta.org.mx\/wp-content\/uploads\/2020\/02\/JORNADA-SAMIR-SOMOS-TODAS-Y-TODOS-EN-NEZA-edomex-feb-300x169.jpg\" data-large-file=\"http:\/\/www.grieta.org.mx\/wp-content\/uploads\/2020\/02\/JORNADA-SAMIR-SOMOS-TODAS-Y-TODOS-EN-NEZA-edomex-feb.jpg\" class=\"aligncenter wp-image-45238\" src=\"http:\/\/www.grieta.org.mx\/wp-content\/uploads\/2020\/02\/JORNADA-SAMIR-SOMOS-TODAS-Y-TODOS-EN-NEZA-edomex-feb.jpg\" alt=\"\" width=\"647\" height=\"364\" srcset=\"http:\/\/www.grieta.org.mx\/wp-content\/uploads\/2020\/02\/JORNADA-SAMIR-SOMOS-TODAS-Y-TODOS-EN-NEZA-edomex-feb.jpg 960w, http:\/\/www.grieta.org.mx\/wp-content\/uploads\/2020\/02\/JORNADA-SAMIR-SOMOS-TODAS-Y-TODOS-EN-NEZA-edomex-feb-300x169.jpg 300w, http:\/\/www.grieta.org.mx\/wp-content\/uploads\/2020\/02\/JORNADA-SAMIR-SOMOS-TODAS-Y-TODOS-EN-NEZA-edomex-feb-768x432.jpg 768w, http:\/\/www.grieta.org.mx\/wp-content\/uploads\/2020\/02\/JORNADA-SAMIR-SOMOS-TODAS-Y-TODOS-EN-NEZA-edomex-feb-889x500.jpg 889w\" sizes=\"auto, (max-width: 647px) 100vw, 647px\" \/><\/p>\n<p>C\u00e9sar God\u00ednez Meneses \/ La Voladora Radio<\/p>\n<p>Ciudad Nezahualc\u00f3yotl, Edomex 20\/02\/2020. Alrededor de las 10 de la ma\u00f1ana, dio inicio, en el Palacio Municipal de Ciudad Nezahualc\u00f3yotl, Estado de M\u00e9xico, la mesa informativa sobre la Jornada nacional e internacional: \u201cSamir Somos Todas y Todos\u201d, a un a\u00f1o del asesinato del defensor y comunicador comunitario de Amilcingo, Morelos: Samir Flores Soberanes, opositor al denominado Proyecto Integral Morelos (PIM), dicho desarrollo cuenta con una termoel\u00e9ctrica (despojo de agua de la regi\u00f3n) y con un gasoducto, mismo que pasa cercano a las faldas de los volcanes Popocat\u00e9petl e Iztacc\u00edhuatl, lo cual representa un peligro en las comunidades aleda\u00f1as. La actividad fue convocada por el Colectivo Zapatista Neza, adherente a la iniciativa civil llamada la Sexta Declaraci\u00f3n de la Selva Lacandona (Sexta) del Ej\u00e9rcito Zapatista de Liberaci\u00f3n Nacional (EZLN).<\/p>\n<p>En el volanteo informativo se mostr\u00f3 de parte de la gente tres aspectos: unos de extra\u00f1eza, unos y unas m\u00e1s de desd\u00e9n por cuestionar a los megarproyectos y la pol\u00edtica social de la administraci\u00f3n obradorista denominada la \u201ccuarta transformaci\u00f3n\u201d, otros y otras se les notaba muy molestos por los nulos resultados a un a\u00f1o de la gesti\u00f3n de Obrador sobre todo en materia de ingresos, salud, empleo y seguridad, se recalc\u00f3 mucho ese rubro por los raptos de ni\u00f1os y ni\u00f1as y los feminicidios imperantes en la zona oriente.\u00a0 Se explicaron los impactos de los megaproyectos en los contextos urbanos y a nivel nacional se\u00f1alados en el volante informativo difundido en la actividad:<\/p>\n<p><img loading=\"lazy\" decoding=\"async\" data-attachment-id=\"45239\" data-permalink=\"http:\/\/www.grieta.org.mx\/index.php\/2020\/02\/21\/jornada-samir-somos-todas-y-todos-en-neza-estado-de-mexico\/samir-neza2\/\" data-orig-file=\"http:\/\/www.grieta.org.mx\/wp-content\/uploads\/2020\/02\/samir-neza2.png\" data-orig-size=\"297,300\" data-comments-opened=\"0\" data-image-meta=\"{&quot;aperture&quot;:&quot;0&quot;,&quot;credit&quot;:&quot;&quot;,&quot;camera&quot;:&quot;&quot;,&quot;caption&quot;:&quot;&quot;,&quot;created_timestamp&quot;:&quot;0&quot;,&quot;copyright&quot;:&quot;&quot;,&quot;focal_length&quot;:&quot;0&quot;,&quot;iso&quot;:&quot;0&quot;,&quot;shutter_speed&quot;:&quot;0&quot;,&quot;title&quot;:&quot;&quot;,&quot;orientation&quot;:&quot;0&quot;}\" data-image-title=\"samir neza2\" data-image-description=\"\" data-image-caption=\"\" data-medium-file=\"http:\/\/www.grieta.org.mx\/wp-content\/uploads\/2020\/02\/samir-neza2-297x300.png\" data-large-file=\"http:\/\/www.grieta.org.mx\/wp-content\/uploads\/2020\/02\/samir-neza2.png\" class=\"aligncenter size-full wp-image-45239\" src=\"http:\/\/www.grieta.org.mx\/wp-content\/uploads\/2020\/02\/samir-neza2.png\" alt=\"\" width=\"297\" height=\"300\" srcset=\"http:\/\/www.grieta.org.mx\/wp-content\/uploads\/2020\/02\/samir-neza2.png 297w, http:\/\/www.grieta.org.mx\/wp-content\/uploads\/2020\/02\/samir-neza2-130x130.png 130w\" sizes=\"auto, (max-width: 297px) 100vw, 297px\" \/><\/p>\n<p>La mesa informativa termin\u00f3 sus labores a las 12 del mediod\u00eda.<\/p>\n<p><img loading=\"lazy\" decoding=\"async\" data-attachment-id=\"45240\" data-permalink=\"http:\/\/www.grieta.org.mx\/index.php\/2020\/02\/21\/jornada-samir-somos-todas-y-todos-en-neza-estado-de-mexico\/samir-neza3\/\" data-orig-file=\"http:\/\/www.grieta.org.mx\/wp-content\/uploads\/2020\/02\/samir-neza3.jpg\" data-orig-size=\"540,960\" data-comments-opened=\"0\" data-image-meta=\"{&quot;aperture&quot;:&quot;0&quot;,&quot;credit&quot;:&quot;&quot;,&quot;camera&quot;:&quot;&quot;,&quot;caption&quot;:&quot;&quot;,&quot;created_timestamp&quot;:&quot;0&quot;,&quot;copyright&quot;:&quot;&quot;,&quot;focal_length&quot;:&quot;0&quot;,&quot;iso&quot;:&quot;0&quot;,&quot;shutter_speed&quot;:&quot;0&quot;,&quot;title&quot;:&quot;&quot;,&quot;orientation&quot;:&quot;0&quot;}\" data-image-title=\"samir neza3\" data-image-description=\"\" data-image-caption=\"\" data-medium-file=\"http:\/\/www.grieta.org.mx\/wp-content\/uploads\/2020\/02\/samir-neza3-169x300.jpg\" data-large-file=\"http:\/\/www.grieta.org.mx\/wp-content\/uploads\/2020\/02\/samir-neza3.jpg\" class=\"aligncenter wp-image-45240\" src=\"http:\/\/www.grieta.org.mx\/wp-content\/uploads\/2020\/02\/samir-neza3.jpg\" alt=\"\" width=\"524\" height=\"932\" srcset=\"http:\/\/www.grieta.org.mx\/wp-content\/uploads\/2020\/02\/samir-neza3.jpg 540w, http:\/\/www.grieta.org.mx\/wp-content\/uploads\/2020\/02\/samir-neza3-169x300.jpg 169w, http:\/\/www.grieta.org.mx\/wp-content\/uploads\/2020\/02\/samir-neza3-281x500.jpg 281w\" sizes=\"auto, (max-width: 524px) 100vw, 524px\" \/><\/p>\n<p><a href=\"http:\/\/lavoladora.org\/featured\/jornada-samir-somos-todas-y-todos-en-neza\/\" target=\"_blank\" rel=\"noopener noreferrer\">http:\/\/lavoladora.org\/featured\/jornada-samir-somos-todas-y-todos-en-neza\/<\/a><\/p>\n","protected":false},"excerpt":{"rendered":"<p>C\u00e9sar God\u00ednez Meneses \/ La Voladora Radio Ciudad Nezahualc\u00f3yotl, Edomex 20\/02\/2020. Alrededor de las 10 de la ma\u00f1ana, dio inicio, en el Palacio Municipal de Ciudad Nezahualc\u00f3yotl, Estado de M\u00e9xico, &hellip; <a href=\"http:\/\/www.grieta.org.mx\/index.php\/2020\/02\/21\/jornada-samir-somos-todas-y-todos-en-neza-estado-de-mexico\/\" class=\"more-link\">Leer m\u00e1s<\/a><\/p>\n","protected":false},"author":2,"featured_media":45238,"comment_status":"closed","ping_status":"closed","sticky":false,"template":"","format":"standard","meta":{"ngg_post_thumbnail":0,"_jetpack_newsletter_access":"","_jetpack_dont_email_post_to_subs":false,"_jetpack_newsletter_tier_id":0,"_jetpack_memberships_contains_paywalled_content":false,"_jetpack_memberships_contains_paid_content":false,"footnotes":""},"categories":[80,16,3105,1729,3035,2,2661],"tags":[3104],"class_list":["post-45237","post","type-post","status-publish","format-standard","has-post-thumbnail","hentry","category-cintillo","category-estado-de-mexico","category-jornadas-samir-somos-todas-y-todos","category-lucha-y-resistencia-del-pueblo-en-el-estado-de-mexico","category-movilizaciones-y-protestas-de-habitantes-en-el-estado-de-mexico","category-noticias-nacionales","category-redes-de-resistencia-y-rebeldia","tag-jornadas-samir","entry"],"jetpack_featured_media_url":"http:\/\/www.grieta.org.mx\/wp-content\/uploads\/2020\/02\/JORNADA-SAMIR-SOMOS-TODAS-Y-TODOS-EN-NEZA-edomex-feb.jpg","jetpack_sharing_enabled":true,"jetpack_shortlink":"https:\/\/wp.me\/p7ZJR4-bLD","jetpack_likes_enabled":false,"jetpack-related-posts":[{"id":44832,"url":"http:\/\/www.grieta.org.mx\/index.php\/2020\/02\/21\/dislocada-en-zumpango-estado-de-mexico-jornadas-samir-somos-todas-y-todos\/","url_meta":{"origin":45237,"position":0},"title":"Dislocada en Zumpango, Estado de M\u00e9xico. Jornadas \u201cSamir Somos Todas y Todos\u201d","author":"grieta","date":"21 febrero, 2020","format":false,"excerpt":"Fotograf\u00eda: Colectivo Tlilzokitl Con jornada pol\u00edtico cultural en Zumpango, contin\u00faa la lucha de Samir Flores Soberanes por la defensa de la vida y la tierra a un a\u00f1o de su asesinato Colectivo Grieta 21 de febrero de 2020 El jueves 20 de febrero con la participaci\u00f3n de pueblos, comunidades, colectivos\u2026","rel":"","context":"En &quot;Abuso policiaco y tortura en el Estado de M\u00e9xico&quot;","block_context":{"text":"Abuso policiaco y tortura en el Estado de M\u00e9xico","link":"http:\/\/www.grieta.org.mx\/index.php\/category\/noticias-nacionales\/estado-de-mexico\/abuso-policiaco-y-tortura-en-el-estado-de-mexico\/"},"img":{"alt_text":"","src":"https:\/\/i0.wp.com\/www.grieta.org.mx\/wp-content\/uploads\/2020\/02\/zumpjov3.jpg?resize=350%2C200","width":350,"height":200,"srcset":"https:\/\/i0.wp.com\/www.grieta.org.mx\/wp-content\/uploads\/2020\/02\/zumpjov3.jpg?resize=350%2C200 1x, https:\/\/i0.wp.com\/www.grieta.org.mx\/wp-content\/uploads\/2020\/02\/zumpjov3.jpg?resize=525%2C300 1.5x, https:\/\/i0.wp.com\/www.grieta.org.mx\/wp-content\/uploads\/2020\/02\/zumpjov3.jpg?resize=700%2C400 2x"},"classes":[]},{"id":44437,"url":"http:\/\/www.grieta.org.mx\/index.php\/2020\/02\/18\/jornadas-en-defensa-del-territorio-y-la-madre-tierra-samir-somos-todas-y-todos\/","url_meta":{"origin":45237,"position":1},"title":"Jornadas en Defensa del Territorio y la Madre Tierra \u201cSAMIR SOMOS TODAS Y TODOS\u201d","author":"grieta","date":"18 febrero, 2020","format":false,"excerpt":"Carteles informativos para descargar donde se explica a grandes rasgos en qu\u00e9 consisten los distintos megaproyectos de muerte denunciados por el CNI en el marco de las Jornadas en Defensa del Territorio y la Madre Tierra \u201cSAMIR SOMOS TODAS Y TODOS\u201d:","rel":"","context":"En &quot;CINTILLO&quot;","block_context":{"text":"CINTILLO","link":"http:\/\/www.grieta.org.mx\/index.php\/category\/cintillo\/"},"img":{"alt_text":"","src":"https:\/\/i0.wp.com\/www.grieta.org.mx\/wp-content\/uploads\/2020\/02\/81921737_3944542865571707_462686377142648832_n.jpg?resize=350%2C200","width":350,"height":200,"srcset":"https:\/\/i0.wp.com\/www.grieta.org.mx\/wp-content\/uploads\/2020\/02\/81921737_3944542865571707_462686377142648832_n.jpg?resize=350%2C200 1x, https:\/\/i0.wp.com\/www.grieta.org.mx\/wp-content\/uploads\/2020\/02\/81921737_3944542865571707_462686377142648832_n.jpg?resize=525%2C300 1.5x"},"classes":[]},{"id":45005,"url":"http:\/\/www.grieta.org.mx\/index.php\/2020\/02\/23\/galeria-de-fotos-de-accion-dislocada-en-morelia-jornadas-samir-somos-todas-y-todos\/","url_meta":{"origin":45237,"position":2},"title":"Galer\u00eda de fotos de acci\u00f3n dislocada en Morelia. Jornadas \u201cSamir Somos Todas y Todos\u201d","author":"Admin","date":"23 febrero, 2020","format":false,"excerpt":"Colectivo Grieta Galer\u00eda de fotos de actividades informativas en Morelia: - Pegas de infografias y stikers en la Universidad Michoacana UMSNH y en el Centro de Morelia. - Proyecciones en la Casa Multiversidad de la Vida, sobre el Proyecto Integral de Morelos. \u00a0","rel":"","context":"En &quot;CINTILLO&quot;","block_context":{"text":"CINTILLO","link":"http:\/\/www.grieta.org.mx\/index.php\/category\/cintillo\/"},"img":{"alt_text":"","src":"https:\/\/i0.wp.com\/www.grieta.org.mx\/wp-content\/uploads\/2020\/02\/9.jpeg?resize=350%2C200","width":350,"height":200,"srcset":"https:\/\/i0.wp.com\/www.grieta.org.mx\/wp-content\/uploads\/2020\/02\/9.jpeg?resize=350%2C200 1x, https:\/\/i0.wp.com\/www.grieta.org.mx\/wp-content\/uploads\/2020\/02\/9.jpeg?resize=525%2C300 1.5x, https:\/\/i0.wp.com\/www.grieta.org.mx\/wp-content\/uploads\/2020\/02\/9.jpeg?resize=700%2C400 2x, https:\/\/i0.wp.com\/www.grieta.org.mx\/wp-content\/uploads\/2020\/02\/9.jpeg?resize=1050%2C600 3x"},"classes":[]},{"id":71132,"url":"http:\/\/www.grieta.org.mx\/index.php\/2025\/02\/24\/nos-queremos-vivas-neza-realiza-actividades-a-6-anos-de-impunidad-por-samir-y-la-lucha-del-8m-en-nezahualcoyotl-estado-de-mexico\/","url_meta":{"origin":45237,"position":3},"title":"Nos Queremos Vivas Neza realiza actividades a 6 a\u00f1os de impunidad por Samir y la lucha del 8M en Nezahualc\u00f3yotl (Estado de M\u00e9xico)","author":"grieta","date":"24 febrero, 2025","format":false,"excerpt":"Por Joselim Jandeth & Omar Veoz \/ Sue\u00f1a Dignidad Fotos tomadas de: https:\/\/xn--sueadignidad-chb.com\/ El 23 de febrero de 2025 las compa\u00f1eras de la Asamblea Vecinal Nos Queremos Vivas Neza convocaron a una serie de actividades relacionadas al 8M y a la Jornada Global: \u00a1Justicia para Samir Flores Soberanes! 6 a\u00f1os\u2026","rel":"","context":"En &quot;CINTILLO&quot;","block_context":{"text":"CINTILLO","link":"http:\/\/www.grieta.org.mx\/index.php\/category\/cintillo\/"},"img":{"alt_text":"","src":"https:\/\/i0.wp.com\/www.grieta.org.mx\/wp-content\/uploads\/2025\/02\/Nos-Queremos-Vivas-Neza-realiza-actividades-a-6-anos-de-impunidad-por-Samir-y-la-lucha-del-8M-en-Nezahualcoyotl.jpeg?resize=350%2C200","width":350,"height":200,"srcset":"https:\/\/i0.wp.com\/www.grieta.org.mx\/wp-content\/uploads\/2025\/02\/Nos-Queremos-Vivas-Neza-realiza-actividades-a-6-anos-de-impunidad-por-Samir-y-la-lucha-del-8M-en-Nezahualcoyotl.jpeg?resize=350%2C200 1x, https:\/\/i0.wp.com\/www.grieta.org.mx\/wp-content\/uploads\/2025\/02\/Nos-Queremos-Vivas-Neza-realiza-actividades-a-6-anos-de-impunidad-por-Samir-y-la-lucha-del-8M-en-Nezahualcoyotl.jpeg?resize=525%2C300 1.5x, https:\/\/i0.wp.com\/www.grieta.org.mx\/wp-content\/uploads\/2025\/02\/Nos-Queremos-Vivas-Neza-realiza-actividades-a-6-anos-de-impunidad-por-Samir-y-la-lucha-del-8M-en-Nezahualcoyotl.jpeg?resize=700%2C400 2x, https:\/\/i0.wp.com\/www.grieta.org.mx\/wp-content\/uploads\/2025\/02\/Nos-Queremos-Vivas-Neza-realiza-actividades-a-6-anos-de-impunidad-por-Samir-y-la-lucha-del-8M-en-Nezahualcoyotl.jpeg?resize=1050%2C600 3x, https:\/\/i0.wp.com\/www.grieta.org.mx\/wp-content\/uploads\/2025\/02\/Nos-Queremos-Vivas-Neza-realiza-actividades-a-6-anos-de-impunidad-por-Samir-y-la-lucha-del-8M-en-Nezahualcoyotl.jpeg?resize=1400%2C800 4x"},"classes":[]},{"id":45242,"url":"http:\/\/www.grieta.org.mx\/index.php\/2020\/02\/27\/jornadas-samir-somos-todas-y-todos-inauguran-mural-por-la-identidad-cultural-y-la-memoria-colectiva-del-pueblo-de-santa-maria-ajoloapan-tecamac-estado-de-mexico\/","url_meta":{"origin":45237,"position":4},"title":"Jornadas \u201cSamir Somos Todas y Todos\u201d, Inauguran mural por la identidad cultural y la memoria colectiva del pueblo de Santa Mar\u00eda Ajoloapan, Tec\u00e1mac, Estado de M\u00e9xico","author":"grieta","date":"27 febrero, 2020","format":false,"excerpt":"Fotograf\u00eda: Colectivo Grieta El Aeropuerto Internacional de Santa Luc\u00eda, amenaza la vida comunitaria de los pueblos Colectivo Grieta 25 de febrero de 2020 El domingo 16 de febrero en el pueblo originario de Santa Mar\u00eda Ajoloapan, Tec\u00e1mac, Estado de M\u00e9xico, dentro de las jornadas \u201cSamir Somos Todas y Todos\u201d, se\u2026","rel":"","context":"En &quot;CINTILLO&quot;","block_context":{"text":"CINTILLO","link":"http:\/\/www.grieta.org.mx\/index.php\/category\/cintillo\/"},"img":{"alt_text":"","src":"https:\/\/i0.wp.com\/www.grieta.org.mx\/wp-content\/uploads\/2020\/02\/samir-ajoloapan1.jpg?resize=350%2C200","width":350,"height":200,"srcset":"https:\/\/i0.wp.com\/www.grieta.org.mx\/wp-content\/uploads\/2020\/02\/samir-ajoloapan1.jpg?resize=350%2C200 1x, https:\/\/i0.wp.com\/www.grieta.org.mx\/wp-content\/uploads\/2020\/02\/samir-ajoloapan1.jpg?resize=525%2C300 1.5x, https:\/\/i0.wp.com\/www.grieta.org.mx\/wp-content\/uploads\/2020\/02\/samir-ajoloapan1.jpg?resize=700%2C400 2x, https:\/\/i0.wp.com\/www.grieta.org.mx\/wp-content\/uploads\/2020\/02\/samir-ajoloapan1.jpg?resize=1050%2C600 3x, https:\/\/i0.wp.com\/www.grieta.org.mx\/wp-content\/uploads\/2020\/02\/samir-ajoloapan1.jpg?resize=1400%2C800 4x"},"classes":[]},{"id":45003,"url":"http:\/\/www.grieta.org.mx\/index.php\/2020\/02\/23\/galeria-de-fotos-de-accion-dislocada-en-fresnillo-zacatecas-jornadas-samir-somos-todas-y-todos\/","url_meta":{"origin":45237,"position":5},"title":"Galer\u00eda de fotos de acci\u00f3n dislocada en Fresnillo, Zacatecas. Jornadas \u201cSamir Somos Todas y Todos\u201d","author":"Admin","date":"23 febrero, 2020","format":false,"excerpt":"Colectivo Grieta En el marco de las jornadas \"Samir Somos Todas y Todos\" se realiz\u00f3 una acci\u00f3n dislocada de pegas en Fresnillo, Zacatecas. Galer\u00eda de fotos:","rel":"","context":"En &quot;CINTILLO&quot;","block_context":{"text":"CINTILLO","link":"http:\/\/www.grieta.org.mx\/index.php\/category\/cintillo\/"},"img":{"alt_text":"","src":"https:\/\/i0.wp.com\/www.grieta.org.mx\/wp-content\/uploads\/2020\/02\/20200222_183307-e1582565376445.jpg?resize=350%2C200","width":350,"height":200,"srcset":"https:\/\/i0.wp.com\/www.grieta.org.mx\/wp-content\/uploads\/2020\/02\/20200222_183307-e1582565376445.jpg?resize=350%2C200 1x, https:\/\/i0.wp.com\/www.grieta.org.mx\/wp-content\/uploads\/2020\/02\/20200222_183307-e1582565376445.jpg?resize=525%2C300 1.5x, https:\/\/i0.wp.com\/www.grieta.org.mx\/wp-content\/uploads\/2020\/02\/20200222_183307-e1582565376445.jpg?resize=700%2C400 2x, https:\/\/i0.wp.com\/www.grieta.org.mx\/wp-content\/uploads\/2020\/02\/20200222_183307-e1582565376445.jpg?resize=1050%2C600 3x, https:\/\/i0.wp.com\/www.grieta.org.mx\/wp-content\/uploads\/2020\/02\/20200222_183307-e1582565376445.jpg?resize=1400%2C800 4x"},"classes":[]}],"_links":{"self":[{"href":"http:\/\/www.grieta.org.mx\/index.php\/wp-json\/wp\/v2\/posts\/45237","targetHints":{"allow":["GET"]}}],"collection":[{"href":"http:\/\/www.grieta.org.mx\/index.php\/wp-json\/wp\/v2\/posts"}],"about":[{"href":"http:\/\/www.grieta.org.mx\/index.php\/wp-json\/wp\/v2\/types\/post"}],"author":[{"embeddable":true,"href":"http:\/\/www.grieta.org.mx\/index.php\/wp-json\/wp\/v2\/users\/2"}],"replies":[{"embeddable":true,"href":"http:\/\/www.grieta.org.mx\/index.php\/wp-json\/wp\/v2\/comments?post=45237"}],"version-history":[{"count":1,"href":"http:\/\/www.grieta.org.mx\/index.php\/wp-json\/wp\/v2\/posts\/45237\/revisions"}],"predecessor-version":[{"id":45241,"href":"http:\/\/www.grieta.org.mx\/index.php\/wp-json\/wp\/v2\/posts\/45237\/revisions\/45241"}],"wp:featuredmedia":[{"embeddable":true,"href":"http:\/\/www.grieta.org.mx\/index.php\/wp-json\/wp\/v2\/media\/45238"}],"wp:attachment":[{"href":"http:\/\/www.grieta.org.mx\/index.php\/wp-json\/wp\/v2\/media?parent=45237"}],"wp:term":[{"taxonomy":"category","embeddable":true,"href":"http:\/\/www.grieta.org.mx\/index.php\/wp-json\/wp\/v2\/categories?post=45237"},{"taxonomy":"post_tag","embeddable":true,"href":"http:\/\/www.grieta.org.mx\/index.php\/wp-json\/wp\/v2\/tags?post=45237"}],"curies":[{"name":"wp","href":"https:\/\/api.w.org\/{rel}","templated":true}]}}