{"id":45088,"date":"2020-02-08T10:39:55","date_gmt":"2020-02-08T16:39:55","guid":{"rendered":"http:\/\/www.grieta.org.mx\/?p=45088"},"modified":"2020-02-25T10:51:52","modified_gmt":"2020-02-25T16:51:52","slug":"habitantes-toman-control-de-3-alcaldias-puebla","status":"publish","type":"post","link":"http:\/\/www.grieta.org.mx\/index.php\/2020\/02\/08\/habitantes-toman-control-de-3-alcaldias-puebla\/","title":{"rendered":"Habitantes toman control de 3 alcald\u00edas (Puebla)"},"content":{"rendered":"<p><a href=\"http:\/\/www.grieta.org.mx\/wp-content\/uploads\/2020\/02\/Captura-de-pantalla-2020-02-25-a-las-10.41.33-a.m..png\"><img loading=\"lazy\" decoding=\"async\" data-attachment-id=\"45089\" data-permalink=\"http:\/\/www.grieta.org.mx\/index.php\/2020\/02\/08\/habitantes-toman-control-de-3-alcaldias-puebla\/captura-de-pantalla-2020-02-25-a-las-10-41-33-a-m\/\" data-orig-file=\"http:\/\/www.grieta.org.mx\/wp-content\/uploads\/2020\/02\/Captura-de-pantalla-2020-02-25-a-las-10.41.33-a.m..png\" data-orig-size=\"926,577\" data-comments-opened=\"0\" data-image-meta=\"{&quot;aperture&quot;:&quot;0&quot;,&quot;credit&quot;:&quot;&quot;,&quot;camera&quot;:&quot;&quot;,&quot;caption&quot;:&quot;&quot;,&quot;created_timestamp&quot;:&quot;0&quot;,&quot;copyright&quot;:&quot;&quot;,&quot;focal_length&quot;:&quot;0&quot;,&quot;iso&quot;:&quot;0&quot;,&quot;shutter_speed&quot;:&quot;0&quot;,&quot;title&quot;:&quot;&quot;,&quot;orientation&quot;:&quot;0&quot;}\" data-image-title=\"Captura de pantalla 2020-02-25 a las 10.41.33 a.m.\" data-image-description=\"\" data-image-caption=\"\" data-medium-file=\"http:\/\/www.grieta.org.mx\/wp-content\/uploads\/2020\/02\/Captura-de-pantalla-2020-02-25-a-las-10.41.33-a.m.-300x187.png\" data-large-file=\"http:\/\/www.grieta.org.mx\/wp-content\/uploads\/2020\/02\/Captura-de-pantalla-2020-02-25-a-las-10.41.33-a.m..png\" class=\"aligncenter wp-image-45089\" src=\"http:\/\/www.grieta.org.mx\/wp-content\/uploads\/2020\/02\/Captura-de-pantalla-2020-02-25-a-las-10.41.33-a.m..png\" alt=\"\" width=\"800\" height=\"498\" srcset=\"http:\/\/www.grieta.org.mx\/wp-content\/uploads\/2020\/02\/Captura-de-pantalla-2020-02-25-a-las-10.41.33-a.m..png 926w, http:\/\/www.grieta.org.mx\/wp-content\/uploads\/2020\/02\/Captura-de-pantalla-2020-02-25-a-las-10.41.33-a.m.-300x187.png 300w, http:\/\/www.grieta.org.mx\/wp-content\/uploads\/2020\/02\/Captura-de-pantalla-2020-02-25-a-las-10.41.33-a.m.-768x479.png 768w, http:\/\/www.grieta.org.mx\/wp-content\/uploads\/2020\/02\/Captura-de-pantalla-2020-02-25-a-las-10.41.33-a.m.-802x500.png 802w\" sizes=\"auto, (max-width: 800px) 100vw, 800px\" \/><\/a><\/p>\n<p>Redacci\u00f3n \/ El Heraldo de M\u00e9xico<\/p>\n<p>En Puebla se reporta la toma de tres municipios por habitantes inconformes por incumplimiento de obras p\u00fablicas, inseguridad y desv\u00edo de recursos de los alcaldes: San Nicol\u00e1s de los Ranchos, Teopatl\u00e1n y Tepeyahualco de Hidalgo, mientras que permanecen conflictos municipales en otras tres localidades: Amozoc, Juan C. Bonilla y Tehuac\u00e1n.<\/p>\n<p>A decir del secretario de Gobernaci\u00f3n en el estado, David M\u00e9ndez M\u00e1rquez, &#8220;se ha mantenido pl\u00e1ticas con los diversos grupos inconformes, pues la intenci\u00f3n de las autoridades estatales es escuchar las diferentes opiniones y garantizar la gobernabilidad en el estado&#8221;.<\/p>\n<p>La principal queja de los habitantes es que las autoridades municipales no han ejecutado obras p\u00fablicas y que se han elevado los \u00edndices de inseguridad.<\/p>\n<p>Uno de los primeros conflictos que se registr\u00f3 en este a\u00f1o fue en el municipio de San Nicol\u00e1s de los Ranchos, donde el 13 de enero los habitantes manifestaron su inconformidad porque no se han entregado obras p\u00fablicas.<\/p>\n<p>El 23 de enero se report\u00f3 otro conflicto municipal en Amozoc, municipio que ya ten\u00eda antecedentes de problemas, cuando inconformes, la mayor parte de una agrupaci\u00f3n de piperos, cerraron por m\u00e1s de 10 horas la carretera federal Puebla-Tehuac\u00e1n, adem\u00e1s de generar destrozos en las instalaciones de la presidencia municipal y quemar tres autos.<\/p>\n<p>El martes 4 de febrero habitantes de Teopatl\u00e1n acudieron al Congreso del estado con el objetivo de exigir la destituci\u00f3n de su alcalde, Atanacio P\u00e9rez Ca\u00f1ete, de Movimiento Ciudadano, a quien han acusado de nepotismo.<\/p>\n<p>En Juan C. Bonilla la queja de los habitantes es la obra de construcci\u00f3n de un colector de aguas industriales procedente de la Ciudad Textil de Huejotzingo, que desembocar\u00e1 en el r\u00edo Metlapanapa, pues aseguran que elevar\u00e1 los \u00edndices de contaminaci\u00f3n.<\/p>\n<p>En Tepeyahualco de Hidalgo, habitantes exigen al alcalde Eyerim Espinoza Sosa la salida de la empresa Granjas Carroll, por acusarla de contaminaci\u00f3n a los afluentes de la zona.<\/p>\n<p><a href=\"https:\/\/heraldodemexico.com.mx\/estados\/puebla-control-habitantes-inconformes-alcaldias-municipios\/\">https:\/\/heraldodemexico.com.mx\/estados\/puebla-control-habitantes-inconformes-alcaldias-municipios\/<\/a><\/p>\n","protected":false},"excerpt":{"rendered":"<p>Redacci\u00f3n \/ El Heraldo de M\u00e9xico En Puebla se reporta la toma de tres municipios por habitantes inconformes por incumplimiento de obras p\u00fablicas, inseguridad y desv\u00edo de recursos de los &hellip; <a href=\"http:\/\/www.grieta.org.mx\/index.php\/2020\/02\/08\/habitantes-toman-control-de-3-alcaldias-puebla\/\" class=\"more-link\">Leer m\u00e1s<\/a><\/p>\n","protected":false},"author":1,"featured_media":45089,"comment_status":"closed","ping_status":"closed","sticky":false,"template":"","format":"standard","meta":{"ngg_post_thumbnail":0,"_jetpack_newsletter_access":"","_jetpack_dont_email_post_to_subs":false,"_jetpack_newsletter_tier_id":0,"_jetpack_memberships_contains_paywalled_content":false,"_jetpack_memberships_contains_paid_content":false,"footnotes":""},"categories":[80,3037,26],"tags":[474,2738],"class_list":["post-45088","post","type-post","status-publish","format-standard","has-post-thumbnail","hentry","category-cintillo","category-lucha-por-la-autonomia-en-puebla","category-puebla","tag-autonomia","tag-autoridades-omisas","entry"],"jetpack_featured_media_url":"http:\/\/www.grieta.org.mx\/wp-content\/uploads\/2020\/02\/Captura-de-pantalla-2020-02-25-a-las-10.41.33-a.m..png","jetpack_sharing_enabled":true,"jetpack_shortlink":"https:\/\/wp.me\/p7ZJR4-bJe","jetpack_likes_enabled":false,"jetpack-related-posts":[{"id":25316,"url":"http:\/\/www.grieta.org.mx\/index.php\/2018\/07\/13\/bloquean-la-mexico-puebla-para-exigir-agua-estado-de-mexico\/","url_meta":{"origin":45088,"position":0},"title":"Bloquean la M\u00e9xico-Puebla para exigir agua (Estado de M\u00e9xico)","author":"grieta","date":"13 julio, 2018","format":false,"excerpt":"Manuel L\u00f3pez\/Hoy Estado de M\u00e9xico Habitantes de los Reyes, La Paz bloquearon la carretera M\u00e9xico-Puebla a la altura del paradero del metro La Paz, para exigir autoridades locales que les devuelvan el suministro de agua. Con lazos y una cadena humana los inconformes impiden el paso de los veh\u00edculos en\u2026","rel":"","context":"En &quot;CINTILLO&quot;","block_context":{"text":"CINTILLO","link":"http:\/\/www.grieta.org.mx\/index.php\/category\/cintillo\/"},"img":{"alt_text":"","src":"https:\/\/i0.wp.com\/www.grieta.org.mx\/wp-content\/uploads\/2018\/08\/mexico_puebla_inundaciones_mn4-300x200.jpg?resize=350%2C200","width":350,"height":200},"classes":[]},{"id":18660,"url":"http:\/\/www.grieta.org.mx\/index.php\/2016\/07\/29\/aseguran-que-obras-en-cholula-carecen-de-permisos-del-inah\/","url_meta":{"origin":45088,"position":1},"title":"Aseguran que obras en Cholula carecen de permisos del INAH","author":"grieta","date":"29 julio, 2016","format":false,"excerpt":"Por Norma Marcial SAN ANDR\u00c9S CHOLULA, Pue. Por en\u00e9sima ocasi\u00f3n, integrantes del Colectivo Cholula Viva y Digna, exigieron la cancelaci\u00f3n inmediata de las obras de embellecimiento que autoridades estatales realizan en puntos colindantes a la zona arqueol\u00f3gica de Cholula, tras se\u00f1alar que carecen de los permisos correspondientes por parte del\u2026","rel":"","context":"En &quot;CINTILLO&quot;","block_context":{"text":"CINTILLO","link":"http:\/\/www.grieta.org.mx\/index.php\/category\/cintillo\/"},"img":{"alt_text":"","src":"https:\/\/i0.wp.com\/www.grieta.org.mx\/wp-content\/uploads\/2018\/03\/14524434_1106112876131411_958039263622046936_o.jpg?resize=350%2C200","width":350,"height":200,"srcset":"https:\/\/i0.wp.com\/www.grieta.org.mx\/wp-content\/uploads\/2018\/03\/14524434_1106112876131411_958039263622046936_o.jpg?resize=350%2C200 1x, https:\/\/i0.wp.com\/www.grieta.org.mx\/wp-content\/uploads\/2018\/03\/14524434_1106112876131411_958039263622046936_o.jpg?resize=525%2C300 1.5x, https:\/\/i0.wp.com\/www.grieta.org.mx\/wp-content\/uploads\/2018\/03\/14524434_1106112876131411_958039263622046936_o.jpg?resize=700%2C400 2x"},"classes":[]},{"id":15142,"url":"http:\/\/www.grieta.org.mx\/index.php\/2016\/06\/17\/pobladores-de-tezoapan-puebla-toman-carretera\/","url_meta":{"origin":45088,"position":2},"title":"Pobladores de Tezoapan, Puebla &#8216;toman&#8217; carretera","author":"grieta","date":"17 junio, 2016","format":false,"excerpt":"Por Elizabeth Rodr\u00edguez Ca\u00f1ada Morelos, Pue. Pobladores de la rancher\u00eda de Tezoapan bloquearon la carretera 144 que comunica al municipio poblano de Tehuac\u00e1n con el estado de Veracruz, e incendiaron veh\u00edculos para exigir la liberaci\u00f3n de tres pobladores presuntamente acusados de robo y que cesen los abuso de autoridad de\u2026","rel":"","context":"En &quot;CINTILLO&quot;","block_context":{"text":"CINTILLO","link":"http:\/\/www.grieta.org.mx\/index.php\/category\/cintillo\/"},"img":{"alt_text":"","src":"https:\/\/i0.wp.com\/www.grieta.org.mx\/wp-content\/uploads\/2018\/03\/14524434_1106112876131411_958039263622046936_o.jpg?resize=350%2C200","width":350,"height":200,"srcset":"https:\/\/i0.wp.com\/www.grieta.org.mx\/wp-content\/uploads\/2018\/03\/14524434_1106112876131411_958039263622046936_o.jpg?resize=350%2C200 1x, https:\/\/i0.wp.com\/www.grieta.org.mx\/wp-content\/uploads\/2018\/03\/14524434_1106112876131411_958039263622046936_o.jpg?resize=525%2C300 1.5x, https:\/\/i0.wp.com\/www.grieta.org.mx\/wp-content\/uploads\/2018\/03\/14524434_1106112876131411_958039263622046936_o.jpg?resize=700%2C400 2x"},"classes":[]},{"id":13798,"url":"http:\/\/www.grieta.org.mx\/index.php\/2016\/06\/03\/pobladores-retienen-a-funcionario-y-bloquean-carretera-en-puebla\/","url_meta":{"origin":45088,"position":3},"title":"Pobladores retienen a funcionario y bloquean carretera en Puebla","author":"grieta","date":"3 junio, 2016","format":false,"excerpt":"Por Edgar \u00c1vila, foto de Omar Contreras Decenas de pobladores de una comunidad del municipio poblano de Juan C. Bonfil, mantienen bloqueada la carretera federal M\u00e9xico-Puebla y retenido a un delegado de Gobernaci\u00f3n en protesta por la falta de castigo a polic\u00edas locales que golpearon a un joven. Se trata\u2026","rel":"","context":"En &quot;CINTILLO&quot;","block_context":{"text":"CINTILLO","link":"http:\/\/www.grieta.org.mx\/index.php\/category\/cintillo\/"},"img":{"alt_text":"","src":"https:\/\/i0.wp.com\/www.grieta.org.mx\/wp-content\/uploads\/2018\/03\/14524434_1106112876131411_958039263622046936_o.jpg?resize=350%2C200","width":350,"height":200,"srcset":"https:\/\/i0.wp.com\/www.grieta.org.mx\/wp-content\/uploads\/2018\/03\/14524434_1106112876131411_958039263622046936_o.jpg?resize=350%2C200 1x, https:\/\/i0.wp.com\/www.grieta.org.mx\/wp-content\/uploads\/2018\/03\/14524434_1106112876131411_958039263622046936_o.jpg?resize=525%2C300 1.5x, https:\/\/i0.wp.com\/www.grieta.org.mx\/wp-content\/uploads\/2018\/03\/14524434_1106112876131411_958039263622046936_o.jpg?resize=700%2C400 2x"},"classes":[]},{"id":31816,"url":"http:\/\/www.grieta.org.mx\/index.php\/2019\/04\/05\/genera-contaminacion-drenaje-colapsado-en-miahuatlan-puebla\/","url_meta":{"origin":45088,"position":4},"title":"Genera contaminaci\u00f3n drenaje colapsado en Miahuatl\u00e1n (Puebla)","author":"grieta","date":"5 abril, 2019","format":false,"excerpt":"Yomara Pacheco \/ El Popular A pesar de que desde hace 15 d\u00edas vecinos del Barrio de San Jos\u00e9, perteneciente al municipio de Santiago Miahuatl\u00e1n, registran un foco de contaminaci\u00f3n debido a que el drenaje se colaps\u00f3 y est\u00e1 ocasionando que las aguas de drenaje con heces fecales invadan sus\u2026","rel":"","context":"En &quot;CINTILLO&quot;","block_context":{"text":"CINTILLO","link":"http:\/\/www.grieta.org.mx\/index.php\/category\/cintillo\/"},"img":{"alt_text":"","src":"https:\/\/i0.wp.com\/www.grieta.org.mx\/wp-content\/uploads\/2019\/04\/genera-contaminacion-drenaje-colapsado-en-miahuatlan-c38278e597f7c27da6f1234441c98e51.jpg?resize=350%2C200","width":350,"height":200,"srcset":"https:\/\/i0.wp.com\/www.grieta.org.mx\/wp-content\/uploads\/2019\/04\/genera-contaminacion-drenaje-colapsado-en-miahuatlan-c38278e597f7c27da6f1234441c98e51.jpg?resize=350%2C200 1x, https:\/\/i0.wp.com\/www.grieta.org.mx\/wp-content\/uploads\/2019\/04\/genera-contaminacion-drenaje-colapsado-en-miahuatlan-c38278e597f7c27da6f1234441c98e51.jpg?resize=525%2C300 1.5x, https:\/\/i0.wp.com\/www.grieta.org.mx\/wp-content\/uploads\/2019\/04\/genera-contaminacion-drenaje-colapsado-en-miahuatlan-c38278e597f7c27da6f1234441c98e51.jpg?resize=700%2C400 2x"},"classes":[]},{"id":27751,"url":"http:\/\/www.grieta.org.mx\/index.php\/2018\/11\/18\/se-libra-sierra-norte-de-transcanada-suspende-gasoducto-puebla\/","url_meta":{"origin":45088,"position":5},"title":"Se libra Sierra Norte de TransCanada, suspende gasoducto (Puebla)","author":"grieta","date":"18 noviembre, 2018","format":false,"excerpt":"Municipios Puebla Por las mermas econ\u00f3micas que han generado las variaciones de las leyes de ingresos municipales y la resistencia de las comunidades inconformes con la construcci\u00f3n del gasoducto que impactar\u00eda en tres municipios de la Sierra Norte, la empresa TransCanada cancel\u00f3 la construcci\u00f3n del gasoducto Tuxpan-Tula, anunci\u00f3 esta semana.\u2026","rel":"","context":"En &quot;CINTILLO&quot;","block_context":{"text":"CINTILLO","link":"http:\/\/www.grieta.org.mx\/index.php\/category\/cintillo\/"},"img":{"alt_text":"","src":"https:\/\/i0.wp.com\/www.grieta.org.mx\/wp-content\/uploads\/2018\/11\/gasoducto_21.jpg?resize=350%2C200","width":350,"height":200,"srcset":"https:\/\/i0.wp.com\/www.grieta.org.mx\/wp-content\/uploads\/2018\/11\/gasoducto_21.jpg?resize=350%2C200 1x, https:\/\/i0.wp.com\/www.grieta.org.mx\/wp-content\/uploads\/2018\/11\/gasoducto_21.jpg?resize=525%2C300 1.5x, https:\/\/i0.wp.com\/www.grieta.org.mx\/wp-content\/uploads\/2018\/11\/gasoducto_21.jpg?resize=700%2C400 2x, https:\/\/i0.wp.com\/www.grieta.org.mx\/wp-content\/uploads\/2018\/11\/gasoducto_21.jpg?resize=1050%2C600 3x, https:\/\/i0.wp.com\/www.grieta.org.mx\/wp-content\/uploads\/2018\/11\/gasoducto_21.jpg?resize=1400%2C800 4x"},"classes":[]}],"_links":{"self":[{"href":"http:\/\/www.grieta.org.mx\/index.php\/wp-json\/wp\/v2\/posts\/45088","targetHints":{"allow":["GET"]}}],"collection":[{"href":"http:\/\/www.grieta.org.mx\/index.php\/wp-json\/wp\/v2\/posts"}],"about":[{"href":"http:\/\/www.grieta.org.mx\/index.php\/wp-json\/wp\/v2\/types\/post"}],"author":[{"embeddable":true,"href":"http:\/\/www.grieta.org.mx\/index.php\/wp-json\/wp\/v2\/users\/1"}],"replies":[{"embeddable":true,"href":"http:\/\/www.grieta.org.mx\/index.php\/wp-json\/wp\/v2\/comments?post=45088"}],"version-history":[{"count":1,"href":"http:\/\/www.grieta.org.mx\/index.php\/wp-json\/wp\/v2\/posts\/45088\/revisions"}],"predecessor-version":[{"id":45091,"href":"http:\/\/www.grieta.org.mx\/index.php\/wp-json\/wp\/v2\/posts\/45088\/revisions\/45091"}],"wp:featuredmedia":[{"embeddable":true,"href":"http:\/\/www.grieta.org.mx\/index.php\/wp-json\/wp\/v2\/media\/45089"}],"wp:attachment":[{"href":"http:\/\/www.grieta.org.mx\/index.php\/wp-json\/wp\/v2\/media?parent=45088"}],"wp:term":[{"taxonomy":"category","embeddable":true,"href":"http:\/\/www.grieta.org.mx\/index.php\/wp-json\/wp\/v2\/categories?post=45088"},{"taxonomy":"post_tag","embeddable":true,"href":"http:\/\/www.grieta.org.mx\/index.php\/wp-json\/wp\/v2\/tags?post=45088"}],"curies":[{"name":"wp","href":"https:\/\/api.w.org\/{rel}","templated":true}]}}