{"id":45080,"date":"2020-02-05T10:00:06","date_gmt":"2020-02-05T16:00:06","guid":{"rendered":"http:\/\/www.grieta.org.mx\/?p=45080"},"modified":"2020-02-25T10:06:33","modified_gmt":"2020-02-25T16:06:33","slug":"tlaxcala-sigue-como-referente-en-la-trata-de-personas","status":"publish","type":"post","link":"http:\/\/www.grieta.org.mx\/index.php\/2020\/02\/05\/tlaxcala-sigue-como-referente-en-la-trata-de-personas\/","title":{"rendered":"Tlaxcala sigue como referente en la trata de personas"},"content":{"rendered":"<p><a href=\"http:\/\/www.grieta.org.mx\/wp-content\/uploads\/2020\/02\/tlaxcalan.jpg\"><img loading=\"lazy\" decoding=\"async\" data-attachment-id=\"45081\" data-permalink=\"http:\/\/www.grieta.org.mx\/index.php\/2020\/02\/05\/tlaxcala-sigue-como-referente-en-la-trata-de-personas\/tlaxcalan\/\" data-orig-file=\"http:\/\/www.grieta.org.mx\/wp-content\/uploads\/2020\/02\/tlaxcalan.jpg\" data-orig-size=\"640,427\" data-comments-opened=\"0\" data-image-meta=\"{&quot;aperture&quot;:&quot;0&quot;,&quot;credit&quot;:&quot;Angel&quot;,&quot;camera&quot;:&quot;&quot;,&quot;caption&quot;:&quot;&quot;,&quot;created_timestamp&quot;:&quot;1384441754&quot;,&quot;copyright&quot;:&quot;&quot;,&quot;focal_length&quot;:&quot;0&quot;,&quot;iso&quot;:&quot;0&quot;,&quot;shutter_speed&quot;:&quot;0&quot;,&quot;title&quot;:&quot;&quot;,&quot;orientation&quot;:&quot;0&quot;}\" data-image-title=\"tlaxcalan\" data-image-description=\"\" data-image-caption=\"\" data-medium-file=\"http:\/\/www.grieta.org.mx\/wp-content\/uploads\/2020\/02\/tlaxcalan-300x200.jpg\" data-large-file=\"http:\/\/www.grieta.org.mx\/wp-content\/uploads\/2020\/02\/tlaxcalan.jpg\" src=\"http:\/\/www.grieta.org.mx\/wp-content\/uploads\/2020\/02\/tlaxcalan.jpg\" alt=\"\" width=\"640\" height=\"427\" class=\"aligncenter size-full wp-image-45081\" srcset=\"http:\/\/www.grieta.org.mx\/wp-content\/uploads\/2020\/02\/tlaxcalan.jpg 640w, http:\/\/www.grieta.org.mx\/wp-content\/uploads\/2020\/02\/tlaxcalan-300x200.jpg 300w\" sizes=\"auto, (max-width: 640px) 100vw, 640px\" \/><\/a><\/p>\n<p>Emilio Piedras \/ e-consulta<\/p>\n<p>Grupo Formula y El Universal realizaron una investigaci\u00f3n que nuevamente pone el \u201cdedo en la llaga\u201d y expone la tolerancia de las autoridades locales<\/p>\n<p>En una investigaci\u00f3n conjunta entre el grupo Formula y El Universal, nuevamente ponen a Tlaxcala como el centro de la trata de personas al menos en el pa\u00eds, evidenciando que las autoridades toleran esta pr\u00e1ctica que comenz\u00f3 en un municipio y que se ha extendido a lo largo de m\u00e1s de una decena de localidades que se encuentran principalmente en la zona sur del estado, donde se concentran los llamados \u201cpadrotes\u201d, \u201clenones\u201d, \u201cproxenetas\u201d o \u201ccaifanes\u201d como son conocidos quienes se dedican a la explotaci\u00f3n sexual.<\/p>\n<p>Los datos que referencian por parte de la Fundaci\u00f3n Fray Juli\u00e1n Garc\u00e9s es que existen s\u00f3lo 210 denuncias ante la Procuradur\u00eda General de Justicia del Estado (PGJE) entre 2011 y 2017, no obstante, s\u00f3lo hay 9 sentencias condenatorias, lo que muestra que menos del 5 por ciento de los casos en los que las v\u00edctimas acudieron a las autoridades, terminaron en un castigo para los explotadores.<\/p>\n<p>Para Alejandra M\u00e9ndez Serrano, directora del Centro Fray Juli\u00e1n Garc\u00e9s, la trata de personas no es un fen\u00f3meno exclusivo del municipio de Tenancingo, sino de 23 de los 60 municipios de la entidad, lo cual es una muestra de que las autoridades han sido c\u00f3mplices en el crecimiento de este problema que ha puesto a Tlaxcala a nivel mundial como uno de los principales epicentros de la explotaci\u00f3n sexual.<\/p>\n<p>La insensibilidad de las autoridades ha funcionado como c\u00f3mplice y como ejemplo esta la negativa del gobernador, Marco Mena Rodr\u00edguez para emitir una Alerta de G\u00e9nero que permita emprender acciones encaminadas a disminuir este problema que aqueja principalmente a la zona sur del estado pero que sigue creciendo en otras regiones que anteriormente no ten\u00edan la presencia de este fen\u00f3meno.<\/p>\n<p>La muestra de la poca atenci\u00f3n del gobierno menista es que de acuerdo con datos de Fray Juli\u00e1n Garc\u00e9s, de las 154 denuncias que realizaron mujeres entre 2011 y 2018, s\u00f3lo 26 de ellas fueron canalizadas a refugios para evitar ser explotadas nuevamente o v\u00edctimas de alguna venganza y el resto simplemente fueron abandonadas a su suerte.<\/p>\n<p>Peor a\u00fan es la masiva desaparici\u00f3n de mujeres, siendo j\u00f3venes y adolescentes las que llenan las portadas de las redes sociales, las cuales se sospecha que pueden estar implicadas en desapariciones que tienen que ver con los tratantes de personas que se refugian en la zona sur de la entidad principalmente.<\/p>\n<p>Ejemplo de que este fen\u00f3meno social existe a los ojos de las autoridades, fue el rescate de una menor de edad de la ciudad de Puebla que fue encontrada en el municipio de Tenancingo luego de haber sido enganchada, as\u00ed como la mujer que en San Pablo del Monte pudo realizar una llamada de emergencias para denunciar que era v\u00edctima de explotaci\u00f3n sexual.<\/p>\n<p>Un caso muy conocido y que los mismos familiares sospechan que existe una red de tratantes detr\u00e1s de la desaparici\u00f3n de su hija en San Pablo del Monte es el de Karla Romero Tezmol que a cuatro a\u00f1os de haber desaparecido, no se sabe que sucedi\u00f3 con su paradero, aunque hay indicios de que fue llevada por tratantes de personas para ser explotada primero en la ciudad de Puebla y luego trasladada a la frontera norte del pa\u00eds.<\/p>\n<p>Lo m\u00e1s preocupante es que en su momento la PGJE a cargo de Alicia Fragoso S\u00e1nchez y con Mariano Gonz\u00e1lez Zarur como gobernador, perdi\u00f3 el video que captaron el momento en el que la menor de edad fue secuestrada por sus captores, lo que result\u00f3 muy sospechoso para sus familiares.<\/p>\n<p>El caso de Karla Romero es s\u00f3lo uno de los muchos que existen en Tlaxcala y en estados vecinos, mientras el gobierno de Marco Mena se niega a realizar acciones contundentes para atacar este fen\u00f3meno que cada vez abarca m\u00e1s municipios del estado.<\/p>\n<p>La investigaci\u00f3n que realizaron estos medios nacionales, evidencian que hacen una mejor labor que las propias autoridades, ya que a pesar de que han proliferado los moteles cercanos a la v\u00eda corta y es evidente la presencia de mujeres cercanas a esta vialidad, las autoridades locales no atienden este problema que es conocido a nivel mundial.<\/p>\n<p><a href=\"http:\/\/www.e-tlaxcala.mx\/nota\/2020-02-05\/tlaxcala\/tlaxcala-sigue-como-referente-en-la-trata-de-personas\">http:\/\/www.e-tlaxcala.mx\/nota\/2020-02-05\/tlaxcala\/tlaxcala-sigue-como-referente-en-la-trata-de-personas<\/a><\/p>\n","protected":false},"excerpt":{"rendered":"<p>Emilio Piedras \/ e-consulta Grupo Formula y El Universal realizaron una investigaci\u00f3n que nuevamente pone el \u201cdedo en la llaga\u201d y expone la tolerancia de las autoridades locales En una &hellip; <a href=\"http:\/\/www.grieta.org.mx\/index.php\/2020\/02\/05\/tlaxcala-sigue-como-referente-en-la-trata-de-personas\/\" class=\"more-link\">Leer m\u00e1s<\/a><\/p>\n","protected":false},"author":1,"featured_media":45081,"comment_status":"closed","ping_status":"closed","sticky":false,"template":"","format":"standard","meta":{"ngg_post_thumbnail":0,"_jetpack_newsletter_access":"","_jetpack_dont_email_post_to_subs":false,"_jetpack_newsletter_tier_id":0,"_jetpack_memberships_contains_paywalled_content":false,"_jetpack_memberships_contains_paid_content":false,"footnotes":""},"categories":[80,2,34,1266],"tags":[631,417],"class_list":["post-45080","post","type-post","status-publish","format-standard","has-post-thumbnail","hentry","category-cintillo","category-noticias-nacionales","category-tlaxcala","category-trata-de-personas-en-tlaxcala","tag-desaparecidas","tag-trata-de-personas","entry"],"jetpack_featured_media_url":"http:\/\/www.grieta.org.mx\/wp-content\/uploads\/2020\/02\/tlaxcalan.jpg","jetpack_sharing_enabled":true,"jetpack_shortlink":"https:\/\/wp.me\/p7ZJR4-bJ6","jetpack_likes_enabled":false,"jetpack-related-posts":[{"id":56855,"url":"http:\/\/www.grieta.org.mx\/index.php\/2020\/09\/29\/feministas-senalan-sistema-proxeneta-en-tlaxcala\/","url_meta":{"origin":45080,"position":0},"title":"Feministas se\u00f1alan sistema proxeneta en Tlaxcala","author":"Admin","date":"29 septiembre, 2020","format":false,"excerpt":"Iztel Nicte Uc Dom\u00ednguez \/ La Silla Rota De 2011 a 2016 se registraron 200 denuncias por trata de personas con fines de explotaci\u00f3n sexual en Tlaxcala. \u201cDurante el mismo periodo solo se han registrado 13 sentencias condenatorias\u201d, se\u00f1al\u00f3 Alma Carina Cuevas, durante la conferencia semanal de Nosotras Tenemos Otros\u2026","rel":"","context":"En &quot;CINTILLO&quot;","block_context":{"text":"CINTILLO","link":"http:\/\/www.grieta.org.mx\/index.php\/category\/cintillo\/"},"img":{"alt_text":"","src":"https:\/\/i0.wp.com\/www.grieta.org.mx\/wp-content\/uploads\/2021\/02\/Captura-de-Pantalla-2021-02-08-a-las-19.53.14.png?resize=350%2C200","width":350,"height":200,"srcset":"https:\/\/i0.wp.com\/www.grieta.org.mx\/wp-content\/uploads\/2021\/02\/Captura-de-Pantalla-2021-02-08-a-las-19.53.14.png?resize=350%2C200 1x, https:\/\/i0.wp.com\/www.grieta.org.mx\/wp-content\/uploads\/2021\/02\/Captura-de-Pantalla-2021-02-08-a-las-19.53.14.png?resize=525%2C300 1.5x, https:\/\/i0.wp.com\/www.grieta.org.mx\/wp-content\/uploads\/2021\/02\/Captura-de-Pantalla-2021-02-08-a-las-19.53.14.png?resize=700%2C400 2x"},"classes":[]},{"id":6421,"url":"http:\/\/www.grieta.org.mx\/index.php\/2015\/11\/20\/desmantelan-banda-de-trata-de-personas-captaban-a-sus-victimas-en-tlaxcala-y-las-mandaban-a-eu\/","url_meta":{"origin":45080,"position":1},"title":"Desmantelan banda de trata de personas; captaban a sus v\u00edctimas en Tlaxcala y las mandaban a EU","author":"grieta","date":"20 noviembre, 2015","format":false,"excerpt":"Redacci\u00f3n\/Animal Pol\u00edtico En un operativo simultaneo realizado en Tlaxcala y en Nueva York, elementos federales y del Departamento de Seguridad Interna de Estados Unidos detuvieron a ocho personas, a quienes se les vincula con los delitos de delincuencia organizada, trata y tr\u00e1fico de personas con fines de explotaci\u00f3n sexual, trata\u2026","rel":"","context":"En &quot;CINTILLO&quot;","block_context":{"text":"CINTILLO","link":"http:\/\/www.grieta.org.mx\/index.php\/category\/cintillo\/"},"img":{"alt_text":"","src":"https:\/\/i0.wp.com\/www.grieta.org.mx\/wp-content\/uploads\/2018\/03\/14524434_1106112876131411_958039263622046936_o.jpg?resize=350%2C200","width":350,"height":200,"srcset":"https:\/\/i0.wp.com\/www.grieta.org.mx\/wp-content\/uploads\/2018\/03\/14524434_1106112876131411_958039263622046936_o.jpg?resize=350%2C200 1x, https:\/\/i0.wp.com\/www.grieta.org.mx\/wp-content\/uploads\/2018\/03\/14524434_1106112876131411_958039263622046936_o.jpg?resize=525%2C300 1.5x, https:\/\/i0.wp.com\/www.grieta.org.mx\/wp-content\/uploads\/2018\/03\/14524434_1106112876131411_958039263622046936_o.jpg?resize=700%2C400 2x"},"classes":[]},{"id":6424,"url":"http:\/\/www.grieta.org.mx\/index.php\/2015\/05\/13\/tenancingo-tlaxcala-cuna-de-la-trata-de-personas\/","url_meta":{"origin":45080,"position":2},"title":"Tenancingo, Tlaxcala, cuna de la trata de personas","author":"grieta","date":"13 mayo, 2015","format":false,"excerpt":"Redacci\u00f3n\/Aristegui Noticias La llamada esclavitud moderna se ha enquistado a tal grado en las sociedades modernas que hay comunidades mexicanas, como Tenancingo, en el estado de Tlaxcala, que basa su econom\u00eda en las redes creadas por delincuentes para explotar sexualmente a cientos de mujeres, tanto en el pa\u00eds como fuera\u2026","rel":"","context":"En &quot;CINTILLO&quot;","block_context":{"text":"CINTILLO","link":"http:\/\/www.grieta.org.mx\/index.php\/category\/cintillo\/"},"img":{"alt_text":"","src":"https:\/\/i0.wp.com\/www.grieta.org.mx\/wp-content\/uploads\/2018\/03\/14524434_1106112876131411_958039263622046936_o.jpg?resize=350%2C200","width":350,"height":200,"srcset":"https:\/\/i0.wp.com\/www.grieta.org.mx\/wp-content\/uploads\/2018\/03\/14524434_1106112876131411_958039263622046936_o.jpg?resize=350%2C200 1x, https:\/\/i0.wp.com\/www.grieta.org.mx\/wp-content\/uploads\/2018\/03\/14524434_1106112876131411_958039263622046936_o.jpg?resize=525%2C300 1.5x, https:\/\/i0.wp.com\/www.grieta.org.mx\/wp-content\/uploads\/2018\/03\/14524434_1106112876131411_958039263622046936_o.jpg?resize=700%2C400 2x"},"classes":[]},{"id":20903,"url":"http:\/\/www.grieta.org.mx\/index.php\/2016\/09\/04\/evaluaran-pertinencia-de-alerta-de-violencia-de-genero-contra-mujeres-en-tlaxcala\/","url_meta":{"origin":45080,"position":3},"title":"Evaluar\u00e1n pertinencia de Alerta de Violencia de G\u00e9nero contra Mujeres en Tlaxcala","author":"grieta","date":"4 septiembre, 2016","format":false,"excerpt":"Por Samatha P\u00e1ez El pasado 30 de agosto la titular del Instituto Nacional de la Mujeres (Inmujeres), Lorena Cruz S\u00e1nchez, notific\u00f3 a la organizaci\u00f3n Todos para Todos la admisi\u00f3n de la solicitud para declarar la Alerta por Violencia de G\u00e9nero contra las Mujeres (AVGM) en 13 municipios de Tlaxcala, debido\u2026","rel":"","context":"En &quot;CINTILLO&quot;","block_context":{"text":"CINTILLO","link":"http:\/\/www.grieta.org.mx\/index.php\/category\/cintillo\/"},"img":{"alt_text":"","src":"https:\/\/i0.wp.com\/www.grieta.org.mx\/wp-content\/uploads\/2016\/09\/trata-tlaxcala-el-universal.jpg?resize=350%2C200","width":350,"height":200,"srcset":"https:\/\/i0.wp.com\/www.grieta.org.mx\/wp-content\/uploads\/2016\/09\/trata-tlaxcala-el-universal.jpg?resize=350%2C200 1x, https:\/\/i0.wp.com\/www.grieta.org.mx\/wp-content\/uploads\/2016\/09\/trata-tlaxcala-el-universal.jpg?resize=525%2C300 1.5x, https:\/\/i0.wp.com\/www.grieta.org.mx\/wp-content\/uploads\/2016\/09\/trata-tlaxcala-el-universal.jpg?resize=700%2C400 2x"},"classes":[]},{"id":16988,"url":"http:\/\/www.grieta.org.mx\/index.php\/2016\/07\/13\/explotacion-sexual-de-mujeres-economia-base-de-tlaxcala\/","url_meta":{"origin":45080,"position":4},"title":"Explotaci\u00f3n sexual de mujeres, econom\u00eda base de Tlaxcala","author":"grieta","date":"13 julio, 2016","format":false,"excerpt":"Padrotes ponen de nueva cuenta al Estado de Tlaxcala en el plano internacional, al ser calificado como el Estado donde una gran parte de pobladores se dedican a la trata de personas y la econom\u00eda base de la entidad es la explotaci\u00f3n sexual de mujeres que en un a\u00f1o deja\u2026","rel":"","context":"En &quot;CINTILLO&quot;","block_context":{"text":"CINTILLO","link":"http:\/\/www.grieta.org.mx\/index.php\/category\/cintillo\/"},"img":{"alt_text":"","src":"https:\/\/i0.wp.com\/www.grieta.org.mx\/wp-content\/uploads\/2018\/03\/14524434_1106112876131411_958039263622046936_o.jpg?resize=350%2C200","width":350,"height":200,"srcset":"https:\/\/i0.wp.com\/www.grieta.org.mx\/wp-content\/uploads\/2018\/03\/14524434_1106112876131411_958039263622046936_o.jpg?resize=350%2C200 1x, https:\/\/i0.wp.com\/www.grieta.org.mx\/wp-content\/uploads\/2018\/03\/14524434_1106112876131411_958039263622046936_o.jpg?resize=525%2C300 1.5x, https:\/\/i0.wp.com\/www.grieta.org.mx\/wp-content\/uploads\/2018\/03\/14524434_1106112876131411_958039263622046936_o.jpg?resize=700%2C400 2x"},"classes":[]},{"id":6062,"url":"http:\/\/www.grieta.org.mx\/index.php\/2016\/03\/12\/omision-de-autoridades-en-tlaxcala-ha-permitido-que-en-35-municipios-haya-redes-de-trata-hay-politica-de-simulacion-en-torno-al-fenomeno\/","url_meta":{"origin":45080,"position":5},"title":"Omisi\u00f3n de autoridades en Tlaxcala ha permitido que en 35 municipios haya redes de trata; \u201chay pol\u00edtica de simulaci\u00f3n en torno al fen\u00f3meno\u201d","author":"grieta","date":"12 marzo, 2016","format":false,"excerpt":"Edgar Rosas\/Revoluci\u00f3n Tres Punto Cero El fen\u00f3meno de la desaparici\u00f3n de ni\u00f1as y mujeres en Tlaxcala, que est\u00e1 relacionado con las redes de trata que imperan en la entidad, ha crecido de manera alarmante en los \u00faltimos a\u00f1os. Esta problem\u00e1tica se ha incrementado por la omisi\u00f3n de las autoridades, que\u2026","rel":"","context":"En &quot;CINTILLO&quot;","block_context":{"text":"CINTILLO","link":"http:\/\/www.grieta.org.mx\/index.php\/category\/cintillo\/"},"img":{"alt_text":"","src":"https:\/\/i0.wp.com\/www.grieta.org.mx\/wp-content\/uploads\/2018\/03\/14524434_1106112876131411_958039263622046936_o.jpg?resize=350%2C200","width":350,"height":200,"srcset":"https:\/\/i0.wp.com\/www.grieta.org.mx\/wp-content\/uploads\/2018\/03\/14524434_1106112876131411_958039263622046936_o.jpg?resize=350%2C200 1x, https:\/\/i0.wp.com\/www.grieta.org.mx\/wp-content\/uploads\/2018\/03\/14524434_1106112876131411_958039263622046936_o.jpg?resize=525%2C300 1.5x, https:\/\/i0.wp.com\/www.grieta.org.mx\/wp-content\/uploads\/2018\/03\/14524434_1106112876131411_958039263622046936_o.jpg?resize=700%2C400 2x"},"classes":[]}],"_links":{"self":[{"href":"http:\/\/www.grieta.org.mx\/index.php\/wp-json\/wp\/v2\/posts\/45080","targetHints":{"allow":["GET"]}}],"collection":[{"href":"http:\/\/www.grieta.org.mx\/index.php\/wp-json\/wp\/v2\/posts"}],"about":[{"href":"http:\/\/www.grieta.org.mx\/index.php\/wp-json\/wp\/v2\/types\/post"}],"author":[{"embeddable":true,"href":"http:\/\/www.grieta.org.mx\/index.php\/wp-json\/wp\/v2\/users\/1"}],"replies":[{"embeddable":true,"href":"http:\/\/www.grieta.org.mx\/index.php\/wp-json\/wp\/v2\/comments?post=45080"}],"version-history":[{"count":1,"href":"http:\/\/www.grieta.org.mx\/index.php\/wp-json\/wp\/v2\/posts\/45080\/revisions"}],"predecessor-version":[{"id":45082,"href":"http:\/\/www.grieta.org.mx\/index.php\/wp-json\/wp\/v2\/posts\/45080\/revisions\/45082"}],"wp:featuredmedia":[{"embeddable":true,"href":"http:\/\/www.grieta.org.mx\/index.php\/wp-json\/wp\/v2\/media\/45081"}],"wp:attachment":[{"href":"http:\/\/www.grieta.org.mx\/index.php\/wp-json\/wp\/v2\/media?parent=45080"}],"wp:term":[{"taxonomy":"category","embeddable":true,"href":"http:\/\/www.grieta.org.mx\/index.php\/wp-json\/wp\/v2\/categories?post=45080"},{"taxonomy":"post_tag","embeddable":true,"href":"http:\/\/www.grieta.org.mx\/index.php\/wp-json\/wp\/v2\/tags?post=45080"}],"curies":[{"name":"wp","href":"https:\/\/api.w.org\/{rel}","templated":true}]}}