{"id":4486,"date":"2016-06-10T10:21:01","date_gmt":"2016-06-10T10:21:01","guid":{"rendered":"http:\/\/50.22.11.12\/~grietaor\/?p=4486"},"modified":"2016-06-19T18:31:02","modified_gmt":"2016-06-19T18:31:02","slug":"protestas-ante-devastacion-provocada-por-malecon-tajamar-quintana-roo","status":"publish","type":"post","link":"http:\/\/www.grieta.org.mx\/index.php\/2016\/06\/10\/protestas-ante-devastacion-provocada-por-malecon-tajamar-quintana-roo\/","title":{"rendered":"Protestas ante devastaci\u00f3n provocada por Malec\u00f3n Tajamar (Quintana Roo)"},"content":{"rendered":"<p><strong>10\/06\/16. <\/strong><a href=\"http:\/\/www.grieta.org.mx\/index.php\/2016\/06\/10\/afrenta-para-cancun-aval-de-profepa-a-fonatur-por-destruccion-en-tajamar\/\">Afrenta para Canc\u00fan aval de Profepa a Fonatur por destrucci\u00f3n en Tajamar<\/a><br \/><em>Marcrixnoticias<\/em><\/p>\n<p><strong>07\/06\/16. <\/strong><a href=\"http:\/\/www.grieta.org.mx\/index.php\/2016\/06\/07\/no-hay-delito-ambiental-en-tajamar-cancun-resolvio-la-profepa-el-fonatur-actuo-apegado-a-lo-autorizado-por-semarnat\/\">No hay delito ambiental en Tajamar Canc\u00fan resolvi\u00f3 la Profepa. El Fonatur actu\u00f3 apegado a lo autorizado por Semarnat<\/a><br \/><em>NoticaribeNews<\/em><\/p>\n<p><strong>12\/04\/16. <\/strong><a href=\"http:\/\/www.grieta.org.mx\/index.php\/2016\/04\/12\/ignoran-7-mil-denuncias-por-tajamar\/\">Ignoran 7 mil denuncias por Tajamar<\/a><br \/><em>Luces del Siglo<\/em><\/p>\n<p><strong>11\/02\/16. <\/strong><a href=\"http:\/\/grieta.org.mx\/index.php\/2016\/02\/11\/defensores-del-tajamar-se-dividen-desconocen-a-katherine-ender\/\"><br \/>\nDefensores del Tajamar se dividen, desconocen a Katherine Ender<\/a><br \/><em>Canc\u00fanMio<\/em><\/p>\n<p><strong>11\/02\/16. <\/strong><a href=\"http:\/\/grieta.org.mx\/index.php\/2016\/02\/11\/se-deslindan-ciudadanos-de-politicos-en-malecon-tajamar\/\"><br \/>\nSe deslindan ciudadanos de pol\u00edticos en Malec\u00f3n Tajamar<\/a><br \/><em>El Universal<\/em><\/p>\n<p><strong>04\/02\/16. <\/strong><a href=\"http:\/\/grieta.org.mx\/index.php\/2016\/02\/04\/ven-con-reserva-freno-a-tajamar-2\/\">Ven con reserva freno a Tajamar<\/a><br \/><em>Luces del Siglo<\/em><\/p>\n<p><strong>25\/01\/16. <\/strong><a href=\"http:\/\/grieta.org.mx\/index.php\/2016\/01\/25\/impulsan-estacion-naviera-en-tajamar\/\"><br \/>\nImpulsan estaci\u00f3n naviera en Tajamar<\/a><br \/><em>Luces del Siglo<\/em><\/p>\n<p><strong>20\/01\/16. <\/strong><a href=\"http:\/\/grieta.org.mx\/index.php\/2016\/01\/20\/mexico-denuncian-destruccion-en-emblematica-laguna-de-cancun\/\">M\u00e9xico: denuncian destrucci\u00f3n en emblem\u00e1tica laguna de Canc\u00fan<\/a><br \/><em>BBC Mundo<\/em><\/p>\n<p><strong>16\/01\/16. <\/strong><a href=\"http:\/\/grieta.org.mx\/index.php\/2016\/01\/16\/cancun-despierta-devastan-malecon-tajamar-en-la-madrugada-y-con-proteccion-de-granaderos-entran-con-maquinaria-para-rellenar-manglar\/\">\u201c\u00a1Canc\u00fan, Despierta!\u201d | Devastan Malec\u00f3n Tajamar: En la madrugada y con protecci\u00f3n de granaderos, entran con maquinaria para rellenar manglar<\/a><br \/><em>Noticaribe<\/em><\/p>\n<p><strong>05\/01\/16. <\/strong><a href=\"http:\/\/grieta.org.mx\/index.php\/2016\/01\/05\/impiden-mas-devastacion-en-el-malecon-tajamar\/\">Impiden m\u00e1s devastaci\u00f3n en el Malec\u00f3n Tajamar<\/a><br \/><em>Diarioimagenqroo.mx<\/em><\/p>\n<p><strong>30\/12\/15. <\/strong><a href=\"http:\/\/grieta.org.mx\/index.php\/2015\/12\/30\/empresarios-dan-un-mes-para-definir-proyecto-tajamar\/\">Empresarios dan un mes para definir proyecto Tajamar<\/a><br \/><em>La Palabra del Caribe<\/em><\/p>\n<p><strong>30\/11\/15. <\/strong><a href=\"http:\/\/grieta.org.mx\/index.php\/2015\/11\/30\/juicio-contra-tajamar-se-extendera-al-2016\/\">Juicio contra Tajamar se extender\u00e1 al 2016<\/a><br \/><em>El Economista<\/em><\/p>\n<p><strong>26\/11\/15. <\/strong><a href=\"http:\/\/grieta.org.mx\/index.php\/2015\/11\/26\/trabajos-en-tajamar-podrian-reanudarse\/\">Trabajos en Tajamar podr\u00edan reanudarse<\/a><br \/><em>El Economista<\/em><\/p>\n<p><strong>26\/09\/15. <\/strong><a href=\"http:\/\/grieta.org.mx\/index.php\/2015\/09\/26\/nerviosismo-empresarial-en-torno-al-proyecto-malecon-tajamar-en-cancun\/\">Nerviosismo empresarial en torno al proyecto Malec\u00f3n Tajamar en Canc\u00fan<\/a><br \/><em>Por Esto!<\/em><\/p>\n<p><strong>23\/09\/15. <\/strong><a href=\"http:\/\/grieta.org.mx\/index.php\/2015\/09\/23\/por-enesima-vez-defensores-de-tajamar-denuncian-a-fonatur-ante-profepa\/\">Por en\u00e9sima vez defensores de Tajamar denuncian a Fonatur ante Profepa<\/a><br \/><em>Enfoque Radio<\/em><\/p>\n<p><strong>16\/08\/15. <\/strong><a href=\"http:\/\/grieta.org.mx\/index.php\/2015\/08\/16\/no-todo-malecon-tajamar-se-encuentra-suspendido-qr\/\">No todo Malec\u00f3n Tajamar se encuentra suspendido (QR)<\/a><br \/><em>El Economista<\/em><\/p>\n<p><strong>12\/08\/15. <\/strong><a href=\"http:\/\/grieta.org.mx\/index.php\/2015\/08\/12\/suspendio-la-profepa-malecon-tajamar\/\">Suspendi\u00f3 la Profepa ?el Malec\u00f3n Tajamar<\/a><br \/><em>El Economista<\/em><\/p>\n<p><strong>09\/08\/15. <\/strong><a href=\"http:\/\/grieta.org.mx\/index.php\/2015\/08\/09\/interponen-amparo-vs-malecon-tajamar\/\">Interponen amparo vs Malec\u00f3n Tajamar<\/a><br \/><em>El Economista<\/em><\/p>\n<p><strong>06\/08\/15. <\/strong><a href=\"http:\/\/grieta.org.mx\/index.php\/2015\/08\/06\/tajamar-cronica-de-una-devastacion-sin-freno\/\">Tajamar: Cr\u00f3nica de una devastaci\u00f3n sin freno<\/a><br \/><em>La palabra del Caribe<\/em><\/p>\n<p><strong>05\/08\/15. <\/strong><a href=\"http:\/\/grieta.org.mx\/index.php\/2015\/08\/05\/fonatur-mintio-a-semarnat-en-desarrollo-malecon-tajamar-cemda\/\">Fonatur minti\u00f3 a Semarnat en desarrollo &#8220;Malec\u00f3n Tajamar&#8221;: CEMDA<\/a><br \/><em>El Universal<\/em><\/p>\n<p><strong>04\/08\/15. <\/strong><a href=\"http:\/\/grieta.org.mx\/index.php\/2015\/08\/04\/ecocidio-en-cancun-devastan-manglar-por-proyecto-inmobiliario\/\">Ecocidio en Canc\u00fan: devastan manglar por proyecto inmobiliario<\/a><br \/><em>Sinembargo<\/em><\/p>\n<p><strong>31\/07\/15. <\/strong><a href=\"http:\/\/grieta.org.mx\/index.php\/2015\/07\/31\/devastacion-contra-reloj-en-malecon-tajamar-quintana-roo\/\">Devastaci\u00f3n contra reloj en Malec\u00f3n Tajamar (Quintana Roo)<\/a><br \/><em>Noticaribe<\/em><\/p>\n<p><strong>31\/07\/15. <\/strong><a href=\"http:\/\/grieta.org.mx\/index.php\/2015\/07\/31\/los-puntos-turbios-y-oscuros-del-caso-tajamar-quintana-roo\/\">Los puntos turbios y oscuros del caso Tajamar (Quintana Roo)<\/a><br \/><em>Por esto!<\/em><\/p>\n<p><strong>30\/07\/15. <\/strong><a href=\"http:\/\/grieta.org.mx\/index.php\/2015\/07\/30\/protestan-contra-devastacion-de-manglares-en-cancun\/\">Protestan contra devastaci\u00f3n de manglares en Canc\u00fan<\/a><br \/><em>El Universal<\/em><\/p>\n<p><strong>01\/04\/15. <\/strong><a href=\"http:\/\/grieta.org.mx\/index.php\/2015\/04\/01\/depredan-punta-morena-una-vez-mas-video\/\">Depredan \u2018Punta Morena\u2019, una vez m\u00e1s (Video)<\/a><br \/><em>Novedadedes Quintana Roo (Sipse)<\/em><\/p>\n","protected":false},"excerpt":{"rendered":"<p>10\/06\/16. Afrenta para Canc\u00fan aval de Profepa a Fonatur por destrucci\u00f3n en TajamarMarcrixnoticias 07\/06\/16. No hay delito ambiental en Tajamar Canc\u00fan resolvi\u00f3 la Profepa. El Fonatur actu\u00f3 apegado a lo &hellip; <a href=\"http:\/\/www.grieta.org.mx\/index.php\/2016\/06\/10\/protestas-ante-devastacion-provocada-por-malecon-tajamar-quintana-roo\/\" class=\"more-link\">Leer m\u00e1s<\/a><\/p>\n","protected":false},"author":2,"featured_media":21928,"comment_status":"closed","ping_status":"open","sticky":false,"template":"","format":"standard","meta":{"ngg_post_thumbnail":0,"_jetpack_newsletter_access":"","_jetpack_dont_email_post_to_subs":false,"_jetpack_newsletter_tier_id":0,"_jetpack_memberships_contains_paywalled_content":false,"_jetpack_memberships_contains_paid_content":false,"footnotes":""},"categories":[2,28],"tags":[],"class_list":["post-4486","post","type-post","status-publish","format-standard","has-post-thumbnail","hentry","category-noticias-nacionales","category-quintana-roo","entry"],"jetpack_featured_media_url":"http:\/\/www.grieta.org.mx\/wp-content\/uploads\/2018\/03\/14524434_1106112876131411_958039263622046936_o.jpg","jetpack_sharing_enabled":true,"jetpack_shortlink":"https:\/\/wp.me\/p7ZJR4-1am","jetpack_likes_enabled":false,"jetpack-related-posts":[{"id":5072,"url":"http:\/\/www.grieta.org.mx\/index.php\/2015\/09\/23\/por-enesima-vez-defensores-de-tajamar-denuncian-a-fonatur-ante-profepa\/","url_meta":{"origin":4486,"position":0},"title":"Por en\u00e9sima vez defensores de Tajamar denuncian a Fonatur ante Profepa","author":"grieta","date":"23 septiembre, 2015","format":false,"excerpt":"Canc\u00fan.- Denuncia defensores del Malec\u00f3n Tajamar, a Fonatur ante la Profepa por haber enviado a 3 trabajadores a realizar trabajos de desmonte, confirm\u00f3 Katherine Ender. \u201cContra y anexamos hoy el peri\u00f3dico lo que sali\u00f3 hoy en las notas que pues sali\u00f3 ah\u00ed la foto contra Fonatur y la nota de\u2026","rel":"","context":"En &quot;CINTILLO&quot;","block_context":{"text":"CINTILLO","link":"http:\/\/www.grieta.org.mx\/index.php\/category\/cintillo\/"},"img":{"alt_text":"","src":"https:\/\/i0.wp.com\/www.grieta.org.mx\/wp-content\/uploads\/2018\/03\/14524434_1106112876131411_958039263622046936_o.jpg?resize=350%2C200","width":350,"height":200,"srcset":"https:\/\/i0.wp.com\/www.grieta.org.mx\/wp-content\/uploads\/2018\/03\/14524434_1106112876131411_958039263622046936_o.jpg?resize=350%2C200 1x, https:\/\/i0.wp.com\/www.grieta.org.mx\/wp-content\/uploads\/2018\/03\/14524434_1106112876131411_958039263622046936_o.jpg?resize=525%2C300 1.5x, https:\/\/i0.wp.com\/www.grieta.org.mx\/wp-content\/uploads\/2018\/03\/14524434_1106112876131411_958039263622046936_o.jpg?resize=700%2C400 2x"},"classes":[]},{"id":14546,"url":"http:\/\/www.grieta.org.mx\/index.php\/2016\/06\/07\/no-hay-delito-ambiental-en-tajamar-cancun-resolvio-la-profepa-el-fonatur-actuo-apegado-a-lo-autorizado-por-semarnat\/","url_meta":{"origin":4486,"position":1},"title":"No hay delito ambiental en Tajamar Canc\u00fan resolvi\u00f3 la Profepa. El Fonatur actu\u00f3 apegado a lo autorizado por Semarnat","author":"grieta","date":"7 junio, 2016","format":false,"excerpt":"CANC\u00daN, MX.- La Procuradur\u00eda Federal de Protecci\u00f3n al Ambiente (Profepa) resolvi\u00f3 que la remoci\u00f3n de vegetaci\u00f3n forestal en el Proyecto Malec\u00f3n Tur\u00edstico Tajamar Canc\u00fan, ejecutada por el Fondo Nacional de Fomento al Turismo (Fonatur) en enero pasado, se realiz\u00f3 en apego a la autorizaci\u00f3n en materia de impacto ambiental vigente.\u2026","rel":"","context":"En &quot;CINTILLO&quot;","block_context":{"text":"CINTILLO","link":"http:\/\/www.grieta.org.mx\/index.php\/category\/cintillo\/"},"img":{"alt_text":"","src":"https:\/\/i0.wp.com\/www.grieta.org.mx\/wp-content\/uploads\/2018\/03\/14524434_1106112876131411_958039263622046936_o.jpg?resize=350%2C200","width":350,"height":200,"srcset":"https:\/\/i0.wp.com\/www.grieta.org.mx\/wp-content\/uploads\/2018\/03\/14524434_1106112876131411_958039263622046936_o.jpg?resize=350%2C200 1x, https:\/\/i0.wp.com\/www.grieta.org.mx\/wp-content\/uploads\/2018\/03\/14524434_1106112876131411_958039263622046936_o.jpg?resize=525%2C300 1.5x, https:\/\/i0.wp.com\/www.grieta.org.mx\/wp-content\/uploads\/2018\/03\/14524434_1106112876131411_958039263622046936_o.jpg?resize=700%2C400 2x"},"classes":[]},{"id":5476,"url":"http:\/\/www.grieta.org.mx\/index.php\/2015\/08\/12\/suspendio-la-profepa-malecon-tajamar\/","url_meta":{"origin":4486,"position":2},"title":"Suspendi\u00f3 la Profepa ?el Malec\u00f3n Tajamar","author":"grieta","date":"12 agosto, 2015","format":false,"excerpt":"Canc\u00fan, QR. La Procuradur\u00eda Federal de Protecci\u00f3n al Ambiente (Profepa) coloc\u00f3 los sellos de suspensi\u00f3n en las obras iniciadas haces dos semanas por la empresa italiana Bi&DI en Malec\u00f3n Tajamar, por no contar con la validaci\u00f3n de la Secretar\u00eda de Medio Ambiente y Recursos Naturales (Semarnat) para el desmonte de\u2026","rel":"","context":"En &quot;CINTILLO&quot;","block_context":{"text":"CINTILLO","link":"http:\/\/www.grieta.org.mx\/index.php\/category\/cintillo\/"},"img":{"alt_text":"","src":"https:\/\/i0.wp.com\/www.grieta.org.mx\/wp-content\/uploads\/2018\/03\/14524434_1106112876131411_958039263622046936_o.jpg?resize=350%2C200","width":350,"height":200,"srcset":"https:\/\/i0.wp.com\/www.grieta.org.mx\/wp-content\/uploads\/2018\/03\/14524434_1106112876131411_958039263622046936_o.jpg?resize=350%2C200 1x, https:\/\/i0.wp.com\/www.grieta.org.mx\/wp-content\/uploads\/2018\/03\/14524434_1106112876131411_958039263622046936_o.jpg?resize=525%2C300 1.5x, https:\/\/i0.wp.com\/www.grieta.org.mx\/wp-content\/uploads\/2018\/03\/14524434_1106112876131411_958039263622046936_o.jpg?resize=700%2C400 2x"},"classes":[]},{"id":5044,"url":"http:\/\/www.grieta.org.mx\/index.php\/2016\/01\/05\/impiden-mas-devastacion-en-el-malecon-tajamar\/","url_meta":{"origin":4486,"position":3},"title":"Impiden m\u00e1s devastaci\u00f3n en el Malec\u00f3n Tajamar","author":"grieta","date":"5 enero, 2016","format":false,"excerpt":"Pese a la suspensi\u00f3n, una brigada de trabajadores lleg\u00f3 con maquinaria pesada Canc\u00fan.- Decenas de habitantes no permitieron que reanudaran trabajos en el Malec\u00f3n Tajamar, por lo que tuvo que intervenir la polic\u00eda, hasta que lleg\u00f3 un representante de la Procuradur\u00eda General de la Rep\u00fablica, quien conmin\u00f3 al abogado del\u2026","rel":"","context":"En &quot;CINTILLO&quot;","block_context":{"text":"CINTILLO","link":"http:\/\/www.grieta.org.mx\/index.php\/category\/cintillo\/"},"img":{"alt_text":"","src":"https:\/\/i0.wp.com\/www.grieta.org.mx\/wp-content\/uploads\/2018\/03\/14524434_1106112876131411_958039263622046936_o.jpg?resize=350%2C200","width":350,"height":200,"srcset":"https:\/\/i0.wp.com\/www.grieta.org.mx\/wp-content\/uploads\/2018\/03\/14524434_1106112876131411_958039263622046936_o.jpg?resize=350%2C200 1x, https:\/\/i0.wp.com\/www.grieta.org.mx\/wp-content\/uploads\/2018\/03\/14524434_1106112876131411_958039263622046936_o.jpg?resize=525%2C300 1.5x, https:\/\/i0.wp.com\/www.grieta.org.mx\/wp-content\/uploads\/2018\/03\/14524434_1106112876131411_958039263622046936_o.jpg?resize=700%2C400 2x"},"classes":[]},{"id":5029,"url":"http:\/\/www.grieta.org.mx\/index.php\/2016\/01\/25\/impulsan-estacion-naviera-en-tajamar\/","url_meta":{"origin":4486,"position":4},"title":"Impulsan estaci\u00f3n naviera en Tajamar","author":"grieta","date":"25 enero, 2016","format":false,"excerpt":"Por Agustin Ambriz M\u00e9xico 25 Enero 2016 Se asocia Roberto Borge con la empresa de barcos Ultramar y Apuestan echar abajo proyecto original de Fonatur Canc\u00fan 25 Enero.- Detr\u00e1s del conflicto por los terrenos devastados de Malec\u00f3n Tajamar, se oculta la pretensi\u00f3n del gobierno de Roberto Borge Angulo de echar\u2026","rel":"","context":"En &quot;CINTILLO&quot;","block_context":{"text":"CINTILLO","link":"http:\/\/www.grieta.org.mx\/index.php\/category\/cintillo\/"},"img":{"alt_text":"","src":"https:\/\/i0.wp.com\/www.grieta.org.mx\/wp-content\/uploads\/2018\/03\/14524434_1106112876131411_958039263622046936_o.jpg?resize=350%2C200","width":350,"height":200,"srcset":"https:\/\/i0.wp.com\/www.grieta.org.mx\/wp-content\/uploads\/2018\/03\/14524434_1106112876131411_958039263622046936_o.jpg?resize=350%2C200 1x, https:\/\/i0.wp.com\/www.grieta.org.mx\/wp-content\/uploads\/2018\/03\/14524434_1106112876131411_958039263622046936_o.jpg?resize=525%2C300 1.5x, https:\/\/i0.wp.com\/www.grieta.org.mx\/wp-content\/uploads\/2018\/03\/14524434_1106112876131411_958039263622046936_o.jpg?resize=700%2C400 2x"},"classes":[]},{"id":10193,"url":"http:\/\/www.grieta.org.mx\/index.php\/2016\/04\/12\/ignoran-7-mil-denuncias-por-tajamar\/","url_meta":{"origin":4486,"position":5},"title":"Ignoran 7 mil denuncias por Tajamar","author":"grieta","date":"12 abril, 2016","format":false,"excerpt":"Por ISELA SERRANO Siguen sin salvaguardar el ecosistema que permanece vivo El \u201cMovimiento Salvemos Manglar Tajamar\u201d dio a conocer que, a pesar de que existen m\u00e1s de 7 mil denuncias ciudadanas contra el ecocidio cometido en Canc\u00fan el 16 de enero, la autoridad ambiental no ha actuado para salvaguardar el\u2026","rel":"","context":"En &quot;CINTILLO&quot;","block_context":{"text":"CINTILLO","link":"http:\/\/www.grieta.org.mx\/index.php\/category\/cintillo\/"},"img":{"alt_text":"","src":"https:\/\/i0.wp.com\/www.grieta.org.mx\/wp-content\/uploads\/2018\/03\/14524434_1106112876131411_958039263622046936_o.jpg?resize=350%2C200","width":350,"height":200,"srcset":"https:\/\/i0.wp.com\/www.grieta.org.mx\/wp-content\/uploads\/2018\/03\/14524434_1106112876131411_958039263622046936_o.jpg?resize=350%2C200 1x, https:\/\/i0.wp.com\/www.grieta.org.mx\/wp-content\/uploads\/2018\/03\/14524434_1106112876131411_958039263622046936_o.jpg?resize=525%2C300 1.5x, https:\/\/i0.wp.com\/www.grieta.org.mx\/wp-content\/uploads\/2018\/03\/14524434_1106112876131411_958039263622046936_o.jpg?resize=700%2C400 2x"},"classes":[]}],"_links":{"self":[{"href":"http:\/\/www.grieta.org.mx\/index.php\/wp-json\/wp\/v2\/posts\/4486","targetHints":{"allow":["GET"]}}],"collection":[{"href":"http:\/\/www.grieta.org.mx\/index.php\/wp-json\/wp\/v2\/posts"}],"about":[{"href":"http:\/\/www.grieta.org.mx\/index.php\/wp-json\/wp\/v2\/types\/post"}],"author":[{"embeddable":true,"href":"http:\/\/www.grieta.org.mx\/index.php\/wp-json\/wp\/v2\/users\/2"}],"replies":[{"embeddable":true,"href":"http:\/\/www.grieta.org.mx\/index.php\/wp-json\/wp\/v2\/comments?post=4486"}],"version-history":[{"count":1,"href":"http:\/\/www.grieta.org.mx\/index.php\/wp-json\/wp\/v2\/posts\/4486\/revisions"}],"predecessor-version":[{"id":14548,"href":"http:\/\/www.grieta.org.mx\/index.php\/wp-json\/wp\/v2\/posts\/4486\/revisions\/14548"}],"wp:featuredmedia":[{"embeddable":true,"href":"http:\/\/www.grieta.org.mx\/index.php\/wp-json\/wp\/v2\/media\/21928"}],"wp:attachment":[{"href":"http:\/\/www.grieta.org.mx\/index.php\/wp-json\/wp\/v2\/media?parent=4486"}],"wp:term":[{"taxonomy":"category","embeddable":true,"href":"http:\/\/www.grieta.org.mx\/index.php\/wp-json\/wp\/v2\/categories?post=4486"},{"taxonomy":"post_tag","embeddable":true,"href":"http:\/\/www.grieta.org.mx\/index.php\/wp-json\/wp\/v2\/tags?post=4486"}],"curies":[{"name":"wp","href":"https:\/\/api.w.org\/{rel}","templated":true}]}}