{"id":4475,"date":"2016-02-29T18:44:07","date_gmt":"2016-02-29T18:44:07","guid":{"rendered":"http:\/\/50.22.11.12\/~grietaor\/?p=4475"},"modified":"2016-03-23T18:58:48","modified_gmt":"2016-03-23T18:58:48","slug":"no-a-la-privatizacion-de-las-playas-marchan-en-akumal","status":"publish","type":"post","link":"http:\/\/www.grieta.org.mx\/index.php\/2016\/02\/29\/no-a-la-privatizacion-de-las-playas-marchan-en-akumal\/","title":{"rendered":"\u201cNo a la privatizaci\u00f3n de las playas\u201d; marchan en Akumal"},"content":{"rendered":"<p>Alrededor de 400 personas alzaron la voz para solicitar el libre acceso.<\/p>\n<p>Sara Cauich\/SIPSE<br \/>\nTULUM, Q. Roo.- Una marcha pac\u00edfica tuvo lugar, ayer, en la playa de la Bah\u00eda de Akumal.  El abogado de las cooperativas pidi\u00f3 a la Semarnat actuar en favor del pueblo.  El representante legal del CEA se\u00f1al\u00f3 que la manifestaci\u00f3n violent\u00f3 la propiedad privada y habr\u00e1 consecuencias legales.<\/p>\n<p>Cerca de las 10 horas de ayer, inici\u00f3 la concentraci\u00f3n de personas, hasta que unas 400 iniciaron la caminata desde la delegaci\u00f3n hacia la playa, dado que la convocatoria de la marcha se hab\u00eda dado anticipadamente a trav\u00e9s de redes sociales.<\/p>\n<p>El Centro Ecol\u00f3gico de Akumal coloc\u00f3 sendas lonas con la leyenda \u201cProhibido entrar en manifestaci\u00f3n\u201d unos metros antes del arco de entrada y otro a la entrada de las oficinas de acceso a la Bah\u00eda de Akumal.<\/p>\n<p>Como se violent\u00f3 esta disposici\u00f3n, el abogado del CEA indic\u00f3 al t\u00e9rmino de la marcha que habr\u00e1 consecuencias legales.<\/p>\n<p>El movimiento emprendido por los integrantes de las cooperativas y la poblaci\u00f3n de Akumal, enfil\u00f3 hacia las instalaciones del CEA, donde a pesar de la vigilancia policiaca con elementos municipales, no fue interrumpido y contin\u00fao hasta llegar a la playa.<br \/>\nPancartas <\/p>\n<p>Ante los ojos del turista, la gran mayor\u00eda hu\u00e9spedes de los  hoteles, los manifestantes portaron pancartas con diversas leyendas \u201cNo a la privatizaci\u00f3n de las playas\u201d,  tambi\u00e9n en ingl\u00e9s.  \u201cAcceso libre a las playas\u201d, \u201cY nos robaron el acceso, no permitamos que nos cobren la entrada\u201d.  Entre los manifestantes, un grupo de m\u00fasica prehisp\u00e1nica form\u00f3 parte de la protesta.<\/p>\n<p>El abogado de las cooperativas, Ren\u00e9 Medrano  R\u00edos, indic\u00f3 que las manifestaciones continuar\u00e1n porque hay un inter\u00e9s por el acceso p\u00fablico a la playa, debe ser reivindicado, la sociedad de Akumal lo necesita.<br \/>\n\u201cEs para todos, y es indebido que tanto mexicanos como extranjeros tengan que estar a las decisiones y el arbitrio de empresarios que \u00fanicamente buscan su beneficio, falsos ambientalistas\u201d.<\/p>\n<p>De su visita a la ciudad de M\u00e9xico  donde tuvo reuniones con personal de la CNDH se le indic\u00f3 que abrir\u00e1 una investigaci\u00f3n y revisar\u00e1 la documentaci\u00f3n exhibida porque se pueden derivar violaciones a los derechos humanos.<\/p>\n<p>Los asesores del Secretario de Semarnat, de igual forma dijeron que atender\u00edan este caso. Hoy existe un procedimiento donde la Profepa revisa la concesi\u00f3n del Centro Ukana I Akumal (o Centro Ecologico de Akumal), que se debe vigilar para que ese organismo no presente  documentos ap\u00f3crifos.<\/p>\n<p>Adem\u00e1s hay violaciones a otras concesiones la del hotel Secrets, del Akumal Bay, donde no se respeta la zona de anidamiento de tortugas, por lo cual pidio el retiro de las concesiones.<\/p>\n<p>A su vez, Javier de Anda Morales, por parte del CEA reiter\u00f3 que la \u00b4propiedad es privada y no un acceso p\u00fablico y no queda claro el motivo de la marcha. \u201cEn el momento en que irrumpen en una propiedad privada no obstante los letreros, deja de ser pac\u00edfica para ser violenta y la acci\u00f3n en si misma lo es\u201d. Y habr\u00e1 acciones legales en consecuencia.<\/p>\n<p>El Centro Ukana permite que todos los pobladores pueden ingresar de manera libre parea esparcimiento aun cuando es una propiedad privada<\/p>\n<p><a href=\"http:\/\/sipse.com\/novedades\/bahia-de-akumal-acceso-a-la-bahia-de-akumal-marcha-bloqueo-privatizacion-cea-tulum-riviera-maya-193801.html?utm_source=feedburner&#038;utm_medium=feed&#038;utm_campaign=Feed%3A+novedadesDeQuintanaRoo+%28Novedades+de+Quintana+Roo%29\" target=\"_blank\">http:\/\/sipse.com\/novedades\/bahia-de-akumal-acceso-a-la-bahia-de-akumal-marcha-bloqueo-privatizacion-cea-tulum-riviera-maya-193801.html?utm_source=feedburner&#038;utm_medium=feed&#038;utm_campaign=Feed%3A+novedadesDeQuintanaRoo+%28Novedades+de+Quintana+Roo%29<\/a><\/p>\n","protected":false},"excerpt":{"rendered":"<p>Alrededor de 400 personas alzaron la voz para solicitar el libre acceso. Sara Cauich\/SIPSE TULUM, Q. Roo.- Una marcha pac\u00edfica tuvo lugar, ayer, en la playa de la Bah\u00eda de &hellip; <a href=\"http:\/\/www.grieta.org.mx\/index.php\/2016\/02\/29\/no-a-la-privatizacion-de-las-playas-marchan-en-akumal\/\" class=\"more-link\">Leer m\u00e1s<\/a><\/p>\n","protected":false},"author":2,"featured_media":21928,"comment_status":"closed","ping_status":"open","sticky":false,"template":"","format":"standard","meta":{"ngg_post_thumbnail":0,"_jetpack_newsletter_access":"","_jetpack_dont_email_post_to_subs":false,"_jetpack_newsletter_tier_id":0,"_jetpack_memberships_contains_paywalled_content":false,"_jetpack_memberships_contains_paid_content":false,"footnotes":""},"categories":[80,151],"tags":[353,184,285],"class_list":["post-4475","post","type-post","status-publish","format-standard","has-post-thumbnail","hentry","category-cintillo","category-quintana-roo","tag-akumal","tag-despojo","tag-turismo","entry"],"jetpack_featured_media_url":"http:\/\/www.grieta.org.mx\/wp-content\/uploads\/2018\/03\/14524434_1106112876131411_958039263622046936_o.jpg","jetpack_sharing_enabled":true,"jetpack_shortlink":"https:\/\/wp.me\/p7ZJR4-1ab","jetpack_likes_enabled":false,"jetpack-related-posts":[{"id":4450,"url":"http:\/\/www.grieta.org.mx\/index.php\/2016\/05\/30\/akumal-historia-de-un-despojo-anunciado-2\/","url_meta":{"origin":4475,"position":0},"title":"Akumal, historia de un despojo anunciado","author":"grieta","date":"30 mayo, 2016","format":false,"excerpt":"30\/05\/16. Arde Akumal 20 heridos por defender acceso a la playa; polic\u00eda no permite entrada de ambulancias .700 pobladores queman patrullas y la delegaci\u00f3n en protestaPedro Canch\u00e9 Noticias 30\/05\/16. Pobladores de Akumal se enfrentan a polic\u00edas en Canc\u00fanEl Universal 29\/02\/16. \u201cNo a la privatizaci\u00f3n de las playas\u201d; marchan en AkumalNovedades\u2026","rel":"","context":"En &quot;NOTICIAS NACIONALES&quot;","block_context":{"text":"NOTICIAS NACIONALES","link":"http:\/\/www.grieta.org.mx\/index.php\/category\/noticias-nacionales\/"},"img":{"alt_text":"","src":"https:\/\/i0.wp.com\/www.grieta.org.mx\/wp-content\/uploads\/2018\/03\/14524434_1106112876131411_958039263622046936_o.jpg?resize=350%2C200","width":350,"height":200,"srcset":"https:\/\/i0.wp.com\/www.grieta.org.mx\/wp-content\/uploads\/2018\/03\/14524434_1106112876131411_958039263622046936_o.jpg?resize=350%2C200 1x, https:\/\/i0.wp.com\/www.grieta.org.mx\/wp-content\/uploads\/2018\/03\/14524434_1106112876131411_958039263622046936_o.jpg?resize=525%2C300 1.5x, https:\/\/i0.wp.com\/www.grieta.org.mx\/wp-content\/uploads\/2018\/03\/14524434_1106112876131411_958039263622046936_o.jpg?resize=700%2C400 2x"},"classes":[]},{"id":4467,"url":"http:\/\/www.grieta.org.mx\/index.php\/2016\/02\/15\/otra-vez-cierran-el-acceso-a-la-bahia-de-akumal\/","url_meta":{"origin":4475,"position":1},"title":"\u00a1Otra vez! Cierran el acceso a la Bah\u00eda de Akumal","author":"grieta","date":"15 febrero, 2016","format":false,"excerpt":"El Centro Ecol\u00f3gico de Akumal coloc\u00f3 una lona negando el acceso a la playa. Redacci\u00f3n\/SIPSE TULUM, Q. Roo.- El d\u00eda de hoy aproximadamente a las 10 de la ma\u00f1ana, El Centro Ecol\u00f3gico de Akumal (CEA) cerr\u00f3 el acceso p\u00fablico a la playa, colocando una lona, con el motivo de que\u2026","rel":"","context":"En &quot;CINTILLO&quot;","block_context":{"text":"CINTILLO","link":"http:\/\/www.grieta.org.mx\/index.php\/category\/cintillo\/"},"img":{"alt_text":"","src":"https:\/\/i0.wp.com\/www.grieta.org.mx\/wp-content\/uploads\/2018\/03\/14524434_1106112876131411_958039263622046936_o.jpg?resize=350%2C200","width":350,"height":200,"srcset":"https:\/\/i0.wp.com\/www.grieta.org.mx\/wp-content\/uploads\/2018\/03\/14524434_1106112876131411_958039263622046936_o.jpg?resize=350%2C200 1x, https:\/\/i0.wp.com\/www.grieta.org.mx\/wp-content\/uploads\/2018\/03\/14524434_1106112876131411_958039263622046936_o.jpg?resize=525%2C300 1.5x, https:\/\/i0.wp.com\/www.grieta.org.mx\/wp-content\/uploads\/2018\/03\/14524434_1106112876131411_958039263622046936_o.jpg?resize=700%2C400 2x"},"classes":[]},{"id":4461,"url":"http:\/\/www.grieta.org.mx\/index.php\/2015\/12\/17\/con-piedras-y-ramas-defienden-acceso-publico-a-playas-de-akumal\/","url_meta":{"origin":4475,"position":2},"title":"Con piedras y ramas defienden acceso p\u00fablico a playas de Akumal","author":"grieta","date":"17 diciembre, 2015","format":false,"excerpt":"Los pobladores bloquearon el \u00fanico camino que lleva a la bah\u00eda; hay molestia en los turistas. Redacci\u00f3n\/SIPSE TULUM, Q. Roo.- Al menos 100 pobladores de Akumal, decidieron bloquear ambas v\u00edas del camino que lleva a la playa del poblado; las personas exigen el libre acceso a los arenales. Con piedras,\u2026","rel":"","context":"En &quot;CINTILLO&quot;","block_context":{"text":"CINTILLO","link":"http:\/\/www.grieta.org.mx\/index.php\/category\/cintillo\/"},"img":{"alt_text":"","src":"https:\/\/i0.wp.com\/www.grieta.org.mx\/wp-content\/uploads\/2018\/03\/14524434_1106112876131411_958039263622046936_o.jpg?resize=350%2C200","width":350,"height":200,"srcset":"https:\/\/i0.wp.com\/www.grieta.org.mx\/wp-content\/uploads\/2018\/03\/14524434_1106112876131411_958039263622046936_o.jpg?resize=350%2C200 1x, https:\/\/i0.wp.com\/www.grieta.org.mx\/wp-content\/uploads\/2018\/03\/14524434_1106112876131411_958039263622046936_o.jpg?resize=525%2C300 1.5x, https:\/\/i0.wp.com\/www.grieta.org.mx\/wp-content\/uploads\/2018\/03\/14524434_1106112876131411_958039263622046936_o.jpg?resize=700%2C400 2x"},"classes":[]},{"id":13258,"url":"http:\/\/www.grieta.org.mx\/index.php\/2016\/05\/30\/arde-akumal-20-heridos-por-defender-acceso-a-la-playa-policia-no-permite-entrada-de-ambulancias-700-pobladores-queman-patrullas-y-la-delegacion-en-protesta\/","url_meta":{"origin":4475,"position":3},"title":"Arde Akumal 20 heridos por defender acceso a la playa; polic\u00eda no permite entrada de ambulancias .700 pobladores queman patrullas y la delegaci\u00f3n en protesta","author":"grieta","date":"30 mayo, 2016","format":false,"excerpt":"http:\/\/www.noticiaspedrocanche.com\/wp-content\/uploads\/2016\/05\/IMG_0193.mp4 Por Pedro Canche Una protesta pac\u00edfica contra un muro de p\u00faas que impiden el acceso del pueblo de Akumal a las playas, se torn\u00f3 violento y la jornada esta noche es de una patrulla y la delegaci\u00f3n incendiada por la poblaci\u00f3n enardecida porque fueron golpeados y torturados 20 pobladores\u2026","rel":"","context":"En &quot;CINTILLO&quot;","block_context":{"text":"CINTILLO","link":"http:\/\/www.grieta.org.mx\/index.php\/category\/cintillo\/"},"img":{"alt_text":"","src":"https:\/\/i0.wp.com\/www.grieta.org.mx\/wp-content\/uploads\/2018\/03\/14524434_1106112876131411_958039263622046936_o.jpg?resize=350%2C200","width":350,"height":200,"srcset":"https:\/\/i0.wp.com\/www.grieta.org.mx\/wp-content\/uploads\/2018\/03\/14524434_1106112876131411_958039263622046936_o.jpg?resize=350%2C200 1x, https:\/\/i0.wp.com\/www.grieta.org.mx\/wp-content\/uploads\/2018\/03\/14524434_1106112876131411_958039263622046936_o.jpg?resize=525%2C300 1.5x, https:\/\/i0.wp.com\/www.grieta.org.mx\/wp-content\/uploads\/2018\/03\/14524434_1106112876131411_958039263622046936_o.jpg?resize=700%2C400 2x"},"classes":[]},{"id":4452,"url":"http:\/\/www.grieta.org.mx\/index.php\/2015\/12\/22\/entrada-a-la-bahia-de-akumal-impedida-para-cooperativas\/","url_meta":{"origin":4475,"position":4},"title":"Entrada a la bah\u00eda de Akumal, impedida para cooperativas","author":"grieta","date":"22 diciembre, 2015","format":false,"excerpt":"Las negociaciones contin\u00faan para permitir el acceso a los prestadores de servicios tur\u00edsticos. Sara Cauich\/SIPSE TULUM, Q. Roo.- El comit\u00e9 de negociaci\u00f3n con las cooperativas tur\u00edsticas de Akumal acord\u00f3 solicitar la intervenci\u00f3n de la presidencia para asegurar a la poblaci\u00f3n el camino de acceso a la bah\u00eda La Direcci\u00f3n de\u2026","rel":"","context":"En &quot;CINTILLO&quot;","block_context":{"text":"CINTILLO","link":"http:\/\/www.grieta.org.mx\/index.php\/category\/cintillo\/"},"img":{"alt_text":"","src":"https:\/\/i0.wp.com\/www.grieta.org.mx\/wp-content\/uploads\/2018\/03\/14524434_1106112876131411_958039263622046936_o.jpg?resize=350%2C200","width":350,"height":200,"srcset":"https:\/\/i0.wp.com\/www.grieta.org.mx\/wp-content\/uploads\/2018\/03\/14524434_1106112876131411_958039263622046936_o.jpg?resize=350%2C200 1x, https:\/\/i0.wp.com\/www.grieta.org.mx\/wp-content\/uploads\/2018\/03\/14524434_1106112876131411_958039263622046936_o.jpg?resize=525%2C300 1.5x, https:\/\/i0.wp.com\/www.grieta.org.mx\/wp-content\/uploads\/2018\/03\/14524434_1106112876131411_958039263622046936_o.jpg?resize=700%2C400 2x"},"classes":[]},{"id":4454,"url":"http:\/\/www.grieta.org.mx\/index.php\/2015\/12\/21\/policias-controlan-acceso-al-centro-ecologico-de-akumal\/","url_meta":{"origin":4475,"position":5},"title":"Polic\u00edas controlan acceso al Centro Ecol\u00f3gico de Akumal","author":"grieta","date":"21 diciembre, 2015","format":false,"excerpt":"Se establecer\u00e1n acuerdos que beneficien a los habitantes del poblado. Sara Cauich\/SIPSE TULUM, Q. Roo.- Con la promesa de di\u00e1logo, ambas partes ceden y termina el bloqueo de Akumal, luego de casi 30 horas de cierre. El acceso cerrado con cadena y candado por el Centro Ecol\u00f3gico de Akumal, qued\u00f3\u2026","rel":"","context":"En &quot;CINTILLO&quot;","block_context":{"text":"CINTILLO","link":"http:\/\/www.grieta.org.mx\/index.php\/category\/cintillo\/"},"img":{"alt_text":"","src":"https:\/\/i0.wp.com\/www.grieta.org.mx\/wp-content\/uploads\/2018\/03\/14524434_1106112876131411_958039263622046936_o.jpg?resize=350%2C200","width":350,"height":200,"srcset":"https:\/\/i0.wp.com\/www.grieta.org.mx\/wp-content\/uploads\/2018\/03\/14524434_1106112876131411_958039263622046936_o.jpg?resize=350%2C200 1x, https:\/\/i0.wp.com\/www.grieta.org.mx\/wp-content\/uploads\/2018\/03\/14524434_1106112876131411_958039263622046936_o.jpg?resize=525%2C300 1.5x, https:\/\/i0.wp.com\/www.grieta.org.mx\/wp-content\/uploads\/2018\/03\/14524434_1106112876131411_958039263622046936_o.jpg?resize=700%2C400 2x"},"classes":[]}],"_links":{"self":[{"href":"http:\/\/www.grieta.org.mx\/index.php\/wp-json\/wp\/v2\/posts\/4475","targetHints":{"allow":["GET"]}}],"collection":[{"href":"http:\/\/www.grieta.org.mx\/index.php\/wp-json\/wp\/v2\/posts"}],"about":[{"href":"http:\/\/www.grieta.org.mx\/index.php\/wp-json\/wp\/v2\/types\/post"}],"author":[{"embeddable":true,"href":"http:\/\/www.grieta.org.mx\/index.php\/wp-json\/wp\/v2\/users\/2"}],"replies":[{"embeddable":true,"href":"http:\/\/www.grieta.org.mx\/index.php\/wp-json\/wp\/v2\/comments?post=4475"}],"version-history":[{"count":1,"href":"http:\/\/www.grieta.org.mx\/index.php\/wp-json\/wp\/v2\/posts\/4475\/revisions"}],"predecessor-version":[{"id":4477,"href":"http:\/\/www.grieta.org.mx\/index.php\/wp-json\/wp\/v2\/posts\/4475\/revisions\/4477"}],"wp:featuredmedia":[{"embeddable":true,"href":"http:\/\/www.grieta.org.mx\/index.php\/wp-json\/wp\/v2\/media\/21928"}],"wp:attachment":[{"href":"http:\/\/www.grieta.org.mx\/index.php\/wp-json\/wp\/v2\/media?parent=4475"}],"wp:term":[{"taxonomy":"category","embeddable":true,"href":"http:\/\/www.grieta.org.mx\/index.php\/wp-json\/wp\/v2\/categories?post=4475"},{"taxonomy":"post_tag","embeddable":true,"href":"http:\/\/www.grieta.org.mx\/index.php\/wp-json\/wp\/v2\/tags?post=4475"}],"curies":[{"name":"wp","href":"https:\/\/api.w.org\/{rel}","templated":true}]}}