{"id":4472,"date":"2016-02-18T18:37:27","date_gmt":"2016-02-18T18:37:27","guid":{"rendered":"http:\/\/50.22.11.12\/~grietaor\/?p=4472"},"modified":"2016-03-23T18:41:34","modified_gmt":"2016-03-23T18:41:34","slug":"amanece-la-bahia-de-akumal-con-una-cerca-de-puas","status":"publish","type":"post","link":"http:\/\/www.grieta.org.mx\/index.php\/2016\/02\/18\/amanece-la-bahia-de-akumal-con-una-cerca-de-puas\/","title":{"rendered":"Amanece la Bah\u00eda de Akumal con una cerca de p\u00faas"},"content":{"rendered":"<p>Se trata del espacio que el Centro Ecol\u00f3gico de Akumal reclama como propio; cooperativas protestan.<\/p>\n<p>Sara Cauich\/SIPSE<br \/>\nTULUM, Q. Roo.- El conflicto que mantienen el Centro Ecol\u00f3gico de Akumal (CEA) y prestadores de servicios cooperativos se hizo m\u00e1s grande cuando el CEA anunci\u00f3 que cobrar\u00eda 130 d\u00f3lares por el ingreso a la zona de cada turista nacional o extranjero, aunque los pobladores no tendr\u00edan que pagar.<\/p>\n<p>Las posturas se endurecieron ayer cuando el CEA instal\u00f3 una cerca para delimitar su propiedad y cerr\u00f3 el acceso a actividades comerciales, aunque estableci\u00f3 que mantiene el camino abierto a los pobladores.<\/p>\n<p>No obstante, coloc\u00f3 nuevamente la reja, estacion\u00f3 una camioneta para impedir el paso,  adem\u00e1s, coloc\u00f3 alambre de p\u00faas y duplic\u00f3 el personal de seguridad.<\/p>\n<p>H\u00e9ctor Cubedo Lizarraga, director del CEA, explic\u00f3 que las medidas tomadas solo tienden a garantizar el respeto a la propiedad privada.<\/p>\n<p>Por su lado, los n\u00e1uticos mantienen una barricada al inicio de la calle de entrada, cerca de la carretera, en respuesta a las acciones del CEA, pues con ello pretenden impedir el paso del turismo que tambi\u00e9n deja dividendos al Centro Ecol\u00f3gico de Akumal.<br \/>\nCooperativas protestan<\/p>\n<p>De las siete cooperativas, cuyos integrantes se han manifestado, s\u00f3lo \u201cPiratas de Akumal\u201d tienen concesi\u00f3n de la Zofemat, dijeron que buscan agotar el di\u00e1logo con autoridades. El abogado que los representa, Ren\u00e9 Medrano, acudi\u00f3 infructuosamente a la presidencia municipal a solicitar  audiencia para exponer la situaci\u00f3n y buscar una soluci\u00f3n.<\/p>\n<p>A la entrada, cerca de las 13:30 horas, los manifestantes tomaron la decisi\u00f3n de cerrar el paso por completo a los transe\u00fantes, turistas y residentes, derivado de la falta de respuesta a una audiencia con las autoridades municipales, seg\u00fan indic\u00f3 Orlando May, uno de los directivos de la cooperativa de gu\u00edas Ecol\u00f3gicos de Akumal.<\/p>\n<p>El local de la cooperativa Piratas de Akumal, permaneci\u00f3 cerrado todo el d\u00eda y en el m\u00f3dulo que tienen en la playa hab\u00eda un pu\u00f1ado de socios.<\/p>\n<p>El flujo de turistas que llegaban  en busca del mar nunca se fren\u00f3, y los veh\u00edculos con viajeros a bordo no pararon de llegar, s\u00f3lo para encontrar el panorama descrito, en el acceso. Hasta entrada la tarde, personal de la Direcci\u00f3n de Tr\u00e1nsito municipal acudi\u00f3 para retirar a las unidades que llegaban.<br \/>\nColocaron la cerca de noche<\/p>\n<p>La colocaci\u00f3n de la cerca ocurri\u00f3 durante la noche del martes para el mi\u00e9rcoles y por la ma\u00f1ana el personal del CEA trabaj\u00f3 en la colocaci\u00f3n de plantas en el lindero mismo de la cerca. <\/p>\n<p>Ante estos hechos, el Centro Ukana I Akumal exhorta a las autoridades municipales a cumplir con los acuerdos previamente establecidos para que se respete el derecho de propiedad y los programas de reordenamiento comercial en el acceso principal. <\/p>\n<p>Y a los ambulantes y comerciantes que lucran con la explotaci\u00f3n de los recursos naturales, a conducirse en el marco del derecho y respeto a la propiedad privada.<\/p>\n<p>De igual forma hizo un llamado a las autoridades federales a que hagan cumplir los lineamientos vigentes de respeto a la zona federal mar\u00edtimo terrestre.<\/p>\n<p><a href=\"http:\/\/sipse.com\/novedades\/centro-ecologico-de-akumal-conflicto-cooperativas-turisticas-192212.html\" target=\"_blank\">http:\/\/sipse.com\/novedades\/centro-ecologico-de-akumal-conflicto-cooperativas-turisticas-192212.html<\/a><\/p>\n","protected":false},"excerpt":{"rendered":"<p>Se trata del espacio que el Centro Ecol\u00f3gico de Akumal reclama como propio; cooperativas protestan. Sara Cauich\/SIPSE TULUM, Q. Roo.- El conflicto que mantienen el Centro Ecol\u00f3gico de Akumal (CEA) &hellip; <a href=\"http:\/\/www.grieta.org.mx\/index.php\/2016\/02\/18\/amanece-la-bahia-de-akumal-con-una-cerca-de-puas\/\" class=\"more-link\">Leer m\u00e1s<\/a><\/p>\n","protected":false},"author":2,"featured_media":21928,"comment_status":"closed","ping_status":"open","sticky":false,"template":"","format":"standard","meta":{"ngg_post_thumbnail":0,"_jetpack_newsletter_access":"","_jetpack_dont_email_post_to_subs":false,"_jetpack_newsletter_tier_id":0,"_jetpack_memberships_contains_paywalled_content":false,"_jetpack_memberships_contains_paid_content":false,"footnotes":""},"categories":[80,151],"tags":[353,184,285],"class_list":["post-4472","post","type-post","status-publish","format-standard","has-post-thumbnail","hentry","category-cintillo","category-quintana-roo","tag-akumal","tag-despojo","tag-turismo","entry"],"jetpack_featured_media_url":"http:\/\/www.grieta.org.mx\/wp-content\/uploads\/2018\/03\/14524434_1106112876131411_958039263622046936_o.jpg","jetpack_sharing_enabled":true,"jetpack_shortlink":"https:\/\/wp.me\/p7ZJR4-1a8","jetpack_likes_enabled":false,"jetpack-related-posts":[{"id":4467,"url":"http:\/\/www.grieta.org.mx\/index.php\/2016\/02\/15\/otra-vez-cierran-el-acceso-a-la-bahia-de-akumal\/","url_meta":{"origin":4472,"position":0},"title":"\u00a1Otra vez! Cierran el acceso a la Bah\u00eda de Akumal","author":"grieta","date":"15 febrero, 2016","format":false,"excerpt":"El Centro Ecol\u00f3gico de Akumal coloc\u00f3 una lona negando el acceso a la playa. Redacci\u00f3n\/SIPSE TULUM, Q. Roo.- El d\u00eda de hoy aproximadamente a las 10 de la ma\u00f1ana, El Centro Ecol\u00f3gico de Akumal (CEA) cerr\u00f3 el acceso p\u00fablico a la playa, colocando una lona, con el motivo de que\u2026","rel":"","context":"En &quot;CINTILLO&quot;","block_context":{"text":"CINTILLO","link":"http:\/\/www.grieta.org.mx\/index.php\/category\/cintillo\/"},"img":{"alt_text":"","src":"https:\/\/i0.wp.com\/www.grieta.org.mx\/wp-content\/uploads\/2018\/03\/14524434_1106112876131411_958039263622046936_o.jpg?resize=350%2C200","width":350,"height":200,"srcset":"https:\/\/i0.wp.com\/www.grieta.org.mx\/wp-content\/uploads\/2018\/03\/14524434_1106112876131411_958039263622046936_o.jpg?resize=350%2C200 1x, https:\/\/i0.wp.com\/www.grieta.org.mx\/wp-content\/uploads\/2018\/03\/14524434_1106112876131411_958039263622046936_o.jpg?resize=525%2C300 1.5x, https:\/\/i0.wp.com\/www.grieta.org.mx\/wp-content\/uploads\/2018\/03\/14524434_1106112876131411_958039263622046936_o.jpg?resize=700%2C400 2x"},"classes":[]},{"id":4450,"url":"http:\/\/www.grieta.org.mx\/index.php\/2016\/05\/30\/akumal-historia-de-un-despojo-anunciado-2\/","url_meta":{"origin":4472,"position":1},"title":"Akumal, historia de un despojo anunciado","author":"grieta","date":"30 mayo, 2016","format":false,"excerpt":"30\/05\/16. Arde Akumal 20 heridos por defender acceso a la playa; polic\u00eda no permite entrada de ambulancias .700 pobladores queman patrullas y la delegaci\u00f3n en protestaPedro Canch\u00e9 Noticias 30\/05\/16. Pobladores de Akumal se enfrentan a polic\u00edas en Canc\u00fanEl Universal 29\/02\/16. \u201cNo a la privatizaci\u00f3n de las playas\u201d; marchan en AkumalNovedades\u2026","rel":"","context":"En &quot;NOTICIAS NACIONALES&quot;","block_context":{"text":"NOTICIAS NACIONALES","link":"http:\/\/www.grieta.org.mx\/index.php\/category\/noticias-nacionales\/"},"img":{"alt_text":"","src":"https:\/\/i0.wp.com\/www.grieta.org.mx\/wp-content\/uploads\/2018\/03\/14524434_1106112876131411_958039263622046936_o.jpg?resize=350%2C200","width":350,"height":200,"srcset":"https:\/\/i0.wp.com\/www.grieta.org.mx\/wp-content\/uploads\/2018\/03\/14524434_1106112876131411_958039263622046936_o.jpg?resize=350%2C200 1x, https:\/\/i0.wp.com\/www.grieta.org.mx\/wp-content\/uploads\/2018\/03\/14524434_1106112876131411_958039263622046936_o.jpg?resize=525%2C300 1.5x, https:\/\/i0.wp.com\/www.grieta.org.mx\/wp-content\/uploads\/2018\/03\/14524434_1106112876131411_958039263622046936_o.jpg?resize=700%2C400 2x"},"classes":[]},{"id":4454,"url":"http:\/\/www.grieta.org.mx\/index.php\/2015\/12\/21\/policias-controlan-acceso-al-centro-ecologico-de-akumal\/","url_meta":{"origin":4472,"position":2},"title":"Polic\u00edas controlan acceso al Centro Ecol\u00f3gico de Akumal","author":"grieta","date":"21 diciembre, 2015","format":false,"excerpt":"Se establecer\u00e1n acuerdos que beneficien a los habitantes del poblado. Sara Cauich\/SIPSE TULUM, Q. Roo.- Con la promesa de di\u00e1logo, ambas partes ceden y termina el bloqueo de Akumal, luego de casi 30 horas de cierre. El acceso cerrado con cadena y candado por el Centro Ecol\u00f3gico de Akumal, qued\u00f3\u2026","rel":"","context":"En &quot;CINTILLO&quot;","block_context":{"text":"CINTILLO","link":"http:\/\/www.grieta.org.mx\/index.php\/category\/cintillo\/"},"img":{"alt_text":"","src":"https:\/\/i0.wp.com\/www.grieta.org.mx\/wp-content\/uploads\/2018\/03\/14524434_1106112876131411_958039263622046936_o.jpg?resize=350%2C200","width":350,"height":200,"srcset":"https:\/\/i0.wp.com\/www.grieta.org.mx\/wp-content\/uploads\/2018\/03\/14524434_1106112876131411_958039263622046936_o.jpg?resize=350%2C200 1x, https:\/\/i0.wp.com\/www.grieta.org.mx\/wp-content\/uploads\/2018\/03\/14524434_1106112876131411_958039263622046936_o.jpg?resize=525%2C300 1.5x, https:\/\/i0.wp.com\/www.grieta.org.mx\/wp-content\/uploads\/2018\/03\/14524434_1106112876131411_958039263622046936_o.jpg?resize=700%2C400 2x"},"classes":[]},{"id":4475,"url":"http:\/\/www.grieta.org.mx\/index.php\/2016\/02\/29\/no-a-la-privatizacion-de-las-playas-marchan-en-akumal\/","url_meta":{"origin":4472,"position":3},"title":"\u201cNo a la privatizaci\u00f3n de las playas\u201d; marchan en Akumal","author":"grieta","date":"29 febrero, 2016","format":false,"excerpt":"Alrededor de 400 personas alzaron la voz para solicitar el libre acceso. Sara Cauich\/SIPSE TULUM, Q. Roo.- Una marcha pac\u00edfica tuvo lugar, ayer, en la playa de la Bah\u00eda de Akumal. El abogado de las cooperativas pidi\u00f3 a la Semarnat actuar en favor del pueblo. El representante legal del CEA\u2026","rel":"","context":"En &quot;CINTILLO&quot;","block_context":{"text":"CINTILLO","link":"http:\/\/www.grieta.org.mx\/index.php\/category\/cintillo\/"},"img":{"alt_text":"","src":"https:\/\/i0.wp.com\/www.grieta.org.mx\/wp-content\/uploads\/2018\/03\/14524434_1106112876131411_958039263622046936_o.jpg?resize=350%2C200","width":350,"height":200,"srcset":"https:\/\/i0.wp.com\/www.grieta.org.mx\/wp-content\/uploads\/2018\/03\/14524434_1106112876131411_958039263622046936_o.jpg?resize=350%2C200 1x, https:\/\/i0.wp.com\/www.grieta.org.mx\/wp-content\/uploads\/2018\/03\/14524434_1106112876131411_958039263622046936_o.jpg?resize=525%2C300 1.5x, https:\/\/i0.wp.com\/www.grieta.org.mx\/wp-content\/uploads\/2018\/03\/14524434_1106112876131411_958039263622046936_o.jpg?resize=700%2C400 2x"},"classes":[]},{"id":4458,"url":"http:\/\/www.grieta.org.mx\/index.php\/2015\/12\/19\/bloquean-por-segundo-dia-la-entrada-a-la-bahia-de-akumal\/","url_meta":{"origin":4472,"position":4},"title":"Bloquean por segundo d\u00eda la entrada a la Bah\u00eda de Akumal","author":"grieta","date":"19 diciembre, 2015","format":false,"excerpt":"Tras varias negociaciones, los pobladores y administrativos del CEA no llegaron a un acuerdo. Sara Cauich\/SIPSE TULUM, Q. Roo.-Luego de tres intentos para negociar la apertura del camino a la Bah\u00eda de Akumal, ninguna de las partes cedi\u00f3 en sus condiciones y la v\u00eda permaneci\u00f3 cerrada en los dos puntos,\u2026","rel":"","context":"En &quot;CINTILLO&quot;","block_context":{"text":"CINTILLO","link":"http:\/\/www.grieta.org.mx\/index.php\/category\/cintillo\/"},"img":{"alt_text":"","src":"https:\/\/i0.wp.com\/www.grieta.org.mx\/wp-content\/uploads\/2018\/03\/14524434_1106112876131411_958039263622046936_o.jpg?resize=350%2C200","width":350,"height":200,"srcset":"https:\/\/i0.wp.com\/www.grieta.org.mx\/wp-content\/uploads\/2018\/03\/14524434_1106112876131411_958039263622046936_o.jpg?resize=350%2C200 1x, https:\/\/i0.wp.com\/www.grieta.org.mx\/wp-content\/uploads\/2018\/03\/14524434_1106112876131411_958039263622046936_o.jpg?resize=525%2C300 1.5x, https:\/\/i0.wp.com\/www.grieta.org.mx\/wp-content\/uploads\/2018\/03\/14524434_1106112876131411_958039263622046936_o.jpg?resize=700%2C400 2x"},"classes":[]},{"id":13252,"url":"http:\/\/www.grieta.org.mx\/index.php\/2016\/05\/30\/pobladores-de-akumal-se-enfrentan-a-policias-en-cancun\/","url_meta":{"origin":4472,"position":5},"title":"Pobladores de Akumal se enfrentan a polic\u00edas en Canc\u00fan","author":"grieta","date":"30 mayo, 2016","format":false,"excerpt":"Adriana Varillas \/ corresponsal Canc\u00fan, Q. Roo Pobladores de la localidad de Akumal, en el municipio de Tulum, fueron gaseados y golpeados anoche por la polic\u00eda local, al intentar abrir el acceso que tradicionalmente permit\u00eda el paso hacia las playas p\u00fablicas y que ha sido bloqueado por el Centro Ecol\u00f3gico\u2026","rel":"","context":"En &quot;CINTILLO&quot;","block_context":{"text":"CINTILLO","link":"http:\/\/www.grieta.org.mx\/index.php\/category\/cintillo\/"},"img":{"alt_text":"","src":"https:\/\/i0.wp.com\/www.grieta.org.mx\/wp-content\/uploads\/2018\/03\/14524434_1106112876131411_958039263622046936_o.jpg?resize=350%2C200","width":350,"height":200,"srcset":"https:\/\/i0.wp.com\/www.grieta.org.mx\/wp-content\/uploads\/2018\/03\/14524434_1106112876131411_958039263622046936_o.jpg?resize=350%2C200 1x, https:\/\/i0.wp.com\/www.grieta.org.mx\/wp-content\/uploads\/2018\/03\/14524434_1106112876131411_958039263622046936_o.jpg?resize=525%2C300 1.5x, https:\/\/i0.wp.com\/www.grieta.org.mx\/wp-content\/uploads\/2018\/03\/14524434_1106112876131411_958039263622046936_o.jpg?resize=700%2C400 2x"},"classes":[]}],"_links":{"self":[{"href":"http:\/\/www.grieta.org.mx\/index.php\/wp-json\/wp\/v2\/posts\/4472","targetHints":{"allow":["GET"]}}],"collection":[{"href":"http:\/\/www.grieta.org.mx\/index.php\/wp-json\/wp\/v2\/posts"}],"about":[{"href":"http:\/\/www.grieta.org.mx\/index.php\/wp-json\/wp\/v2\/types\/post"}],"author":[{"embeddable":true,"href":"http:\/\/www.grieta.org.mx\/index.php\/wp-json\/wp\/v2\/users\/2"}],"replies":[{"embeddable":true,"href":"http:\/\/www.grieta.org.mx\/index.php\/wp-json\/wp\/v2\/comments?post=4472"}],"version-history":[{"count":1,"href":"http:\/\/www.grieta.org.mx\/index.php\/wp-json\/wp\/v2\/posts\/4472\/revisions"}],"predecessor-version":[{"id":4473,"href":"http:\/\/www.grieta.org.mx\/index.php\/wp-json\/wp\/v2\/posts\/4472\/revisions\/4473"}],"wp:featuredmedia":[{"embeddable":true,"href":"http:\/\/www.grieta.org.mx\/index.php\/wp-json\/wp\/v2\/media\/21928"}],"wp:attachment":[{"href":"http:\/\/www.grieta.org.mx\/index.php\/wp-json\/wp\/v2\/media?parent=4472"}],"wp:term":[{"taxonomy":"category","embeddable":true,"href":"http:\/\/www.grieta.org.mx\/index.php\/wp-json\/wp\/v2\/categories?post=4472"},{"taxonomy":"post_tag","embeddable":true,"href":"http:\/\/www.grieta.org.mx\/index.php\/wp-json\/wp\/v2\/tags?post=4472"}],"curies":[{"name":"wp","href":"https:\/\/api.w.org\/{rel}","templated":true}]}}