{"id":4467,"date":"2016-02-15T18:25:24","date_gmt":"2016-02-15T18:25:24","guid":{"rendered":"http:\/\/50.22.11.12\/~grietaor\/?p=4467"},"modified":"2016-03-23T18:35:51","modified_gmt":"2016-03-23T18:35:51","slug":"otra-vez-cierran-el-acceso-a-la-bahia-de-akumal","status":"publish","type":"post","link":"http:\/\/www.grieta.org.mx\/index.php\/2016\/02\/15\/otra-vez-cierran-el-acceso-a-la-bahia-de-akumal\/","title":{"rendered":"\u00a1Otra vez! Cierran el acceso a la Bah\u00eda de Akumal"},"content":{"rendered":"<p>El Centro Ecol\u00f3gico de Akumal coloc\u00f3 una lona negando el acceso a la playa.<\/p>\n<p>Redacci\u00f3n\/SIPSE<br \/>\nTULUM, Q. Roo.- El d\u00eda de hoy aproximadamente a las 10 de la ma\u00f1ana, El Centro Ecol\u00f3gico de Akumal (CEA) cerr\u00f3 el acceso p\u00fablico a la playa, colocando una lona, con el motivo de que las autoridades no atend\u00edan el problema.<\/p>\n<p>Dicho cierre llama la atenci\u00f3n debido a que personal de ese mismo centro, sigue vendiendo tours de su cofrad\u00eda y no otras personas, con este tipo de actividades el centro muestra la falta de respeto hacia las autoridades y el pueblo, ellos alegan una situacion ecol\u00f3gica cuando se siguen realizando tours de su cofradia y no otras personas, afirm\u00f3 el abogado de los habitantes de Akumal, Ren\u00e9 Medrano Rios. <\/p>\n<p>En d\u00edas pasados, el personal del centro ecol\u00f3gico, firm\u00f3 una carta con el delegado de Akumal, donde se le hac\u00eda la entrega de las llaves, pero parce todo lo contario al decidir cerrar el acceso.<\/p>\n<p>En el lugar se encuentran las siete cooperativas de Akumal, en respuesta al cierre que hizo el Centro Ecol\u00f3gico.<\/p>\n<p>Gran parte del turismo que visita la zona ha decidido retirarse, auque pocos hacen caso momiso a la lona y deciden meterse a la playa. <\/p>\n<p>Tanto el personal del Centro Ecol\u00f3gico y los ciudadanos de Akumal, esperan la respuesta del presidente municipal para que se resuelva la situaci\u00f3n. <\/p>\n<p>Con informaci\u00f3n de Sara Cauich <\/p>\n<p><a href=\"http:\/\/sipse.com\/novedades\/cierran-el-acceso-a-la-bahia-de-akumal-el-cea-coloco-una-lona-negando-el-acceso-a-la-playa-191785.html?utm_source=feedburner&#038;utm_medium=feed&#038;utm_campaign=Feed%3A+novedadesDeQuintanaRoo+%28Novedades+de+Quintana+Roo%29\" target=\"_blank\">http:\/\/sipse.com\/novedades\/cierran-el-acceso-a-la-bahia-de-akumal-el-cea-coloco-una-lona-negando-el-acceso-a-la-playa-191785.html?utm_source=feedburner&#038;utm_medium=feed&#038;utm_campaign=Feed%3A+novedadesDeQuintanaRoo+%28Novedades+de+Quintana+Roo%29<\/a><\/p>\n","protected":false},"excerpt":{"rendered":"<p>El Centro Ecol\u00f3gico de Akumal coloc\u00f3 una lona negando el acceso a la playa. Redacci\u00f3n\/SIPSE TULUM, Q. Roo.- El d\u00eda de hoy aproximadamente a las 10 de la ma\u00f1ana, El &hellip; <a href=\"http:\/\/www.grieta.org.mx\/index.php\/2016\/02\/15\/otra-vez-cierran-el-acceso-a-la-bahia-de-akumal\/\" class=\"more-link\">Leer m\u00e1s<\/a><\/p>\n","protected":false},"author":2,"featured_media":21928,"comment_status":"closed","ping_status":"open","sticky":false,"template":"","format":"standard","meta":{"ngg_post_thumbnail":0,"_jetpack_newsletter_access":"","_jetpack_dont_email_post_to_subs":false,"_jetpack_newsletter_tier_id":0,"_jetpack_memberships_contains_paywalled_content":false,"_jetpack_memberships_contains_paid_content":false,"footnotes":""},"categories":[80,151],"tags":[353,184,285],"class_list":["post-4467","post","type-post","status-publish","format-standard","has-post-thumbnail","hentry","category-cintillo","category-quintana-roo","tag-akumal","tag-despojo","tag-turismo","entry"],"jetpack_featured_media_url":"http:\/\/www.grieta.org.mx\/wp-content\/uploads\/2018\/03\/14524434_1106112876131411_958039263622046936_o.jpg","jetpack_sharing_enabled":true,"jetpack_shortlink":"https:\/\/wp.me\/p7ZJR4-1a3","jetpack_likes_enabled":false,"jetpack-related-posts":[{"id":4454,"url":"http:\/\/www.grieta.org.mx\/index.php\/2015\/12\/21\/policias-controlan-acceso-al-centro-ecologico-de-akumal\/","url_meta":{"origin":4467,"position":0},"title":"Polic\u00edas controlan acceso al Centro Ecol\u00f3gico de Akumal","author":"grieta","date":"21 diciembre, 2015","format":false,"excerpt":"Se establecer\u00e1n acuerdos que beneficien a los habitantes del poblado. Sara Cauich\/SIPSE TULUM, Q. Roo.- Con la promesa de di\u00e1logo, ambas partes ceden y termina el bloqueo de Akumal, luego de casi 30 horas de cierre. El acceso cerrado con cadena y candado por el Centro Ecol\u00f3gico de Akumal, qued\u00f3\u2026","rel":"","context":"En &quot;CINTILLO&quot;","block_context":{"text":"CINTILLO","link":"http:\/\/www.grieta.org.mx\/index.php\/category\/cintillo\/"},"img":{"alt_text":"","src":"https:\/\/i0.wp.com\/www.grieta.org.mx\/wp-content\/uploads\/2018\/03\/14524434_1106112876131411_958039263622046936_o.jpg?resize=350%2C200","width":350,"height":200,"srcset":"https:\/\/i0.wp.com\/www.grieta.org.mx\/wp-content\/uploads\/2018\/03\/14524434_1106112876131411_958039263622046936_o.jpg?resize=350%2C200 1x, https:\/\/i0.wp.com\/www.grieta.org.mx\/wp-content\/uploads\/2018\/03\/14524434_1106112876131411_958039263622046936_o.jpg?resize=525%2C300 1.5x, https:\/\/i0.wp.com\/www.grieta.org.mx\/wp-content\/uploads\/2018\/03\/14524434_1106112876131411_958039263622046936_o.jpg?resize=700%2C400 2x"},"classes":[]},{"id":4450,"url":"http:\/\/www.grieta.org.mx\/index.php\/2016\/05\/30\/akumal-historia-de-un-despojo-anunciado-2\/","url_meta":{"origin":4467,"position":1},"title":"Akumal, historia de un despojo anunciado","author":"grieta","date":"30 mayo, 2016","format":false,"excerpt":"30\/05\/16. Arde Akumal 20 heridos por defender acceso a la playa; polic\u00eda no permite entrada de ambulancias .700 pobladores queman patrullas y la delegaci\u00f3n en protestaPedro Canch\u00e9 Noticias 30\/05\/16. Pobladores de Akumal se enfrentan a polic\u00edas en Canc\u00fanEl Universal 29\/02\/16. \u201cNo a la privatizaci\u00f3n de las playas\u201d; marchan en AkumalNovedades\u2026","rel":"","context":"En &quot;NOTICIAS NACIONALES&quot;","block_context":{"text":"NOTICIAS NACIONALES","link":"http:\/\/www.grieta.org.mx\/index.php\/category\/noticias-nacionales\/"},"img":{"alt_text":"","src":"https:\/\/i0.wp.com\/www.grieta.org.mx\/wp-content\/uploads\/2018\/03\/14524434_1106112876131411_958039263622046936_o.jpg?resize=350%2C200","width":350,"height":200,"srcset":"https:\/\/i0.wp.com\/www.grieta.org.mx\/wp-content\/uploads\/2018\/03\/14524434_1106112876131411_958039263622046936_o.jpg?resize=350%2C200 1x, https:\/\/i0.wp.com\/www.grieta.org.mx\/wp-content\/uploads\/2018\/03\/14524434_1106112876131411_958039263622046936_o.jpg?resize=525%2C300 1.5x, https:\/\/i0.wp.com\/www.grieta.org.mx\/wp-content\/uploads\/2018\/03\/14524434_1106112876131411_958039263622046936_o.jpg?resize=700%2C400 2x"},"classes":[]},{"id":4475,"url":"http:\/\/www.grieta.org.mx\/index.php\/2016\/02\/29\/no-a-la-privatizacion-de-las-playas-marchan-en-akumal\/","url_meta":{"origin":4467,"position":2},"title":"\u201cNo a la privatizaci\u00f3n de las playas\u201d; marchan en Akumal","author":"grieta","date":"29 febrero, 2016","format":false,"excerpt":"Alrededor de 400 personas alzaron la voz para solicitar el libre acceso. Sara Cauich\/SIPSE TULUM, Q. Roo.- Una marcha pac\u00edfica tuvo lugar, ayer, en la playa de la Bah\u00eda de Akumal. El abogado de las cooperativas pidi\u00f3 a la Semarnat actuar en favor del pueblo. El representante legal del CEA\u2026","rel":"","context":"En &quot;CINTILLO&quot;","block_context":{"text":"CINTILLO","link":"http:\/\/www.grieta.org.mx\/index.php\/category\/cintillo\/"},"img":{"alt_text":"","src":"https:\/\/i0.wp.com\/www.grieta.org.mx\/wp-content\/uploads\/2018\/03\/14524434_1106112876131411_958039263622046936_o.jpg?resize=350%2C200","width":350,"height":200,"srcset":"https:\/\/i0.wp.com\/www.grieta.org.mx\/wp-content\/uploads\/2018\/03\/14524434_1106112876131411_958039263622046936_o.jpg?resize=350%2C200 1x, https:\/\/i0.wp.com\/www.grieta.org.mx\/wp-content\/uploads\/2018\/03\/14524434_1106112876131411_958039263622046936_o.jpg?resize=525%2C300 1.5x, https:\/\/i0.wp.com\/www.grieta.org.mx\/wp-content\/uploads\/2018\/03\/14524434_1106112876131411_958039263622046936_o.jpg?resize=700%2C400 2x"},"classes":[]},{"id":4461,"url":"http:\/\/www.grieta.org.mx\/index.php\/2015\/12\/17\/con-piedras-y-ramas-defienden-acceso-publico-a-playas-de-akumal\/","url_meta":{"origin":4467,"position":3},"title":"Con piedras y ramas defienden acceso p\u00fablico a playas de Akumal","author":"grieta","date":"17 diciembre, 2015","format":false,"excerpt":"Los pobladores bloquearon el \u00fanico camino que lleva a la bah\u00eda; hay molestia en los turistas. Redacci\u00f3n\/SIPSE TULUM, Q. Roo.- Al menos 100 pobladores de Akumal, decidieron bloquear ambas v\u00edas del camino que lleva a la playa del poblado; las personas exigen el libre acceso a los arenales. Con piedras,\u2026","rel":"","context":"En &quot;CINTILLO&quot;","block_context":{"text":"CINTILLO","link":"http:\/\/www.grieta.org.mx\/index.php\/category\/cintillo\/"},"img":{"alt_text":"","src":"https:\/\/i0.wp.com\/www.grieta.org.mx\/wp-content\/uploads\/2018\/03\/14524434_1106112876131411_958039263622046936_o.jpg?resize=350%2C200","width":350,"height":200,"srcset":"https:\/\/i0.wp.com\/www.grieta.org.mx\/wp-content\/uploads\/2018\/03\/14524434_1106112876131411_958039263622046936_o.jpg?resize=350%2C200 1x, https:\/\/i0.wp.com\/www.grieta.org.mx\/wp-content\/uploads\/2018\/03\/14524434_1106112876131411_958039263622046936_o.jpg?resize=525%2C300 1.5x, https:\/\/i0.wp.com\/www.grieta.org.mx\/wp-content\/uploads\/2018\/03\/14524434_1106112876131411_958039263622046936_o.jpg?resize=700%2C400 2x"},"classes":[]},{"id":4472,"url":"http:\/\/www.grieta.org.mx\/index.php\/2016\/02\/18\/amanece-la-bahia-de-akumal-con-una-cerca-de-puas\/","url_meta":{"origin":4467,"position":4},"title":"Amanece la Bah\u00eda de Akumal con una cerca de p\u00faas","author":"grieta","date":"18 febrero, 2016","format":false,"excerpt":"Se trata del espacio que el Centro Ecol\u00f3gico de Akumal reclama como propio; cooperativas protestan. Sara Cauich\/SIPSE TULUM, Q. Roo.- El conflicto que mantienen el Centro Ecol\u00f3gico de Akumal (CEA) y prestadores de servicios cooperativos se hizo m\u00e1s grande cuando el CEA anunci\u00f3 que cobrar\u00eda 130 d\u00f3lares por el ingreso\u2026","rel":"","context":"En &quot;CINTILLO&quot;","block_context":{"text":"CINTILLO","link":"http:\/\/www.grieta.org.mx\/index.php\/category\/cintillo\/"},"img":{"alt_text":"","src":"https:\/\/i0.wp.com\/www.grieta.org.mx\/wp-content\/uploads\/2018\/03\/14524434_1106112876131411_958039263622046936_o.jpg?resize=350%2C200","width":350,"height":200,"srcset":"https:\/\/i0.wp.com\/www.grieta.org.mx\/wp-content\/uploads\/2018\/03\/14524434_1106112876131411_958039263622046936_o.jpg?resize=350%2C200 1x, https:\/\/i0.wp.com\/www.grieta.org.mx\/wp-content\/uploads\/2018\/03\/14524434_1106112876131411_958039263622046936_o.jpg?resize=525%2C300 1.5x, https:\/\/i0.wp.com\/www.grieta.org.mx\/wp-content\/uploads\/2018\/03\/14524434_1106112876131411_958039263622046936_o.jpg?resize=700%2C400 2x"},"classes":[]},{"id":4463,"url":"http:\/\/www.grieta.org.mx\/index.php\/2016\/02\/12\/revisa-la-pgr-predios-en-conflicto-en-akumal\/","url_meta":{"origin":4467,"position":5},"title":"Revisa la PGR predios en conflicto en Akumal","author":"grieta","date":"12 febrero, 2016","format":false,"excerpt":"Las diligencias se realizaron entre el Centro Ecol\u00f3gico Akumal y el Hotel Secrets. Sara Cauich\/SIPSE TULUM, Q. Roo.- Personal de las procuradur\u00edas General de la Rep\u00fablica (PGR) y Federal de Protecci\u00f3n al Ambiente (Profepa), llevaron al cabo diligencias relacionadas con mediciones de linderos en el acceso a la Bah\u00eda de\u2026","rel":"","context":"En &quot;CINTILLO&quot;","block_context":{"text":"CINTILLO","link":"http:\/\/www.grieta.org.mx\/index.php\/category\/cintillo\/"},"img":{"alt_text":"","src":"https:\/\/i0.wp.com\/www.grieta.org.mx\/wp-content\/uploads\/2018\/03\/14524434_1106112876131411_958039263622046936_o.jpg?resize=350%2C200","width":350,"height":200,"srcset":"https:\/\/i0.wp.com\/www.grieta.org.mx\/wp-content\/uploads\/2018\/03\/14524434_1106112876131411_958039263622046936_o.jpg?resize=350%2C200 1x, https:\/\/i0.wp.com\/www.grieta.org.mx\/wp-content\/uploads\/2018\/03\/14524434_1106112876131411_958039263622046936_o.jpg?resize=525%2C300 1.5x, https:\/\/i0.wp.com\/www.grieta.org.mx\/wp-content\/uploads\/2018\/03\/14524434_1106112876131411_958039263622046936_o.jpg?resize=700%2C400 2x"},"classes":[]}],"_links":{"self":[{"href":"http:\/\/www.grieta.org.mx\/index.php\/wp-json\/wp\/v2\/posts\/4467","targetHints":{"allow":["GET"]}}],"collection":[{"href":"http:\/\/www.grieta.org.mx\/index.php\/wp-json\/wp\/v2\/posts"}],"about":[{"href":"http:\/\/www.grieta.org.mx\/index.php\/wp-json\/wp\/v2\/types\/post"}],"author":[{"embeddable":true,"href":"http:\/\/www.grieta.org.mx\/index.php\/wp-json\/wp\/v2\/users\/2"}],"replies":[{"embeddable":true,"href":"http:\/\/www.grieta.org.mx\/index.php\/wp-json\/wp\/v2\/comments?post=4467"}],"version-history":[{"count":1,"href":"http:\/\/www.grieta.org.mx\/index.php\/wp-json\/wp\/v2\/posts\/4467\/revisions"}],"predecessor-version":[{"id":4470,"href":"http:\/\/www.grieta.org.mx\/index.php\/wp-json\/wp\/v2\/posts\/4467\/revisions\/4470"}],"wp:featuredmedia":[{"embeddable":true,"href":"http:\/\/www.grieta.org.mx\/index.php\/wp-json\/wp\/v2\/media\/21928"}],"wp:attachment":[{"href":"http:\/\/www.grieta.org.mx\/index.php\/wp-json\/wp\/v2\/media?parent=4467"}],"wp:term":[{"taxonomy":"category","embeddable":true,"href":"http:\/\/www.grieta.org.mx\/index.php\/wp-json\/wp\/v2\/categories?post=4467"},{"taxonomy":"post_tag","embeddable":true,"href":"http:\/\/www.grieta.org.mx\/index.php\/wp-json\/wp\/v2\/tags?post=4467"}],"curies":[{"name":"wp","href":"https:\/\/api.w.org\/{rel}","templated":true}]}}