{"id":4463,"date":"2016-02-12T18:12:55","date_gmt":"2016-02-12T18:12:55","guid":{"rendered":"http:\/\/50.22.11.12\/~grietaor\/?p=4463"},"modified":"2016-03-23T18:23:48","modified_gmt":"2016-03-23T18:23:48","slug":"revisa-la-pgr-predios-en-conflicto-en-akumal","status":"publish","type":"post","link":"http:\/\/www.grieta.org.mx\/index.php\/2016\/02\/12\/revisa-la-pgr-predios-en-conflicto-en-akumal\/","title":{"rendered":"Revisa la PGR predios en conflicto en Akumal"},"content":{"rendered":"<p>Las diligencias se realizaron entre el Centro Ecol\u00f3gico Akumal y el Hotel Secrets.<br \/>\nSara Cauich\/SIPSE<br \/>\nTULUM, Q. Roo.- Personal de las procuradur\u00edas General de la Rep\u00fablica (PGR) y Federal de Protecci\u00f3n al Ambiente (Profepa), llevaron al cabo diligencias relacionadas con mediciones de linderos en el acceso a la Bah\u00eda de Akumal, donde existen discrepancias por el control entre turisteros y pobladores.<\/p>\n<p>A lo largo de unas horas y por espacio de dos d\u00edas, mi\u00e9rcoles y jueves, peritos de la PGR llevaron a cabo mediciones de linderos de las propiedades del Centro Ecol\u00f3gico de Akumal y el hotel Secrets, inform\u00f3 Melchor Gamboa Gamboa, representante de la cooperativa de prestadores de servicios tur\u00edsticos \u201cNativos\u201d.<\/p>\n<p>\u201cAparentemente no realizaron otras acciones m\u00e1s que la de medir los linderos y los puntos definidos de l\u00edmites de las propiedades, y el camino de acceso a la bah\u00eda de Akumal\u201d, refiri\u00f3 Gamboa Gamboa.<\/p>\n<p>En la disputa por el camino de acceso a la bah\u00eda de Akumal, ambas partes, tanto los representantes del Centro Ecol\u00f3gico de Akumal y hoteles como los dirigentes de cooperativas, por separado han presentado diferentes denuncias ante instancias federales, entre ellas la PGR y la Profepa, indic\u00f3.<\/p>\n<p>No es la primera ocasi\u00f3n que se realizan diligencias y  mediciones, han sido varias,  una de ellas a finales del a\u00f1o pasado, seg\u00fan el cooperativista.<br \/>\nCateo por denuncia de la Profepa<\/p>\n<p>Asimismo, en la zona costera de Tulum, el personal de la PGR llev\u00f3 a cabo un cateo autorizado por el Juzgado Segundo Especializado en Cateos, derivado de dos averiguaciones previas, denunciadas por la Profepa, por afectaci\u00f3n al manglar, producto de una construcci\u00f3n que se lleva a cabo en el predio ubicado en el kil\u00f3metro 7.5 de la carretera Tulum-Boca Paila, tal como informamos en otra nota. <\/p>\n<p>Las especies presumiblemente afectadas, seg\u00fan refiere la informaci\u00f3n oficial y que est\u00e1n en las denuncias, son mangle botoncillo, manglar rojo y palma chit, que se produjo al rellenar con material de sascab y piedra el lugar. <\/p>\n<p>El cateo lo llev\u00f3 a cabo el pasado mi\u00e9rcoles  personal de Ministerio P\u00fablico de la Federaci\u00f3n,  Secretar\u00eda de Marina y peritos de la Profepa, seg\u00fan el comunicado difundido.<\/p>\n<p>En los \u00faltimos meses del a\u00f1o pasado la Profepa llev\u00f3 a cabo cerca de una decena de clausuras a predios en construcci\u00f3n, tanto del lado del parque nacional Tulum, donde ejecut\u00f3 nueve de ellas por delitos ambientales y forestales, como del lado de Punta Piedra. <\/p>\n<p><a href=\"http:\/\/sipse.com\/novedades\/akumal-inspeccion-pgr-profepa-centro-ecologico-hotel-secrets-191375.html?utm_source=feedburner&#038;utm_medium=feed&#038;utm_campaign=Feed%3A+novedadesDeQuintanaRoo+%28Novedades+de+Quintana+Roo%29\" target=\"_blank\">http:\/\/sipse.com\/novedades\/akumal-inspeccion-pgr-profepa-centro-ecologico-hotel-secrets-191375.html?utm_source=feedburner&#038;utm_medium=feed&#038;utm_campaign=Feed%3A+novedadesDeQuintanaRoo+%28Novedades+de+Quintana+Roo%29<\/a><\/p>\n","protected":false},"excerpt":{"rendered":"<p>Las diligencias se realizaron entre el Centro Ecol\u00f3gico Akumal y el Hotel Secrets. Sara Cauich\/SIPSE TULUM, Q. Roo.- Personal de las procuradur\u00edas General de la Rep\u00fablica (PGR) y Federal de &hellip; <a href=\"http:\/\/www.grieta.org.mx\/index.php\/2016\/02\/12\/revisa-la-pgr-predios-en-conflicto-en-akumal\/\" class=\"more-link\">Leer m\u00e1s<\/a><\/p>\n","protected":false},"author":2,"featured_media":21928,"comment_status":"closed","ping_status":"open","sticky":false,"template":"","format":"standard","meta":{"ngg_post_thumbnail":0,"_jetpack_newsletter_access":"","_jetpack_dont_email_post_to_subs":false,"_jetpack_newsletter_tier_id":0,"_jetpack_memberships_contains_paywalled_content":false,"_jetpack_memberships_contains_paid_content":false,"footnotes":""},"categories":[80,151],"tags":[353,184,285],"class_list":["post-4463","post","type-post","status-publish","format-standard","has-post-thumbnail","hentry","category-cintillo","category-quintana-roo","tag-akumal","tag-despojo","tag-turismo","entry"],"jetpack_featured_media_url":"http:\/\/www.grieta.org.mx\/wp-content\/uploads\/2018\/03\/14524434_1106112876131411_958039263622046936_o.jpg","jetpack_sharing_enabled":true,"jetpack_shortlink":"https:\/\/wp.me\/p7ZJR4-19Z","jetpack_likes_enabled":false,"jetpack-related-posts":[{"id":4450,"url":"http:\/\/www.grieta.org.mx\/index.php\/2016\/05\/30\/akumal-historia-de-un-despojo-anunciado-2\/","url_meta":{"origin":4463,"position":0},"title":"Akumal, historia de un despojo anunciado","author":"grieta","date":"30 mayo, 2016","format":false,"excerpt":"30\/05\/16. Arde Akumal 20 heridos por defender acceso a la playa; polic\u00eda no permite entrada de ambulancias .700 pobladores queman patrullas y la delegaci\u00f3n en protestaPedro Canch\u00e9 Noticias 30\/05\/16. Pobladores de Akumal se enfrentan a polic\u00edas en Canc\u00fanEl Universal 29\/02\/16. \u201cNo a la privatizaci\u00f3n de las playas\u201d; marchan en AkumalNovedades\u2026","rel":"","context":"En &quot;NOTICIAS NACIONALES&quot;","block_context":{"text":"NOTICIAS NACIONALES","link":"http:\/\/www.grieta.org.mx\/index.php\/category\/noticias-nacionales\/"},"img":{"alt_text":"","src":"https:\/\/i0.wp.com\/www.grieta.org.mx\/wp-content\/uploads\/2018\/03\/14524434_1106112876131411_958039263622046936_o.jpg?resize=350%2C200","width":350,"height":200,"srcset":"https:\/\/i0.wp.com\/www.grieta.org.mx\/wp-content\/uploads\/2018\/03\/14524434_1106112876131411_958039263622046936_o.jpg?resize=350%2C200 1x, https:\/\/i0.wp.com\/www.grieta.org.mx\/wp-content\/uploads\/2018\/03\/14524434_1106112876131411_958039263622046936_o.jpg?resize=525%2C300 1.5x, https:\/\/i0.wp.com\/www.grieta.org.mx\/wp-content\/uploads\/2018\/03\/14524434_1106112876131411_958039263622046936_o.jpg?resize=700%2C400 2x"},"classes":[]},{"id":4452,"url":"http:\/\/www.grieta.org.mx\/index.php\/2015\/12\/22\/entrada-a-la-bahia-de-akumal-impedida-para-cooperativas\/","url_meta":{"origin":4463,"position":1},"title":"Entrada a la bah\u00eda de Akumal, impedida para cooperativas","author":"grieta","date":"22 diciembre, 2015","format":false,"excerpt":"Las negociaciones contin\u00faan para permitir el acceso a los prestadores de servicios tur\u00edsticos. Sara Cauich\/SIPSE TULUM, Q. Roo.- El comit\u00e9 de negociaci\u00f3n con las cooperativas tur\u00edsticas de Akumal acord\u00f3 solicitar la intervenci\u00f3n de la presidencia para asegurar a la poblaci\u00f3n el camino de acceso a la bah\u00eda La Direcci\u00f3n de\u2026","rel":"","context":"En &quot;CINTILLO&quot;","block_context":{"text":"CINTILLO","link":"http:\/\/www.grieta.org.mx\/index.php\/category\/cintillo\/"},"img":{"alt_text":"","src":"https:\/\/i0.wp.com\/www.grieta.org.mx\/wp-content\/uploads\/2018\/03\/14524434_1106112876131411_958039263622046936_o.jpg?resize=350%2C200","width":350,"height":200,"srcset":"https:\/\/i0.wp.com\/www.grieta.org.mx\/wp-content\/uploads\/2018\/03\/14524434_1106112876131411_958039263622046936_o.jpg?resize=350%2C200 1x, https:\/\/i0.wp.com\/www.grieta.org.mx\/wp-content\/uploads\/2018\/03\/14524434_1106112876131411_958039263622046936_o.jpg?resize=525%2C300 1.5x, https:\/\/i0.wp.com\/www.grieta.org.mx\/wp-content\/uploads\/2018\/03\/14524434_1106112876131411_958039263622046936_o.jpg?resize=700%2C400 2x"},"classes":[]},{"id":4467,"url":"http:\/\/www.grieta.org.mx\/index.php\/2016\/02\/15\/otra-vez-cierran-el-acceso-a-la-bahia-de-akumal\/","url_meta":{"origin":4463,"position":2},"title":"\u00a1Otra vez! Cierran el acceso a la Bah\u00eda de Akumal","author":"grieta","date":"15 febrero, 2016","format":false,"excerpt":"El Centro Ecol\u00f3gico de Akumal coloc\u00f3 una lona negando el acceso a la playa. Redacci\u00f3n\/SIPSE TULUM, Q. Roo.- El d\u00eda de hoy aproximadamente a las 10 de la ma\u00f1ana, El Centro Ecol\u00f3gico de Akumal (CEA) cerr\u00f3 el acceso p\u00fablico a la playa, colocando una lona, con el motivo de que\u2026","rel":"","context":"En &quot;CINTILLO&quot;","block_context":{"text":"CINTILLO","link":"http:\/\/www.grieta.org.mx\/index.php\/category\/cintillo\/"},"img":{"alt_text":"","src":"https:\/\/i0.wp.com\/www.grieta.org.mx\/wp-content\/uploads\/2018\/03\/14524434_1106112876131411_958039263622046936_o.jpg?resize=350%2C200","width":350,"height":200,"srcset":"https:\/\/i0.wp.com\/www.grieta.org.mx\/wp-content\/uploads\/2018\/03\/14524434_1106112876131411_958039263622046936_o.jpg?resize=350%2C200 1x, https:\/\/i0.wp.com\/www.grieta.org.mx\/wp-content\/uploads\/2018\/03\/14524434_1106112876131411_958039263622046936_o.jpg?resize=525%2C300 1.5x, https:\/\/i0.wp.com\/www.grieta.org.mx\/wp-content\/uploads\/2018\/03\/14524434_1106112876131411_958039263622046936_o.jpg?resize=700%2C400 2x"},"classes":[]},{"id":4454,"url":"http:\/\/www.grieta.org.mx\/index.php\/2015\/12\/21\/policias-controlan-acceso-al-centro-ecologico-de-akumal\/","url_meta":{"origin":4463,"position":3},"title":"Polic\u00edas controlan acceso al Centro Ecol\u00f3gico de Akumal","author":"grieta","date":"21 diciembre, 2015","format":false,"excerpt":"Se establecer\u00e1n acuerdos que beneficien a los habitantes del poblado. Sara Cauich\/SIPSE TULUM, Q. Roo.- Con la promesa de di\u00e1logo, ambas partes ceden y termina el bloqueo de Akumal, luego de casi 30 horas de cierre. El acceso cerrado con cadena y candado por el Centro Ecol\u00f3gico de Akumal, qued\u00f3\u2026","rel":"","context":"En &quot;CINTILLO&quot;","block_context":{"text":"CINTILLO","link":"http:\/\/www.grieta.org.mx\/index.php\/category\/cintillo\/"},"img":{"alt_text":"","src":"https:\/\/i0.wp.com\/www.grieta.org.mx\/wp-content\/uploads\/2018\/03\/14524434_1106112876131411_958039263622046936_o.jpg?resize=350%2C200","width":350,"height":200,"srcset":"https:\/\/i0.wp.com\/www.grieta.org.mx\/wp-content\/uploads\/2018\/03\/14524434_1106112876131411_958039263622046936_o.jpg?resize=350%2C200 1x, https:\/\/i0.wp.com\/www.grieta.org.mx\/wp-content\/uploads\/2018\/03\/14524434_1106112876131411_958039263622046936_o.jpg?resize=525%2C300 1.5x, https:\/\/i0.wp.com\/www.grieta.org.mx\/wp-content\/uploads\/2018\/03\/14524434_1106112876131411_958039263622046936_o.jpg?resize=700%2C400 2x"},"classes":[]},{"id":4475,"url":"http:\/\/www.grieta.org.mx\/index.php\/2016\/02\/29\/no-a-la-privatizacion-de-las-playas-marchan-en-akumal\/","url_meta":{"origin":4463,"position":4},"title":"\u201cNo a la privatizaci\u00f3n de las playas\u201d; marchan en Akumal","author":"grieta","date":"29 febrero, 2016","format":false,"excerpt":"Alrededor de 400 personas alzaron la voz para solicitar el libre acceso. Sara Cauich\/SIPSE TULUM, Q. Roo.- Una marcha pac\u00edfica tuvo lugar, ayer, en la playa de la Bah\u00eda de Akumal. El abogado de las cooperativas pidi\u00f3 a la Semarnat actuar en favor del pueblo. El representante legal del CEA\u2026","rel":"","context":"En &quot;CINTILLO&quot;","block_context":{"text":"CINTILLO","link":"http:\/\/www.grieta.org.mx\/index.php\/category\/cintillo\/"},"img":{"alt_text":"","src":"https:\/\/i0.wp.com\/www.grieta.org.mx\/wp-content\/uploads\/2018\/03\/14524434_1106112876131411_958039263622046936_o.jpg?resize=350%2C200","width":350,"height":200,"srcset":"https:\/\/i0.wp.com\/www.grieta.org.mx\/wp-content\/uploads\/2018\/03\/14524434_1106112876131411_958039263622046936_o.jpg?resize=350%2C200 1x, https:\/\/i0.wp.com\/www.grieta.org.mx\/wp-content\/uploads\/2018\/03\/14524434_1106112876131411_958039263622046936_o.jpg?resize=525%2C300 1.5x, https:\/\/i0.wp.com\/www.grieta.org.mx\/wp-content\/uploads\/2018\/03\/14524434_1106112876131411_958039263622046936_o.jpg?resize=700%2C400 2x"},"classes":[]},{"id":4449,"url":"http:\/\/www.grieta.org.mx\/index.php\/2016\/01\/07\/intentan-bloquear-nuevamente-el-acceso-a-akumal\/","url_meta":{"origin":4463,"position":5},"title":"Intentan bloquear nuevamente el acceso a Akumal","author":"grieta","date":"7 enero, 2016","format":false,"excerpt":"Los l\u00edderes de cooperativas tur\u00edsticas acusan que sus demandas no han sido escuchadas por las autoridades. Sara Cauich\/SIPSE TULUM, Q. Roo.- Un amague de bloqueo del acceso a la bah\u00eda de Akumal, realizado ayer por parte de las cooperativas tur\u00edsticas, dio como resultado que habr\u00e1 una reuni\u00f3n el pr\u00f3ximo viernes\u2026","rel":"","context":"En &quot;CINTILLO&quot;","block_context":{"text":"CINTILLO","link":"http:\/\/www.grieta.org.mx\/index.php\/category\/cintillo\/"},"img":{"alt_text":"","src":"https:\/\/i0.wp.com\/www.grieta.org.mx\/wp-content\/uploads\/2018\/03\/14524434_1106112876131411_958039263622046936_o.jpg?resize=350%2C200","width":350,"height":200,"srcset":"https:\/\/i0.wp.com\/www.grieta.org.mx\/wp-content\/uploads\/2018\/03\/14524434_1106112876131411_958039263622046936_o.jpg?resize=350%2C200 1x, https:\/\/i0.wp.com\/www.grieta.org.mx\/wp-content\/uploads\/2018\/03\/14524434_1106112876131411_958039263622046936_o.jpg?resize=525%2C300 1.5x, https:\/\/i0.wp.com\/www.grieta.org.mx\/wp-content\/uploads\/2018\/03\/14524434_1106112876131411_958039263622046936_o.jpg?resize=700%2C400 2x"},"classes":[]}],"_links":{"self":[{"href":"http:\/\/www.grieta.org.mx\/index.php\/wp-json\/wp\/v2\/posts\/4463","targetHints":{"allow":["GET"]}}],"collection":[{"href":"http:\/\/www.grieta.org.mx\/index.php\/wp-json\/wp\/v2\/posts"}],"about":[{"href":"http:\/\/www.grieta.org.mx\/index.php\/wp-json\/wp\/v2\/types\/post"}],"author":[{"embeddable":true,"href":"http:\/\/www.grieta.org.mx\/index.php\/wp-json\/wp\/v2\/users\/2"}],"replies":[{"embeddable":true,"href":"http:\/\/www.grieta.org.mx\/index.php\/wp-json\/wp\/v2\/comments?post=4463"}],"version-history":[{"count":1,"href":"http:\/\/www.grieta.org.mx\/index.php\/wp-json\/wp\/v2\/posts\/4463\/revisions"}],"predecessor-version":[{"id":4465,"href":"http:\/\/www.grieta.org.mx\/index.php\/wp-json\/wp\/v2\/posts\/4463\/revisions\/4465"}],"wp:featuredmedia":[{"embeddable":true,"href":"http:\/\/www.grieta.org.mx\/index.php\/wp-json\/wp\/v2\/media\/21928"}],"wp:attachment":[{"href":"http:\/\/www.grieta.org.mx\/index.php\/wp-json\/wp\/v2\/media?parent=4463"}],"wp:term":[{"taxonomy":"category","embeddable":true,"href":"http:\/\/www.grieta.org.mx\/index.php\/wp-json\/wp\/v2\/categories?post=4463"},{"taxonomy":"post_tag","embeddable":true,"href":"http:\/\/www.grieta.org.mx\/index.php\/wp-json\/wp\/v2\/tags?post=4463"}],"curies":[{"name":"wp","href":"https:\/\/api.w.org\/{rel}","templated":true}]}}