{"id":4458,"date":"2015-12-19T18:04:50","date_gmt":"2015-12-19T18:04:50","guid":{"rendered":"http:\/\/50.22.11.12\/~grietaor\/?p=4458"},"modified":"2016-03-23T18:08:58","modified_gmt":"2016-03-23T18:08:58","slug":"bloquean-por-segundo-dia-la-entrada-a-la-bahia-de-akumal","status":"publish","type":"post","link":"http:\/\/www.grieta.org.mx\/index.php\/2015\/12\/19\/bloquean-por-segundo-dia-la-entrada-a-la-bahia-de-akumal\/","title":{"rendered":"Bloquean por segundo d\u00eda la entrada a la Bah\u00eda de Akumal"},"content":{"rendered":"<p>Tras varias negociaciones, los pobladores y administrativos del CEA no llegaron a un acuerdo.<\/p>\n<p>Sara Cauich\/SIPSE<br \/>\nTULUM, Q. Roo.-Luego de tres intentos para negociar la apertura del camino a la Bah\u00eda de Akumal, ninguna de las partes cedi\u00f3 en sus condiciones y la v\u00eda permaneci\u00f3 cerrada en los dos puntos, el del Centro Ecol\u00f3gico de Akumal (CEA), y el ret\u00e9n montado por los pobladores, por donde no se permiti\u00f3 el paso de los turistas a la playa.<\/p>\n<p>El mediador en este caso, el secretario del ayuntamiento, Gilberto G\u00f3mez Mora, y el director general de Seguridad P\u00fablica, Tr\u00e1nsito y Bomberos, Luis Germ\u00e1n S\u00e1nchez Silva, de apoyo para mantener el orden, mantuvieron reuniones a puerta cerrada con el Representante legal del CEA, Xavier de Anda Morales, en tres ocasiones.<\/p>\n<p>La postura del CEA fue que los pobladores retiraran la barricada colocada a la entrada permitiendo el libre acceso, condici\u00f3n para proceder a retirar cadena y candado y mantener el libre acceso a los pobladores del municipio, por el camino tradicional.<\/p>\n<p>Para las actividades comerciales, es decir por donde los prestadores de servicios n\u00e1uticos pasar\u00edan con el turismo, la entrada al CEA estar\u00e1 ubicada a un costado del camino vecinal acostumbrado.<\/p>\n<p>Esta medida provisional tendr\u00eda vigencia hasta llegar a un acuerdo para el pago por emplear la Bah\u00eda de Akumal para uso recreativo comercial de las cooperativas existentes en el sitio.<\/p>\n<p>La condici\u00f3n obligatoria de pago y que los turistas se vean obligados a pasar por la propiedad del CEA, sumado a que el gobierno municipal no reconozca la antig\u00fcedad del \u00fanico camino de acceso a la playa, fueron las causas por las cuales se mantuvo la decisi\u00f3n del grupo de pobladores y prestadores de servicios para sostener el bloqueo el tiempo que sea necesario.<\/p>\n<p>Sin acuerdos<\/p>\n<p>Al final del segundo d\u00eda de bloqueo, De Anda Morales, el apoderado legal del CEA, dej\u00f3 en manos del secretario del ayuntamiento el documento que ser\u00eda firmado, a fin de que se modifique lo que consideren conveniente, excepto que las transacciones comerciales de la actividad recreativa de la bah\u00eda de Akumal la tendr\u00e1 bajo su control el CEA. Mientras que el camino tradicional de acceso solo ser\u00eda empleado por los pobladores del municipio.<\/p>\n<p>La postura de los pobladores tampoco cambi\u00f3 nada y advirtieron que sostendr\u00edan el bloqueo, por lo que durante el s\u00e1bado se mantendr\u00eda cerrado el paso al turismo a este sitio de recreaci\u00f3n, pues el viernes concluy\u00f3 como empez\u00f3: sin acuerdos.<\/p>\n<p><a href=\"http:\/\/sipse.com\/novedades\/bloqueo-al-acceso-a-la-bahia-de-akumal-183594.html\" target=\"_blank\">sipse.com\/novedades\/bloqueo-al-acceso-a-la-bahia-de-akumal-183594.html<\/a><\/p>\n","protected":false},"excerpt":{"rendered":"<p>Tras varias negociaciones, los pobladores y administrativos del CEA no llegaron a un acuerdo. Sara Cauich\/SIPSE TULUM, Q. Roo.-Luego de tres intentos para negociar la apertura del camino a la &hellip; <a href=\"http:\/\/www.grieta.org.mx\/index.php\/2015\/12\/19\/bloquean-por-segundo-dia-la-entrada-a-la-bahia-de-akumal\/\" class=\"more-link\">Leer m\u00e1s<\/a><\/p>\n","protected":false},"author":2,"featured_media":21928,"comment_status":"closed","ping_status":"open","sticky":false,"template":"","format":"standard","meta":{"ngg_post_thumbnail":0,"_jetpack_newsletter_access":"","_jetpack_dont_email_post_to_subs":false,"_jetpack_newsletter_tier_id":0,"_jetpack_memberships_contains_paywalled_content":false,"_jetpack_memberships_contains_paid_content":false,"footnotes":""},"categories":[80,151],"tags":[353,354,184],"class_list":["post-4458","post","type-post","status-publish","format-standard","has-post-thumbnail","hentry","category-cintillo","category-quintana-roo","tag-akumal","tag-bloqueo","tag-despojo","entry"],"jetpack_featured_media_url":"http:\/\/www.grieta.org.mx\/wp-content\/uploads\/2018\/03\/14524434_1106112876131411_958039263622046936_o.jpg","jetpack_sharing_enabled":true,"jetpack_shortlink":"https:\/\/wp.me\/p7ZJR4-19U","jetpack_likes_enabled":false,"jetpack-related-posts":[{"id":4452,"url":"http:\/\/www.grieta.org.mx\/index.php\/2015\/12\/22\/entrada-a-la-bahia-de-akumal-impedida-para-cooperativas\/","url_meta":{"origin":4458,"position":0},"title":"Entrada a la bah\u00eda de Akumal, impedida para cooperativas","author":"grieta","date":"22 diciembre, 2015","format":false,"excerpt":"Las negociaciones contin\u00faan para permitir el acceso a los prestadores de servicios tur\u00edsticos. Sara Cauich\/SIPSE TULUM, Q. Roo.- El comit\u00e9 de negociaci\u00f3n con las cooperativas tur\u00edsticas de Akumal acord\u00f3 solicitar la intervenci\u00f3n de la presidencia para asegurar a la poblaci\u00f3n el camino de acceso a la bah\u00eda La Direcci\u00f3n de\u2026","rel":"","context":"En &quot;CINTILLO&quot;","block_context":{"text":"CINTILLO","link":"http:\/\/www.grieta.org.mx\/index.php\/category\/cintillo\/"},"img":{"alt_text":"","src":"https:\/\/i0.wp.com\/www.grieta.org.mx\/wp-content\/uploads\/2018\/03\/14524434_1106112876131411_958039263622046936_o.jpg?resize=350%2C200","width":350,"height":200,"srcset":"https:\/\/i0.wp.com\/www.grieta.org.mx\/wp-content\/uploads\/2018\/03\/14524434_1106112876131411_958039263622046936_o.jpg?resize=350%2C200 1x, https:\/\/i0.wp.com\/www.grieta.org.mx\/wp-content\/uploads\/2018\/03\/14524434_1106112876131411_958039263622046936_o.jpg?resize=525%2C300 1.5x, https:\/\/i0.wp.com\/www.grieta.org.mx\/wp-content\/uploads\/2018\/03\/14524434_1106112876131411_958039263622046936_o.jpg?resize=700%2C400 2x"},"classes":[]},{"id":4450,"url":"http:\/\/www.grieta.org.mx\/index.php\/2016\/05\/30\/akumal-historia-de-un-despojo-anunciado-2\/","url_meta":{"origin":4458,"position":1},"title":"Akumal, historia de un despojo anunciado","author":"grieta","date":"30 mayo, 2016","format":false,"excerpt":"30\/05\/16. Arde Akumal 20 heridos por defender acceso a la playa; polic\u00eda no permite entrada de ambulancias .700 pobladores queman patrullas y la delegaci\u00f3n en protestaPedro Canch\u00e9 Noticias 30\/05\/16. Pobladores de Akumal se enfrentan a polic\u00edas en Canc\u00fanEl Universal 29\/02\/16. \u201cNo a la privatizaci\u00f3n de las playas\u201d; marchan en AkumalNovedades\u2026","rel":"","context":"En &quot;NOTICIAS NACIONALES&quot;","block_context":{"text":"NOTICIAS NACIONALES","link":"http:\/\/www.grieta.org.mx\/index.php\/category\/noticias-nacionales\/"},"img":{"alt_text":"","src":"https:\/\/i0.wp.com\/www.grieta.org.mx\/wp-content\/uploads\/2018\/03\/14524434_1106112876131411_958039263622046936_o.jpg?resize=350%2C200","width":350,"height":200,"srcset":"https:\/\/i0.wp.com\/www.grieta.org.mx\/wp-content\/uploads\/2018\/03\/14524434_1106112876131411_958039263622046936_o.jpg?resize=350%2C200 1x, https:\/\/i0.wp.com\/www.grieta.org.mx\/wp-content\/uploads\/2018\/03\/14524434_1106112876131411_958039263622046936_o.jpg?resize=525%2C300 1.5x, https:\/\/i0.wp.com\/www.grieta.org.mx\/wp-content\/uploads\/2018\/03\/14524434_1106112876131411_958039263622046936_o.jpg?resize=700%2C400 2x"},"classes":[]},{"id":4475,"url":"http:\/\/www.grieta.org.mx\/index.php\/2016\/02\/29\/no-a-la-privatizacion-de-las-playas-marchan-en-akumal\/","url_meta":{"origin":4458,"position":2},"title":"\u201cNo a la privatizaci\u00f3n de las playas\u201d; marchan en Akumal","author":"grieta","date":"29 febrero, 2016","format":false,"excerpt":"Alrededor de 400 personas alzaron la voz para solicitar el libre acceso. Sara Cauich\/SIPSE TULUM, Q. Roo.- Una marcha pac\u00edfica tuvo lugar, ayer, en la playa de la Bah\u00eda de Akumal. El abogado de las cooperativas pidi\u00f3 a la Semarnat actuar en favor del pueblo. El representante legal del CEA\u2026","rel":"","context":"En &quot;CINTILLO&quot;","block_context":{"text":"CINTILLO","link":"http:\/\/www.grieta.org.mx\/index.php\/category\/cintillo\/"},"img":{"alt_text":"","src":"https:\/\/i0.wp.com\/www.grieta.org.mx\/wp-content\/uploads\/2018\/03\/14524434_1106112876131411_958039263622046936_o.jpg?resize=350%2C200","width":350,"height":200,"srcset":"https:\/\/i0.wp.com\/www.grieta.org.mx\/wp-content\/uploads\/2018\/03\/14524434_1106112876131411_958039263622046936_o.jpg?resize=350%2C200 1x, https:\/\/i0.wp.com\/www.grieta.org.mx\/wp-content\/uploads\/2018\/03\/14524434_1106112876131411_958039263622046936_o.jpg?resize=525%2C300 1.5x, https:\/\/i0.wp.com\/www.grieta.org.mx\/wp-content\/uploads\/2018\/03\/14524434_1106112876131411_958039263622046936_o.jpg?resize=700%2C400 2x"},"classes":[]},{"id":4472,"url":"http:\/\/www.grieta.org.mx\/index.php\/2016\/02\/18\/amanece-la-bahia-de-akumal-con-una-cerca-de-puas\/","url_meta":{"origin":4458,"position":3},"title":"Amanece la Bah\u00eda de Akumal con una cerca de p\u00faas","author":"grieta","date":"18 febrero, 2016","format":false,"excerpt":"Se trata del espacio que el Centro Ecol\u00f3gico de Akumal reclama como propio; cooperativas protestan. Sara Cauich\/SIPSE TULUM, Q. Roo.- El conflicto que mantienen el Centro Ecol\u00f3gico de Akumal (CEA) y prestadores de servicios cooperativos se hizo m\u00e1s grande cuando el CEA anunci\u00f3 que cobrar\u00eda 130 d\u00f3lares por el ingreso\u2026","rel":"","context":"En &quot;CINTILLO&quot;","block_context":{"text":"CINTILLO","link":"http:\/\/www.grieta.org.mx\/index.php\/category\/cintillo\/"},"img":{"alt_text":"","src":"https:\/\/i0.wp.com\/www.grieta.org.mx\/wp-content\/uploads\/2018\/03\/14524434_1106112876131411_958039263622046936_o.jpg?resize=350%2C200","width":350,"height":200,"srcset":"https:\/\/i0.wp.com\/www.grieta.org.mx\/wp-content\/uploads\/2018\/03\/14524434_1106112876131411_958039263622046936_o.jpg?resize=350%2C200 1x, https:\/\/i0.wp.com\/www.grieta.org.mx\/wp-content\/uploads\/2018\/03\/14524434_1106112876131411_958039263622046936_o.jpg?resize=525%2C300 1.5x, https:\/\/i0.wp.com\/www.grieta.org.mx\/wp-content\/uploads\/2018\/03\/14524434_1106112876131411_958039263622046936_o.jpg?resize=700%2C400 2x"},"classes":[]},{"id":4467,"url":"http:\/\/www.grieta.org.mx\/index.php\/2016\/02\/15\/otra-vez-cierran-el-acceso-a-la-bahia-de-akumal\/","url_meta":{"origin":4458,"position":4},"title":"\u00a1Otra vez! Cierran el acceso a la Bah\u00eda de Akumal","author":"grieta","date":"15 febrero, 2016","format":false,"excerpt":"El Centro Ecol\u00f3gico de Akumal coloc\u00f3 una lona negando el acceso a la playa. Redacci\u00f3n\/SIPSE TULUM, Q. Roo.- El d\u00eda de hoy aproximadamente a las 10 de la ma\u00f1ana, El Centro Ecol\u00f3gico de Akumal (CEA) cerr\u00f3 el acceso p\u00fablico a la playa, colocando una lona, con el motivo de que\u2026","rel":"","context":"En &quot;CINTILLO&quot;","block_context":{"text":"CINTILLO","link":"http:\/\/www.grieta.org.mx\/index.php\/category\/cintillo\/"},"img":{"alt_text":"","src":"https:\/\/i0.wp.com\/www.grieta.org.mx\/wp-content\/uploads\/2018\/03\/14524434_1106112876131411_958039263622046936_o.jpg?resize=350%2C200","width":350,"height":200,"srcset":"https:\/\/i0.wp.com\/www.grieta.org.mx\/wp-content\/uploads\/2018\/03\/14524434_1106112876131411_958039263622046936_o.jpg?resize=350%2C200 1x, https:\/\/i0.wp.com\/www.grieta.org.mx\/wp-content\/uploads\/2018\/03\/14524434_1106112876131411_958039263622046936_o.jpg?resize=525%2C300 1.5x, https:\/\/i0.wp.com\/www.grieta.org.mx\/wp-content\/uploads\/2018\/03\/14524434_1106112876131411_958039263622046936_o.jpg?resize=700%2C400 2x"},"classes":[]},{"id":13252,"url":"http:\/\/www.grieta.org.mx\/index.php\/2016\/05\/30\/pobladores-de-akumal-se-enfrentan-a-policias-en-cancun\/","url_meta":{"origin":4458,"position":5},"title":"Pobladores de Akumal se enfrentan a polic\u00edas en Canc\u00fan","author":"grieta","date":"30 mayo, 2016","format":false,"excerpt":"Adriana Varillas \/ corresponsal Canc\u00fan, Q. Roo Pobladores de la localidad de Akumal, en el municipio de Tulum, fueron gaseados y golpeados anoche por la polic\u00eda local, al intentar abrir el acceso que tradicionalmente permit\u00eda el paso hacia las playas p\u00fablicas y que ha sido bloqueado por el Centro Ecol\u00f3gico\u2026","rel":"","context":"En &quot;CINTILLO&quot;","block_context":{"text":"CINTILLO","link":"http:\/\/www.grieta.org.mx\/index.php\/category\/cintillo\/"},"img":{"alt_text":"","src":"https:\/\/i0.wp.com\/www.grieta.org.mx\/wp-content\/uploads\/2018\/03\/14524434_1106112876131411_958039263622046936_o.jpg?resize=350%2C200","width":350,"height":200,"srcset":"https:\/\/i0.wp.com\/www.grieta.org.mx\/wp-content\/uploads\/2018\/03\/14524434_1106112876131411_958039263622046936_o.jpg?resize=350%2C200 1x, https:\/\/i0.wp.com\/www.grieta.org.mx\/wp-content\/uploads\/2018\/03\/14524434_1106112876131411_958039263622046936_o.jpg?resize=525%2C300 1.5x, https:\/\/i0.wp.com\/www.grieta.org.mx\/wp-content\/uploads\/2018\/03\/14524434_1106112876131411_958039263622046936_o.jpg?resize=700%2C400 2x"},"classes":[]}],"_links":{"self":[{"href":"http:\/\/www.grieta.org.mx\/index.php\/wp-json\/wp\/v2\/posts\/4458","targetHints":{"allow":["GET"]}}],"collection":[{"href":"http:\/\/www.grieta.org.mx\/index.php\/wp-json\/wp\/v2\/posts"}],"about":[{"href":"http:\/\/www.grieta.org.mx\/index.php\/wp-json\/wp\/v2\/types\/post"}],"author":[{"embeddable":true,"href":"http:\/\/www.grieta.org.mx\/index.php\/wp-json\/wp\/v2\/users\/2"}],"replies":[{"embeddable":true,"href":"http:\/\/www.grieta.org.mx\/index.php\/wp-json\/wp\/v2\/comments?post=4458"}],"version-history":[{"count":1,"href":"http:\/\/www.grieta.org.mx\/index.php\/wp-json\/wp\/v2\/posts\/4458\/revisions"}],"predecessor-version":[{"id":4460,"href":"http:\/\/www.grieta.org.mx\/index.php\/wp-json\/wp\/v2\/posts\/4458\/revisions\/4460"}],"wp:featuredmedia":[{"embeddable":true,"href":"http:\/\/www.grieta.org.mx\/index.php\/wp-json\/wp\/v2\/media\/21928"}],"wp:attachment":[{"href":"http:\/\/www.grieta.org.mx\/index.php\/wp-json\/wp\/v2\/media?parent=4458"}],"wp:term":[{"taxonomy":"category","embeddable":true,"href":"http:\/\/www.grieta.org.mx\/index.php\/wp-json\/wp\/v2\/categories?post=4458"},{"taxonomy":"post_tag","embeddable":true,"href":"http:\/\/www.grieta.org.mx\/index.php\/wp-json\/wp\/v2\/tags?post=4458"}],"curies":[{"name":"wp","href":"https:\/\/api.w.org\/{rel}","templated":true}]}}