{"id":4452,"date":"2015-12-22T17:52:49","date_gmt":"2015-12-22T17:52:49","guid":{"rendered":"http:\/\/50.22.11.12\/~grietaor\/?p=4452"},"modified":"2016-03-23T17:56:52","modified_gmt":"2016-03-23T17:56:52","slug":"entrada-a-la-bahia-de-akumal-impedida-para-cooperativas","status":"publish","type":"post","link":"http:\/\/www.grieta.org.mx\/index.php\/2015\/12\/22\/entrada-a-la-bahia-de-akumal-impedida-para-cooperativas\/","title":{"rendered":"Entrada a la bah\u00eda de Akumal, impedida para cooperativas"},"content":{"rendered":"<p>Las negociaciones contin\u00faan para permitir el acceso a los prestadores de servicios tur\u00edsticos.<\/p>\n<p>Sara Cauich\/SIPSE<br \/>\nTULUM, Q. Roo.- El comit\u00e9 de negociaci\u00f3n con las cooperativas tur\u00edsticas de Akumal acord\u00f3 solicitar la intervenci\u00f3n de la presidencia para asegurar a la poblaci\u00f3n el camino de acceso a la bah\u00eda<\/p>\n<p>La Direcci\u00f3n de turismo municipal integrar\u00e1 el comit\u00e9 para negociar con las cooperativas el paso para la actividad comercial en la bah\u00eda de Akumal. Mientras que una reuni\u00f3n de pobladores acord\u00f3 enviar una misiva a la Presidencia de la Rep\u00fablica para asegurar acceso a los pobladores de Akumal a la bah\u00eda.<\/p>\n<p>La reuni\u00f3n, que tuvo lugar en la delegaci\u00f3n del poblado, estuvo convocada por el delegado Abraham Rej\u00f3n Tun, quien recibi\u00f3 cr\u00edticas por no haber acompa\u00f1ado a quienes llevaron a cabo el bloqueo de la v\u00eda de acceso.<\/p>\n<p>Igualmente fue cuestionada la ausencia del presidente municipal de Tulum David Balam Chan, por no atender ni dar la cara a los problemas de los residentes de Akumal.<\/p>\n<p>Vecinos como como Fernando Gamboa, dijo que es momento de seguir adelante y tomar otras medidas para que el acceso a la bah\u00eda de Akumal quede libre para la poblaci\u00f3n, los quintanarroenses en general y todo mexicano, que quiera disfrutar de las playas.<\/p>\n<p>La solicitud estar\u00e1 debidamente documentada y con todos los elementos existentes a la mano para defender esa vialidad, argumentan los vecinos.<\/p>\n<p>En esta reuni\u00f3n habl\u00f3 la generaci\u00f3n m\u00e1s antigua de habitantes de Akumal, quienes recordaron el camino que se transitaba hace 40 a\u00f1os sin ninguna limitante, a diferencia de ahora que las operaciones comerciales con base en los recursos naturales es motivo de enfrentamiento ente los propios vecinos.<\/p>\n<p>Mesa de di\u00e1logo<\/p>\n<p>Por otro lado, Mario Cruz Rodr\u00edguez, dijo que se integrar\u00e1 con los l\u00edderes de las seis cooperativas y el Centro Ecol\u00f3gico de Akumal (CEA), la mesa de di\u00e1logo, con base en la premisa de que el CEA tiene la propiedad privada de la superficie donde se encuentra el acceso a la bah\u00eda.<\/p>\n<p>La poblaci\u00f3n tiene garantizado el acceso por el camino principal, sin restricciones, dijo el funcionario, y ese es un acuerdo firmado por el delegado Abraham Rej\u00f3n, sostuvo.<\/p>\n<p>El di\u00e1logo con los representantes de las cooperativas empezar\u00e1 tan pronto tengan todos conocimiento y sean convocados \u201cpara que la actividad tur\u00edstica y los propios socios de la cooperativas, no se vean afectados ahora que inicia la temporada larga con buenas expectativas\u201d, indic\u00f3.<\/p>\n<p><a href=\"http:\/\/sipse.com\/novedades\/acceso-bahia-de-akumal-playa-costa-cea-conflicto-tulum-centro-ecologico-akumal-183998.html\" target=\"_blank\">sipse.com\/novedades\/acceso-bahia-de-akumal-playa-costa-cea-conflicto-tulum-centro-ecologico-akumal-183998.html<\/a><\/p>\n","protected":false},"excerpt":{"rendered":"<p>Las negociaciones contin\u00faan para permitir el acceso a los prestadores de servicios tur\u00edsticos. Sara Cauich\/SIPSE TULUM, Q. Roo.- El comit\u00e9 de negociaci\u00f3n con las cooperativas tur\u00edsticas de Akumal acord\u00f3 solicitar &hellip; <a href=\"http:\/\/www.grieta.org.mx\/index.php\/2015\/12\/22\/entrada-a-la-bahia-de-akumal-impedida-para-cooperativas\/\" class=\"more-link\">Leer m\u00e1s<\/a><\/p>\n","protected":false},"author":2,"featured_media":21928,"comment_status":"closed","ping_status":"open","sticky":false,"template":"","format":"standard","meta":{"ngg_post_thumbnail":0,"_jetpack_newsletter_access":"","_jetpack_dont_email_post_to_subs":false,"_jetpack_newsletter_tier_id":0,"_jetpack_memberships_contains_paywalled_content":false,"_jetpack_memberships_contains_paid_content":false,"footnotes":""},"categories":[80,151],"tags":[353,184,285],"class_list":["post-4452","post","type-post","status-publish","format-standard","has-post-thumbnail","hentry","category-cintillo","category-quintana-roo","tag-akumal","tag-despojo","tag-turismo","entry"],"jetpack_featured_media_url":"http:\/\/www.grieta.org.mx\/wp-content\/uploads\/2018\/03\/14524434_1106112876131411_958039263622046936_o.jpg","jetpack_sharing_enabled":true,"jetpack_shortlink":"https:\/\/wp.me\/p7ZJR4-19O","jetpack_likes_enabled":false,"jetpack-related-posts":[{"id":4450,"url":"http:\/\/www.grieta.org.mx\/index.php\/2016\/05\/30\/akumal-historia-de-un-despojo-anunciado-2\/","url_meta":{"origin":4452,"position":0},"title":"Akumal, historia de un despojo anunciado","author":"grieta","date":"30 mayo, 2016","format":false,"excerpt":"30\/05\/16. Arde Akumal 20 heridos por defender acceso a la playa; polic\u00eda no permite entrada de ambulancias .700 pobladores queman patrullas y la delegaci\u00f3n en protestaPedro Canch\u00e9 Noticias 30\/05\/16. Pobladores de Akumal se enfrentan a polic\u00edas en Canc\u00fanEl Universal 29\/02\/16. \u201cNo a la privatizaci\u00f3n de las playas\u201d; marchan en AkumalNovedades\u2026","rel":"","context":"En &quot;NOTICIAS NACIONALES&quot;","block_context":{"text":"NOTICIAS NACIONALES","link":"http:\/\/www.grieta.org.mx\/index.php\/category\/noticias-nacionales\/"},"img":{"alt_text":"","src":"https:\/\/i0.wp.com\/www.grieta.org.mx\/wp-content\/uploads\/2018\/03\/14524434_1106112876131411_958039263622046936_o.jpg?resize=350%2C200","width":350,"height":200,"srcset":"https:\/\/i0.wp.com\/www.grieta.org.mx\/wp-content\/uploads\/2018\/03\/14524434_1106112876131411_958039263622046936_o.jpg?resize=350%2C200 1x, https:\/\/i0.wp.com\/www.grieta.org.mx\/wp-content\/uploads\/2018\/03\/14524434_1106112876131411_958039263622046936_o.jpg?resize=525%2C300 1.5x, https:\/\/i0.wp.com\/www.grieta.org.mx\/wp-content\/uploads\/2018\/03\/14524434_1106112876131411_958039263622046936_o.jpg?resize=700%2C400 2x"},"classes":[]},{"id":4449,"url":"http:\/\/www.grieta.org.mx\/index.php\/2016\/01\/07\/intentan-bloquear-nuevamente-el-acceso-a-akumal\/","url_meta":{"origin":4452,"position":1},"title":"Intentan bloquear nuevamente el acceso a Akumal","author":"grieta","date":"7 enero, 2016","format":false,"excerpt":"Los l\u00edderes de cooperativas tur\u00edsticas acusan que sus demandas no han sido escuchadas por las autoridades. Sara Cauich\/SIPSE TULUM, Q. Roo.- Un amague de bloqueo del acceso a la bah\u00eda de Akumal, realizado ayer por parte de las cooperativas tur\u00edsticas, dio como resultado que habr\u00e1 una reuni\u00f3n el pr\u00f3ximo viernes\u2026","rel":"","context":"En &quot;CINTILLO&quot;","block_context":{"text":"CINTILLO","link":"http:\/\/www.grieta.org.mx\/index.php\/category\/cintillo\/"},"img":{"alt_text":"","src":"https:\/\/i0.wp.com\/www.grieta.org.mx\/wp-content\/uploads\/2018\/03\/14524434_1106112876131411_958039263622046936_o.jpg?resize=350%2C200","width":350,"height":200,"srcset":"https:\/\/i0.wp.com\/www.grieta.org.mx\/wp-content\/uploads\/2018\/03\/14524434_1106112876131411_958039263622046936_o.jpg?resize=350%2C200 1x, https:\/\/i0.wp.com\/www.grieta.org.mx\/wp-content\/uploads\/2018\/03\/14524434_1106112876131411_958039263622046936_o.jpg?resize=525%2C300 1.5x, https:\/\/i0.wp.com\/www.grieta.org.mx\/wp-content\/uploads\/2018\/03\/14524434_1106112876131411_958039263622046936_o.jpg?resize=700%2C400 2x"},"classes":[]},{"id":4467,"url":"http:\/\/www.grieta.org.mx\/index.php\/2016\/02\/15\/otra-vez-cierran-el-acceso-a-la-bahia-de-akumal\/","url_meta":{"origin":4452,"position":2},"title":"\u00a1Otra vez! Cierran el acceso a la Bah\u00eda de Akumal","author":"grieta","date":"15 febrero, 2016","format":false,"excerpt":"El Centro Ecol\u00f3gico de Akumal coloc\u00f3 una lona negando el acceso a la playa. Redacci\u00f3n\/SIPSE TULUM, Q. Roo.- El d\u00eda de hoy aproximadamente a las 10 de la ma\u00f1ana, El Centro Ecol\u00f3gico de Akumal (CEA) cerr\u00f3 el acceso p\u00fablico a la playa, colocando una lona, con el motivo de que\u2026","rel":"","context":"En &quot;CINTILLO&quot;","block_context":{"text":"CINTILLO","link":"http:\/\/www.grieta.org.mx\/index.php\/category\/cintillo\/"},"img":{"alt_text":"","src":"https:\/\/i0.wp.com\/www.grieta.org.mx\/wp-content\/uploads\/2018\/03\/14524434_1106112876131411_958039263622046936_o.jpg?resize=350%2C200","width":350,"height":200,"srcset":"https:\/\/i0.wp.com\/www.grieta.org.mx\/wp-content\/uploads\/2018\/03\/14524434_1106112876131411_958039263622046936_o.jpg?resize=350%2C200 1x, https:\/\/i0.wp.com\/www.grieta.org.mx\/wp-content\/uploads\/2018\/03\/14524434_1106112876131411_958039263622046936_o.jpg?resize=525%2C300 1.5x, https:\/\/i0.wp.com\/www.grieta.org.mx\/wp-content\/uploads\/2018\/03\/14524434_1106112876131411_958039263622046936_o.jpg?resize=700%2C400 2x"},"classes":[]},{"id":4456,"url":"http:\/\/www.grieta.org.mx\/index.php\/2015\/12\/20\/akumal-historia-de-un-despojo-anunciado\/","url_meta":{"origin":4452,"position":3},"title":"Akumal, historia de un despojo anunciado","author":"grieta","date":"20 diciembre, 2015","format":false,"excerpt":"PedroCancheNoticias\/20\/Dic\/2015.- El pueblo de Akumal se localiza en el joven Municipio de Tulum, el cual antes pertenec\u00eda al territorio de Solidaridad. Este pueblo pesquero se caracteriza por tener una bah\u00eda dotada con una riqueza natural \u00fanica en el mundo donde se encuentra un arrecife que se convierte en un santuario\u2026","rel":"","context":"En &quot;CINTILLO&quot;","block_context":{"text":"CINTILLO","link":"http:\/\/www.grieta.org.mx\/index.php\/category\/cintillo\/"},"img":{"alt_text":"","src":"https:\/\/i0.wp.com\/www.grieta.org.mx\/wp-content\/uploads\/2018\/03\/14524434_1106112876131411_958039263622046936_o.jpg?resize=350%2C200","width":350,"height":200,"srcset":"https:\/\/i0.wp.com\/www.grieta.org.mx\/wp-content\/uploads\/2018\/03\/14524434_1106112876131411_958039263622046936_o.jpg?resize=350%2C200 1x, https:\/\/i0.wp.com\/www.grieta.org.mx\/wp-content\/uploads\/2018\/03\/14524434_1106112876131411_958039263622046936_o.jpg?resize=525%2C300 1.5x, https:\/\/i0.wp.com\/www.grieta.org.mx\/wp-content\/uploads\/2018\/03\/14524434_1106112876131411_958039263622046936_o.jpg?resize=700%2C400 2x"},"classes":[]},{"id":4458,"url":"http:\/\/www.grieta.org.mx\/index.php\/2015\/12\/19\/bloquean-por-segundo-dia-la-entrada-a-la-bahia-de-akumal\/","url_meta":{"origin":4452,"position":4},"title":"Bloquean por segundo d\u00eda la entrada a la Bah\u00eda de Akumal","author":"grieta","date":"19 diciembre, 2015","format":false,"excerpt":"Tras varias negociaciones, los pobladores y administrativos del CEA no llegaron a un acuerdo. Sara Cauich\/SIPSE TULUM, Q. Roo.-Luego de tres intentos para negociar la apertura del camino a la Bah\u00eda de Akumal, ninguna de las partes cedi\u00f3 en sus condiciones y la v\u00eda permaneci\u00f3 cerrada en los dos puntos,\u2026","rel":"","context":"En &quot;CINTILLO&quot;","block_context":{"text":"CINTILLO","link":"http:\/\/www.grieta.org.mx\/index.php\/category\/cintillo\/"},"img":{"alt_text":"","src":"https:\/\/i0.wp.com\/www.grieta.org.mx\/wp-content\/uploads\/2018\/03\/14524434_1106112876131411_958039263622046936_o.jpg?resize=350%2C200","width":350,"height":200,"srcset":"https:\/\/i0.wp.com\/www.grieta.org.mx\/wp-content\/uploads\/2018\/03\/14524434_1106112876131411_958039263622046936_o.jpg?resize=350%2C200 1x, https:\/\/i0.wp.com\/www.grieta.org.mx\/wp-content\/uploads\/2018\/03\/14524434_1106112876131411_958039263622046936_o.jpg?resize=525%2C300 1.5x, https:\/\/i0.wp.com\/www.grieta.org.mx\/wp-content\/uploads\/2018\/03\/14524434_1106112876131411_958039263622046936_o.jpg?resize=700%2C400 2x"},"classes":[]},{"id":4475,"url":"http:\/\/www.grieta.org.mx\/index.php\/2016\/02\/29\/no-a-la-privatizacion-de-las-playas-marchan-en-akumal\/","url_meta":{"origin":4452,"position":5},"title":"\u201cNo a la privatizaci\u00f3n de las playas\u201d; marchan en Akumal","author":"grieta","date":"29 febrero, 2016","format":false,"excerpt":"Alrededor de 400 personas alzaron la voz para solicitar el libre acceso. Sara Cauich\/SIPSE TULUM, Q. Roo.- Una marcha pac\u00edfica tuvo lugar, ayer, en la playa de la Bah\u00eda de Akumal. El abogado de las cooperativas pidi\u00f3 a la Semarnat actuar en favor del pueblo. El representante legal del CEA\u2026","rel":"","context":"En &quot;CINTILLO&quot;","block_context":{"text":"CINTILLO","link":"http:\/\/www.grieta.org.mx\/index.php\/category\/cintillo\/"},"img":{"alt_text":"","src":"https:\/\/i0.wp.com\/www.grieta.org.mx\/wp-content\/uploads\/2018\/03\/14524434_1106112876131411_958039263622046936_o.jpg?resize=350%2C200","width":350,"height":200,"srcset":"https:\/\/i0.wp.com\/www.grieta.org.mx\/wp-content\/uploads\/2018\/03\/14524434_1106112876131411_958039263622046936_o.jpg?resize=350%2C200 1x, https:\/\/i0.wp.com\/www.grieta.org.mx\/wp-content\/uploads\/2018\/03\/14524434_1106112876131411_958039263622046936_o.jpg?resize=525%2C300 1.5x, https:\/\/i0.wp.com\/www.grieta.org.mx\/wp-content\/uploads\/2018\/03\/14524434_1106112876131411_958039263622046936_o.jpg?resize=700%2C400 2x"},"classes":[]}],"_links":{"self":[{"href":"http:\/\/www.grieta.org.mx\/index.php\/wp-json\/wp\/v2\/posts\/4452","targetHints":{"allow":["GET"]}}],"collection":[{"href":"http:\/\/www.grieta.org.mx\/index.php\/wp-json\/wp\/v2\/posts"}],"about":[{"href":"http:\/\/www.grieta.org.mx\/index.php\/wp-json\/wp\/v2\/types\/post"}],"author":[{"embeddable":true,"href":"http:\/\/www.grieta.org.mx\/index.php\/wp-json\/wp\/v2\/users\/2"}],"replies":[{"embeddable":true,"href":"http:\/\/www.grieta.org.mx\/index.php\/wp-json\/wp\/v2\/comments?post=4452"}],"version-history":[{"count":1,"href":"http:\/\/www.grieta.org.mx\/index.php\/wp-json\/wp\/v2\/posts\/4452\/revisions"}],"predecessor-version":[{"id":4453,"href":"http:\/\/www.grieta.org.mx\/index.php\/wp-json\/wp\/v2\/posts\/4452\/revisions\/4453"}],"wp:featuredmedia":[{"embeddable":true,"href":"http:\/\/www.grieta.org.mx\/index.php\/wp-json\/wp\/v2\/media\/21928"}],"wp:attachment":[{"href":"http:\/\/www.grieta.org.mx\/index.php\/wp-json\/wp\/v2\/media?parent=4452"}],"wp:term":[{"taxonomy":"category","embeddable":true,"href":"http:\/\/www.grieta.org.mx\/index.php\/wp-json\/wp\/v2\/categories?post=4452"},{"taxonomy":"post_tag","embeddable":true,"href":"http:\/\/www.grieta.org.mx\/index.php\/wp-json\/wp\/v2\/tags?post=4452"}],"curies":[{"name":"wp","href":"https:\/\/api.w.org\/{rel}","templated":true}]}}