{"id":44512,"date":"2020-02-20T21:42:47","date_gmt":"2020-02-21T03:42:47","guid":{"rendered":"http:\/\/www.grieta.org.mx\/?p=44512"},"modified":"2020-02-21T01:14:03","modified_gmt":"2020-02-21T07:14:03","slug":"nunca-mas-una-ciencia-sin-nosotras-asamblea-de-mujeres-organizadas-de-la-facultad-de-ciencias-de-la-unam","status":"publish","type":"post","link":"http:\/\/www.grieta.org.mx\/index.php\/2020\/02\/20\/nunca-mas-una-ciencia-sin-nosotras-asamblea-de-mujeres-organizadas-de-la-facultad-de-ciencias-de-la-unam\/","title":{"rendered":"\u201cNunca m\u00e1s una ciencia sin nosotras\u201d: Asamblea de Mujeres Organizadas de la Facultad de  Ciencias de la UNAM"},"content":{"rendered":"<blockquote><p>&#8211; Las estudiantes tomaron su escuela en protesta por la violencia de g\u00e9nero<br \/>\n&#8211; Durante cuatro d\u00edas realizaron decenas de talleres, foros, pl\u00e1ticas y conversatorios<br \/>\n&#8211; \u201cLo aprobado por el Consejo Universitario no resuelve nuestras demandas\u201d<br \/>\n&#8211; \u201cLa normalidad de las autoridades es la violencia cotidiana; nuestra lucha es por justicia\u201d<br \/>\n&#8211; \u201cA las mujeres que ven y padecen las injusticias, les decimos: vengan, porque podemos construir juntas\u201d<\/p><\/blockquote>\n<figure id=\"attachment_44513\" aria-describedby=\"caption-attachment-44513\" style=\"width: 800px\" class=\"wp-caption aligncenter\"><img loading=\"lazy\" decoding=\"async\" data-attachment-id=\"44513\" data-permalink=\"http:\/\/www.grieta.org.mx\/index.php\/2020\/02\/20\/nunca-mas-una-ciencia-sin-nosotras-asamblea-de-mujeres-organizadas-de-la-facultad-de-ciencias-de-la-unam\/muralciencias\/\" data-orig-file=\"http:\/\/www.grieta.org.mx\/wp-content\/uploads\/2020\/02\/MuralCiencias.jpg\" data-orig-size=\"1280,846\" data-comments-opened=\"0\" data-image-meta=\"{&quot;aperture&quot;:&quot;0&quot;,&quot;credit&quot;:&quot;&quot;,&quot;camera&quot;:&quot;&quot;,&quot;caption&quot;:&quot;&quot;,&quot;created_timestamp&quot;:&quot;0&quot;,&quot;copyright&quot;:&quot;&quot;,&quot;focal_length&quot;:&quot;0&quot;,&quot;iso&quot;:&quot;0&quot;,&quot;shutter_speed&quot;:&quot;0&quot;,&quot;title&quot;:&quot;&quot;,&quot;orientation&quot;:&quot;1&quot;}\" data-image-title=\"MuralCiencias\" data-image-description=\"\" data-image-caption=\"&lt;p&gt;Mural junto al Auditorio de la Facultad de Ciencias. Foto: Asamblea de Mujeres Organizadas de la Facultad de  Ciencias.&lt;\/p&gt;\n\" data-medium-file=\"http:\/\/www.grieta.org.mx\/wp-content\/uploads\/2020\/02\/MuralCiencias-300x198.jpg\" data-large-file=\"http:\/\/www.grieta.org.mx\/wp-content\/uploads\/2020\/02\/MuralCiencias-1024x677.jpg\" class=\"wp-image-44513\" src=\"http:\/\/www.grieta.org.mx\/wp-content\/uploads\/2020\/02\/MuralCiencias-1024x677.jpg\" alt=\"\" width=\"800\" height=\"529\" srcset=\"http:\/\/www.grieta.org.mx\/wp-content\/uploads\/2020\/02\/MuralCiencias-1024x677.jpg 1024w, http:\/\/www.grieta.org.mx\/wp-content\/uploads\/2020\/02\/MuralCiencias-300x198.jpg 300w, http:\/\/www.grieta.org.mx\/wp-content\/uploads\/2020\/02\/MuralCiencias-768x508.jpg 768w, http:\/\/www.grieta.org.mx\/wp-content\/uploads\/2020\/02\/MuralCiencias-757x500.jpg 757w, http:\/\/www.grieta.org.mx\/wp-content\/uploads\/2020\/02\/MuralCiencias.jpg 1280w\" sizes=\"auto, (max-width: 800px) 100vw, 800px\" \/><figcaption id=\"caption-attachment-44513\" class=\"wp-caption-text\">Mural junto al Auditorio de la Facultad de Ciencias. Foto: Asamblea de Mujeres Organizadas de la Facultad de Ciencias.<\/figcaption><\/figure>\n<p>Colectivo Grieta, 20 de febrero de 2020<br \/>\nCiudad de M\u00e9xico.- Entre los d\u00edas 11 y 14 de Febrero, la Asamblea de Mujeres Organizadas de la Facultad de Ciencias de la UNAM realiz\u00f3 un paro contra la violencia de g\u00e9nero que impera dentro de esta casa de estudios. Las estudiantes consideran que la rector\u00eda no ha cumplido sus demandas, pues las reformas al Estatuto Universitario son insuficientes al no incluir sanciones ni procedimientos espec\u00edficos contra los acosadores sexuales, tal como s\u00ed se contemplaron en las propuestas hechas por las mujeres organizadas de la UNAM, de quienes provino la iniciativa de reforma, y que no fueron tomadas en cuenta al momento de la modificaci\u00f3n del estatuto.<\/p>\n<p>Este paro es parte de un proceso organizativo que comenz\u00f3 desde hace muchos meses . Espacios como el 2\u00ba Encuentro Internacional de Mujeres que Luchan, realizado en territorio zapatista en diciembre de 2019, han permitido un proceso de aprendizaje que a decir de las estudiantes ha sido valioso para ellas, quienes resumen su lucha en una sola frase: <em>\u201cluchamos por justicia para las mujeres y por acabar con la violencia contra las mujeres\u201d.<\/em><\/p>\n<p>El pasado 18 de febrero entrevistamos a un grupo de estudiantas pertenecientes a la Asamblea de Mujeres Organizadas de la Facultad de Ciencias, quienes nos compartieron un pedazo de su proceso de organizaci\u00f3n y lucha. Este movimiento fue iniciado por estudiantes, quienes desde hace algunos semestres empezaron a movilizarse en protesta por la violencia cotidiana que viven como mujeres dentro de la universidad. Nos cuentan que ya hab\u00eda una colectiva organizada al interior de la facultad. Con esa colectiva y otros grupos de mujeres que quisieron organizarse, poco a poco se fueron encontrando y caminaron juntas hacia lo que est\u00e1n haciendo hoy.<\/p>\n<figure id=\"attachment_44514\" aria-describedby=\"caption-attachment-44514\" style=\"width: 800px\" class=\"wp-caption aligncenter\"><img loading=\"lazy\" decoding=\"async\" data-attachment-id=\"44514\" data-permalink=\"http:\/\/www.grieta.org.mx\/index.php\/2020\/02\/20\/nunca-mas-una-ciencia-sin-nosotras-asamblea-de-mujeres-organizadas-de-la-facultad-de-ciencias-de-la-unam\/elgrito\/\" data-orig-file=\"http:\/\/www.grieta.org.mx\/wp-content\/uploads\/2020\/02\/Elgrito.jpg\" data-orig-size=\"1033,775\" data-comments-opened=\"0\" data-image-meta=\"{&quot;aperture&quot;:&quot;0&quot;,&quot;credit&quot;:&quot;&quot;,&quot;camera&quot;:&quot;&quot;,&quot;caption&quot;:&quot;&quot;,&quot;created_timestamp&quot;:&quot;0&quot;,&quot;copyright&quot;:&quot;&quot;,&quot;focal_length&quot;:&quot;0&quot;,&quot;iso&quot;:&quot;0&quot;,&quot;shutter_speed&quot;:&quot;0&quot;,&quot;title&quot;:&quot;&quot;,&quot;orientation&quot;:&quot;1&quot;}\" data-image-title=\"Elgrito\" data-image-description=\"\" data-image-caption=\"&lt;p&gt;Foto: Colectivo Grieta&lt;\/p&gt;\n\" data-medium-file=\"http:\/\/www.grieta.org.mx\/wp-content\/uploads\/2020\/02\/Elgrito-300x225.jpg\" data-large-file=\"http:\/\/www.grieta.org.mx\/wp-content\/uploads\/2020\/02\/Elgrito-1024x768.jpg\" class=\"wp-image-44514\" src=\"http:\/\/www.grieta.org.mx\/wp-content\/uploads\/2020\/02\/Elgrito-1024x768.jpg\" alt=\"\" width=\"800\" height=\"600\" srcset=\"http:\/\/www.grieta.org.mx\/wp-content\/uploads\/2020\/02\/Elgrito-1024x768.jpg 1024w, http:\/\/www.grieta.org.mx\/wp-content\/uploads\/2020\/02\/Elgrito-300x225.jpg 300w, http:\/\/www.grieta.org.mx\/wp-content\/uploads\/2020\/02\/Elgrito-768x576.jpg 768w, http:\/\/www.grieta.org.mx\/wp-content\/uploads\/2020\/02\/Elgrito-666x500.jpg 666w, http:\/\/www.grieta.org.mx\/wp-content\/uploads\/2020\/02\/Elgrito.jpg 1033w\" sizes=\"auto, (max-width: 800px) 100vw, 800px\" \/><figcaption id=\"caption-attachment-44514\" class=\"wp-caption-text\">Foto: Colectivo Grieta<\/figcaption><\/figure>\n<p>Organizarse ha llevado tiempo, la lucha durar\u00e1 a\u00fan m\u00e1s<\/p>\n<p><em>\u201cNuestra lucha es contra la violencia hacia las mujeres. Luchamos por el reconocimiento de la Asamblea de Mujeres como actor pol\u00edtico. Luchamos por generar espacios de reconocimiento, encuentro, escucha; por generar espacios para nombrar las cosas que nos aquejan, para compartirlas y abordarlas de manera colectiva. Luchamos por cambiar las din\u00e1micas de la Facultad de Ciencias. Estamos conscientes de que \u00e9ste es un objetivo inmenso, que tiene un contexto hist\u00f3rico, que es un problema que va m\u00e1s all\u00e1 de la facultad, y que tiene un proceso hist\u00f3rico muy importante\u201d.<\/em> Nos cont\u00f3 una estudianta, mientras otra m\u00e1s complement\u00f3: <em>\u201cLuchamos para visibilizarnos como mujeres cient\u00edficas. Luchamos por apropiarnos de los espacios negados para las mujeres\u201d.<\/em><\/p>\n<p>Todo empez\u00f3 m\u00e1s o menos al mismo tiempo que las movilizaciones contra los porros en septiembre de 2018. En ese entonces, varios grupos de mujeres estudiantas dentro de la universidad fueron platicando sobre la violencia de g\u00e9nero. El contexto pol\u00edtico las fue agrupando, las fue juntando. Luego vinieron los feminicidios en la UNAM, los casos de hombres que videograban a las alumnas en los ba\u00f1os de la facultad, los secuestros de mujeres afuera de las estaciones de metro, las violaciones por parte de los polic\u00edas incluyendo violaciones contra estudiantas del CCH, los movimientos internacionales como el 8M, la despenalizaci\u00f3n del aborto en Argentina. Todo esto las hizo voltearse a ver como mujeres, se fueron encontrando en las movilizaciones citadinas, se fueron conociendo e integrando. As\u00ed fue como se organizaron primero como Mujeres Organizadas de la Facultad de Ciencias y ahora como Asamblea de Mujeres Organizadas de la Facultad de Ciencias.<\/p>\n<p>As\u00ed en el curso de los meses, como Asamblea lograron visibilizar una serie de agresiones, de acoso sexual, de violaciones, de toda clase de violencias de g\u00e9nero de las que han sido v\u00edctimas estudiantes por parte de acad\u00e9micos, de directivos y de sus propios compa\u00f1eros de aula. Todo ello sin que los protocolos vigentes en la UNAM fuesen efectivos para detener una violencia que no solo es brutal, sino cotidiana, normalizada e impune. Adem\u00e1s se encuentran inmersas en el patriarcado en las ciencias; una realidad cotidiana de desprecio y discriminaci\u00f3n en espacios dominados tradicionalmente por hombres.<br \/>\nEn este proceso, durante alguno de los paros de los \u00faltimos meses, las j\u00f3venes pintaron los muros de su facultad con consignas contra la violencia machista. Una de esas pintas se\u00f1alaba como Alberto Barajas Celis, cuyo nombre lleva el auditorio de la Facultad, dec\u00eda en p\u00fablico que las matem\u00e1ticas no eran una carrera adecuada para las mujeres, \u201csalvo para las feas\u201d. No falt\u00f3 la autoridad y los acad\u00e9micos que se indignaron por las pintas, antes que por los hechos que denunciaban, <em>&#8220;como secundando la posici\u00f3n del presidente, pidiendo respeto por las paredes, mientras las mujeres son violentadas, agredidas y asesinadas&#8221;<\/em>.<\/p>\n<figure id=\"attachment_44515\" aria-describedby=\"caption-attachment-44515\" style=\"width: 800px\" class=\"wp-caption aligncenter\"><img loading=\"lazy\" decoding=\"async\" data-attachment-id=\"44515\" data-permalink=\"http:\/\/www.grieta.org.mx\/index.php\/2020\/02\/20\/nunca-mas-una-ciencia-sin-nosotras-asamblea-de-mujeres-organizadas-de-la-facultad-de-ciencias-de-la-unam\/proceso1\/\" data-orig-file=\"http:\/\/www.grieta.org.mx\/wp-content\/uploads\/2020\/02\/Proceso1.jpg\" data-orig-size=\"870,652\" data-comments-opened=\"0\" data-image-meta=\"{&quot;aperture&quot;:&quot;0&quot;,&quot;credit&quot;:&quot;&quot;,&quot;camera&quot;:&quot;&quot;,&quot;caption&quot;:&quot;&quot;,&quot;created_timestamp&quot;:&quot;0&quot;,&quot;copyright&quot;:&quot;&quot;,&quot;focal_length&quot;:&quot;0&quot;,&quot;iso&quot;:&quot;0&quot;,&quot;shutter_speed&quot;:&quot;0&quot;,&quot;title&quot;:&quot;&quot;,&quot;orientation&quot;:&quot;1&quot;}\" data-image-title=\"Proceso1\" data-image-description=\"\" data-image-caption=\"&lt;p&gt;Foto: Asamblea de Mujeres Organizadas de la Facultad de  Ciencias de la UNAM&lt;\/p&gt;\n\" data-medium-file=\"http:\/\/www.grieta.org.mx\/wp-content\/uploads\/2020\/02\/Proceso1-300x225.jpg\" data-large-file=\"http:\/\/www.grieta.org.mx\/wp-content\/uploads\/2020\/02\/Proceso1.jpg\" class=\"wp-image-44515\" src=\"http:\/\/www.grieta.org.mx\/wp-content\/uploads\/2020\/02\/Proceso1.jpg\" alt=\"\" width=\"800\" height=\"600\" srcset=\"http:\/\/www.grieta.org.mx\/wp-content\/uploads\/2020\/02\/Proceso1.jpg 870w, http:\/\/www.grieta.org.mx\/wp-content\/uploads\/2020\/02\/Proceso1-300x225.jpg 300w, http:\/\/www.grieta.org.mx\/wp-content\/uploads\/2020\/02\/Proceso1-768x576.jpg 768w, http:\/\/www.grieta.org.mx\/wp-content\/uploads\/2020\/02\/Proceso1-667x500.jpg 667w\" sizes=\"auto, (max-width: 800px) 100vw, 800px\" \/><figcaption id=\"caption-attachment-44515\" class=\"wp-caption-text\">Foto: Asamblea de Mujeres Organizadas de la Facultad de Ciencias de la UNAM<\/figcaption><\/figure>\n<figure id=\"attachment_44516\" aria-describedby=\"caption-attachment-44516\" style=\"width: 800px\" class=\"wp-caption aligncenter\"><img loading=\"lazy\" decoding=\"async\" data-attachment-id=\"44516\" data-permalink=\"http:\/\/www.grieta.org.mx\/index.php\/2020\/02\/20\/nunca-mas-una-ciencia-sin-nosotras-asamblea-de-mujeres-organizadas-de-la-facultad-de-ciencias-de-la-unam\/proceso2\/\" data-orig-file=\"http:\/\/www.grieta.org.mx\/wp-content\/uploads\/2020\/02\/Proceso2.jpg\" data-orig-size=\"870,652\" data-comments-opened=\"0\" data-image-meta=\"{&quot;aperture&quot;:&quot;0&quot;,&quot;credit&quot;:&quot;&quot;,&quot;camera&quot;:&quot;&quot;,&quot;caption&quot;:&quot;&quot;,&quot;created_timestamp&quot;:&quot;0&quot;,&quot;copyright&quot;:&quot;&quot;,&quot;focal_length&quot;:&quot;0&quot;,&quot;iso&quot;:&quot;0&quot;,&quot;shutter_speed&quot;:&quot;0&quot;,&quot;title&quot;:&quot;&quot;,&quot;orientation&quot;:&quot;1&quot;}\" data-image-title=\"Proceso2\" data-image-description=\"\" data-image-caption=\"&lt;p&gt;Foto: Asamblea de Mujeres Organizadas de la Facultad de  Ciencias de la UNAM&lt;\/p&gt;\n\" data-medium-file=\"http:\/\/www.grieta.org.mx\/wp-content\/uploads\/2020\/02\/Proceso2-300x225.jpg\" data-large-file=\"http:\/\/www.grieta.org.mx\/wp-content\/uploads\/2020\/02\/Proceso2.jpg\" class=\"wp-image-44516\" src=\"http:\/\/www.grieta.org.mx\/wp-content\/uploads\/2020\/02\/Proceso2.jpg\" alt=\"\" width=\"800\" height=\"600\" srcset=\"http:\/\/www.grieta.org.mx\/wp-content\/uploads\/2020\/02\/Proceso2.jpg 870w, http:\/\/www.grieta.org.mx\/wp-content\/uploads\/2020\/02\/Proceso2-300x225.jpg 300w, http:\/\/www.grieta.org.mx\/wp-content\/uploads\/2020\/02\/Proceso2-768x576.jpg 768w, http:\/\/www.grieta.org.mx\/wp-content\/uploads\/2020\/02\/Proceso2-667x500.jpg 667w\" sizes=\"auto, (max-width: 800px) 100vw, 800px\" \/><figcaption id=\"caption-attachment-44516\" class=\"wp-caption-text\">Foto: Asamblea de Mujeres Organizadas de la Facultad de Ciencias de la UNAM<\/figcaption><\/figure>\n<figure id=\"attachment_44517\" aria-describedby=\"caption-attachment-44517\" style=\"width: 800px\" class=\"wp-caption aligncenter\"><img loading=\"lazy\" decoding=\"async\" data-attachment-id=\"44517\" data-permalink=\"http:\/\/www.grieta.org.mx\/index.php\/2020\/02\/20\/nunca-mas-una-ciencia-sin-nosotras-asamblea-de-mujeres-organizadas-de-la-facultad-de-ciencias-de-la-unam\/proceso3\/\" data-orig-file=\"http:\/\/www.grieta.org.mx\/wp-content\/uploads\/2020\/02\/Proceso3.jpg\" data-orig-size=\"870,652\" data-comments-opened=\"0\" data-image-meta=\"{&quot;aperture&quot;:&quot;0&quot;,&quot;credit&quot;:&quot;&quot;,&quot;camera&quot;:&quot;&quot;,&quot;caption&quot;:&quot;&quot;,&quot;created_timestamp&quot;:&quot;0&quot;,&quot;copyright&quot;:&quot;&quot;,&quot;focal_length&quot;:&quot;0&quot;,&quot;iso&quot;:&quot;0&quot;,&quot;shutter_speed&quot;:&quot;0&quot;,&quot;title&quot;:&quot;&quot;,&quot;orientation&quot;:&quot;1&quot;}\" data-image-title=\"Proceso3\" data-image-description=\"\" data-image-caption=\"&lt;p&gt;Foto: Asamblea de Mujeres Organizadas de la Facultad de  Ciencias de la UNAM.&lt;\/p&gt;\n\" data-medium-file=\"http:\/\/www.grieta.org.mx\/wp-content\/uploads\/2020\/02\/Proceso3-300x225.jpg\" data-large-file=\"http:\/\/www.grieta.org.mx\/wp-content\/uploads\/2020\/02\/Proceso3.jpg\" class=\"wp-image-44517\" src=\"http:\/\/www.grieta.org.mx\/wp-content\/uploads\/2020\/02\/Proceso3.jpg\" alt=\"\" width=\"800\" height=\"600\" srcset=\"http:\/\/www.grieta.org.mx\/wp-content\/uploads\/2020\/02\/Proceso3.jpg 870w, http:\/\/www.grieta.org.mx\/wp-content\/uploads\/2020\/02\/Proceso3-300x225.jpg 300w, http:\/\/www.grieta.org.mx\/wp-content\/uploads\/2020\/02\/Proceso3-768x576.jpg 768w, http:\/\/www.grieta.org.mx\/wp-content\/uploads\/2020\/02\/Proceso3-667x500.jpg 667w\" sizes=\"auto, (max-width: 800px) 100vw, 800px\" \/><figcaption id=\"caption-attachment-44517\" class=\"wp-caption-text\">Foto: Asamblea de Mujeres Organizadas de la Facultad de Ciencias de la UNAM.<\/figcaption><\/figure>\n<p>En su organizaci\u00f3n forman mesas y comisiones encargadas de cumplir el pliego petitorio, y de organizar acciones autogestivas; de manera local, se han sumado a esas comisiones algunas profesoras, como acompa\u00f1antes. La Asamblea de Mujeres de la Facultad, es, en su origen, un movimiento de base estudiantil. A\u00fan as\u00ed, en su caminar, en sus acciones, otras mujeres \u2013acad\u00e9micas, administrativas, trabajadoras\u2013 se han reflejado en ese espejo y se han sumado a la lucha desde sus propios contextos: <em>\u201cla intenci\u00f3n es que tanto ellas como profesoras, como nosotras como estudiantas, podamos detonar procesos organizativos paralelos en nuestras respectivas esferas, que eventualmente hacen intersecci\u00f3n\u201d.<\/em> Algunas participantes\u00a0 en esta asamblea relatan que han aprendido a articularse con otras facultades y planteles de la UNAM. Se organizan para que tres mujeres asistan a otras asambleas, y esta comisi\u00f3n es rotativa. <em>\u201cTodas las comisiones seguir\u00e1n trabajando aunque la facultad no est\u00e9 en paro, pues ese es el trabajo de base. Ahorita toda la movilizaci\u00f3n es separatista, no sabemos si siempre seguir\u00e1 siendo as\u00ed o no, pero por ahorita lo que nos interesa y es m\u00e1s importante, es afianzar nuestros lazos de mujeres.\u201d<\/em><\/p>\n<p>Aunque no ha sido f\u00e1cil, en su organizaci\u00f3n quieren mantener la horizontalidad. Cuentan que se han dado cuenta de que ellas mismas reproducen ciertas din\u00e1micas y ven la necesidad de aprender sobre la marcha, es decir, en la pr\u00e1ctica:<\/p>\n<p><em>\u201cA veces se idealiza mucho la movilizaci\u00f3n de las mujeres, pero nadie considera que fue a costa de nosotras mismas, de un rompimiento con nuestros propios esquemas, que se levant\u00f3 todo este movimiento. No fue f\u00e1cil, hemos tenido que discutir much\u00edsimo, y discutir necesidades como individuas es muy complicado.\u201d<\/em><\/p>\n<p>Las estudiantas ubican dentro de su propia organizaci\u00f3n diferentes vertientes: las que exigen a la autoridad, y las que trabajan con la autoridad. Algunas identifican la autogesti\u00f3n como la \u00fanica v\u00eda para seguir avanzando, y ven a las autoridades institucionales con cautela cuando no con desconfianza. Expresan que su preocupaci\u00f3n es que la instituci\u00f3n las coopte, que se monte en su lucha para cumplir sus propios intereses, su propia agenda. Por eso una de ellas concluye: <em>\u201cAunque el paro se levante, debemos seguir adelante con el proceso de lucha y organizaci\u00f3n\u201d.<\/em><\/p>\n<p>Sobre el momento actual del movimiento de las estudiantas feministas dentro de la UNAM, comentaron que su horizonte sigue siendo el cumplimiento de su pliego petitorio, donde ocupa un lugar central una reforma radical a los estatutos de la UNAM para que haya sanciones claras y concretas a la violencia de g\u00e9nero. Tambi\u00e9n contaron que es muy importante para ellas la articulaci\u00f3n con otros planteles, como Filosof\u00eda y Letras, Ciencias Pol\u00edticas y las escuelas de Bachillerato donde las estudiantas han impulsado el movimiento.<\/p>\n<p>\u201cAunque se resuelvan las demandas, debemos seguir. Si se generaron estos espacios, hay que agarrarse de ellos. No hay que dejar que las din\u00e1micas cotidianas de la vida acad\u00e9mica nos quiten este espacio. Hay que consolidar el movimiento, seguir hasta acabar definitivamente con la violencia hacia las mujeres, aprovechando las bases que ya construimos\u201d, nos dicenexpresan.<\/p>\n<figure id=\"attachment_44596\" aria-describedby=\"caption-attachment-44596\" style=\"width: 800px\" class=\"wp-caption aligncenter\"><img loading=\"lazy\" decoding=\"async\" data-attachment-id=\"44596\" data-permalink=\"http:\/\/www.grieta.org.mx\/index.php\/2020\/02\/20\/nunca-mas-una-ciencia-sin-nosotras-asamblea-de-mujeres-organizadas-de-la-facultad-de-ciencias-de-la-unam\/img-20200220-wa0002\/\" data-orig-file=\"http:\/\/www.grieta.org.mx\/wp-content\/uploads\/2020\/02\/IMG-20200220-WA0002.jpg\" data-orig-size=\"828,1280\" data-comments-opened=\"0\" data-image-meta=\"{&quot;aperture&quot;:&quot;0&quot;,&quot;credit&quot;:&quot;&quot;,&quot;camera&quot;:&quot;&quot;,&quot;caption&quot;:&quot;&quot;,&quot;created_timestamp&quot;:&quot;0&quot;,&quot;copyright&quot;:&quot;&quot;,&quot;focal_length&quot;:&quot;0&quot;,&quot;iso&quot;:&quot;0&quot;,&quot;shutter_speed&quot;:&quot;0&quot;,&quot;title&quot;:&quot;&quot;,&quot;orientation&quot;:&quot;0&quot;}\" data-image-title=\"IMG-20200220-WA0002\" data-image-description=\"\" data-image-caption=\"&lt;p&gt;Pliego de exigencias de las estudiantas de la Facultad de Ciencias.&lt;\/p&gt;\n\" data-medium-file=\"http:\/\/www.grieta.org.mx\/wp-content\/uploads\/2020\/02\/IMG-20200220-WA0002-194x300.jpg\" data-large-file=\"http:\/\/www.grieta.org.mx\/wp-content\/uploads\/2020\/02\/IMG-20200220-WA0002-662x1024.jpg\" class=\"wp-image-44596\" src=\"http:\/\/www.grieta.org.mx\/wp-content\/uploads\/2020\/02\/IMG-20200220-WA0002-662x1024.jpg\" alt=\"\" width=\"800\" height=\"1237\" srcset=\"http:\/\/www.grieta.org.mx\/wp-content\/uploads\/2020\/02\/IMG-20200220-WA0002-662x1024.jpg 662w, http:\/\/www.grieta.org.mx\/wp-content\/uploads\/2020\/02\/IMG-20200220-WA0002-194x300.jpg 194w, http:\/\/www.grieta.org.mx\/wp-content\/uploads\/2020\/02\/IMG-20200220-WA0002-768x1187.jpg 768w, http:\/\/www.grieta.org.mx\/wp-content\/uploads\/2020\/02\/IMG-20200220-WA0002-323x500.jpg 323w, http:\/\/www.grieta.org.mx\/wp-content\/uploads\/2020\/02\/IMG-20200220-WA0002.jpg 828w\" sizes=\"auto, (max-width: 800px) 100vw, 800px\" \/><figcaption id=\"caption-attachment-44596\" class=\"wp-caption-text\">Pliego de exigencias de las estudiantas de la Facultad de Ciencias.<\/figcaption><\/figure>\n<p><strong>Los acuerdos del Consejo Universitario no resuelven<\/strong><br \/>\nExplican por qu\u00e9 no se ha resuelto su principal demanda. Cuentan que en la Asamblea de Mujeres de Filosof\u00eda y Letras se redact\u00f3 una propuesta para cambiar 3 art\u00edculos del Estatuto General. Luego, sin consultar a esa Asamblea, el Consejo T\u00e9cnico de la propia Facultad hizo su propuesta de modificaciones a los art\u00edculos y todav\u00eda la Comisi\u00f3n de Legislaci\u00f3n modific\u00f3 de nuevo la propuesta. Al final, las autoridades modificaron unilateralmente solo dos de los tres art\u00edculos que ellas ped\u00edan, dejando de lado la modificaci\u00f3n al art\u00edculo 98, donde se establecer\u00edan sanciones y procedimientos contra los actos de violencia de g\u00e9nero.<\/p>\n<p>Nos dijeron que por eso les enoja profundamente que los medios y la Rector\u00eda quieran presentar estas reformas como un acto heroico y victorioso de la administraci\u00f3n de Enrique Graue, dejando de lado que lo que ha impulsado esos cambios ha sido la movilizaci\u00f3n de las mujeres. Para las estudiantes de Ciencias la modificaci\u00f3n fue\u00a0 una maniobra pol\u00edtica m\u00e1s. Mientras siga el vac\u00edo jur\u00eddico sigue habiendo espacio para la impunidad.<\/p>\n<p>Las estudiantas lo nombran as\u00ed: <em>\u201c\u00bfC\u00f3mo definimos la justicia o hablamos de justicia mientras sigue un sistema de opresi\u00f3n? \u00bfC\u00f3mo voy a volver a la normalidad, si no hay normalidad para nosotras? \u00bfLa normalidad es la violencia que vivimos todos los d\u00edas? \u00bfEsa es la normalidad para las autoridades?\u201d.<\/em><\/p>\n<figure id=\"attachment_44597\" aria-describedby=\"caption-attachment-44597\" style=\"width: 410px\" class=\"wp-caption aligncenter\"><img loading=\"lazy\" decoding=\"async\" data-attachment-id=\"44597\" data-permalink=\"http:\/\/www.grieta.org.mx\/index.php\/2020\/02\/20\/nunca-mas-una-ciencia-sin-nosotras-asamblea-de-mujeres-organizadas-de-la-facultad-de-ciencias-de-la-unam\/img-20200220-wa0001\/\" data-orig-file=\"http:\/\/www.grieta.org.mx\/wp-content\/uploads\/2020\/02\/IMG-20200220-WA0001.jpg\" data-orig-size=\"512,1280\" data-comments-opened=\"0\" data-image-meta=\"{&quot;aperture&quot;:&quot;0&quot;,&quot;credit&quot;:&quot;&quot;,&quot;camera&quot;:&quot;&quot;,&quot;caption&quot;:&quot;&quot;,&quot;created_timestamp&quot;:&quot;0&quot;,&quot;copyright&quot;:&quot;&quot;,&quot;focal_length&quot;:&quot;0&quot;,&quot;iso&quot;:&quot;0&quot;,&quot;shutter_speed&quot;:&quot;0&quot;,&quot;title&quot;:&quot;&quot;,&quot;orientation&quot;:&quot;0&quot;}\" data-image-title=\"IMG-20200220-WA0001\" data-image-description=\"\" data-image-caption=\"&lt;p&gt;Cartel explicativo del Paro Separatista. Imagen: Asamblea de Mujeres Organizadas de la Facultad de  Ciencias de la UNAM&lt;\/p&gt;\n\" data-medium-file=\"http:\/\/www.grieta.org.mx\/wp-content\/uploads\/2020\/02\/IMG-20200220-WA0001-120x300.jpg\" data-large-file=\"http:\/\/www.grieta.org.mx\/wp-content\/uploads\/2020\/02\/IMG-20200220-WA0001-410x1024.jpg\" class=\"size-large wp-image-44597\" src=\"http:\/\/www.grieta.org.mx\/wp-content\/uploads\/2020\/02\/IMG-20200220-WA0001-410x1024.jpg\" alt=\"\" width=\"410\" height=\"1024\" srcset=\"http:\/\/www.grieta.org.mx\/wp-content\/uploads\/2020\/02\/IMG-20200220-WA0001-410x1024.jpg 410w, http:\/\/www.grieta.org.mx\/wp-content\/uploads\/2020\/02\/IMG-20200220-WA0001-120x300.jpg 120w, http:\/\/www.grieta.org.mx\/wp-content\/uploads\/2020\/02\/IMG-20200220-WA0001-200x500.jpg 200w, http:\/\/www.grieta.org.mx\/wp-content\/uploads\/2020\/02\/IMG-20200220-WA0001.jpg 512w\" sizes=\"auto, (max-width: 410px) 100vw, 410px\" \/><figcaption id=\"caption-attachment-44597\" class=\"wp-caption-text\">Cartel explicativo del Paro Separatista. Imagen: Asamblea de Mujeres Organizadas de la Facultad de Ciencias de la UNAM<\/figcaption><\/figure>\n<p><strong>El 2\u00ba Encuentro Internacional de Mujeres que Luchan nos dio fuerza y coraje<\/strong><br \/>\nAlgunas de las estudiantas que participan en la Asamblea de Mujeres Organizadas de la Facultad de Ciencias pudieron asistir al encuentro convocado por las mujeres zapatistas y realizado en Chiapas en el Caracol \u201cTorbellino de Nuestra Palabra\u201d.<\/p>\n<p><em>\u201cEl encuentro de mujeres que luchan fue un encuentro seguro, precioso, de lucha y de organizaci\u00f3n. Nos dio fuerza y coraje para seguir ac\u00e1. Nos contagi\u00f3 y empap\u00f3 de esperanza. Nos impresion\u00f3 que ellas nos dieran la tarea de lograr que los feminicidios y la violencia de g\u00e9nero bajen a cero. Nos pareci\u00f3 muy fuerte que ellas, las compa\u00f1eras, las zapatistas, dieran su parte de que, en sus comunidades, este a\u00f1o no hubieron asesinatos ni feminicidios. Lograr eso, ac\u00e1, nos pareci\u00f3 un objetivo muy lejano, pero no imposible&#8221;, <\/em>comenta en entrevistauna de las estudiantes con la mirada llena de \u00e1nimo.<\/p>\n<p><em>\u201cAl ver otras mujeres organizadas, eso te hace voltear a ver c\u00f3mo te organizas. Los d\u00edas del encuentro de mujeres fueron d\u00edas de cuestionarse mucho, sin idealizar a las compa\u00f1eras, sin idealizar al zapatismo, s\u00f3lo pensando en nuestra tarea, en c\u00f3mo combatir las din\u00e1micas violentas del d\u00eda a d\u00eda.\u201d <\/em><\/p>\n<p>En sus testimonios expresan que el encuentro fue un espacio de sanaci\u00f3n para muchas. Les dio energ\u00eda para levantar su movimiento. La lucecita que les regalaron las compas les dio \u00e1nimos, energ\u00eda a partir de compartir entre todas y hacerlo dentro de un espacio construido con la lucha y el trabajo de miles de mujeres rebeldes.<br \/>\n<em>\u201cUn impacto m\u00e1s concreto del encuentro fue que las compa\u00f1eras les otorgaron a todas las mujeres un espacio para organizarse. Ellas (las zapatistas) cedieron su lugar y su tiempo para que nosotras estemos aqu\u00ed hoy. La lucecita de las compa\u00f1eras fue una luz de esperanza,\u00a0 fue una luz de energ\u00eda, y fue una luz de responsabilidad. Nosotras sentimos que tenemos una tarea que cumplir: organizar la lucha en defensa de la vida, y a partir de eso, construir nuestra vida colectiva\u201d\u2026<\/em> Y se muestran muy animadas para hacerlo.<\/p>\n<figure id=\"attachment_44518\" aria-describedby=\"caption-attachment-44518\" style=\"width: 800px\" class=\"wp-caption aligncenter\"><img loading=\"lazy\" decoding=\"async\" data-attachment-id=\"44518\" data-permalink=\"http:\/\/www.grieta.org.mx\/index.php\/2020\/02\/20\/nunca-mas-una-ciencia-sin-nosotras-asamblea-de-mujeres-organizadas-de-la-facultad-de-ciencias-de-la-unam\/proceso4\/\" data-orig-file=\"http:\/\/www.grieta.org.mx\/wp-content\/uploads\/2020\/02\/Proceso4.jpg\" data-orig-size=\"870,652\" data-comments-opened=\"0\" data-image-meta=\"{&quot;aperture&quot;:&quot;0&quot;,&quot;credit&quot;:&quot;&quot;,&quot;camera&quot;:&quot;&quot;,&quot;caption&quot;:&quot;&quot;,&quot;created_timestamp&quot;:&quot;0&quot;,&quot;copyright&quot;:&quot;&quot;,&quot;focal_length&quot;:&quot;0&quot;,&quot;iso&quot;:&quot;0&quot;,&quot;shutter_speed&quot;:&quot;0&quot;,&quot;title&quot;:&quot;&quot;,&quot;orientation&quot;:&quot;1&quot;}\" data-image-title=\"Proceso4\" data-image-description=\"\" data-image-caption=\"&lt;p&gt;Foto: Asamblea de Mujeres Organizadas de la Facultad de  Ciencias de la UNAM.&lt;\/p&gt;\n\" data-medium-file=\"http:\/\/www.grieta.org.mx\/wp-content\/uploads\/2020\/02\/Proceso4-300x225.jpg\" data-large-file=\"http:\/\/www.grieta.org.mx\/wp-content\/uploads\/2020\/02\/Proceso4.jpg\" class=\"wp-image-44518\" src=\"http:\/\/www.grieta.org.mx\/wp-content\/uploads\/2020\/02\/Proceso4.jpg\" alt=\"\" width=\"800\" height=\"600\" srcset=\"http:\/\/www.grieta.org.mx\/wp-content\/uploads\/2020\/02\/Proceso4.jpg 870w, http:\/\/www.grieta.org.mx\/wp-content\/uploads\/2020\/02\/Proceso4-300x225.jpg 300w, http:\/\/www.grieta.org.mx\/wp-content\/uploads\/2020\/02\/Proceso4-768x576.jpg 768w, http:\/\/www.grieta.org.mx\/wp-content\/uploads\/2020\/02\/Proceso4-667x500.jpg 667w\" sizes=\"auto, (max-width: 800px) 100vw, 800px\" \/><figcaption id=\"caption-attachment-44518\" class=\"wp-caption-text\">Foto: Asamblea de Mujeres Organizadas de la Facultad de Ciencias de la UNAM.<\/figcaption><\/figure>\n<p><strong><br \/>\nSeguir encontr\u00e1ndose<\/strong><br \/>\nLas mujeres de Ciencias tienen un objetivo en com\u00fan con las estudiantes organizadas en otros planteles: acabar con la violencia hacia la mujer. Y por eso ven importante tender v\u00ednculos y hacer trabajo de base:<\/p>\n<p><em> \u201cNuestras historias son diferentes; es diferente lo que pasa aqu\u00ed de lo que pasa en Filos, o en Pol\u00edticas, o en las prepas. Nos sorprende la solidaridad de otras colectivas de mujeres en la UNAM, nos sorprende c\u00f3mo se organizan. Nos sorprende, y maravilla, que las compa\u00f1eras de Pol\u00edticas est\u00e9n sosteniendo un paro en su facultad principalmente por solidaridad con las de Filos, pero tambi\u00e9n como un acto pol\u00edtico contundente.\u201d<\/em><\/p>\n<p>Tambi\u00e9n\u00a0 aclaran que no ven el movimiento como algo de su propiedad o cerrado a la participaci\u00f3n de otras estudiantas, de otras mujeres, de otras universitarias:<\/p>\n<p><em>\u201cA las otras mujeres que no se han acercado todav\u00eda, les decimos: son bienvenidas, las esperamos. Aunque parezca que esta situaci\u00f3n de opresi\u00f3n, dominaci\u00f3n y violencia no tiene fin y no acaba, aunque parezca dif\u00edcil de lograr, nuestra lucha es por todas, y luchamos todo el tiempo, no solo ahora, no solo en el paro. Tenemos un correo que es mujeresorganizadasfciencias@gmail.com<br \/>\nA las estudiantes que ven y padecen las injusticias: vengan, porque podemos construir juntas otras formas de ser, y porque para todas hay lugar. Todas sus luchas pueden caber aqu\u00ed. Las diferencias no nos imposibilitan, nos permiten construir a partir de ellas. Las diferencias merecen ser respetadas y valoradas. \u201d<\/em><\/p>\n<p>Las estudiantas pintan paredes, escriben mensajes, hacen murales, organizan foros, conversan, difunden. Ese es el \u00e1nimo que se vivi\u00f3 en la \u201cSemana Feminista\u201d que, a la par del paro, las diferentes colectivas y espacias organizaron del 10 al 14 de febrero. Uno de sus vitromurales resume contundentemente sus objetivos y sue\u00f1os: \u201cNuestra Lucha es por la vida\u201d, mientras el costado del muro del auditorio anuncia los tiempos que ya construyen las j\u00f3venes: \u201cNunca m\u00e1s una ciencia sin nosotras\u201d.<\/p>\n<figure id=\"attachment_44520\" aria-describedby=\"caption-attachment-44520\" style=\"width: 800px\" class=\"wp-caption aligncenter\"><img loading=\"lazy\" decoding=\"async\" data-attachment-id=\"44520\" data-permalink=\"http:\/\/www.grieta.org.mx\/index.php\/2020\/02\/20\/nunca-mas-una-ciencia-sin-nosotras-asamblea-de-mujeres-organizadas-de-la-facultad-de-ciencias-de-la-unam\/nuestralucha2\/\" data-orig-file=\"http:\/\/www.grieta.org.mx\/wp-content\/uploads\/2020\/02\/NuestraLucha2.jpg\" data-orig-size=\"1152,864\" data-comments-opened=\"0\" data-image-meta=\"{&quot;aperture&quot;:&quot;0&quot;,&quot;credit&quot;:&quot;&quot;,&quot;camera&quot;:&quot;&quot;,&quot;caption&quot;:&quot;&quot;,&quot;created_timestamp&quot;:&quot;0&quot;,&quot;copyright&quot;:&quot;&quot;,&quot;focal_length&quot;:&quot;0&quot;,&quot;iso&quot;:&quot;0&quot;,&quot;shutter_speed&quot;:&quot;0&quot;,&quot;title&quot;:&quot;&quot;,&quot;orientation&quot;:&quot;1&quot;}\" data-image-title=\"NuestraLucha2\" data-image-description=\"\" data-image-caption=\"&lt;p&gt;Foto: Colectivo Grieta.&lt;\/p&gt;\n\" data-medium-file=\"http:\/\/www.grieta.org.mx\/wp-content\/uploads\/2020\/02\/NuestraLucha2-300x225.jpg\" data-large-file=\"http:\/\/www.grieta.org.mx\/wp-content\/uploads\/2020\/02\/NuestraLucha2-1024x768.jpg\" class=\"wp-image-44520\" src=\"http:\/\/www.grieta.org.mx\/wp-content\/uploads\/2020\/02\/NuestraLucha2-1024x768.jpg\" alt=\"\" width=\"800\" height=\"600\" srcset=\"http:\/\/www.grieta.org.mx\/wp-content\/uploads\/2020\/02\/NuestraLucha2-1024x768.jpg 1024w, http:\/\/www.grieta.org.mx\/wp-content\/uploads\/2020\/02\/NuestraLucha2-300x225.jpg 300w, http:\/\/www.grieta.org.mx\/wp-content\/uploads\/2020\/02\/NuestraLucha2-768x576.jpg 768w, http:\/\/www.grieta.org.mx\/wp-content\/uploads\/2020\/02\/NuestraLucha2-667x500.jpg 667w, http:\/\/www.grieta.org.mx\/wp-content\/uploads\/2020\/02\/NuestraLucha2.jpg 1152w\" sizes=\"auto, (max-width: 800px) 100vw, 800px\" \/><figcaption id=\"caption-attachment-44520\" class=\"wp-caption-text\">Foto: Colectivo Grieta.<\/figcaption><\/figure>\n<p>&nbsp;<\/p>\n<figure id=\"attachment_44521\" aria-describedby=\"caption-attachment-44521\" style=\"width: 800px\" class=\"wp-caption aligncenter\"><img loading=\"lazy\" decoding=\"async\" data-attachment-id=\"44521\" data-permalink=\"http:\/\/www.grieta.org.mx\/index.php\/2020\/02\/20\/nunca-mas-una-ciencia-sin-nosotras-asamblea-de-mujeres-organizadas-de-la-facultad-de-ciencias-de-la-unam\/niunamenos\/\" data-orig-file=\"http:\/\/www.grieta.org.mx\/wp-content\/uploads\/2020\/02\/Niunamenos.jpg\" data-orig-size=\"1005,753\" data-comments-opened=\"0\" data-image-meta=\"{&quot;aperture&quot;:&quot;0&quot;,&quot;credit&quot;:&quot;&quot;,&quot;camera&quot;:&quot;&quot;,&quot;caption&quot;:&quot;&quot;,&quot;created_timestamp&quot;:&quot;0&quot;,&quot;copyright&quot;:&quot;&quot;,&quot;focal_length&quot;:&quot;0&quot;,&quot;iso&quot;:&quot;0&quot;,&quot;shutter_speed&quot;:&quot;0&quot;,&quot;title&quot;:&quot;&quot;,&quot;orientation&quot;:&quot;1&quot;}\" data-image-title=\"Niunamenos\" data-image-description=\"\" data-image-caption=\"&lt;p&gt;Foto: Colectivo Grieta&lt;\/p&gt;\n\" data-medium-file=\"http:\/\/www.grieta.org.mx\/wp-content\/uploads\/2020\/02\/Niunamenos-300x225.jpg\" data-large-file=\"http:\/\/www.grieta.org.mx\/wp-content\/uploads\/2020\/02\/Niunamenos.jpg\" class=\"wp-image-44521\" src=\"http:\/\/www.grieta.org.mx\/wp-content\/uploads\/2020\/02\/Niunamenos.jpg\" alt=\"\" width=\"800\" height=\"599\" srcset=\"http:\/\/www.grieta.org.mx\/wp-content\/uploads\/2020\/02\/Niunamenos.jpg 1005w, http:\/\/www.grieta.org.mx\/wp-content\/uploads\/2020\/02\/Niunamenos-300x225.jpg 300w, http:\/\/www.grieta.org.mx\/wp-content\/uploads\/2020\/02\/Niunamenos-768x575.jpg 768w, http:\/\/www.grieta.org.mx\/wp-content\/uploads\/2020\/02\/Niunamenos-667x500.jpg 667w\" sizes=\"auto, (max-width: 800px) 100vw, 800px\" \/><figcaption id=\"caption-attachment-44521\" class=\"wp-caption-text\">Foto: Colectivo Grieta<\/figcaption><\/figure>\n<p>&nbsp;<\/p>\n<figure id=\"attachment_44522\" aria-describedby=\"caption-attachment-44522\" style=\"width: 800px\" class=\"wp-caption aligncenter\"><img loading=\"lazy\" decoding=\"async\" data-attachment-id=\"44522\" data-permalink=\"http:\/\/www.grieta.org.mx\/index.php\/2020\/02\/20\/nunca-mas-una-ciencia-sin-nosotras-asamblea-de-mujeres-organizadas-de-la-facultad-de-ciencias-de-la-unam\/cartelin1\/\" data-orig-file=\"http:\/\/www.grieta.org.mx\/wp-content\/uploads\/2020\/02\/Cartelin1.jpg\" data-orig-size=\"973,1298\" data-comments-opened=\"0\" data-image-meta=\"{&quot;aperture&quot;:&quot;0&quot;,&quot;credit&quot;:&quot;&quot;,&quot;camera&quot;:&quot;&quot;,&quot;caption&quot;:&quot;&quot;,&quot;created_timestamp&quot;:&quot;0&quot;,&quot;copyright&quot;:&quot;&quot;,&quot;focal_length&quot;:&quot;0&quot;,&quot;iso&quot;:&quot;0&quot;,&quot;shutter_speed&quot;:&quot;0&quot;,&quot;title&quot;:&quot;&quot;,&quot;orientation&quot;:&quot;1&quot;}\" data-image-title=\"Cartelin1\" data-image-description=\"\" data-image-caption=\"&lt;p&gt;Foto: Colectivo Grieta&lt;\/p&gt;\n\" data-medium-file=\"http:\/\/www.grieta.org.mx\/wp-content\/uploads\/2020\/02\/Cartelin1-225x300.jpg\" data-large-file=\"http:\/\/www.grieta.org.mx\/wp-content\/uploads\/2020\/02\/Cartelin1-768x1024.jpg\" class=\"wp-image-44522\" src=\"http:\/\/www.grieta.org.mx\/wp-content\/uploads\/2020\/02\/Cartelin1-768x1024.jpg\" alt=\"\" width=\"800\" height=\"1067\" srcset=\"http:\/\/www.grieta.org.mx\/wp-content\/uploads\/2020\/02\/Cartelin1-768x1024.jpg 768w, http:\/\/www.grieta.org.mx\/wp-content\/uploads\/2020\/02\/Cartelin1-225x300.jpg 225w, http:\/\/www.grieta.org.mx\/wp-content\/uploads\/2020\/02\/Cartelin1-375x500.jpg 375w, http:\/\/www.grieta.org.mx\/wp-content\/uploads\/2020\/02\/Cartelin1.jpg 973w\" sizes=\"auto, (max-width: 800px) 100vw, 800px\" \/><figcaption id=\"caption-attachment-44522\" class=\"wp-caption-text\">Foto: Colectivo Grieta<\/figcaption><\/figure>\n","protected":false},"excerpt":{"rendered":"<p>&#8211; Las estudiantes tomaron su escuela en protesta por la violencia de g\u00e9nero &#8211; Durante cuatro d\u00edas realizaron decenas de talleres, foros, pl\u00e1ticas y conversatorios &#8211; \u201cLo aprobado por el &hellip; <a href=\"http:\/\/www.grieta.org.mx\/index.php\/2020\/02\/20\/nunca-mas-una-ciencia-sin-nosotras-asamblea-de-mujeres-organizadas-de-la-facultad-de-ciencias-de-la-unam\/\" class=\"more-link\">Leer m\u00e1s<\/a><\/p>\n","protected":false},"author":2,"featured_media":44513,"comment_status":"closed","ping_status":"closed","sticky":false,"template":"","format":"standard","meta":{"ngg_post_thumbnail":0,"_jetpack_newsletter_access":"","_jetpack_dont_email_post_to_subs":false,"_jetpack_newsletter_tier_id":0,"_jetpack_memberships_contains_paywalled_content":false,"_jetpack_memberships_contains_paid_content":false,"footnotes":""},"categories":[80,14,1775,1141,1670,2219,1823,2388],"tags":[3103,2248],"class_list":["post-44512","post","type-post","status-publish","format-standard","has-post-thumbnail","hentry","category-cintillo","category-ciudad-de-mexico","category-colectivo-grieta","category-feminicidios-en-la-ciudad-de-mexico","category-movilizaciones-y-protestas-de-estudiantes-de-la-ciudad-de-mexico","category-resistencias-en-la-ciudad-de-mexico","category-violencia-contra-estudiantes","category-violencia-contra-las-mujeres-en-la-ciudad-de-mexico","tag-huelgas-estudiantiles","tag-luchas-de-las-mujeres","entry"],"jetpack_featured_media_url":"http:\/\/www.grieta.org.mx\/wp-content\/uploads\/2020\/02\/MuralCiencias.jpg","jetpack_sharing_enabled":true,"jetpack_shortlink":"https:\/\/wp.me\/p7ZJR4-bzW","jetpack_likes_enabled":false,"jetpack-related-posts":[{"id":43401,"url":"http:\/\/www.grieta.org.mx\/index.php\/2020\/01\/23\/liberan-a-estudiantes-de-filosofia-y-letras-detenidas-injustificadamente-ciudad-de-mexico\/","url_meta":{"origin":44512,"position":0},"title":"LIBERAN A ESTUDIANTES DE FILOSOF\u00cdA Y LETRAS DETENIDAS INJUSTIFICADAMENTE (Ciudad de M\u00e9xico)","author":"grieta","date":"23 enero, 2020","format":false,"excerpt":"Reporte \u00cdndigo Tres estudiantes de la Facultad de Filosof\u00eda y Letras de la UNAM. fueron detenidas despu\u00e9s de buscar un trato justo para una menor de edad acusada de robo Tres estudiantes de la Facultad de Filosof\u00eda y Letras de la UNAM fueron liberadas despu\u00e9s de que no se encontraran\u2026","rel":"","context":"En &quot;Abuso policiaco y tortura en la Ciudad de M\u00e9xico&quot;","block_context":{"text":"Abuso policiaco y tortura en la Ciudad de M\u00e9xico","link":"http:\/\/www.grieta.org.mx\/index.php\/category\/noticias-nacionales\/ciudad-de-mexico\/abuso-policiaco-y-tortura-en-la-ciudad-de-mexico\/"},"img":{"alt_text":"","src":"https:\/\/i0.wp.com\/www.grieta.org.mx\/wp-content\/uploads\/2020\/01\/LIBERAN-A-ESTUDIANTES-DE-FILOSOF%C3%8DA-Y-LETRAS-DETENIDAS-INJUSTIFICADAMENTE-cdmx-ene.jpg?resize=350%2C200","width":350,"height":200},"classes":[]},{"id":43881,"url":"http:\/\/www.grieta.org.mx\/index.php\/2020\/01\/30\/unam-estudiantes-toman-la-fcpys-en-solidaridad-con-otros-planteles-ciudad-de-mexico\/","url_meta":{"origin":44512,"position":1},"title":"UNAM: ESTUDIANTES TOMAN LA FCPYS EN SOLIDARIDAD CON OTROS PLANTELES (Ciudad de M\u00e9xico)","author":"grieta","date":"30 enero, 2020","format":false,"excerpt":"Reporte \u00cdndigo \u201cMujeres Organizadas\u201d inform\u00f3 que la Facultad \u201cpermanecer\u00e1 cerrada hasta que se resuelvan satisfactoriamente todas las demandas de todos lo planteles\u201d. Un grupo de estudiantes tom\u00f3 las instalaciones de la Facultad de Ciencias Pol\u00edticas y Sociales (FCPyS) de la Universidad Nacional Aut\u00f3noma de M\u00e9xico (UNAM). \u201cMujeres Organizadas\u201d inform\u00f3 que\u2026","rel":"","context":"En &quot;CINTILLO&quot;","block_context":{"text":"CINTILLO","link":"http:\/\/www.grieta.org.mx\/index.php\/category\/cintillo\/"},"img":{"alt_text":"","src":"https:\/\/i0.wp.com\/www.grieta.org.mx\/wp-content\/uploads\/2020\/02\/UNAM-ESTUDIANTES-TOMAN-LA-FCPYS-EN-SOLIDARIDAD-CON-OTROS-PLANTELES-cdmx-feb.jpg?resize=350%2C200","width":350,"height":200,"srcset":"https:\/\/i0.wp.com\/www.grieta.org.mx\/wp-content\/uploads\/2020\/02\/UNAM-ESTUDIANTES-TOMAN-LA-FCPYS-EN-SOLIDARIDAD-CON-OTROS-PLANTELES-cdmx-feb.jpg?resize=350%2C200 1x, https:\/\/i0.wp.com\/www.grieta.org.mx\/wp-content\/uploads\/2020\/02\/UNAM-ESTUDIANTES-TOMAN-LA-FCPYS-EN-SOLIDARIDAD-CON-OTROS-PLANTELES-cdmx-feb.jpg?resize=525%2C300 1.5x, https:\/\/i0.wp.com\/www.grieta.org.mx\/wp-content\/uploads\/2020\/02\/UNAM-ESTUDIANTES-TOMAN-LA-FCPYS-EN-SOLIDARIDAD-CON-OTROS-PLANTELES-cdmx-feb.jpg?resize=700%2C400 2x"},"classes":[]},{"id":40137,"url":"http:\/\/www.grieta.org.mx\/index.php\/2019\/10\/11\/alumnos-de-la-unam-marchan-contra-violencia-de-genero-y-porros-ciudad-de-mexico\/","url_meta":{"origin":44512,"position":2},"title":"Alumnos de la UNAM marchan contra violencia de g\u00e9nero y porros (Ciudad de M\u00e9xico)","author":"grieta","date":"11 octubre, 2019","format":false,"excerpt":"El Heraldo de M\u00e9xico La movilizaci\u00f3n de estudiantes recorri\u00f3 algunas de las facultades de la Universidad Nacional, para posteriormente desplazarse sobre avenida Insurgentes Sur Estudiantes de la Facultad de Ciencias Pol\u00edticas y Sociales de la Universidad Nacional Aut\u00f3noma de M\u00e9xico (UNAM) realizaron este viernes una marcha en contra de la\u2026","rel":"","context":"En &quot;CINTILLO&quot;","block_context":{"text":"CINTILLO","link":"http:\/\/www.grieta.org.mx\/index.php\/category\/cintillo\/"},"img":{"alt_text":"","src":"https:\/\/i0.wp.com\/www.grieta.org.mx\/wp-content\/uploads\/2019\/10\/Alumnos-de-la-UNAM-marchan-contra-violencia-de-g%C3%A9nero-y-porros-oct-cdmx.jpg?resize=350%2C200","width":350,"height":200,"srcset":"https:\/\/i0.wp.com\/www.grieta.org.mx\/wp-content\/uploads\/2019\/10\/Alumnos-de-la-UNAM-marchan-contra-violencia-de-g%C3%A9nero-y-porros-oct-cdmx.jpg?resize=350%2C200 1x, https:\/\/i0.wp.com\/www.grieta.org.mx\/wp-content\/uploads\/2019\/10\/Alumnos-de-la-UNAM-marchan-contra-violencia-de-g%C3%A9nero-y-porros-oct-cdmx.jpg?resize=525%2C300 1.5x"},"classes":[]},{"id":43683,"url":"http:\/\/www.grieta.org.mx\/index.php\/2020\/01\/28\/profesores-de-ffyl-rechazan-evaluar-como-medida-de-presion-contra-paristas-ciudad-de-mexico\/","url_meta":{"origin":44512,"position":3},"title":"Profesores de FFyL rechazan evaluar como medida de presi\u00f3n contra paristas (Ciudad de M\u00e9xico)","author":"grieta","date":"28 enero, 2020","format":false,"excerpt":"Revista Consideraciones Distintas profesoras y profesores de la Facultad de Filosof\u00eda y Letras de la UNAM, se reunieron en asamblea para discutir el acuerdo aprobado por el Consejo T\u00e9cnico de la FFyL, en el sentido de llevar acabo la evaluaci\u00f3n del semestre 2020-1 entre el 27 de enero y el\u2026","rel":"","context":"En &quot;CINTILLO&quot;","block_context":{"text":"CINTILLO","link":"http:\/\/www.grieta.org.mx\/index.php\/category\/cintillo\/"},"img":{"alt_text":"","src":"https:\/\/i0.wp.com\/www.grieta.org.mx\/wp-content\/uploads\/2020\/01\/Profesores-de-FFyL-rechazan-evaluar-como-medida-de-presi%C3%B3n-contra-paristas-cdmx-ene.jpeg?resize=350%2C200","width":350,"height":200,"srcset":"https:\/\/i0.wp.com\/www.grieta.org.mx\/wp-content\/uploads\/2020\/01\/Profesores-de-FFyL-rechazan-evaluar-como-medida-de-presi%C3%B3n-contra-paristas-cdmx-ene.jpeg?resize=350%2C200 1x, https:\/\/i0.wp.com\/www.grieta.org.mx\/wp-content\/uploads\/2020\/01\/Profesores-de-FFyL-rechazan-evaluar-como-medida-de-presi%C3%B3n-contra-paristas-cdmx-ene.jpeg?resize=525%2C300 1.5x, https:\/\/i0.wp.com\/www.grieta.org.mx\/wp-content\/uploads\/2020\/01\/Profesores-de-FFyL-rechazan-evaluar-como-medida-de-presi%C3%B3n-contra-paristas-cdmx-ene.jpeg?resize=700%2C400 2x, https:\/\/i0.wp.com\/www.grieta.org.mx\/wp-content\/uploads\/2020\/01\/Profesores-de-FFyL-rechazan-evaluar-como-medida-de-presi%C3%B3n-contra-paristas-cdmx-ene.jpeg?resize=1050%2C600 3x, https:\/\/i0.wp.com\/www.grieta.org.mx\/wp-content\/uploads\/2020\/01\/Profesores-de-FFyL-rechazan-evaluar-como-medida-de-presi%C3%B3n-contra-paristas-cdmx-ene.jpeg?resize=1400%2C800 4x"},"classes":[]},{"id":41139,"url":"http:\/\/www.grieta.org.mx\/index.php\/2019\/11\/15\/encapuchados-toman-instalaciones-de-prepa-3-denuncia-acoso-sexual-ciudad-de-mexico\/","url_meta":{"origin":44512,"position":4},"title":"Encapuchados toman instalaciones de Prepa 3; denuncia acoso sexual (Ciudad de M\u00e9xico)","author":"grieta","date":"15 noviembre, 2019","format":false,"excerpt":"Vanessa Solis \/ El Sol de M\u00e9xico Alumnos del plantel exigen la renuncia de docentes que presuntamente acosan a las alumnas Mujeres encapuchadas tomaron las instalaciones de les Escuela Nacional Preparatoria n\u00famero 3 de la UNAM, esto para exigir la renuncia de profesores que acosan a las alumnas. A trav\u00e9s\u2026","rel":"","context":"En &quot;CINTILLO&quot;","block_context":{"text":"CINTILLO","link":"http:\/\/www.grieta.org.mx\/index.php\/category\/cintillo\/"},"img":{"alt_text":"","src":"https:\/\/i0.wp.com\/www.grieta.org.mx\/wp-content\/uploads\/2019\/11\/Encapuchados-toman-instalaciones-de-Prepa-3-denuncia-acoso-sexual-cdmx-nov.png?resize=350%2C200","width":350,"height":200,"srcset":"https:\/\/i0.wp.com\/www.grieta.org.mx\/wp-content\/uploads\/2019\/11\/Encapuchados-toman-instalaciones-de-Prepa-3-denuncia-acoso-sexual-cdmx-nov.png?resize=350%2C200 1x, https:\/\/i0.wp.com\/www.grieta.org.mx\/wp-content\/uploads\/2019\/11\/Encapuchados-toman-instalaciones-de-Prepa-3-denuncia-acoso-sexual-cdmx-nov.png?resize=525%2C300 1.5x, https:\/\/i0.wp.com\/www.grieta.org.mx\/wp-content\/uploads\/2019\/11\/Encapuchados-toman-instalaciones-de-Prepa-3-denuncia-acoso-sexual-cdmx-nov.png?resize=700%2C400 2x"},"classes":[]},{"id":43996,"url":"http:\/\/www.grieta.org.mx\/index.php\/2020\/02\/06\/entregan-cch-vallejo-tras-dos-dias-de-paro-ciudad-de-mexico\/","url_meta":{"origin":44512,"position":5},"title":"Entregan CCH Vallejo tras dos d\u00edas de paro (Ciudad de M\u00e9xico)","author":"grieta","date":"6 febrero, 2020","format":false,"excerpt":"El martes pasado, un grupo de alumnos decidi\u00f3 realizar un paro de labores. Foto: Cuartoscuro\/Archivo Notimex Las actividades acad\u00e9micas y administrativas se reanudar\u00e1n ma\u00f1ana viernes 7 en los horarios acostumbrados CIUDAD DE M\u00c9XICO. La Universidad Nacional Aut\u00f3noma de M\u00e9xico inform\u00f3 que esta tarde fueron entregadas a las autoridades las instalaciones\u2026","rel":"","context":"En &quot;CINTILLO&quot;","block_context":{"text":"CINTILLO","link":"http:\/\/www.grieta.org.mx\/index.php\/category\/cintillo\/"},"img":{"alt_text":"","src":"https:\/\/i0.wp.com\/www.grieta.org.mx\/wp-content\/uploads\/2020\/02\/Entregan-CCH-Vallejo-tras-dos-d%C3%ADas-de-paro-cdmx-feb.jpg?resize=350%2C200","width":350,"height":200,"srcset":"https:\/\/i0.wp.com\/www.grieta.org.mx\/wp-content\/uploads\/2020\/02\/Entregan-CCH-Vallejo-tras-dos-d%C3%ADas-de-paro-cdmx-feb.jpg?resize=350%2C200 1x, https:\/\/i0.wp.com\/www.grieta.org.mx\/wp-content\/uploads\/2020\/02\/Entregan-CCH-Vallejo-tras-dos-d%C3%ADas-de-paro-cdmx-feb.jpg?resize=525%2C300 1.5x"},"classes":[]}],"_links":{"self":[{"href":"http:\/\/www.grieta.org.mx\/index.php\/wp-json\/wp\/v2\/posts\/44512","targetHints":{"allow":["GET"]}}],"collection":[{"href":"http:\/\/www.grieta.org.mx\/index.php\/wp-json\/wp\/v2\/posts"}],"about":[{"href":"http:\/\/www.grieta.org.mx\/index.php\/wp-json\/wp\/v2\/types\/post"}],"author":[{"embeddable":true,"href":"http:\/\/www.grieta.org.mx\/index.php\/wp-json\/wp\/v2\/users\/2"}],"replies":[{"embeddable":true,"href":"http:\/\/www.grieta.org.mx\/index.php\/wp-json\/wp\/v2\/comments?post=44512"}],"version-history":[{"count":1,"href":"http:\/\/www.grieta.org.mx\/index.php\/wp-json\/wp\/v2\/posts\/44512\/revisions"}],"predecessor-version":[{"id":44703,"href":"http:\/\/www.grieta.org.mx\/index.php\/wp-json\/wp\/v2\/posts\/44512\/revisions\/44703"}],"wp:featuredmedia":[{"embeddable":true,"href":"http:\/\/www.grieta.org.mx\/index.php\/wp-json\/wp\/v2\/media\/44513"}],"wp:attachment":[{"href":"http:\/\/www.grieta.org.mx\/index.php\/wp-json\/wp\/v2\/media?parent=44512"}],"wp:term":[{"taxonomy":"category","embeddable":true,"href":"http:\/\/www.grieta.org.mx\/index.php\/wp-json\/wp\/v2\/categories?post=44512"},{"taxonomy":"post_tag","embeddable":true,"href":"http:\/\/www.grieta.org.mx\/index.php\/wp-json\/wp\/v2\/tags?post=44512"}],"curies":[{"name":"wp","href":"https:\/\/api.w.org\/{rel}","templated":true}]}}