{"id":44396,"date":"2020-02-04T19:13:25","date_gmt":"2020-02-05T01:13:25","guid":{"rendered":"http:\/\/www.grieta.org.mx\/?p=44396"},"modified":"2020-02-16T19:23:13","modified_gmt":"2020-02-17T01:23:13","slug":"contaminacion-en-slp-de-alto-riesgo","status":"publish","type":"post","link":"http:\/\/www.grieta.org.mx\/index.php\/2020\/02\/04\/contaminacion-en-slp-de-alto-riesgo\/","title":{"rendered":"Contaminaci\u00f3n en SLP, de alto riesgo"},"content":{"rendered":"<p>Lilia Quevedo\/Plano Informativo<br \/>\n4 febrero 2020<\/p>\n<p><img loading=\"lazy\" decoding=\"async\" data-attachment-id=\"44397\" data-permalink=\"http:\/\/www.grieta.org.mx\/index.php\/2020\/02\/04\/contaminacion-en-slp-de-alto-riesgo\/taminacion\/\" data-orig-file=\"http:\/\/www.grieta.org.mx\/wp-content\/uploads\/2020\/02\/taminacion.jpg\" data-orig-size=\"992,595\" data-comments-opened=\"0\" data-image-meta=\"{&quot;aperture&quot;:&quot;0&quot;,&quot;credit&quot;:&quot;&quot;,&quot;camera&quot;:&quot;&quot;,&quot;caption&quot;:&quot;&quot;,&quot;created_timestamp&quot;:&quot;0&quot;,&quot;copyright&quot;:&quot;&quot;,&quot;focal_length&quot;:&quot;0&quot;,&quot;iso&quot;:&quot;0&quot;,&quot;shutter_speed&quot;:&quot;0&quot;,&quot;title&quot;:&quot;&quot;,&quot;orientation&quot;:&quot;0&quot;}\" data-image-title=\"taminacion\" data-image-description=\"\" data-image-caption=\"\" data-medium-file=\"http:\/\/www.grieta.org.mx\/wp-content\/uploads\/2020\/02\/taminacion-300x180.jpg\" data-large-file=\"http:\/\/www.grieta.org.mx\/wp-content\/uploads\/2020\/02\/taminacion.jpg\" src=\"http:\/\/www.grieta.org.mx\/wp-content\/uploads\/2020\/02\/taminacion.jpg\" alt=\"\" width=\"992\" height=\"595\" class=\"aligncenter size-full wp-image-44397\" srcset=\"http:\/\/www.grieta.org.mx\/wp-content\/uploads\/2020\/02\/taminacion.jpg 992w, http:\/\/www.grieta.org.mx\/wp-content\/uploads\/2020\/02\/taminacion-300x180.jpg 300w, http:\/\/www.grieta.org.mx\/wp-content\/uploads\/2020\/02\/taminacion-768x461.jpg 768w, http:\/\/www.grieta.org.mx\/wp-content\/uploads\/2020\/02\/taminacion-834x500.jpg 834w\" sizes=\"auto, (max-width: 992px) 100vw, 992px\" \/><\/p>\n<blockquote><p>Desarrollo industrial pone en peligro a la poblaci\u00f3n, dicen especialistas<\/p><\/blockquote>\n<blockquote><p>Crecimiento industrial aumenta riesgos para potosinos<\/p><\/blockquote>\n<p>El crecimiento industrial y el inter\u00e9s de varias empresas por establecerse en la Zona Industrial podr\u00eda incrementar los riesgos a la salud para los residentes de San Luis Potos\u00ed, advirti\u00f3 Viridiana del Carmen Robledo Valero, directora ejecutiva del You I Lab, del Instituto Potosino de Ciencia y Tecnolog\u00eda (IPICYT).<\/p>\n<p>Se\u00f1al\u00f3 que \u201cla industria tiene procesos que generan muchos contaminantes al ambiente, obviamente deben tener sus procedimientos para recuperar todas estas emisiones, pero la regulaci\u00f3n en ese sentido deja mucho qu\u00e9 desear, entonces s\u00ed es un riesgo para la poblaci\u00f3n\u201d.<\/p>\n<p>San Luis Potos\u00ed se ha caracterizado en los \u00faltimos a\u00f1os por un presumible crecimiento industrial, sin embargo toda esta actividad est\u00e1 cobrando la factura en el rubro ambiental y posteriormente se reflejar\u00e1 en la calidad de vida de los potosinos.<\/p>\n<p>Dijo que est\u00e1 demostrado que la actividad industrial, sin importar el pa\u00eds de procedencia, es una de las principales causas de contaminaci\u00f3n atmosf\u00e9rica, mantos acu\u00edferos e incluso del suelo. <\/p>\n<blockquote><p>Embarazadas, un grupo de alto riesgo<\/p><\/blockquote>\n<p>Uno de los grupos de riesgo que pueden presentar mayores afectaciones por la contaminaci\u00f3n son las embarazadas, los beb\u00e9s en potencia podr\u00edan presentar deformaciones debido a los componentes que se encuentran en la tierra, aire y suelo de San Luis Potos\u00ed, coincidieron Viridiana Robledo, directora de You I Lab del Instituto Potosino de Ciencia y Tecnolog\u00eda (IPICYT) y Evelyn Van Brucel, toxic\u00f3loga del Centro de Informaci\u00f3n y Atenci\u00f3n Toxicol\u00f3gica (CIAT) del Hospital Central Dr. Ignacio Morones Prieto.<\/p>\n<p>Las especialistas se\u00f1alaron que adem\u00e1s de los adultos mayores y los infantes, las mujeres embarazadas corren un fuerte riesgo al respirar part\u00edculas PM10 y PM2.5; \u201cesto es porque obviamente est\u00e1n en una condici\u00f3n en la que su cuerpo est\u00e1 demandando mayores nutrimentos y aparte porque tienen un producto que puede ser afectado por exposici\u00f3n a contaminantes\u201d.<\/p>\n<blockquote><p>Estaciones de monitoreo de aire son insuficientes: Cambio de Ruta<\/p><\/blockquote>\n<p>Pese a que la reactivaci\u00f3n de las cuatro estaciones de monitoreo de aire fue una de las principales presunciones de la Secretar\u00eda de Ecolog\u00eda y Gesti\u00f3n Ambiental (Segam) en el 2019, son insuficientes para medir la calidad del aire de San Luis Potos\u00ed, reclam\u00f3 Luis Gonz\u00e1lez Lozano, director general de la organizaci\u00f3n Cambio de Ruta.<\/p>\n<p>Consider\u00f3 que son insuficientes porque la zona conurbada de San Luis Potos\u00ed, que est\u00e1 conformada por seis municipios, requiere de un monitoreo constante en zonas m\u00e1s alejadas.<\/p>\n<blockquote><p>Zonas muy pobladas no tienen estaci\u00f3n de monitoreo<\/p><\/blockquote>\n<p>Gonz\u00e1lez Lozano explic\u00f3 que \u201cSoledad no tiene ninguna estaci\u00f3n de monitoreo, y sabemos que vive mucha poblaci\u00f3n; en la parte de Pozos, que es donde siempre se ha estado poblando, hemos encontrado que tampoco hay ninguna estaci\u00f3n de monitoreo\u201d.<\/p>\n<p>Dijo que las cuatro estaciones existentes est\u00e1n muy concentradas en un margen muy estrecho, lo que ocasiona un deficiente monitoreo que no va a otorgar datos suficientes para generar pol\u00edticas p\u00fablicas preventivas \u00fatiles.<\/p>\n<p>\u201cLa falta de un monitoreo correcto nos impide que se hagan pol\u00edticas p\u00fablicas, que se hagan avisos y que se protocolos de c\u00f3mo debemos de actuar\u201d.<\/p>\n<p><a href=\"https:\/\/planoinformativo.com\/712336\/contaminacion-en-slp-de-alto-riesgo\" rel=\"noopener noreferrer\" target=\"_blank\">https:\/\/planoinformativo.com\/712336\/contaminacion-en-slp-de-alto-riesgo<\/a><\/p>\n","protected":false},"excerpt":{"rendered":"<p>Lilia Quevedo\/Plano Informativo 4 febrero 2020 Desarrollo industrial pone en peligro a la poblaci\u00f3n, dicen especialistas Crecimiento industrial aumenta riesgos para potosinos El crecimiento industrial y el inter\u00e9s de varias &hellip; <a href=\"http:\/\/www.grieta.org.mx\/index.php\/2020\/02\/04\/contaminacion-en-slp-de-alto-riesgo\/\" class=\"more-link\">Leer m\u00e1s<\/a><\/p>\n","protected":false},"author":2,"featured_media":44397,"comment_status":"closed","ping_status":"closed","sticky":false,"template":"","format":"standard","meta":{"ngg_post_thumbnail":0,"_jetpack_newsletter_access":"","_jetpack_dont_email_post_to_subs":false,"_jetpack_newsletter_tier_id":0,"_jetpack_memberships_contains_paywalled_content":false,"_jetpack_memberships_contains_paid_content":false,"footnotes":""},"categories":[80,2,29],"tags":[91,2931],"class_list":["post-44396","post","type-post","status-publish","format-standard","has-post-thumbnail","hentry","category-cintillo","category-noticias-nacionales","category-san-luis-potosi","tag-contaminacion-ambiental","tag-contaminacion-industrial","entry"],"jetpack_featured_media_url":"http:\/\/www.grieta.org.mx\/wp-content\/uploads\/2020\/02\/taminacion.jpg","jetpack_sharing_enabled":true,"jetpack_shortlink":"https:\/\/wp.me\/p7ZJR4-by4","jetpack_likes_enabled":false,"jetpack-related-posts":[{"id":40562,"url":"http:\/\/www.grieta.org.mx\/index.php\/2019\/10\/19\/san-luis-potosi-una-ciudad-mas-contaminada-que-la-cdmx\/","url_meta":{"origin":44396,"position":0},"title":"San Luis Potos\u00ed, una ciudad m\u00e1s contaminada que la CDMX","author":"grieta","date":"19 octubre, 2019","format":false,"excerpt":"El 84 por ciento de las crisis de contaminaci\u00f3n en San Luis Potos\u00ed provienen de la Zona Industrial, de acuerdo con un investigador de la UASLP Roberto Rocha\/La Orquesta 19 octubre En San Luis Potos\u00ed, el 84 por ciento de los episodios de altos niveles de contaminaci\u00f3n provienen de la\u2026","rel":"","context":"En &quot;CINTILLO&quot;","block_context":{"text":"CINTILLO","link":"http:\/\/www.grieta.org.mx\/index.php\/category\/cintillo\/"},"img":{"alt_text":"","src":"https:\/\/i0.wp.com\/www.grieta.org.mx\/wp-content\/uploads\/2019\/10\/WhatsApp-Image-2018-03-01-at-1.50.33-PM.jpeg?resize=350%2C200","width":350,"height":200,"srcset":"https:\/\/i0.wp.com\/www.grieta.org.mx\/wp-content\/uploads\/2019\/10\/WhatsApp-Image-2018-03-01-at-1.50.33-PM.jpeg?resize=350%2C200 1x, https:\/\/i0.wp.com\/www.grieta.org.mx\/wp-content\/uploads\/2019\/10\/WhatsApp-Image-2018-03-01-at-1.50.33-PM.jpeg?resize=525%2C300 1.5x, https:\/\/i0.wp.com\/www.grieta.org.mx\/wp-content\/uploads\/2019\/10\/WhatsApp-Image-2018-03-01-at-1.50.33-PM.jpeg?resize=700%2C400 2x"},"classes":[]},{"id":39552,"url":"http:\/\/www.grieta.org.mx\/index.php\/2019\/09\/26\/en-riesgo-10-colonias-por-la-planta-de-zinc-san-luis-potosi\/","url_meta":{"origin":44396,"position":1},"title":"En riesgo 10 colonias por la planta de Zinc (San Luis Potos\u00ed)","author":"grieta","date":"26 septiembre, 2019","format":false,"excerpt":"Jos\u00e9 Torres \/ Expr\u00e9s Entre las afectadas por las peligrosas emisiones contaminantes est\u00e1n Villa Magna, Las Lomas y Morales, revela investigador de la UASLP. Al menos 10 colonias de la zona norte y poniente de la capital son afectadas por las emisiones contaminantes de la planta de zinc de la\u2026","rel":"","context":"En &quot;CINTILLO&quot;","block_context":{"text":"CINTILLO","link":"http:\/\/www.grieta.org.mx\/index.php\/category\/cintillo\/"},"img":{"alt_text":"","src":"https:\/\/i0.wp.com\/www.grieta.org.mx\/wp-content\/uploads\/2019\/09\/Screenshot_2019-09-26-En-riesgo-10-colonias-por-la-planta-de-Zinc.png?resize=350%2C200","width":350,"height":200,"srcset":"https:\/\/i0.wp.com\/www.grieta.org.mx\/wp-content\/uploads\/2019\/09\/Screenshot_2019-09-26-En-riesgo-10-colonias-por-la-planta-de-Zinc.png?resize=350%2C200 1x, https:\/\/i0.wp.com\/www.grieta.org.mx\/wp-content\/uploads\/2019\/09\/Screenshot_2019-09-26-En-riesgo-10-colonias-por-la-planta-de-Zinc.png?resize=525%2C300 1.5x, https:\/\/i0.wp.com\/www.grieta.org.mx\/wp-content\/uploads\/2019\/09\/Screenshot_2019-09-26-En-riesgo-10-colonias-por-la-planta-de-Zinc.png?resize=700%2C400 2x"},"classes":[]},{"id":682,"url":"http:\/\/www.grieta.org.mx\/index.php\/2016\/02\/05\/abogados-de-empresa-que-pretende-basurero-industrial-proponen-a-opositor-a-irse-del-pais\/","url_meta":{"origin":44396,"position":2},"title":"Abogados de empresa que pretende basurero industrial proponen a opositor a irse del pa\u00eds","author":"grieta","date":"5 febrero, 2016","format":false,"excerpt":"Por: Redacci\u00f3n Revoluci\u00f3n \/ 5 febrero, 2016 Abogados del empresario potosino Jos\u00e9 Cerrillo Chowell, que pretende impulsar un basurero industrial en Zacatecas, propusieron a los opositores con sobornos irse del pa\u00eds, as\u00ed lo denunci\u00f3 Mario V\u00e1zquez, l\u00edder campesino. El inconforme se\u00f1al\u00f3 que los han intentado sobornar para continuar con el\u2026","rel":"","context":"En &quot;CINTILLO&quot;","block_context":{"text":"CINTILLO","link":"http:\/\/www.grieta.org.mx\/index.php\/category\/cintillo\/"},"img":{"alt_text":"","src":"https:\/\/i0.wp.com\/www.grieta.org.mx\/wp-content\/uploads\/2018\/03\/14524434_1106112876131411_958039263622046936_o.jpg?resize=350%2C200","width":350,"height":200,"srcset":"https:\/\/i0.wp.com\/www.grieta.org.mx\/wp-content\/uploads\/2018\/03\/14524434_1106112876131411_958039263622046936_o.jpg?resize=350%2C200 1x, https:\/\/i0.wp.com\/www.grieta.org.mx\/wp-content\/uploads\/2018\/03\/14524434_1106112876131411_958039263622046936_o.jpg?resize=525%2C300 1.5x, https:\/\/i0.wp.com\/www.grieta.org.mx\/wp-content\/uploads\/2018\/03\/14524434_1106112876131411_958039263622046936_o.jpg?resize=700%2C400 2x"},"classes":[]},{"id":30562,"url":"http:\/\/www.grieta.org.mx\/index.php\/2019\/03\/11\/ecocidio-en-la-huastecacontaminacion-del-rio-moctezuma-san-luis-potosi\/","url_meta":{"origin":44396,"position":3},"title":"Ecocidio en la Huasteca\u2026Contaminaci\u00f3n del r\u00edo Moctezuma (San Luis Potos\u00ed)","author":"grieta","date":"11 marzo, 2019","format":false,"excerpt":"Antena San Luis La poblaci\u00f3n de diversas comunidades ha denunciado la muerte de cientos de peces en el r\u00edo Moctezuma, al parecer como resultado de las descargas de productos t\u00f3xicos que realizan algunas empresas de la zona. Los habitantes de las zonas aleda\u00f1as al r\u00edo aseguran que tambi\u00e9n se han\u2026","rel":"","context":"En &quot;CINTILLO&quot;","block_context":{"text":"CINTILLO","link":"http:\/\/www.grieta.org.mx\/index.php\/category\/cintillo\/"},"img":{"alt_text":"","src":"https:\/\/i0.wp.com\/www.grieta.org.mx\/wp-content\/uploads\/2019\/03\/Ecocidio-en-la-Huasteca%E2%80%A6Contaminaci%C3%B3n-del-r%C3%ADo-Moctezuma-slp-mzo.jpg?resize=350%2C200","width":350,"height":200,"srcset":"https:\/\/i0.wp.com\/www.grieta.org.mx\/wp-content\/uploads\/2019\/03\/Ecocidio-en-la-Huasteca%E2%80%A6Contaminaci%C3%B3n-del-r%C3%ADo-Moctezuma-slp-mzo.jpg?resize=350%2C200 1x, https:\/\/i0.wp.com\/www.grieta.org.mx\/wp-content\/uploads\/2019\/03\/Ecocidio-en-la-Huasteca%E2%80%A6Contaminaci%C3%B3n-del-r%C3%ADo-Moctezuma-slp-mzo.jpg?resize=525%2C300 1.5x, https:\/\/i0.wp.com\/www.grieta.org.mx\/wp-content\/uploads\/2019\/03\/Ecocidio-en-la-Huasteca%E2%80%A6Contaminaci%C3%B3n-del-r%C3%ADo-Moctezuma-slp-mzo.jpg?resize=700%2C400 2x"},"classes":[]},{"id":31291,"url":"http:\/\/www.grieta.org.mx\/index.php\/2019\/03\/27\/rios-huastecos-contaminados-con-metales-pesados-san-luis-potosi\/","url_meta":{"origin":44396,"position":4},"title":"R\u00edos huastecos, contaminados con metales pesados (San Luis Potos\u00ed)","author":"grieta","date":"27 marzo, 2019","format":false,"excerpt":"Jos\u00e9 Luis Mart\u00ednez Castro \/ El Sol de San Luis Los resultados fueron dados por un laboratorio canadiense, al que se le enviaron muestras, tras contaminaci\u00f3n por empresas e ingenios. El riesgo convierte a la zona en un punto rojo, pese a indiferencia de autoridades Los r\u00edos de la huasteca\u2026","rel":"","context":"En &quot;CINTILLO&quot;","block_context":{"text":"CINTILLO","link":"http:\/\/www.grieta.org.mx\/index.php\/category\/cintillo\/"},"img":{"alt_text":"","src":"https:\/\/i0.wp.com\/www.grieta.org.mx\/wp-content\/uploads\/2019\/03\/R%C3%ADos-huastecos-contaminados-con-metales-pesados-slp-mzo.jpg?resize=350%2C200","width":350,"height":200,"srcset":"https:\/\/i0.wp.com\/www.grieta.org.mx\/wp-content\/uploads\/2019\/03\/R%C3%ADos-huastecos-contaminados-con-metales-pesados-slp-mzo.jpg?resize=350%2C200 1x, https:\/\/i0.wp.com\/www.grieta.org.mx\/wp-content\/uploads\/2019\/03\/R%C3%ADos-huastecos-contaminados-con-metales-pesados-slp-mzo.jpg?resize=525%2C300 1.5x, https:\/\/i0.wp.com\/www.grieta.org.mx\/wp-content\/uploads\/2019\/03\/R%C3%ADos-huastecos-contaminados-con-metales-pesados-slp-mzo.jpg?resize=700%2C400 2x"},"classes":[]},{"id":42763,"url":"http:\/\/www.grieta.org.mx\/index.php\/2019\/12\/29\/alerta-investigador-de-presencia-de-antidepresivos-y-otros-farmacos-en-agua-potable-de-san-luis-potosi\/","url_meta":{"origin":44396,"position":5},"title":"Alerta investigador de presencia de antidepresivos y otros f\u00e1rmacos en agua potable de San Luis Potos\u00ed","author":"grieta","date":"29 diciembre, 2019","format":false,"excerpt":"Alina Escobedo\/Plumas At\u00f3micas 29 diciembre 2019 Ra\u00fal Ocampo P\u00e9rez, docente e investigador de la Facultad de Ciencias Qu\u00edmicas de la Universidad Aut\u00f3noma de San Luis Potos\u00ed (UASL, advirti\u00f3 que el agua potable de San Luis Potos\u00ed est\u00e1 contaminada ya que se detect\u00f3 la presencia de f\u00e1rmacos y antidepresivos. Los investigadores\u2026","rel":"","context":"En &quot;CINTILLO&quot;","block_context":{"text":"CINTILLO","link":"http:\/\/www.grieta.org.mx\/index.php\/category\/cintillo\/"},"img":{"alt_text":"","src":"https:\/\/i0.wp.com\/www.grieta.org.mx\/wp-content\/uploads\/2020\/01\/Agua-Contaminada-Farmacos-San-Luis-Potosi.jpg?resize=350%2C200","width":350,"height":200,"srcset":"https:\/\/i0.wp.com\/www.grieta.org.mx\/wp-content\/uploads\/2020\/01\/Agua-Contaminada-Farmacos-San-Luis-Potosi.jpg?resize=350%2C200 1x, https:\/\/i0.wp.com\/www.grieta.org.mx\/wp-content\/uploads\/2020\/01\/Agua-Contaminada-Farmacos-San-Luis-Potosi.jpg?resize=525%2C300 1.5x, https:\/\/i0.wp.com\/www.grieta.org.mx\/wp-content\/uploads\/2020\/01\/Agua-Contaminada-Farmacos-San-Luis-Potosi.jpg?resize=700%2C400 2x, https:\/\/i0.wp.com\/www.grieta.org.mx\/wp-content\/uploads\/2020\/01\/Agua-Contaminada-Farmacos-San-Luis-Potosi.jpg?resize=1050%2C600 3x"},"classes":[]}],"_links":{"self":[{"href":"http:\/\/www.grieta.org.mx\/index.php\/wp-json\/wp\/v2\/posts\/44396","targetHints":{"allow":["GET"]}}],"collection":[{"href":"http:\/\/www.grieta.org.mx\/index.php\/wp-json\/wp\/v2\/posts"}],"about":[{"href":"http:\/\/www.grieta.org.mx\/index.php\/wp-json\/wp\/v2\/types\/post"}],"author":[{"embeddable":true,"href":"http:\/\/www.grieta.org.mx\/index.php\/wp-json\/wp\/v2\/users\/2"}],"replies":[{"embeddable":true,"href":"http:\/\/www.grieta.org.mx\/index.php\/wp-json\/wp\/v2\/comments?post=44396"}],"version-history":[{"count":1,"href":"http:\/\/www.grieta.org.mx\/index.php\/wp-json\/wp\/v2\/posts\/44396\/revisions"}],"predecessor-version":[{"id":44398,"href":"http:\/\/www.grieta.org.mx\/index.php\/wp-json\/wp\/v2\/posts\/44396\/revisions\/44398"}],"wp:featuredmedia":[{"embeddable":true,"href":"http:\/\/www.grieta.org.mx\/index.php\/wp-json\/wp\/v2\/media\/44397"}],"wp:attachment":[{"href":"http:\/\/www.grieta.org.mx\/index.php\/wp-json\/wp\/v2\/media?parent=44396"}],"wp:term":[{"taxonomy":"category","embeddable":true,"href":"http:\/\/www.grieta.org.mx\/index.php\/wp-json\/wp\/v2\/categories?post=44396"},{"taxonomy":"post_tag","embeddable":true,"href":"http:\/\/www.grieta.org.mx\/index.php\/wp-json\/wp\/v2\/tags?post=44396"}],"curies":[{"name":"wp","href":"https:\/\/api.w.org\/{rel}","templated":true}]}}