{"id":44171,"date":"2020-02-09T19:07:57","date_gmt":"2020-02-10T01:07:57","guid":{"rendered":"http:\/\/www.grieta.org.mx\/?p=44171"},"modified":"2020-02-11T19:30:20","modified_gmt":"2020-02-12T01:30:20","slug":"arrecia-conflicto-laboral-en-secundaria-de-puerto-aventuras-quintana-roo","status":"publish","type":"post","link":"http:\/\/www.grieta.org.mx\/index.php\/2020\/02\/09\/arrecia-conflicto-laboral-en-secundaria-de-puerto-aventuras-quintana-roo\/","title":{"rendered":"Arrecia conflicto laboral en secundaria de Puerto Aventuras (Quintana Roo)"},"content":{"rendered":"<p><img loading=\"lazy\" decoding=\"async\" data-attachment-id=\"44172\" data-permalink=\"http:\/\/www.grieta.org.mx\/index.php\/2020\/02\/09\/arrecia-conflicto-laboral-en-secundaria-de-puerto-aventuras-quintana-roo\/arrecia\/\" data-orig-file=\"http:\/\/www.grieta.org.mx\/wp-content\/uploads\/2020\/02\/Arrecia-e1581470796697.png\" data-orig-size=\"800,498\" data-comments-opened=\"0\" data-image-meta=\"{&quot;aperture&quot;:&quot;0&quot;,&quot;credit&quot;:&quot;&quot;,&quot;camera&quot;:&quot;&quot;,&quot;caption&quot;:&quot;&quot;,&quot;created_timestamp&quot;:&quot;0&quot;,&quot;copyright&quot;:&quot;&quot;,&quot;focal_length&quot;:&quot;0&quot;,&quot;iso&quot;:&quot;0&quot;,&quot;shutter_speed&quot;:&quot;0&quot;,&quot;title&quot;:&quot;&quot;,&quot;orientation&quot;:&quot;0&quot;}\" data-image-title=\"Arrecia\" data-image-description=\"\" data-image-caption=\"\" data-medium-file=\"http:\/\/www.grieta.org.mx\/wp-content\/uploads\/2020\/02\/Arrecia-300x187.png\" data-large-file=\"http:\/\/www.grieta.org.mx\/wp-content\/uploads\/2020\/02\/Arrecia-e1581470796697.png\" src=\"http:\/\/www.grieta.org.mx\/wp-content\/uploads\/2020\/02\/Arrecia-e1581470796697.png\" alt=\"\" width=\"800\" height=\"498\" class=\"aligncenter size-full wp-image-44172\" \/><br \/>\n OmarTornel \/ La Verdad<br \/>\nA partir de este lunes 10 de febrero inician los paros escalonados, informa el personal de la escuela secundaria general &#8220;Jos\u00e9 Antonio Tzuc Esparza&#8221; de la comunidad de Puerto Aventuras.<\/p>\n<p>\u201cPadre de familia o tutor: Se le informa que derivado del conflicto laboral que se presenta en la escuela secundaria general \u201cJos\u00e9 Antonio Tzuc Esparza\u201d, la base trabajadora realizar\u00e1 a partir del d\u00eda lunes 10 de febrero de los corrientes, paros laborales escalonados, por lo que se retirar\u00e1 a los alumnos una hora antes de su salida acostumbrada (12:20 hrs.), y en los consiguientes dias cada vez m\u00e1s temprano, hasta que haya una soluci\u00f3n al conflicto\u201d, advierte el personal del colegio en Puerto Aventuras, municipio de Solidaridad.<\/p>\n<p>Respecto a las razones que orillan al personal docente, administrativo y manual a realizar el paro de labores escalonado (brazos ca\u00eddos), como primera medida es para tener una respuesta al conflicto por parte de las autoridades educativas correspondientes, toda vez -aseguran- que se han expuesto de manera verbal y escrita las inconformidades, irregularidades y atropellos por parte de los CC. Joaqu\u00edn N. Canch\u00e9 Bacab, Marco A. Castillo May y Julio Escalante Morales, directivos y administrativos de la escuela antes mencionada.<\/p>\n<p>En una misiva firmada por el representante sindical CT 43, Enrique Caballero Olague y dirigida al supervisor de zona 002, Juan Jos\u00e9 Ruiz Torres, los trabajadores acusan abuso de autoridad y poder; acoso, hostigamiento y persecucion laboral; negligencia en el desempe\u00f1o de sus funciones p\u00fablicas, extorsi\u00f3n entre otras.<\/p>\n<p>\u201cAnte este clima laboral hostil, la base trabajadora, con las pruebas y testimonios entregados a la autoridad competente, solicita la medida pertinente para que los funcionarios antes mencionados no ejerzan sus funciones dentro del plantel y sean removidos de nuestro centro de trabajo. Asimismo, agradecemos de antemano su comprensi\u00f3n por los incovenientes que causa este movimiento, pero estamos ciertos de que actuamos conforme a derecho, leg\u00edtimamente y por mejorar los ambientes educativos en nuestro plantel. El trabajo m\u00e1s productivo es el que sale de las manos de un hombre contento&#8221;, concluye la misiva.<\/p>\n<p><a href=\"https:\/\/laverdadnoticias.com\/quintanaroo\/Arrecia-conflicto-laboral-en-secundaria-de-Puerto-Aventuras-20200209-0139.html\" rel=\"noopener noreferrer\" target=\"_blank\">https:\/\/laverdadnoticias.com\/quintanaroo\/Arrecia-conflicto-laboral-en-secundaria-de-Puerto-Aventuras-20200209-0139.html<\/a><\/p>\n","protected":false},"excerpt":{"rendered":"<p>OmarTornel \/ La Verdad A partir de este lunes 10 de febrero inician los paros escalonados, informa el personal de la escuela secundaria general &#8220;Jos\u00e9 Antonio Tzuc Esparza&#8221; de la &hellip; <a href=\"http:\/\/www.grieta.org.mx\/index.php\/2020\/02\/09\/arrecia-conflicto-laboral-en-secundaria-de-puerto-aventuras-quintana-roo\/\" class=\"more-link\">Leer m\u00e1s<\/a><\/p>\n","protected":false},"author":2,"featured_media":44172,"comment_status":"closed","ping_status":"closed","sticky":false,"template":"","format":"standard","meta":{"ngg_post_thumbnail":0,"_jetpack_newsletter_access":"","_jetpack_dont_email_post_to_subs":false,"_jetpack_newsletter_tier_id":0,"_jetpack_memberships_contains_paywalled_content":false,"_jetpack_memberships_contains_paid_content":false,"footnotes":""},"categories":[80,1084,916,2906,2,28,83],"tags":[2054,2102,105,133],"class_list":["post-44171","post","type-post","status-publish","format-standard","has-post-thumbnail","hentry","category-cintillo","category-conflictos-laborales-en-quintana-roo","category-privatizacion-del-la-educacion-publica","category-crisis-de-la-educacion-publica-en-quintana-roo","category-noticias-nacionales","category-quintana-roo","category-temas-nacionales","tag-acoso-laboral","tag-conflicto-laboral","tag-derechos-laborales","tag-maestros","entry"],"jetpack_featured_media_url":"http:\/\/www.grieta.org.mx\/wp-content\/uploads\/2020\/02\/Arrecia-e1581470796697.png","jetpack_sharing_enabled":true,"jetpack_shortlink":"https:\/\/wp.me\/p7ZJR4-bur","jetpack_likes_enabled":false,"jetpack-related-posts":[{"id":65862,"url":"http:\/\/www.grieta.org.mx\/index.php\/2022\/12\/02\/trabajadores-del-cobach-a-paro-escalonado-el-lunes-quintana-roo\/","url_meta":{"origin":44171,"position":0},"title":"Trabajadores del Cobach a paro escalonado, el lunes  (Quintana Roo)","author":"grieta","date":"2 diciembre, 2022","format":false,"excerpt":"Luisa C\u00e1rdenas \/ Quadrat\u00edn Quintana Roo CANC\u00daN, QRoo, 2 de diciembre de 2022.- A partir de este lunes, el Sindicato de Trabajadores de los Colegios de Bachilleres de Quintana Roo (Sitacobaqroo), programar\u00e1n paros escalonados al no haber una respuesta a sus demandas laborales. No descartan manifestaciones para hacer presi\u00f3n. Luisa\u2026","rel":"","context":"En &quot;CINTILLO&quot;","block_context":{"text":"CINTILLO","link":"http:\/\/www.grieta.org.mx\/index.php\/category\/cintillo\/"},"img":{"alt_text":"","src":"https:\/\/i0.wp.com\/www.grieta.org.mx\/wp-content\/uploads\/2022\/12\/Cobach-e1670267050610.jpg?resize=350%2C200","width":350,"height":200,"srcset":"https:\/\/i0.wp.com\/www.grieta.org.mx\/wp-content\/uploads\/2022\/12\/Cobach-e1670267050610.jpg?resize=350%2C200 1x, https:\/\/i0.wp.com\/www.grieta.org.mx\/wp-content\/uploads\/2022\/12\/Cobach-e1670267050610.jpg?resize=525%2C300 1.5x, https:\/\/i0.wp.com\/www.grieta.org.mx\/wp-content\/uploads\/2022\/12\/Cobach-e1670267050610.jpg?resize=700%2C400 2x"},"classes":[]},{"id":69821,"url":"http:\/\/www.grieta.org.mx\/index.php\/2024\/08\/29\/conflicto-laboral-en-princess-de-playa-del-carmen-quintana-roo\/","url_meta":{"origin":44171,"position":1},"title":"Conflicto laboral en Princess de Playa del Carmen (Quintana Roo)","author":"grieta","date":"29 agosto, 2024","format":false,"excerpt":"Ra\u00fal Gamboa\/Quadrat\u00edn Quintana Roo SOLIDARIDAD, QRoo, 29 de agosto de 2024.- Este jueves, trabajadores del hotel Princess, ubicado en la zona de Xcalacoco, realizaron una manifestaci\u00f3n para exigir el pago de retroactivos y denunciar los malos tratos que han sufrido por parte del personal de seguridad privada del complejo. Cerca\u2026","rel":"","context":"En &quot;CINTILLO&quot;","block_context":{"text":"CINTILLO","link":"http:\/\/www.grieta.org.mx\/index.php\/category\/cintillo\/"},"img":{"alt_text":"","src":"https:\/\/i0.wp.com\/www.grieta.org.mx\/wp-content\/uploads\/2024\/09\/Princess-e1727225826509.jpg?resize=350%2C200","width":350,"height":200,"srcset":"https:\/\/i0.wp.com\/www.grieta.org.mx\/wp-content\/uploads\/2024\/09\/Princess-e1727225826509.jpg?resize=350%2C200 1x, https:\/\/i0.wp.com\/www.grieta.org.mx\/wp-content\/uploads\/2024\/09\/Princess-e1727225826509.jpg?resize=525%2C300 1.5x, https:\/\/i0.wp.com\/www.grieta.org.mx\/wp-content\/uploads\/2024\/09\/Princess-e1727225826509.jpg?resize=700%2C400 2x"},"classes":[]},{"id":70499,"url":"http:\/\/www.grieta.org.mx\/index.php\/2024\/11\/15\/crisis-en-saban-trabajadores-detienen-al-alcalde-jose-hector-moo-tras-despidos-injustificados-quintana-roo\/","url_meta":{"origin":44171,"position":2},"title":"Crisis en Sab\u00e1n: Trabajadores detienen al alcalde Jos\u00e9 H\u00e9ctor Moo tras despidos injustificados (Quintana Roo)","author":"grieta","date":"15 noviembre, 2024","format":false,"excerpt":"El Punto Sobre la i Saban.-La alcald\u00eda de Sab\u00e1n, municipio de Jos\u00e9 Mar\u00eda Morelos, se encuentra en el centro de la controversia luego de que un grupo de trabajadores tomar\u00e1 medidas extremas al detener al alcalde Jos\u00e9 H\u00e9ctor Moo. Los empleados, visiblemente molestos, denunciaron despidos injustificados tras acudir a cobrar\u2026","rel":"","context":"En &quot;CINTILLO&quot;","block_context":{"text":"CINTILLO","link":"http:\/\/www.grieta.org.mx\/index.php\/category\/cintillo\/"},"img":{"alt_text":"","src":"https:\/\/i0.wp.com\/www.grieta.org.mx\/wp-content\/uploads\/2024\/11\/Saban-e1732190562903.jpg?resize=350%2C200","width":350,"height":200,"srcset":"https:\/\/i0.wp.com\/www.grieta.org.mx\/wp-content\/uploads\/2024\/11\/Saban-e1732190562903.jpg?resize=350%2C200 1x, https:\/\/i0.wp.com\/www.grieta.org.mx\/wp-content\/uploads\/2024\/11\/Saban-e1732190562903.jpg?resize=525%2C300 1.5x, https:\/\/i0.wp.com\/www.grieta.org.mx\/wp-content\/uploads\/2024\/11\/Saban-e1732190562903.jpg?resize=700%2C400 2x"},"classes":[]},{"id":71292,"url":"http:\/\/www.grieta.org.mx\/index.php\/2025\/03\/10\/resienten-tambien-afectaciones-por-reforma-a-la-ley-del-issste-daran-inicio-en-sistema-bachilleres-paros-escalonados-de-actividades-anuncian-paro-total-de-labores-para-la-proxima-semana-quintana-r\/","url_meta":{"origin":44171,"position":3},"title":"Resienten tambi\u00e9n afectaciones por reforma a la Ley del  ISSSTE: Dar\u00e1n inicio en Sistema Bachilleres paros escalonados de actividades; anuncian paro total de labores para la pr\u00f3xima semana (Quintana Roo)","author":"grieta","date":"10 marzo, 2025","format":false,"excerpt":"Rafael Brice\u00f1o \/ Noticaribe CHETUMAL, MX.- Ante las afectaciones por la propuesta de reforma a la Ley del ISSSTE y al hecho de que no se consideran las necesidades que presenta el sistema educativo de nivel medio superior, el Sistema Bachilleres inici\u00f3 el paro escalonado de actividades en las escuelas\u2026","rel":"","context":"En &quot;CINTILLO&quot;","block_context":{"text":"CINTILLO","link":"http:\/\/www.grieta.org.mx\/index.php\/category\/cintillo\/"},"img":{"alt_text":"","src":"https:\/\/i0.wp.com\/www.grieta.org.mx\/wp-content\/uploads\/2025\/03\/Bachilleres-e1741918081557.jpg?resize=350%2C200","width":350,"height":200,"srcset":"https:\/\/i0.wp.com\/www.grieta.org.mx\/wp-content\/uploads\/2025\/03\/Bachilleres-e1741918081557.jpg?resize=350%2C200 1x, https:\/\/i0.wp.com\/www.grieta.org.mx\/wp-content\/uploads\/2025\/03\/Bachilleres-e1741918081557.jpg?resize=525%2C300 1.5x, https:\/\/i0.wp.com\/www.grieta.org.mx\/wp-content\/uploads\/2025\/03\/Bachilleres-e1741918081557.jpg?resize=700%2C400 2x"},"classes":[]},{"id":67233,"url":"http:\/\/www.grieta.org.mx\/index.php\/2023\/07\/25\/sindicalizados-del-inah-en-chetumal-inician-paro-de-labores-exigen-respetar-el-pliego-petitorio-quintana-roo\/","url_meta":{"origin":44171,"position":4},"title":"Sindicalizados del INAH en Chetumal inician paro de labores; exigen respetar el pliego petitorio (Quintana Roo)","author":"grieta","date":"25 julio, 2023","format":false,"excerpt":"Por Esto! De acuerdo con la informaci\u00f3n proporcionada se dio a conocer qu\u00e9, trabajadores sindicalizados de la delegaci\u00f3n del Instituto Nacional de Antropolog\u00eda e Historia (INAH) en Quintana Roo dieron inicio a un paro de labores en Chetumal. Los empleados exigen que la Direcci\u00f3n General cumpla con un pliego petitorio\u2026","rel":"","context":"En &quot;CINTILLO&quot;","block_context":{"text":"CINTILLO","link":"http:\/\/www.grieta.org.mx\/index.php\/category\/cintillo\/"},"img":{"alt_text":"","src":"https:\/\/i0.wp.com\/www.grieta.org.mx\/wp-content\/uploads\/2023\/07\/Inah-e1690328890807.jpg?resize=350%2C200","width":350,"height":200,"srcset":"https:\/\/i0.wp.com\/www.grieta.org.mx\/wp-content\/uploads\/2023\/07\/Inah-e1690328890807.jpg?resize=350%2C200 1x, https:\/\/i0.wp.com\/www.grieta.org.mx\/wp-content\/uploads\/2023\/07\/Inah-e1690328890807.jpg?resize=525%2C300 1.5x, https:\/\/i0.wp.com\/www.grieta.org.mx\/wp-content\/uploads\/2023\/07\/Inah-e1690328890807.jpg?resize=700%2C400 2x"},"classes":[]},{"id":66800,"url":"http:\/\/www.grieta.org.mx\/index.php\/2023\/03\/30\/protestan-otra-vez-en-la-universidad-intercultural-maya-de-quintana-roo-por-mejoras-salariales\/","url_meta":{"origin":44171,"position":5},"title":"Protestan otra vez en la Universidad Intercultural Maya de Quintana Roo por mejoras salariales","author":"grieta","date":"30 marzo, 2023","format":false,"excerpt":"Noticaribe JOS\u00c9 MAR\u00cdA MORELOS, MX.- Este jueves, unos 25 docentes de la Universidad Intercultural Maya de Quintana Roo (Uimqroo) retomaron sus protestas con una manifestaci\u00f3n en las instalaciones de esta casa de estudios superiores. De acuerdo con la maestra Silvina Barbosa Polanco, esta vez el movimiento fue con motivo de\u2026","rel":"","context":"En &quot;CINTILLO&quot;","block_context":{"text":"CINTILLO","link":"http:\/\/www.grieta.org.mx\/index.php\/category\/cintillo\/"},"img":{"alt_text":"","src":"https:\/\/i0.wp.com\/www.grieta.org.mx\/wp-content\/uploads\/2023\/04\/Uimqroo-e1681658291434.jpg?resize=350%2C200","width":350,"height":200,"srcset":"https:\/\/i0.wp.com\/www.grieta.org.mx\/wp-content\/uploads\/2023\/04\/Uimqroo-e1681658291434.jpg?resize=350%2C200 1x, https:\/\/i0.wp.com\/www.grieta.org.mx\/wp-content\/uploads\/2023\/04\/Uimqroo-e1681658291434.jpg?resize=525%2C300 1.5x, https:\/\/i0.wp.com\/www.grieta.org.mx\/wp-content\/uploads\/2023\/04\/Uimqroo-e1681658291434.jpg?resize=700%2C400 2x"},"classes":[]}],"_links":{"self":[{"href":"http:\/\/www.grieta.org.mx\/index.php\/wp-json\/wp\/v2\/posts\/44171","targetHints":{"allow":["GET"]}}],"collection":[{"href":"http:\/\/www.grieta.org.mx\/index.php\/wp-json\/wp\/v2\/posts"}],"about":[{"href":"http:\/\/www.grieta.org.mx\/index.php\/wp-json\/wp\/v2\/types\/post"}],"author":[{"embeddable":true,"href":"http:\/\/www.grieta.org.mx\/index.php\/wp-json\/wp\/v2\/users\/2"}],"replies":[{"embeddable":true,"href":"http:\/\/www.grieta.org.mx\/index.php\/wp-json\/wp\/v2\/comments?post=44171"}],"version-history":[{"count":1,"href":"http:\/\/www.grieta.org.mx\/index.php\/wp-json\/wp\/v2\/posts\/44171\/revisions"}],"predecessor-version":[{"id":44173,"href":"http:\/\/www.grieta.org.mx\/index.php\/wp-json\/wp\/v2\/posts\/44171\/revisions\/44173"}],"wp:featuredmedia":[{"embeddable":true,"href":"http:\/\/www.grieta.org.mx\/index.php\/wp-json\/wp\/v2\/media\/44172"}],"wp:attachment":[{"href":"http:\/\/www.grieta.org.mx\/index.php\/wp-json\/wp\/v2\/media?parent=44171"}],"wp:term":[{"taxonomy":"category","embeddable":true,"href":"http:\/\/www.grieta.org.mx\/index.php\/wp-json\/wp\/v2\/categories?post=44171"},{"taxonomy":"post_tag","embeddable":true,"href":"http:\/\/www.grieta.org.mx\/index.php\/wp-json\/wp\/v2\/tags?post=44171"}],"curies":[{"name":"wp","href":"https:\/\/api.w.org\/{rel}","templated":true}]}}