{"id":44167,"date":"2020-02-04T18:53:29","date_gmt":"2020-02-05T00:53:29","guid":{"rendered":"http:\/\/www.grieta.org.mx\/?p=44167"},"modified":"2020-02-08T19:02:05","modified_gmt":"2020-02-09T01:02:05","slug":"dos-defensores-de-la-mariposa-monarca-asesinados-en-mexico-a-que-intereses-afectaba-su-activismo-michoacan","status":"publish","type":"post","link":"http:\/\/www.grieta.org.mx\/index.php\/2020\/02\/04\/dos-defensores-de-la-mariposa-monarca-asesinados-en-mexico-a-que-intereses-afectaba-su-activismo-michoacan\/","title":{"rendered":"Dos defensores de la mariposa monarca asesinados en M\u00e9xico: \u00bfa qu\u00e9 intereses afectaba su activismo?  (Michoac\u00e1n)"},"content":{"rendered":"<blockquote><p>&#8220;Condenamos que la defensa del territorio, los recursos naturales y la biodiversidad convierta a los activistas en v\u00edctimas de persecuci\u00f3n, amenazas y hechos cobardes como el quitarles la vida&#8221;, dice un comunicado de Greenpeace.<\/p><\/blockquote>\n<figure id=\"attachment_44169\" aria-describedby=\"caption-attachment-44169\" style=\"width: 800px\" class=\"wp-caption aligncenter\"><img loading=\"lazy\" decoding=\"async\" data-attachment-id=\"44169\" data-permalink=\"http:\/\/www.grieta.org.mx\/index.php\/2020\/02\/04\/dos-defensores-de-la-mariposa-monarca-asesinados-en-mexico-a-que-intereses-afectaba-su-activismo-michoacan\/5e38bccd59bf5b39421a5923\/\" data-orig-file=\"http:\/\/www.grieta.org.mx\/wp-content\/uploads\/2020\/02\/5e38bccd59bf5b39421a5923.jpg\" data-orig-size=\"1104,622\" data-comments-opened=\"0\" data-image-meta=\"{&quot;aperture&quot;:&quot;0&quot;,&quot;credit&quot;:&quot;&quot;,&quot;camera&quot;:&quot;&quot;,&quot;caption&quot;:&quot;&quot;,&quot;created_timestamp&quot;:&quot;0&quot;,&quot;copyright&quot;:&quot;&quot;,&quot;focal_length&quot;:&quot;0&quot;,&quot;iso&quot;:&quot;0&quot;,&quot;shutter_speed&quot;:&quot;0&quot;,&quot;title&quot;:&quot;&quot;,&quot;orientation&quot;:&quot;0&quot;}\" data-image-title=\"5e38bccd59bf5b39421a5923\" data-image-description=\"\" data-image-caption=\"&lt;p&gt;Familiares y amigos llevan el ata\u00fad del activista ambiental Homero G\u00f3mez, defensor de la mariposa monarca. 30 de enero de 2020 Foto: .Alan Ortega \/ Reuters&lt;\/p&gt;\n\" data-medium-file=\"http:\/\/www.grieta.org.mx\/wp-content\/uploads\/2020\/02\/5e38bccd59bf5b39421a5923-300x169.jpg\" data-large-file=\"http:\/\/www.grieta.org.mx\/wp-content\/uploads\/2020\/02\/5e38bccd59bf5b39421a5923-1024x577.jpg\" class=\"wp-image-44169\" src=\"http:\/\/www.grieta.org.mx\/wp-content\/uploads\/2020\/02\/5e38bccd59bf5b39421a5923-1024x577.jpg\" alt=\"\" width=\"800\" height=\"451\" srcset=\"http:\/\/www.grieta.org.mx\/wp-content\/uploads\/2020\/02\/5e38bccd59bf5b39421a5923-1024x577.jpg 1024w, http:\/\/www.grieta.org.mx\/wp-content\/uploads\/2020\/02\/5e38bccd59bf5b39421a5923-300x169.jpg 300w, http:\/\/www.grieta.org.mx\/wp-content\/uploads\/2020\/02\/5e38bccd59bf5b39421a5923-768x433.jpg 768w, http:\/\/www.grieta.org.mx\/wp-content\/uploads\/2020\/02\/5e38bccd59bf5b39421a5923-887x500.jpg 887w, http:\/\/www.grieta.org.mx\/wp-content\/uploads\/2020\/02\/5e38bccd59bf5b39421a5923.jpg 1104w\" sizes=\"auto, (max-width: 800px) 100vw, 800px\" \/><figcaption id=\"caption-attachment-44169\" class=\"wp-caption-text\">Familiares y amigos llevan el ata\u00fad del activista ambiental Homero G\u00f3mez, defensor de la mariposa monarca. 30 de enero de 2020 Foto: .Alan Ortega \/ Reuters<\/figcaption><\/figure>\n<p>Alan Ortega \/ Reuters, 04 de Febrero de 2020<\/p>\n<p>El pasado 29 de enero, fue encontrado muerto Homero G\u00f3mez Gonz\u00e1lez, un conocido defensor mexicano de la mariposa monarca y sus santuarios, en el estado de Michoac\u00e1n, tras permanecer desaparecido durante dos semanas.<\/p>\n<p>Tres d\u00edas despu\u00e9s, en el mismo estado mexicano, fue hallado sin vida Ra\u00fal Hern\u00e1ndez Romero, otro activista de la mariposa monarca, quien hab\u00eda sido reportado como desaparecido desde el 27 de enero.<\/p>\n<figure id=\"attachment_44168\" aria-describedby=\"caption-attachment-44168\" style=\"width: 800px\" class=\"wp-caption aligncenter\"><img loading=\"lazy\" decoding=\"async\" data-attachment-id=\"44168\" data-permalink=\"http:\/\/www.grieta.org.mx\/index.php\/2020\/02\/04\/dos-defensores-de-la-mariposa-monarca-asesinados-en-mexico-a-que-intereses-afectaba-su-activismo-michoacan\/5e38bd5ae9ff7101d0717354\/\" data-orig-file=\"http:\/\/www.grieta.org.mx\/wp-content\/uploads\/2020\/02\/5e38bd5ae9ff7101d0717354.jpg\" data-orig-size=\"1104,736\" data-comments-opened=\"0\" data-image-meta=\"{&quot;aperture&quot;:&quot;0&quot;,&quot;credit&quot;:&quot;&quot;,&quot;camera&quot;:&quot;&quot;,&quot;caption&quot;:&quot;&quot;,&quot;created_timestamp&quot;:&quot;0&quot;,&quot;copyright&quot;:&quot;&quot;,&quot;focal_length&quot;:&quot;0&quot;,&quot;iso&quot;:&quot;0&quot;,&quot;shutter_speed&quot;:&quot;0&quot;,&quot;title&quot;:&quot;&quot;,&quot;orientation&quot;:&quot;0&quot;}\" data-image-title=\"5e38bd5ae9ff7101d0717354\" data-image-description=\"\" data-image-caption=\"&lt;p&gt;Una vista de la tumba de Ra\u00fal Hern\u00e1ndez, un gu\u00eda tur\u00edstico que trabaja en una reserva de mariposas monarcas. 2 de febrero de 2020. Foto: Alan Ortega \/ Reuters&lt;\/p&gt;\n\" data-medium-file=\"http:\/\/www.grieta.org.mx\/wp-content\/uploads\/2020\/02\/5e38bd5ae9ff7101d0717354-300x200.jpg\" data-large-file=\"http:\/\/www.grieta.org.mx\/wp-content\/uploads\/2020\/02\/5e38bd5ae9ff7101d0717354-1024x683.jpg\" class=\"wp-image-44168\" src=\"http:\/\/www.grieta.org.mx\/wp-content\/uploads\/2020\/02\/5e38bd5ae9ff7101d0717354-1024x683.jpg\" alt=\"\" width=\"800\" height=\"533\" srcset=\"http:\/\/www.grieta.org.mx\/wp-content\/uploads\/2020\/02\/5e38bd5ae9ff7101d0717354-1024x683.jpg 1024w, http:\/\/www.grieta.org.mx\/wp-content\/uploads\/2020\/02\/5e38bd5ae9ff7101d0717354-300x200.jpg 300w, http:\/\/www.grieta.org.mx\/wp-content\/uploads\/2020\/02\/5e38bd5ae9ff7101d0717354-768x512.jpg 768w, http:\/\/www.grieta.org.mx\/wp-content\/uploads\/2020\/02\/5e38bd5ae9ff7101d0717354-750x500.jpg 750w, http:\/\/www.grieta.org.mx\/wp-content\/uploads\/2020\/02\/5e38bd5ae9ff7101d0717354.jpg 1104w\" sizes=\"auto, (max-width: 800px) 100vw, 800px\" \/><figcaption id=\"caption-attachment-44168\" class=\"wp-caption-text\">Una vista de la tumba de Ra\u00fal Hern\u00e1ndez, un gu\u00eda tur\u00edstico que trabaja en una reserva de mariposas monarcas. 2 de febrero de 2020. Foto: Alan Ortega \/ Reuters<\/figcaption><\/figure>\n<p>El cad\u00e1ver de G\u00f3mez fue encontrado dentro de un pozo de agua en el municipio Ocampo, cerca de una reserva forestal en las monta\u00f1as que \u00e9l mismo proteg\u00eda desde hace tiempo, por ser el h\u00e1bitat de las mariposas. Las autoridades informaron que sufri\u00f3 un golpe en la cabeza y se ahog\u00f3.<\/p>\n<p>El cuerpo de Hern\u00e1ndez, quien trabajaba como gu\u00eda tur\u00edstico en santuarios de la mariposa monarca, fue hallado en el predio Las Balsitas, en la cima del santuario El Campanario, ejido El Rosario, tambi\u00e9n en el municipio Ocampo. Ten\u00eda varios golpes contusos en diferentes partes del cuerpo, as\u00ed como una herida en la cabeza, hecha con un objeto cortante.<\/p>\n<p>La Fiscal\u00eda General del Estado de Michoac\u00e1n inform\u00f3 que abri\u00f3 la investigaci\u00f3n por ambos casos.<br \/>\nEl santuario m\u00e1s grande del mundo<\/p>\n<p>G\u00f3mez, de 50 a\u00f1os, un ingeniero agr\u00f3nomo con especialidad en fototecnia, era quien administraba el Santuario El Rosario, el m\u00e1s grande del mundo dedicado a la protecci\u00f3n de los lepid\u00f3pteros, ubicado en el municipio Ocampo.<\/p>\n<p>El santuario est\u00e1 ubicado en la Reserva de Bi\u00f3sfera de la Mariposa Monarca, un lugar declarado Patrimonio Natural de la Humanidad por la Organizaci\u00f3n de las Naciones Unidas para la Educaci\u00f3n, la Ciencia y la Cultura (Unesco) en 2008.<\/p>\n<p>Su \u00faltima publicaci\u00f3n en Twitter fue el pasado 13 de enero, antes de que fuese reportada su desaparici\u00f3n. G\u00f3mez public\u00f3 una fotograf\u00eda, que acompa\u00f1\u00f3 con la leyenda: &#8220;En el Santuario El Rosario Ocampo Michoac\u00e1n. Hoy uniformando a los gu\u00edas de turismo apoyo&#8221;.<\/p>\n<p>Con regularidad, G\u00f3mez publicaba videos en los que se pod\u00eda observar a las mariposas en el santuario, donde llegan procedentes de Canad\u00e1 y permanecen, aproximadamente, de noviembre a marzo.<\/p>\n<p><strong>La lucha contra la tala y en pro de reforestar<\/strong><\/p>\n<p>La Reserva de Bi\u00f3sfera de la Mariposa Monarca es, tambi\u00e9n, un importante espacio de bosques de oyamel, pino, encino y cedro, que atrae a la tala ilegal, contra la que luchaba G\u00f3mez.<\/p>\n<p>Junto a otros pobladores de la zona, como Hern\u00e1ndez, este hombre se internaba en los bosques en busca de los taladores clandestinos; debido a que las autoridades forestales solo est\u00e1n en los caminos y no entran a estos espacios, de acuerdo a un reporte de La Voz de Michoac\u00e1n, que en 2018 hizo un recorrido con los activistas, entre ellos G\u00f3mez.<\/p>\n<p>&#8220;Seguramente estaba afectando intereses de personas que se dedican a talar de forma ilegal en la zona&#8221;, dijo a Reuters Mayte Cardona, vocera de la Comisi\u00f3n Estatal de Derechos Humanos de Michoac\u00e1n.<\/p>\n<p>Adem\u00e1s de luchar contra la tala ilegal, este ingeniero forestal trabaj\u00f3 en la reforestaci\u00f3n de \u00e1reas que hab\u00edan sido tomadas para la siembra de ma\u00edz y otras especies.<\/p>\n<p>G\u00f3mez &#8220;trabaj\u00f3 en la conservaci\u00f3n del bosque y a la protecci\u00f3n del h\u00e1bitat invernal de las mariposas, a trav\u00e9s de la reforestaci\u00f3n de zonas degrada<\/p>\n<p><strong>Peligro para activistas ambientales<\/strong><\/p>\n<p>&#8220;Condenamos que la defensa del territorio, los recursos naturales y la biodiversidad convierta a los activistas en v\u00edctimas de persecuci\u00f3n, amenazas y hechos cobardes como el quitarles la vida&#8221;, se\u00f1ala, por su parte, Greenpeace, en un mensaje de condolencias a la familia de G\u00f3mez.<\/p>\n<p>En los primeros nueves meses de 2019, seg\u00fan Amnist\u00eda Internacional, fueron asesinadas 12 personas que se dedicaban al activismo ambiental en M\u00e9xico; entre ellos la bi\u00f3loga y ambientalista Nora L\u00f3pez, quien era la encargada del proyecto de reproducci\u00f3n de la guacamaya roja en el Parque Ecotur\u00edstico Aluxes, y cuyo cuerpo fue hallado sin vida en agosto pasado.<\/p>\n<p>Entretanto, en 2018, seg\u00fan el Centro Mexicano de Derecho Ambiental (CEMDA) fueron abatidas 21 personas &#8220;por defender la tierra, el medioambiente y el territorio&#8221;.<\/p>\n<p><a href=\"https:\/\/actualidad.rt.com\/actualidad\/341927-activistas-mariposa-monarca-mexico-asesinados-razones\">https:\/\/actualidad.rt.com\/actualidad\/341927-activistas-mariposa-monarca-mexico-asesinados-razones<\/a><\/p>\n","protected":false},"excerpt":{"rendered":"<p>&#8220;Condenamos que la defensa del territorio, los recursos naturales y la biodiversidad convierta a los activistas en v\u00edctimas de persecuci\u00f3n, amenazas y hechos cobardes como el quitarles la vida&#8221;, dice &hellip; <a href=\"http:\/\/www.grieta.org.mx\/index.php\/2020\/02\/04\/dos-defensores-de-la-mariposa-monarca-asesinados-en-mexico-a-que-intereses-afectaba-su-activismo-michoacan\/\" class=\"more-link\">Leer m\u00e1s<\/a><\/p>\n","protected":false},"author":2,"featured_media":44169,"comment_status":"closed","ping_status":"closed","sticky":false,"template":"","format":"standard","meta":{"ngg_post_thumbnail":0,"_jetpack_newsletter_access":"","_jetpack_dont_email_post_to_subs":false,"_jetpack_newsletter_tier_id":0,"_jetpack_memberships_contains_paywalled_content":false,"_jetpack_memberships_contains_paid_content":false,"footnotes":""},"categories":[80,2552,21,2690,998,3051],"tags":[1178,520,1832],"class_list":["post-44167","post","type-post","status-publish","format-standard","has-post-thumbnail","hentry","category-cintillo","category-destruccion-de-la-naturaleza-en-michoacan","category-michoacan","category-resistencias","category-tala-ilegal-de-bosques-y-robo-de-maderas-preciosas-en-michoacan","category-violencia-contra-luchadores-ambientales-en-michoacan","tag-destruccion-de-la-naturaleza","tag-tala-de-bosques","tag-violencia-contra-defensores-del-medio-ambiente","entry"],"jetpack_featured_media_url":"http:\/\/www.grieta.org.mx\/wp-content\/uploads\/2020\/02\/5e38bccd59bf5b39421a5923.jpg","jetpack_sharing_enabled":true,"jetpack_shortlink":"https:\/\/wp.me\/p7ZJR4-bun","jetpack_likes_enabled":false,"jetpack-related-posts":[{"id":44063,"url":"http:\/\/www.grieta.org.mx\/index.php\/2020\/02\/05\/la-unesco-urge-a-esclarecer-las-muertes-de-dos-defensores-de-la-mariposa-monarca\/","url_meta":{"origin":44167,"position":0},"title":"La UNESCO urge a esclarecer las muertes de dos defensores de la mariposa monarca","author":"grieta","date":"5 febrero, 2020","format":false,"excerpt":"El organismo de la ONU consider\u00f3 que deben quedar completamente claros los motivos por los que murieron los activistas Homero G\u00f3mez y Ra\u00fal Hern\u00e1ndez. Amnist\u00eda y la CIDH tambi\u00e9n lamentaron los hechos. Expansi\u00f3n, 05 de febrero de 2020 La Organizaci\u00f3n de las Naciones Unidas para la Educaci\u00f3n, la Ciencia y\u2026","rel":"","context":"En &quot;CINTILLO&quot;","block_context":{"text":"CINTILLO","link":"http:\/\/www.grieta.org.mx\/index.php\/category\/cintillo\/"},"img":{"alt_text":"","src":"https:\/\/i0.wp.com\/www.grieta.org.mx\/wp-content\/uploads\/2020\/02\/cdn-3.expansion.mx_.jpg?resize=350%2C200","width":350,"height":200,"srcset":"https:\/\/i0.wp.com\/www.grieta.org.mx\/wp-content\/uploads\/2020\/02\/cdn-3.expansion.mx_.jpg?resize=350%2C200 1x, https:\/\/i0.wp.com\/www.grieta.org.mx\/wp-content\/uploads\/2020\/02\/cdn-3.expansion.mx_.jpg?resize=525%2C300 1.5x, https:\/\/i0.wp.com\/www.grieta.org.mx\/wp-content\/uploads\/2020\/02\/cdn-3.expansion.mx_.jpg?resize=700%2C400 2x, https:\/\/i0.wp.com\/www.grieta.org.mx\/wp-content\/uploads\/2020\/02\/cdn-3.expansion.mx_.jpg?resize=1050%2C600 3x, https:\/\/i0.wp.com\/www.grieta.org.mx\/wp-content\/uploads\/2020\/02\/cdn-3.expansion.mx_.jpg?resize=1400%2C800 4x"},"classes":[]},{"id":43773,"url":"http:\/\/www.grieta.org.mx\/index.php\/2020\/01\/29\/ambientalistas-exigen-justicia-para-homero-gomez-vivia-entre-amenazas-advirtieron-a-tiempo-michoacan\/","url_meta":{"origin":44167,"position":1},"title":"Ambientalistas exigen justicia para Homero G\u00f3mez; viv\u00eda entre amenazas, advirtieron a tiempo (Michoac\u00e1n)","author":"grieta","date":"29 enero, 2020","format":false,"excerpt":"Erika Guevara Rosas, directora para las Am\u00e9rica de Amnist\u00eda Internacional, exigi\u00f3 que se investigue el asesinato. La familia de Homero G\u00f3mez denunci\u00f3 que el defensor ambiental hab\u00eda recibido amenazas de grupos del crimen organizado. Sin embargo, Redacci\u00f3n Ciudad de M\u00e9xico 29 de enero (SinEmbargo).- Activistas mexicanos y extranjeros, pol\u00edticos y\u2026","rel":"","context":"En &quot;CINTILLO&quot;","block_context":{"text":"CINTILLO","link":"http:\/\/www.grieta.org.mx\/index.php\/category\/cintillo\/"},"img":{"alt_text":"","src":"https:\/\/i0.wp.com\/www.grieta.org.mx\/wp-content\/uploads\/2020\/01\/81717502_2689063287829444_6665158789437587456_n-1.jpg?resize=350%2C200","width":350,"height":200,"srcset":"https:\/\/i0.wp.com\/www.grieta.org.mx\/wp-content\/uploads\/2020\/01\/81717502_2689063287829444_6665158789437587456_n-1.jpg?resize=350%2C200 1x, https:\/\/i0.wp.com\/www.grieta.org.mx\/wp-content\/uploads\/2020\/01\/81717502_2689063287829444_6665158789437587456_n-1.jpg?resize=525%2C300 1.5x, https:\/\/i0.wp.com\/www.grieta.org.mx\/wp-content\/uploads\/2020\/01\/81717502_2689063287829444_6665158789437587456_n-1.jpg?resize=700%2C400 2x, https:\/\/i0.wp.com\/www.grieta.org.mx\/wp-content\/uploads\/2020\/01\/81717502_2689063287829444_6665158789437587456_n-1.jpg?resize=1050%2C600 3x"},"classes":[]},{"id":8825,"url":"http:\/\/www.grieta.org.mx\/index.php\/2016\/05\/17\/tala-ilegal-de-bosques-y-robo-de-maderas-preciosas-en-michoacan\/","url_meta":{"origin":44167,"position":2},"title":"Tala ilegal de bosques y robo de maderas preciosas en Michoac\u00e1n","author":"Admin","date":"17 mayo, 2016","format":false,"excerpt":"Comuneros denuncian tala clandestina en Zit\u00e1cuaro 17\/05\/16. Brigadas comunitarias han logrado reducir 80% la tala de bosques Quadrat\u00edn 08\/10\/15. Comuneros denuncian tala clandestina en Zit\u00e1cuaro La Voz de Michoac\u00e1n Ejidatarios denuncian tala clandestina en el Santuario de Sierra Chincua 19\/01\/16. En 4 meses desaparecen 10 hect\u00e1reas de la Reserva de\u2026","rel":"","context":"En &quot;ESPEJOS DE LA RESISTENCIA&quot;","block_context":{"text":"ESPEJOS DE LA RESISTENCIA","link":"http:\/\/www.grieta.org.mx\/index.php\/category\/espejos-de-la-resistencia\/"},"img":{"alt_text":"","src":"https:\/\/i0.wp.com\/www.grieta.org.mx\/wp-content\/uploads\/2018\/03\/14524434_1106112876131411_958039263622046936_o.jpg?resize=350%2C200","width":350,"height":200,"srcset":"https:\/\/i0.wp.com\/www.grieta.org.mx\/wp-content\/uploads\/2018\/03\/14524434_1106112876131411_958039263622046936_o.jpg?resize=350%2C200 1x, https:\/\/i0.wp.com\/www.grieta.org.mx\/wp-content\/uploads\/2018\/03\/14524434_1106112876131411_958039263622046936_o.jpg?resize=525%2C300 1.5x, https:\/\/i0.wp.com\/www.grieta.org.mx\/wp-content\/uploads\/2018\/03\/14524434_1106112876131411_958039263622046936_o.jpg?resize=700%2C400 2x"},"classes":[]},{"id":44067,"url":"http:\/\/www.grieta.org.mx\/index.php\/2020\/02\/07\/alertan-mayor-violencia-contra-ambientalistas-michoacan\/","url_meta":{"origin":44167,"position":3},"title":"Alertan mayor violencia contra ambientalistas (Michoac\u00e1n)","author":"grieta","date":"7 febrero, 2020","format":false,"excerpt":"Defensores del medio ambiente consideran que la propuesta de la SEMARNAT traer\u00eda m\u00e1s persecuci\u00f3n a los activistas. MVS noticias, 06 de febrero de 2020 Integrantes de la sociedad civil y defensores del medio ambiente, advirtieron que la violencia y persecuci\u00f3n contra activistas podr\u00eda agravarse, como resultado de la propuesta de\u2026","rel":"","context":"En &quot;CINTILLO&quot;","block_context":{"text":"CINTILLO","link":"http:\/\/www.grieta.org.mx\/index.php\/category\/cintillo\/"},"img":{"alt_text":"","src":"https:\/\/i0.wp.com\/www.grieta.org.mx\/wp-content\/uploads\/2020\/02\/f5d84df6gonzalez.png?resize=350%2C200","width":350,"height":200,"srcset":"https:\/\/i0.wp.com\/www.grieta.org.mx\/wp-content\/uploads\/2020\/02\/f5d84df6gonzalez.png?resize=350%2C200 1x, https:\/\/i0.wp.com\/www.grieta.org.mx\/wp-content\/uploads\/2020\/02\/f5d84df6gonzalez.png?resize=525%2C300 1.5x, https:\/\/i0.wp.com\/www.grieta.org.mx\/wp-content\/uploads\/2020\/02\/f5d84df6gonzalez.png?resize=700%2C400 2x"},"classes":[]},{"id":44056,"url":"http:\/\/www.grieta.org.mx\/index.php\/2020\/02\/06\/de-manera-impune-persiste-violencia-contra-ambientalistas-en-mexico-michoacan-nacional\/","url_meta":{"origin":44167,"position":4},"title":"De manera impune persiste violencia contra ambientalistas en M\u00e9xico (Michoac\u00e1n, Nacional)","author":"grieta","date":"6 febrero, 2020","format":false,"excerpt":"El Centro Mexicano de Derecho Ambiental document\u00f3 49 ataques a ambientalistas en 2018 en M\u00e9xico, de los cuales 21 tuvieron un fatal desenlace UDGtv con informaci\u00f3n de EFE, 06 de febrero de 2020 Ciudad de M\u00e9xico, M\u00e9xico. Defender el medioambiente es extremadamente peligroso en M\u00e9xico, tal y como refleja el\u2026","rel":"","context":"En &quot;CINTILLO&quot;","block_context":{"text":"CINTILLO","link":"http:\/\/www.grieta.org.mx\/index.php\/category\/cintillo\/"},"img":{"alt_text":"","src":"https:\/\/i0.wp.com\/www.grieta.org.mx\/wp-content\/uploads\/2020\/02\/Defensor-mariposa-monarca-1068x709.jpg?resize=350%2C200","width":350,"height":200,"srcset":"https:\/\/i0.wp.com\/www.grieta.org.mx\/wp-content\/uploads\/2020\/02\/Defensor-mariposa-monarca-1068x709.jpg?resize=350%2C200 1x, https:\/\/i0.wp.com\/www.grieta.org.mx\/wp-content\/uploads\/2020\/02\/Defensor-mariposa-monarca-1068x709.jpg?resize=525%2C300 1.5x, https:\/\/i0.wp.com\/www.grieta.org.mx\/wp-content\/uploads\/2020\/02\/Defensor-mariposa-monarca-1068x709.jpg?resize=700%2C400 2x, https:\/\/i0.wp.com\/www.grieta.org.mx\/wp-content\/uploads\/2020\/02\/Defensor-mariposa-monarca-1068x709.jpg?resize=1050%2C600 3x"},"classes":[]},{"id":44243,"url":"http:\/\/www.grieta.org.mx\/index.php\/2020\/02\/09\/ambientalistas-fuera-de-la-agenda-con-amlo\/","url_meta":{"origin":44167,"position":5},"title":"Ambientalistas, fuera de la agenda con AMLO","author":"grieta","date":"9 febrero, 2020","format":false,"excerpt":"La escritora y fil\u00f3sofa, originaria de la India, considera que despu\u00e9s de los diversos asesinatos de militantes ecologistas, la protecci\u00f3n no encaja en la pol\u00edtica actual Jair Soto | El Sol de M\u00e9xico, 09 de febrero de 2019 En M\u00e9xico, la protecci\u00f3n a activistas ambientales no ha mostrado buenos resultados,\u2026","rel":"","context":"En &quot;CINTILLO&quot;","block_context":{"text":"CINTILLO","link":"http:\/\/www.grieta.org.mx\/index.php\/category\/cintillo\/"},"img":{"alt_text":"","src":"https:\/\/i0.wp.com\/www.grieta.org.mx\/wp-content\/uploads\/2020\/02\/ambientalistas.jpg?resize=350%2C200","width":350,"height":200,"srcset":"https:\/\/i0.wp.com\/www.grieta.org.mx\/wp-content\/uploads\/2020\/02\/ambientalistas.jpg?resize=350%2C200 1x, https:\/\/i0.wp.com\/www.grieta.org.mx\/wp-content\/uploads\/2020\/02\/ambientalistas.jpg?resize=525%2C300 1.5x, https:\/\/i0.wp.com\/www.grieta.org.mx\/wp-content\/uploads\/2020\/02\/ambientalistas.jpg?resize=700%2C400 2x"},"classes":[]}],"_links":{"self":[{"href":"http:\/\/www.grieta.org.mx\/index.php\/wp-json\/wp\/v2\/posts\/44167","targetHints":{"allow":["GET"]}}],"collection":[{"href":"http:\/\/www.grieta.org.mx\/index.php\/wp-json\/wp\/v2\/posts"}],"about":[{"href":"http:\/\/www.grieta.org.mx\/index.php\/wp-json\/wp\/v2\/types\/post"}],"author":[{"embeddable":true,"href":"http:\/\/www.grieta.org.mx\/index.php\/wp-json\/wp\/v2\/users\/2"}],"replies":[{"embeddable":true,"href":"http:\/\/www.grieta.org.mx\/index.php\/wp-json\/wp\/v2\/comments?post=44167"}],"version-history":[{"count":1,"href":"http:\/\/www.grieta.org.mx\/index.php\/wp-json\/wp\/v2\/posts\/44167\/revisions"}],"predecessor-version":[{"id":44170,"href":"http:\/\/www.grieta.org.mx\/index.php\/wp-json\/wp\/v2\/posts\/44167\/revisions\/44170"}],"wp:featuredmedia":[{"embeddable":true,"href":"http:\/\/www.grieta.org.mx\/index.php\/wp-json\/wp\/v2\/media\/44169"}],"wp:attachment":[{"href":"http:\/\/www.grieta.org.mx\/index.php\/wp-json\/wp\/v2\/media?parent=44167"}],"wp:term":[{"taxonomy":"category","embeddable":true,"href":"http:\/\/www.grieta.org.mx\/index.php\/wp-json\/wp\/v2\/categories?post=44167"},{"taxonomy":"post_tag","embeddable":true,"href":"http:\/\/www.grieta.org.mx\/index.php\/wp-json\/wp\/v2\/tags?post=44167"}],"curies":[{"name":"wp","href":"https:\/\/api.w.org\/{rel}","templated":true}]}}