{"id":4410,"date":"2015-10-12T03:16:10","date_gmt":"2015-10-12T03:16:10","guid":{"rendered":"http:\/\/50.22.11.12\/~grietaor\/?p=4410"},"modified":"2016-03-23T03:17:19","modified_gmt":"2016-03-23T03:17:19","slug":"gas-llegaria-en-diciembre-a-region-citricola","status":"publish","type":"post","link":"http:\/\/www.grieta.org.mx\/index.php\/2015\/10\/12\/gas-llegaria-en-diciembre-a-region-citricola\/","title":{"rendered":"Gas llegar\u00eda en diciembre a regi\u00f3n citr\u00edcola"},"content":{"rendered":"<p>El Financiero<\/p>\n<p>Sonia Coronado<\/p>\n<p>    Alejandro Mart\u00ednez Sibaja, director general de Transformaci\u00f3n Industrial de Pemex, expuso que casi se concluye el tramo norte de la segunda fase del gasoducto Los Ramones, al registrar un 98 por ciento de la obra.<\/p>\n<p>MONTERREY.- Un 98 por ciento de avance en su construcci\u00f3n lleva el tramo Norte de la Fase II del gasoducto Los Ramones, que llevar\u00e1 gas natural a la regi\u00f3n citr\u00edcola de Nuevo Le\u00f3n, por lo que se estima pueda est\u00e1 abasteciendo del energ\u00e9tico antes de que termine este a\u00f1o, dijo Alejandro Mart\u00ednez Sibaja, director general de Transformaci\u00f3n Industrial, de Pemex.<\/p>\n<p>\u201cEl proyecto lo estamos terminando y se inaugurar\u00eda para finales de este a\u00f1o, o principios del que sigue, y con esto podr\u00edamos bajar hasta mil o mil 500 millones de pies c\u00fabicos de gas natural diarios, en esta \u00e1rea.<\/p>\n<p>Pr\u00e1cticamente est\u00e1 terminado, est\u00e1 al 98 por ciento. Lo m\u00e1s importante es que se termina a tiempo\u201d, mencion\u00f3 Mart\u00ednez Sibaja.<\/p>\n<p>Agreg\u00f3 que la llegada del energ\u00e9tico a la zona ha despertado inter\u00e9s en el sector industrial y agr\u00edcola, lo que derivar\u00e1 en una mayor cantidad de empleos.<\/p>\n<p>\u201cEn Linares se le da la oportunidad de crecer a aquellas industrias que por el espacio ya no pueden hacerlo en Monterrey, aqu\u00ed se le da el beneficio a la parte agr\u00edcola y a algunos parques industriales. Trabajamos muy de cerca con el gobierno de Nuevo Le\u00f3n y conocemos que un n\u00famero muy importante de industrias quieren establecerse en esta zona de Linares, por lo tanto es un beneficio importante para esta zona porque se van a crear empleos y beneficios para todos los neoloneses\u201d, a\u00f1adi\u00f3.<\/p>\n<p>El funcionario estuvo de visita en dicho municipio para clausurar los trabajos de la Semana de Seguridad, Salud en el Trabajo y Medio Ambiente (SSTMA) que desarroll\u00f3 AOT Pipelines, el consorcio integrado por Arendal, Techint y Odebrecht para llevar a cabo la ingenier\u00eda y construcci\u00f3n de Los Ramones II-Norte.<\/p>\n<p>PERFIL DEL PROYECTO<\/p>\n<p>El proyecto Los Ramones Fase II cruza, en un tramo de 260 kil\u00f3metros por Nuevo Le\u00f3n, 25 kil\u00f3metros por Tamaulipas, 279 kil\u00f3metros por San Luis Potos\u00ed, 37 kil\u00f3metros de Quer\u00e9taro y 112 kil\u00f3metros de Guanajuato.<\/p>\n<p>La parte conocida como Norte requiere una inversi\u00f3n de mil 52 millones de d\u00f3lares, seg\u00fan informaci\u00f3n p\u00fablica de Pemex, y comprende 441 kil\u00f3metros de ductos y dos estaciones de compresi\u00f3n entre Los Ramones, Nuevo Le\u00f3n y Villa Hidalgo, San Luis Potos\u00ed.<\/p>\n<p>Dijo que en esta \u00faltima trabajan m\u00e1s de tres mil personas, por lo que consider\u00f3 importante reforzar conceptos relacionados al cuidado del medio ambiente y seguridad en el trabajo.<\/p>\n<p>\u201cM\u00e1s de tres mil personas han hecho posible este gran proyecto de infraestructura, desde hace 40 a\u00f1os no se hac\u00eda un proyecto de esta naturaleza y estas dimensiones. \u00c9sta es una obra fundamental para M\u00e9xico y que le dar\u00e1 una mayor proyecci\u00f3n y competitividad a M\u00e9xico y nuestros proyectos\u201d, se\u00f1al\u00f3.<\/p>\n<p>Por su parte, Jos\u00e9 Luis Vitagliano Novoa, director general de Gasoductos de Chihuahua, explic\u00f3 que el gasoducto Los Ramones en su conjunto quedar\u00e1 concluido en su totalidad en el primer semestre de 2015, una vez que se termine con la etapa de compresi\u00f3n.<\/p>\n<p>\u201cEn diciembre o enero el gasoducto ya va a estar operando y despu\u00e9s van a medir unas etapas de compresi\u00f3n que se van a concluir en los primeros seis meses de 2016, y con eso el proyecto Ramones va a estar totalmente armado para transportar todo el gas\u201d.<\/p>\n<p>A\u00f1adi\u00f3 que actualmente ya se transportan mil 100 millones de pies c\u00fabicos diarios de importaci\u00f3n de gas natural por el gasoducto que proviene de la frontera con Estados Unidos, \u201ces el nivel m\u00e1s alto que hemos tenido, cuando inicie Los Ramones II-Norte, toda la capacidad va a estar disponible para poder ingresar a M\u00e9xico dos mil cien millones de pies c\u00fabicos diarios de gas natural hacia el pa\u00eds\u201d, explic\u00f3.<\/p>\n<p><a href=\"http:\/\/www.elfinanciero.com.mx\/monterrey\/gas-llegaria-en-diciembre-a-region-citricola.html\" target=\"_blank\">www.elfinanciero.com.mx\/monterrey\/gas-llegaria-en-diciembre-a-region-citricola.html<\/a><\/p>\n","protected":false},"excerpt":{"rendered":"<p>El Financiero Sonia Coronado Alejandro Mart\u00ednez Sibaja, director general de Transformaci\u00f3n Industrial de Pemex, expuso que casi se concluye el tramo norte de la segunda fase del gasoducto Los Ramones, &hellip; <a href=\"http:\/\/www.grieta.org.mx\/index.php\/2015\/10\/12\/gas-llegaria-en-diciembre-a-region-citricola\/\" class=\"more-link\">Leer m\u00e1s<\/a><\/p>\n","protected":false},"author":2,"featured_media":21928,"comment_status":"closed","ping_status":"open","sticky":false,"template":"","format":"standard","meta":{"ngg_post_thumbnail":0,"_jetpack_newsletter_access":"","_jetpack_dont_email_post_to_subs":false,"_jetpack_newsletter_tier_id":0,"_jetpack_memberships_contains_paywalled_content":false,"_jetpack_memberships_contains_paid_content":false,"footnotes":""},"categories":[80,202],"tags":[350],"class_list":["post-4410","post","type-post","status-publish","format-standard","has-post-thumbnail","hentry","category-cintillo","category-nuevo-leon","tag-gasoducto","entry"],"jetpack_featured_media_url":"http:\/\/www.grieta.org.mx\/wp-content\/uploads\/2018\/03\/14524434_1106112876131411_958039263622046936_o.jpg","jetpack_sharing_enabled":true,"jetpack_shortlink":"https:\/\/wp.me\/p7ZJR4-198","jetpack_likes_enabled":false,"jetpack-related-posts":[{"id":4406,"url":"http:\/\/www.grieta.org.mx\/index.php\/2015\/10\/14\/nuevo-plan-de-gasoductos-considera-continuacion-de-los-ramones\/","url_meta":{"origin":4410,"position":0},"title":"Nuevo plan de gasoductos considera continuaci\u00f3n de Los Ramones","author":"grieta","date":"14 octubre, 2015","format":false,"excerpt":"El Financiero Sergio Meana La continuaci\u00f3n del gasoducto ser\u00e1 Los Ramones-Cempoala y cruzar\u00e1 Nuevo Le\u00f3n, Tamaulipas y Veracruz, con una longitud de 855 kil\u00f3metros. En el nuevo plan se incluyen 12 gasoductos que atravesar\u00e1n 16 estados del pa\u00eds m\u00e1s una estaci\u00f3n de compresi\u00f3n en Chihuahua y Nuevo Le\u00f3n. La Secretar\u00eda\u2026","rel":"","context":"En &quot;CINTILLO&quot;","block_context":{"text":"CINTILLO","link":"http:\/\/www.grieta.org.mx\/index.php\/category\/cintillo\/"},"img":{"alt_text":"","src":"https:\/\/i0.wp.com\/www.grieta.org.mx\/wp-content\/uploads\/2018\/03\/14524434_1106112876131411_958039263622046936_o.jpg?resize=350%2C200","width":350,"height":200,"srcset":"https:\/\/i0.wp.com\/www.grieta.org.mx\/wp-content\/uploads\/2018\/03\/14524434_1106112876131411_958039263622046936_o.jpg?resize=350%2C200 1x, https:\/\/i0.wp.com\/www.grieta.org.mx\/wp-content\/uploads\/2018\/03\/14524434_1106112876131411_958039263622046936_o.jpg?resize=525%2C300 1.5x, https:\/\/i0.wp.com\/www.grieta.org.mx\/wp-content\/uploads\/2018\/03\/14524434_1106112876131411_958039263622046936_o.jpg?resize=700%2C400 2x"},"classes":[]},{"id":4407,"url":"http:\/\/www.grieta.org.mx\/index.php\/2016\/05\/30\/plan-de-gasoductos-para-el-noreste-del-pais\/","url_meta":{"origin":4410,"position":1},"title":"Plan de gasoductos para el noreste del pa\u00eds","author":"grieta","date":"30 mayo, 2016","format":false,"excerpt":"25\/05\/16. Poliducto de HEP en NL, con alta demandaEl Financiero 14\/10\/15. Nuevo plan de gasoductos considera continuaci\u00f3n de Los Ramones El Financiero 12\/10\/15. Gas llegar\u00eda en diciembre a regi\u00f3n citr\u00edcola El Financiero","rel":"","context":"En &quot;NOTICIAS NACIONALES&quot;","block_context":{"text":"NOTICIAS NACIONALES","link":"http:\/\/www.grieta.org.mx\/index.php\/category\/noticias-nacionales\/"},"img":{"alt_text":"","src":"https:\/\/i0.wp.com\/www.grieta.org.mx\/wp-content\/uploads\/2018\/03\/14524434_1106112876131411_958039263622046936_o.jpg?resize=350%2C200","width":350,"height":200,"srcset":"https:\/\/i0.wp.com\/www.grieta.org.mx\/wp-content\/uploads\/2018\/03\/14524434_1106112876131411_958039263622046936_o.jpg?resize=350%2C200 1x, https:\/\/i0.wp.com\/www.grieta.org.mx\/wp-content\/uploads\/2018\/03\/14524434_1106112876131411_958039263622046936_o.jpg?resize=525%2C300 1.5x, https:\/\/i0.wp.com\/www.grieta.org.mx\/wp-content\/uploads\/2018\/03\/14524434_1106112876131411_958039263622046936_o.jpg?resize=700%2C400 2x"},"classes":[]},{"id":40044,"url":"http:\/\/www.grieta.org.mx\/index.php\/2019\/09\/18\/se-reactiva-gasoducto-que-importara-gas-de-eeuu-tras-acuerdo-con-lopez-obrador-veracruz\/","url_meta":{"origin":4410,"position":2},"title":"Se reactiva gasoducto que importar\u00e1 gas de EEUU tras acuerdo con L\u00f3pez Obrador (Veracruz)","author":"grieta","date":"18 septiembre, 2019","format":false,"excerpt":"Santiago Navarro F \/ Avispa Media Tras casi un a\u00f1o de retaso, en un comunicado fechado este 17 de septiembre, la Comisi\u00f3n Federal de Electricidad (CFE), anunci\u00f3 que el gasoducto Sur de Texas \u2013 Tuxpan comienza operaciones. El ducto tiene una longitud de 772 kil\u00f3metros y una capacidad para transportar\u2026","rel":"","context":"En &quot;CINTILLO&quot;","block_context":{"text":"CINTILLO","link":"http:\/\/www.grieta.org.mx\/index.php\/category\/cintillo\/"},"img":{"alt_text":"","src":"https:\/\/i0.wp.com\/www.grieta.org.mx\/wp-content\/uploads\/2019\/10\/Screenshot_2019-10-08-Se-reactiva-gasoducto-que-importar%C3%A1-gas-de-EEUU-tras-acuerdo-con-L%C3%B3pez-Obrador.png?resize=350%2C200","width":350,"height":200,"srcset":"https:\/\/i0.wp.com\/www.grieta.org.mx\/wp-content\/uploads\/2019\/10\/Screenshot_2019-10-08-Se-reactiva-gasoducto-que-importar%C3%A1-gas-de-EEUU-tras-acuerdo-con-L%C3%B3pez-Obrador.png?resize=350%2C200 1x, https:\/\/i0.wp.com\/www.grieta.org.mx\/wp-content\/uploads\/2019\/10\/Screenshot_2019-10-08-Se-reactiva-gasoducto-que-importar%C3%A1-gas-de-EEUU-tras-acuerdo-con-L%C3%B3pez-Obrador.png?resize=525%2C300 1.5x, https:\/\/i0.wp.com\/www.grieta.org.mx\/wp-content\/uploads\/2019\/10\/Screenshot_2019-10-08-Se-reactiva-gasoducto-que-importar%C3%A1-gas-de-EEUU-tras-acuerdo-con-L%C3%B3pez-Obrador.png?resize=700%2C400 2x, https:\/\/i0.wp.com\/www.grieta.org.mx\/wp-content\/uploads\/2019\/10\/Screenshot_2019-10-08-Se-reactiva-gasoducto-que-importar%C3%A1-gas-de-EEUU-tras-acuerdo-con-L%C3%B3pez-Obrador.png?resize=1050%2C600 3x, https:\/\/i0.wp.com\/www.grieta.org.mx\/wp-content\/uploads\/2019\/10\/Screenshot_2019-10-08-Se-reactiva-gasoducto-que-importar%C3%A1-gas-de-EEUU-tras-acuerdo-con-L%C3%B3pez-Obrador.png?resize=1400%2C800 4x"},"classes":[]},{"id":7285,"url":"http:\/\/www.grieta.org.mx\/index.php\/2015\/06\/23\/puebla-se-llenara-de-gasoductos-de-pemex-cfe-y-privados\/","url_meta":{"origin":4410,"position":3},"title":"Puebla se llenar\u00e1 de gasoductos de Pemex, CFE y privados","author":"Admin","date":"23 junio, 2015","format":false,"excerpt":"De tres gasoductos que actualmente operan en Puebla, a mediados de 2017 habr\u00e1 siete, pues est\u00e1n en construcci\u00f3n tres l\u00edneas que conducir\u00e1n diversos combustibles y hay en puerta un proyecto m\u00e1s para transportar, por la entidad, gas proveniente de Estados Unidos. Los trayectos de los ductos existentes cruzan el 70\u2026","rel":"","context":"En &quot;CINTILLO&quot;","block_context":{"text":"CINTILLO","link":"http:\/\/www.grieta.org.mx\/index.php\/category\/cintillo\/"},"img":{"alt_text":"","src":"https:\/\/i0.wp.com\/www.grieta.org.mx\/wp-content\/uploads\/2018\/03\/14524434_1106112876131411_958039263622046936_o.jpg?resize=350%2C200","width":350,"height":200,"srcset":"https:\/\/i0.wp.com\/www.grieta.org.mx\/wp-content\/uploads\/2018\/03\/14524434_1106112876131411_958039263622046936_o.jpg?resize=350%2C200 1x, https:\/\/i0.wp.com\/www.grieta.org.mx\/wp-content\/uploads\/2018\/03\/14524434_1106112876131411_958039263622046936_o.jpg?resize=525%2C300 1.5x, https:\/\/i0.wp.com\/www.grieta.org.mx\/wp-content\/uploads\/2018\/03\/14524434_1106112876131411_958039263622046936_o.jpg?resize=700%2C400 2x"},"classes":[]},{"id":7289,"url":"http:\/\/www.grieta.org.mx\/index.php\/2015\/06\/22\/cfe-movera-por-puebla-gas-de-estados-unidos-en-nuevo-ducto\/","url_meta":{"origin":4410,"position":4},"title":"CFE mover\u00e1 por Puebla gas de Estados Unidos en nuevo ducto","author":"Admin","date":"22 junio, 2015","format":false,"excerpt":"La Comisi\u00f3n Federal de Electricidad (CFE) confirm\u00f3 la construcci\u00f3n de un nuevo gasoducto que recorrer\u00e1 los estados de Veracruz, Puebla e Hidalgo, a fin de transportar gas natural que llegar\u00e1 al pa\u00eds desde Estados Unidos, v\u00eda submarina por el Golfo de M\u00e9xico. La obra interestatal requerir\u00e1 recursos por 400 millones\u2026","rel":"","context":"En &quot;CINTILLO&quot;","block_context":{"text":"CINTILLO","link":"http:\/\/www.grieta.org.mx\/index.php\/category\/cintillo\/"},"img":{"alt_text":"","src":"https:\/\/i0.wp.com\/www.grieta.org.mx\/wp-content\/uploads\/2018\/03\/14524434_1106112876131411_958039263622046936_o.jpg?resize=350%2C200","width":350,"height":200,"srcset":"https:\/\/i0.wp.com\/www.grieta.org.mx\/wp-content\/uploads\/2018\/03\/14524434_1106112876131411_958039263622046936_o.jpg?resize=350%2C200 1x, https:\/\/i0.wp.com\/www.grieta.org.mx\/wp-content\/uploads\/2018\/03\/14524434_1106112876131411_958039263622046936_o.jpg?resize=525%2C300 1.5x, https:\/\/i0.wp.com\/www.grieta.org.mx\/wp-content\/uploads\/2018\/03\/14524434_1106112876131411_958039263622046936_o.jpg?resize=700%2C400 2x"},"classes":[]},{"id":6395,"url":"http:\/\/www.grieta.org.mx\/index.php\/2015\/06\/03\/pemex-trabaja-en-control-de-incendio-en-gasoducto-en-tabasco\/","url_meta":{"origin":4410,"position":5},"title":"Pemex trabaja en control de incendio en gasoducto en Tabasco","author":"grieta","date":"3 junio, 2015","format":false,"excerpt":"Redacci\u00f3n Sin Embargo Villahermosa, 3 Jun (Notimex).- Personal de Petr\u00f3leos Mexicanos (Pemex) contra incendio del sector Ductos de C\u00e1rdenas y de Nuevo Pemex trabaja en el control de un incendio en el gasoducto Cactus-San Fernando, en el municipio de Huimanguillo. En un comunicado, Pemex se\u00f1al\u00f3 que el gasoducto se encuentra\u2026","rel":"","context":"En &quot;CINTILLO&quot;","block_context":{"text":"CINTILLO","link":"http:\/\/www.grieta.org.mx\/index.php\/category\/cintillo\/"},"img":{"alt_text":"","src":"https:\/\/i0.wp.com\/www.grieta.org.mx\/wp-content\/uploads\/2018\/03\/14524434_1106112876131411_958039263622046936_o.jpg?resize=350%2C200","width":350,"height":200,"srcset":"https:\/\/i0.wp.com\/www.grieta.org.mx\/wp-content\/uploads\/2018\/03\/14524434_1106112876131411_958039263622046936_o.jpg?resize=350%2C200 1x, https:\/\/i0.wp.com\/www.grieta.org.mx\/wp-content\/uploads\/2018\/03\/14524434_1106112876131411_958039263622046936_o.jpg?resize=525%2C300 1.5x, https:\/\/i0.wp.com\/www.grieta.org.mx\/wp-content\/uploads\/2018\/03\/14524434_1106112876131411_958039263622046936_o.jpg?resize=700%2C400 2x"},"classes":[]}],"_links":{"self":[{"href":"http:\/\/www.grieta.org.mx\/index.php\/wp-json\/wp\/v2\/posts\/4410","targetHints":{"allow":["GET"]}}],"collection":[{"href":"http:\/\/www.grieta.org.mx\/index.php\/wp-json\/wp\/v2\/posts"}],"about":[{"href":"http:\/\/www.grieta.org.mx\/index.php\/wp-json\/wp\/v2\/types\/post"}],"author":[{"embeddable":true,"href":"http:\/\/www.grieta.org.mx\/index.php\/wp-json\/wp\/v2\/users\/2"}],"replies":[{"embeddable":true,"href":"http:\/\/www.grieta.org.mx\/index.php\/wp-json\/wp\/v2\/comments?post=4410"}],"version-history":[{"count":1,"href":"http:\/\/www.grieta.org.mx\/index.php\/wp-json\/wp\/v2\/posts\/4410\/revisions"}],"predecessor-version":[{"id":4411,"href":"http:\/\/www.grieta.org.mx\/index.php\/wp-json\/wp\/v2\/posts\/4410\/revisions\/4411"}],"wp:featuredmedia":[{"embeddable":true,"href":"http:\/\/www.grieta.org.mx\/index.php\/wp-json\/wp\/v2\/media\/21928"}],"wp:attachment":[{"href":"http:\/\/www.grieta.org.mx\/index.php\/wp-json\/wp\/v2\/media?parent=4410"}],"wp:term":[{"taxonomy":"category","embeddable":true,"href":"http:\/\/www.grieta.org.mx\/index.php\/wp-json\/wp\/v2\/categories?post=4410"},{"taxonomy":"post_tag","embeddable":true,"href":"http:\/\/www.grieta.org.mx\/index.php\/wp-json\/wp\/v2\/tags?post=4410"}],"curies":[{"name":"wp","href":"https:\/\/api.w.org\/{rel}","templated":true}]}}