{"id":4407,"date":"2016-05-30T03:11:31","date_gmt":"2016-05-30T03:11:31","guid":{"rendered":"http:\/\/50.22.11.12\/~grietaor\/?p=4407"},"modified":"2016-06-02T04:15:14","modified_gmt":"2016-06-02T04:15:14","slug":"plan-de-gasoductos-para-el-noreste-del-pais","status":"publish","type":"post","link":"http:\/\/www.grieta.org.mx\/index.php\/2016\/05\/30\/plan-de-gasoductos-para-el-noreste-del-pais\/","title":{"rendered":"Plan de gasoductos para el noreste del pa\u00eds"},"content":{"rendered":"<p><strong>25\/05\/16. <\/strong><a href=\"http:\/\/www.grieta.org.mx\/index.php\/2016\/05\/25\/poliducto-de-hep-en-nl-con-alta-demanda\/\" target=\"_blank\">Poliducto de HEP en NL, con alta demanda<\/a><br \/><em>El Financiero<\/em><br  \/><\/p>\n<p><strong>14\/10\/15. <\/strong><a href=\"http:\/\/grieta.org.mx\/index.php\/2015\/10\/14\/nuevo-plan-de-gasoductos-considera-continuacion-de-los-ramones\">Nuevo plan de gasoductos considera continuaci\u00f3n de Los Ramones<\/a><br \/>\n<em>El Financiero<\/em><\/p>\n<p><strong>12\/10\/15. <\/strong><a href=\"http:\/\/grieta.org.mx\/index.php\/2015\/10\/12\/gas-llegaria-en-diciembre-a-region-citricola\">Gas llegar\u00eda en diciembre a regi\u00f3n citr\u00edcola<\/a><br \/>\n<em>El Financiero<\/em><\/p>\n","protected":false},"excerpt":{"rendered":"<p>25\/05\/16. Poliducto de HEP en NL, con alta demandaEl Financiero 14\/10\/15. Nuevo plan de gasoductos considera continuaci\u00f3n de Los Ramones El Financiero 12\/10\/15. Gas llegar\u00eda en diciembre a regi\u00f3n citr\u00edcola &hellip; <a href=\"http:\/\/www.grieta.org.mx\/index.php\/2016\/05\/30\/plan-de-gasoductos-para-el-noreste-del-pais\/\" class=\"more-link\">Leer m\u00e1s<\/a><\/p>\n","protected":false},"author":2,"featured_media":21928,"comment_status":"closed","ping_status":"open","sticky":false,"template":"","format":"standard","meta":{"ngg_post_thumbnail":0,"_jetpack_newsletter_access":"","_jetpack_dont_email_post_to_subs":false,"_jetpack_newsletter_tier_id":0,"_jetpack_memberships_contains_paywalled_content":false,"_jetpack_memberships_contains_paid_content":false,"footnotes":""},"categories":[2,24],"tags":[],"class_list":["post-4407","post","type-post","status-publish","format-standard","has-post-thumbnail","hentry","category-noticias-nacionales","category-nuevo-leon","entry"],"jetpack_featured_media_url":"http:\/\/www.grieta.org.mx\/wp-content\/uploads\/2018\/03\/14524434_1106112876131411_958039263622046936_o.jpg","jetpack_sharing_enabled":true,"jetpack_shortlink":"https:\/\/wp.me\/p7ZJR4-195","jetpack_likes_enabled":false,"jetpack-related-posts":[{"id":4406,"url":"http:\/\/www.grieta.org.mx\/index.php\/2015\/10\/14\/nuevo-plan-de-gasoductos-considera-continuacion-de-los-ramones\/","url_meta":{"origin":4407,"position":0},"title":"Nuevo plan de gasoductos considera continuaci\u00f3n de Los Ramones","author":"grieta","date":"14 octubre, 2015","format":false,"excerpt":"El Financiero Sergio Meana La continuaci\u00f3n del gasoducto ser\u00e1 Los Ramones-Cempoala y cruzar\u00e1 Nuevo Le\u00f3n, Tamaulipas y Veracruz, con una longitud de 855 kil\u00f3metros. En el nuevo plan se incluyen 12 gasoductos que atravesar\u00e1n 16 estados del pa\u00eds m\u00e1s una estaci\u00f3n de compresi\u00f3n en Chihuahua y Nuevo Le\u00f3n. La Secretar\u00eda\u2026","rel":"","context":"En &quot;CINTILLO&quot;","block_context":{"text":"CINTILLO","link":"http:\/\/www.grieta.org.mx\/index.php\/category\/cintillo\/"},"img":{"alt_text":"","src":"https:\/\/i0.wp.com\/www.grieta.org.mx\/wp-content\/uploads\/2018\/03\/14524434_1106112876131411_958039263622046936_o.jpg?resize=350%2C200","width":350,"height":200,"srcset":"https:\/\/i0.wp.com\/www.grieta.org.mx\/wp-content\/uploads\/2018\/03\/14524434_1106112876131411_958039263622046936_o.jpg?resize=350%2C200 1x, https:\/\/i0.wp.com\/www.grieta.org.mx\/wp-content\/uploads\/2018\/03\/14524434_1106112876131411_958039263622046936_o.jpg?resize=525%2C300 1.5x, https:\/\/i0.wp.com\/www.grieta.org.mx\/wp-content\/uploads\/2018\/03\/14524434_1106112876131411_958039263622046936_o.jpg?resize=700%2C400 2x"},"classes":[]},{"id":4378,"url":"http:\/\/www.grieta.org.mx\/index.php\/2016\/05\/30\/instalacion-de-parques-eolicos-y-de-paneles-solares-en-nuevo-leon\/","url_meta":{"origin":4407,"position":1},"title":"Parques e\u00f3licos y de paneles solares en Nuevo Le\u00f3n","author":"grieta","date":"30 mayo, 2016","format":false,"excerpt":"23\/05\/16. Destaca NL en energ\u00edas limpias: ColdwellEl Financiero 31\/01\/16. Hay 25 proyectos de energ\u00eda en proceso en Nuevo Le\u00f3n El Economista 16\/11\/15. Next Energy invertir\u00e1 US100 millones en NL El Economista","rel":"","context":"En &quot;NOTICIAS NACIONALES&quot;","block_context":{"text":"NOTICIAS NACIONALES","link":"http:\/\/www.grieta.org.mx\/index.php\/category\/noticias-nacionales\/"},"img":{"alt_text":"","src":"https:\/\/i0.wp.com\/www.grieta.org.mx\/wp-content\/uploads\/2018\/03\/14524434_1106112876131411_958039263622046936_o.jpg?resize=350%2C200","width":350,"height":200,"srcset":"https:\/\/i0.wp.com\/www.grieta.org.mx\/wp-content\/uploads\/2018\/03\/14524434_1106112876131411_958039263622046936_o.jpg?resize=350%2C200 1x, https:\/\/i0.wp.com\/www.grieta.org.mx\/wp-content\/uploads\/2018\/03\/14524434_1106112876131411_958039263622046936_o.jpg?resize=525%2C300 1.5x, https:\/\/i0.wp.com\/www.grieta.org.mx\/wp-content\/uploads\/2018\/03\/14524434_1106112876131411_958039263622046936_o.jpg?resize=700%2C400 2x"},"classes":[]},{"id":20099,"url":"http:\/\/www.grieta.org.mx\/index.php\/2016\/08\/17\/conflictos-ambientales-y-sociales-por-proyectos-turisticos-en-jalisco\/","url_meta":{"origin":4407,"position":2},"title":"Conflictos ambientales y sociales por proyectos tur\u00edsticos en Jalisco","author":"grieta","date":"17 agosto, 2016","format":false,"excerpt":"Proyecto tur\u00edstico Vistas en Chalacatepec, Tomatl\u00e1n 17\/08\/16. Buscan impugnar nombramiento de mesa directiva que dio terreno para construir hotelNotisistemas 17\/08\/16. Da Semarnat lez verde a Chalacatepec; proyecto durar\u00e1 20 a\u00f1osQuadratin Jalisco Proyectos tur\u00edsticos e inmobiliarios financiados por el gobierno de Jalisco con las pensiones de sus bur\u00f3cratas 24\/05\/16. Jalisco invierte\u2026","rel":"","context":"En &quot;\u00c1reas naturales protegidas&quot;","block_context":{"text":"\u00c1reas naturales protegidas","link":"http:\/\/www.grieta.org.mx\/index.php\/category\/megaproyectos\/areas-naturales-protegidas\/"},"img":{"alt_text":"","src":"https:\/\/i0.wp.com\/www.grieta.org.mx\/wp-content\/uploads\/2018\/03\/14524434_1106112876131411_958039263622046936_o.jpg?resize=350%2C200","width":350,"height":200,"srcset":"https:\/\/i0.wp.com\/www.grieta.org.mx\/wp-content\/uploads\/2018\/03\/14524434_1106112876131411_958039263622046936_o.jpg?resize=350%2C200 1x, https:\/\/i0.wp.com\/www.grieta.org.mx\/wp-content\/uploads\/2018\/03\/14524434_1106112876131411_958039263622046936_o.jpg?resize=525%2C300 1.5x, https:\/\/i0.wp.com\/www.grieta.org.mx\/wp-content\/uploads\/2018\/03\/14524434_1106112876131411_958039263622046936_o.jpg?resize=700%2C400 2x"},"classes":[]},{"id":1726,"url":"http:\/\/www.grieta.org.mx\/index.php\/2016\/02\/07\/planean-cadenas-productivas-petroleras-en-la-sonda-campeche-donde-la-explosiones-y-los-accidentes-no-cesan\/","url_meta":{"origin":4407,"position":3},"title":"Planean cadenas productivas petroleras en La Sonda, Campeche, donde la explosiones y los accidentes no cesan","author":"grieta","date":"7 febrero, 2016","format":false,"excerpt":"07\/02\/16. Incendio en plataforma de Pemex de Abkat\u00fan deja tres muertos El Financiero 25\/01\/16. Temen tragedias en plataformas petroleras de Pemex por reducci\u00f3n presupuestal Jorge Castro Comunicaci\u00f3n Digital 24\/01\/16. Nueva explosi\u00f3n de Pemex en la Sonda de Campeche P\u00e1gin@bierta 20\/10\/15. Campeche tendr\u00e1 cadenas productivas para industria petrolera El Financiero 28\/08\/15.\u2026","rel":"","context":"En &quot;Campeche&quot;","block_context":{"text":"Campeche","link":"http:\/\/www.grieta.org.mx\/index.php\/category\/noticias-nacionales\/campeche\/"},"img":{"alt_text":"","src":"https:\/\/i0.wp.com\/www.grieta.org.mx\/wp-content\/uploads\/2018\/03\/14524434_1106112876131411_958039263622046936_o.jpg?resize=350%2C200","width":350,"height":200,"srcset":"https:\/\/i0.wp.com\/www.grieta.org.mx\/wp-content\/uploads\/2018\/03\/14524434_1106112876131411_958039263622046936_o.jpg?resize=350%2C200 1x, https:\/\/i0.wp.com\/www.grieta.org.mx\/wp-content\/uploads\/2018\/03\/14524434_1106112876131411_958039263622046936_o.jpg?resize=525%2C300 1.5x, https:\/\/i0.wp.com\/www.grieta.org.mx\/wp-content\/uploads\/2018\/03\/14524434_1106112876131411_958039263622046936_o.jpg?resize=700%2C400 2x"},"classes":[]},{"id":6796,"url":"http:\/\/www.grieta.org.mx\/index.php\/2015\/10\/26\/empresas-extranjeras-buscan-capitalizar-crudo-en-tabasco\/","url_meta":{"origin":4407,"position":4},"title":"Empresas extranjeras buscan capitalizar crudo en Tabasco","author":"grieta","date":"26 octubre, 2015","format":false,"excerpt":"26\/10\/15. Empresas inglesas buscan en Tabasco aprovechar cadena energ\u00e9ticaEl Financiero 11\/06\/15. Pemex descubre 4 campos de crudo en litoral de TabascoEl Financiero","rel":"","context":"En &quot;NOTICIAS NACIONALES&quot;","block_context":{"text":"NOTICIAS NACIONALES","link":"http:\/\/www.grieta.org.mx\/index.php\/category\/noticias-nacionales\/"},"img":{"alt_text":"","src":"https:\/\/i0.wp.com\/www.grieta.org.mx\/wp-content\/uploads\/2018\/03\/14524434_1106112876131411_958039263622046936_o.jpg?resize=350%2C200","width":350,"height":200,"srcset":"https:\/\/i0.wp.com\/www.grieta.org.mx\/wp-content\/uploads\/2018\/03\/14524434_1106112876131411_958039263622046936_o.jpg?resize=350%2C200 1x, https:\/\/i0.wp.com\/www.grieta.org.mx\/wp-content\/uploads\/2018\/03\/14524434_1106112876131411_958039263622046936_o.jpg?resize=525%2C300 1.5x, https:\/\/i0.wp.com\/www.grieta.org.mx\/wp-content\/uploads\/2018\/03\/14524434_1106112876131411_958039263622046936_o.jpg?resize=700%2C400 2x"},"classes":[]},{"id":10111,"url":"http:\/\/www.grieta.org.mx\/index.php\/2016\/05\/25\/danos-y-despojo-por-construccion-de-gasoductos-en-sinaloa\/","url_meta":{"origin":4407,"position":5},"title":"Da\u00f1os y despojo por construcci\u00f3n de gasoductos en Sinaloa","author":"grieta","date":"25 mayo, 2016","format":false,"excerpt":"25\/05\/16. Reanudar\u00e1n el gasoducto tras seis meses del bloqueo El Debate 07\/04\/16. Sinaloa ve soluci\u00f3n a conflicto del gasoducto El Debate 06\/04\/16. Gasoducto paralizado desde diciembre pasado El Debate 09\/02\/16. Declaran campesinos por da\u00f1os a obra del gasoducto L\u00ednea Directa","rel":"","context":"En &quot;Hidrocarburos&quot;","block_context":{"text":"Hidrocarburos","link":"http:\/\/www.grieta.org.mx\/index.php\/category\/megaproyectos\/hidrocarburos\/"},"img":{"alt_text":"","src":"https:\/\/i0.wp.com\/www.grieta.org.mx\/wp-content\/uploads\/2018\/03\/14524434_1106112876131411_958039263622046936_o.jpg?resize=350%2C200","width":350,"height":200,"srcset":"https:\/\/i0.wp.com\/www.grieta.org.mx\/wp-content\/uploads\/2018\/03\/14524434_1106112876131411_958039263622046936_o.jpg?resize=350%2C200 1x, https:\/\/i0.wp.com\/www.grieta.org.mx\/wp-content\/uploads\/2018\/03\/14524434_1106112876131411_958039263622046936_o.jpg?resize=525%2C300 1.5x, https:\/\/i0.wp.com\/www.grieta.org.mx\/wp-content\/uploads\/2018\/03\/14524434_1106112876131411_958039263622046936_o.jpg?resize=700%2C400 2x"},"classes":[]}],"_links":{"self":[{"href":"http:\/\/www.grieta.org.mx\/index.php\/wp-json\/wp\/v2\/posts\/4407","targetHints":{"allow":["GET"]}}],"collection":[{"href":"http:\/\/www.grieta.org.mx\/index.php\/wp-json\/wp\/v2\/posts"}],"about":[{"href":"http:\/\/www.grieta.org.mx\/index.php\/wp-json\/wp\/v2\/types\/post"}],"author":[{"embeddable":true,"href":"http:\/\/www.grieta.org.mx\/index.php\/wp-json\/wp\/v2\/users\/2"}],"replies":[{"embeddable":true,"href":"http:\/\/www.grieta.org.mx\/index.php\/wp-json\/wp\/v2\/comments?post=4407"}],"version-history":[{"count":1,"href":"http:\/\/www.grieta.org.mx\/index.php\/wp-json\/wp\/v2\/posts\/4407\/revisions"}],"predecessor-version":[{"id":13440,"href":"http:\/\/www.grieta.org.mx\/index.php\/wp-json\/wp\/v2\/posts\/4407\/revisions\/13440"}],"wp:featuredmedia":[{"embeddable":true,"href":"http:\/\/www.grieta.org.mx\/index.php\/wp-json\/wp\/v2\/media\/21928"}],"wp:attachment":[{"href":"http:\/\/www.grieta.org.mx\/index.php\/wp-json\/wp\/v2\/media?parent=4407"}],"wp:term":[{"taxonomy":"category","embeddable":true,"href":"http:\/\/www.grieta.org.mx\/index.php\/wp-json\/wp\/v2\/categories?post=4407"},{"taxonomy":"post_tag","embeddable":true,"href":"http:\/\/www.grieta.org.mx\/index.php\/wp-json\/wp\/v2\/tags?post=4407"}],"curies":[{"name":"wp","href":"https:\/\/api.w.org\/{rel}","templated":true}]}}