{"id":44063,"date":"2020-02-05T13:15:51","date_gmt":"2020-02-05T19:15:51","guid":{"rendered":"http:\/\/www.grieta.org.mx\/?p=44063"},"modified":"2020-02-07T13:22:02","modified_gmt":"2020-02-07T19:22:02","slug":"la-unesco-urge-a-esclarecer-las-muertes-de-dos-defensores-de-la-mariposa-monarca","status":"publish","type":"post","link":"http:\/\/www.grieta.org.mx\/index.php\/2020\/02\/05\/la-unesco-urge-a-esclarecer-las-muertes-de-dos-defensores-de-la-mariposa-monarca\/","title":{"rendered":"La UNESCO urge a esclarecer las muertes de dos defensores de la mariposa monarca"},"content":{"rendered":"<blockquote><p>El organismo de la ONU consider\u00f3 que deben quedar completamente claros los motivos por los que murieron los activistas Homero G\u00f3mez y Ra\u00fal Hern\u00e1ndez. Amnist\u00eda y la CIDH tambi\u00e9n lamentaron los hechos.<\/p><\/blockquote>\n<figure id=\"attachment_44064\" aria-describedby=\"caption-attachment-44064\" style=\"width: 800px\" class=\"wp-caption aligncenter\"><img loading=\"lazy\" decoding=\"async\" data-attachment-id=\"44064\" data-permalink=\"http:\/\/www.grieta.org.mx\/index.php\/2020\/02\/05\/la-unesco-urge-a-esclarecer-las-muertes-de-dos-defensores-de-la-mariposa-monarca\/cdn-3-expansion-mx\/\" data-orig-file=\"http:\/\/www.grieta.org.mx\/wp-content\/uploads\/2020\/02\/cdn-3.expansion.mx_.jpg\" data-orig-size=\"3600,2276\" data-comments-opened=\"0\" data-image-meta=\"{&quot;aperture&quot;:&quot;0&quot;,&quot;credit&quot;:&quot;&quot;,&quot;camera&quot;:&quot;&quot;,&quot;caption&quot;:&quot;&quot;,&quot;created_timestamp&quot;:&quot;0&quot;,&quot;copyright&quot;:&quot;&quot;,&quot;focal_length&quot;:&quot;0&quot;,&quot;iso&quot;:&quot;0&quot;,&quot;shutter_speed&quot;:&quot;0&quot;,&quot;title&quot;:&quot;&quot;,&quot;orientation&quot;:&quot;0&quot;}\" data-image-title=\"cdn-3.expansion.mx\" data-image-description=\"\" data-image-caption=\"&lt;p&gt; Las muertes de Homero G\u00f3mez y Ra\u00fal Hern\u00e1ndez ocurrieron con solo unos d\u00edas de diferencia. (Foto: EFE) &lt;\/p&gt;\n\" data-medium-file=\"http:\/\/www.grieta.org.mx\/wp-content\/uploads\/2020\/02\/cdn-3.expansion.mx_-300x190.jpg\" data-large-file=\"http:\/\/www.grieta.org.mx\/wp-content\/uploads\/2020\/02\/cdn-3.expansion.mx_-1024x647.jpg\" class=\"wp-image-44064\" src=\"http:\/\/www.grieta.org.mx\/wp-content\/uploads\/2020\/02\/cdn-3.expansion.mx_-1024x647.jpg\" alt=\"\" width=\"800\" height=\"506\" srcset=\"http:\/\/www.grieta.org.mx\/wp-content\/uploads\/2020\/02\/cdn-3.expansion.mx_-1024x647.jpg 1024w, http:\/\/www.grieta.org.mx\/wp-content\/uploads\/2020\/02\/cdn-3.expansion.mx_-300x190.jpg 300w, http:\/\/www.grieta.org.mx\/wp-content\/uploads\/2020\/02\/cdn-3.expansion.mx_-768x486.jpg 768w, http:\/\/www.grieta.org.mx\/wp-content\/uploads\/2020\/02\/cdn-3.expansion.mx_-791x500.jpg 791w\" sizes=\"auto, (max-width: 800px) 100vw, 800px\" \/><figcaption id=\"caption-attachment-44064\" class=\"wp-caption-text\">Las muertes de Homero G\u00f3mez y Ra\u00fal Hern\u00e1ndez ocurrieron con solo unos d\u00edas de diferencia. (Foto: EFE)<\/figcaption><\/figure>\n<p>Expansi\u00f3n, 05 de febrero de 2020<\/p>\n<p>La Organizaci\u00f3n de las Naciones Unidas para la Educaci\u00f3n, la Ciencia y la Cultura (UNESCO, por sus siglas en ingl\u00e9s) expres\u00f3 preocupaci\u00f3n tras la &#8220;sospechosa muerte&#8221; de dos activistas quienes fung\u00edan como gu\u00edas en la Reserva de la Biosfera de la Mariposa Monarca, en Michoac\u00e1n.<\/p>\n<p>Luego de que en menos de una semana fueron hallados los cuerpos de Ra\u00fal Hern\u00e1ndez, gu\u00eda de la reserva, y de Homero G\u00f3mez, tambi\u00e9n activista y administrador del mismo santuario, la UNESCO manifest\u00f3 &#8220;tristeza y consternaci\u00f3n&#8221;.<\/p>\n<p>&#8220;La UNESCO pide que se eluciden las circunstancias extremadamente turbias que marcaron la muerte del Sr. Ra\u00fal Hern\u00e1ndez, ocurrida pocos d\u00edas despu\u00e9s de la muerte a\u00fan no resuelta del Sr. Homero G\u00f3mez Gonz\u00e1lez, tambi\u00e9n activista y administrador de la misma reserva de biosfera&#8221;, se lee en un comunicado difundido este mi\u00e9rcoles.<\/p>\n<p>La organizaci\u00f3n manifest\u00f3 tambi\u00e9n sus condolencias y apoyo a las familias de ambas v\u00edctimas, y destac\u00f3 que &#8220;proteger el patrimonio mundial natural es esencial para dar respuesta a la crisis clim\u00e1tica y se hace cada d\u00eda m\u00e1s dif\u00edcil, en M\u00e9xico como en muchas otras regiones del mundo&#8221;.<\/p>\n<p>A la condena a estos hechos se unieron Amnist\u00eda Internacional (AI) y la Comisi\u00f3n Interamericana de Derechos Humanos (CIDH).<\/p>\n<p>A trav\u00e9s de un mensaje difundido en Twitter, AI se solidariz\u00f3 con familiares y seres queridos de los ambientalistas.<\/p>\n<p>#M\u00e9xico: Preocupaci\u00f3n ante las noticias de las muertes de Homero G\u00f3mez y Ra\u00fal Hern\u00e1ndez, defensores de la mariposa monarca en Michoac\u00e1n, en menos de una semana.<\/p>\n<p>Nos solidarizamos con sus familiares y seres queridos. #NoM\u00e1sAsesinatos https:\/\/t.co\/U3kcqJWH2f<\/p>\n<p>Mientras tanto, la CIDH, adem\u00e1s de manifestar su consternaci\u00f3n por estos hechos y expresar su solidaridad con las familias de ambos defensores, urgi\u00f3 al Estado a investigar estos hechos &#8220;pronta y diligentemente&#8221; y a considerar su labor de defensa en las investigaciones.<\/p>\n<p>La @CIDH lamenta la muerte de los defensores de mariposas monarcas, Homero G\u00f3mez Gonz\u00e1lez y Ra\u00fal Hern\u00e1ndez Romero cuyos cuerpos fueron hallados el 29 de enero y 4 de febrero respectivamente en el estado de Michoac\u00e1n, #M\u00e9xico, tras haber sido reportados como desaparecidos. (1\/2)<\/p>\n<p><a href=\"https:\/\/politica.expansion.mx\/mexico\/2020\/02\/05\/la-unesco-urge-a-esclarecer-las-muertes-de-dos-defensores-de-la-mariposa-monarca\">https:\/\/politica.expansion.mx\/mexico\/2020\/02\/05\/la-unesco-urge-a-esclarecer-las-muertes-de-dos-defensores-de-la-mariposa-monarca<\/a><\/p>\n","protected":false},"excerpt":{"rendered":"<p>El organismo de la ONU consider\u00f3 que deben quedar completamente claros los motivos por los que murieron los activistas Homero G\u00f3mez y Ra\u00fal Hern\u00e1ndez. Amnist\u00eda y la CIDH tambi\u00e9n lamentaron &hellip; <a href=\"http:\/\/www.grieta.org.mx\/index.php\/2020\/02\/05\/la-unesco-urge-a-esclarecer-las-muertes-de-dos-defensores-de-la-mariposa-monarca\/\" class=\"more-link\">Leer m\u00e1s<\/a><\/p>\n","protected":false},"author":2,"featured_media":44064,"comment_status":"closed","ping_status":"closed","sticky":false,"template":"","format":"standard","meta":{"ngg_post_thumbnail":0,"_jetpack_newsletter_access":"","_jetpack_dont_email_post_to_subs":false,"_jetpack_newsletter_tier_id":0,"_jetpack_memberships_contains_paywalled_content":false,"_jetpack_memberships_contains_paid_content":false,"footnotes":""},"categories":[80,21,2690,2934,998,3051],"tags":[2562,1178,1832],"class_list":["post-44063","post","type-post","status-publish","format-standard","has-post-thumbnail","hentry","category-cintillo","category-michoacan","category-resistencias","category-resistencias-en-michoacan","category-tala-ilegal-de-bosques-y-robo-de-maderas-preciosas-en-michoacan","category-violencia-contra-luchadores-ambientales-en-michoacan","tag-destruccion-ambiental","tag-destruccion-de-la-naturaleza","tag-violencia-contra-defensores-del-medio-ambiente","entry"],"jetpack_featured_media_url":"http:\/\/www.grieta.org.mx\/wp-content\/uploads\/2020\/02\/cdn-3.expansion.mx_.jpg","jetpack_sharing_enabled":true,"jetpack_shortlink":"https:\/\/wp.me\/p7ZJR4-bsH","jetpack_likes_enabled":false,"jetpack-related-posts":[{"id":44056,"url":"http:\/\/www.grieta.org.mx\/index.php\/2020\/02\/06\/de-manera-impune-persiste-violencia-contra-ambientalistas-en-mexico-michoacan-nacional\/","url_meta":{"origin":44063,"position":0},"title":"De manera impune persiste violencia contra ambientalistas en M\u00e9xico (Michoac\u00e1n, Nacional)","author":"grieta","date":"6 febrero, 2020","format":false,"excerpt":"El Centro Mexicano de Derecho Ambiental document\u00f3 49 ataques a ambientalistas en 2018 en M\u00e9xico, de los cuales 21 tuvieron un fatal desenlace UDGtv con informaci\u00f3n de EFE, 06 de febrero de 2020 Ciudad de M\u00e9xico, M\u00e9xico. Defender el medioambiente es extremadamente peligroso en M\u00e9xico, tal y como refleja el\u2026","rel":"","context":"En &quot;CINTILLO&quot;","block_context":{"text":"CINTILLO","link":"http:\/\/www.grieta.org.mx\/index.php\/category\/cintillo\/"},"img":{"alt_text":"","src":"https:\/\/i0.wp.com\/www.grieta.org.mx\/wp-content\/uploads\/2020\/02\/Defensor-mariposa-monarca-1068x709.jpg?resize=350%2C200","width":350,"height":200,"srcset":"https:\/\/i0.wp.com\/www.grieta.org.mx\/wp-content\/uploads\/2020\/02\/Defensor-mariposa-monarca-1068x709.jpg?resize=350%2C200 1x, https:\/\/i0.wp.com\/www.grieta.org.mx\/wp-content\/uploads\/2020\/02\/Defensor-mariposa-monarca-1068x709.jpg?resize=525%2C300 1.5x, https:\/\/i0.wp.com\/www.grieta.org.mx\/wp-content\/uploads\/2020\/02\/Defensor-mariposa-monarca-1068x709.jpg?resize=700%2C400 2x, https:\/\/i0.wp.com\/www.grieta.org.mx\/wp-content\/uploads\/2020\/02\/Defensor-mariposa-monarca-1068x709.jpg?resize=1050%2C600 3x"},"classes":[]},{"id":43773,"url":"http:\/\/www.grieta.org.mx\/index.php\/2020\/01\/29\/ambientalistas-exigen-justicia-para-homero-gomez-vivia-entre-amenazas-advirtieron-a-tiempo-michoacan\/","url_meta":{"origin":44063,"position":1},"title":"Ambientalistas exigen justicia para Homero G\u00f3mez; viv\u00eda entre amenazas, advirtieron a tiempo (Michoac\u00e1n)","author":"grieta","date":"29 enero, 2020","format":false,"excerpt":"Erika Guevara Rosas, directora para las Am\u00e9rica de Amnist\u00eda Internacional, exigi\u00f3 que se investigue el asesinato. La familia de Homero G\u00f3mez denunci\u00f3 que el defensor ambiental hab\u00eda recibido amenazas de grupos del crimen organizado. Sin embargo, Redacci\u00f3n Ciudad de M\u00e9xico 29 de enero (SinEmbargo).- Activistas mexicanos y extranjeros, pol\u00edticos y\u2026","rel":"","context":"En &quot;CINTILLO&quot;","block_context":{"text":"CINTILLO","link":"http:\/\/www.grieta.org.mx\/index.php\/category\/cintillo\/"},"img":{"alt_text":"","src":"https:\/\/i0.wp.com\/www.grieta.org.mx\/wp-content\/uploads\/2020\/01\/81717502_2689063287829444_6665158789437587456_n-1.jpg?resize=350%2C200","width":350,"height":200,"srcset":"https:\/\/i0.wp.com\/www.grieta.org.mx\/wp-content\/uploads\/2020\/01\/81717502_2689063287829444_6665158789437587456_n-1.jpg?resize=350%2C200 1x, https:\/\/i0.wp.com\/www.grieta.org.mx\/wp-content\/uploads\/2020\/01\/81717502_2689063287829444_6665158789437587456_n-1.jpg?resize=525%2C300 1.5x, https:\/\/i0.wp.com\/www.grieta.org.mx\/wp-content\/uploads\/2020\/01\/81717502_2689063287829444_6665158789437587456_n-1.jpg?resize=700%2C400 2x, https:\/\/i0.wp.com\/www.grieta.org.mx\/wp-content\/uploads\/2020\/01\/81717502_2689063287829444_6665158789437587456_n-1.jpg?resize=1050%2C600 3x"},"classes":[]},{"id":44167,"url":"http:\/\/www.grieta.org.mx\/index.php\/2020\/02\/04\/dos-defensores-de-la-mariposa-monarca-asesinados-en-mexico-a-que-intereses-afectaba-su-activismo-michoacan\/","url_meta":{"origin":44063,"position":2},"title":"Dos defensores de la mariposa monarca asesinados en M\u00e9xico: \u00bfa qu\u00e9 intereses afectaba su activismo?  (Michoac\u00e1n)","author":"grieta","date":"4 febrero, 2020","format":false,"excerpt":"\"Condenamos que la defensa del territorio, los recursos naturales y la biodiversidad convierta a los activistas en v\u00edctimas de persecuci\u00f3n, amenazas y hechos cobardes como el quitarles la vida\", dice un comunicado de Greenpeace. Alan Ortega \/ Reuters, 04 de Febrero de 2020 El pasado 29 de enero, fue encontrado\u2026","rel":"","context":"En &quot;CINTILLO&quot;","block_context":{"text":"CINTILLO","link":"http:\/\/www.grieta.org.mx\/index.php\/category\/cintillo\/"},"img":{"alt_text":"","src":"https:\/\/i0.wp.com\/www.grieta.org.mx\/wp-content\/uploads\/2020\/02\/5e38bccd59bf5b39421a5923.jpg?resize=350%2C200","width":350,"height":200,"srcset":"https:\/\/i0.wp.com\/www.grieta.org.mx\/wp-content\/uploads\/2020\/02\/5e38bccd59bf5b39421a5923.jpg?resize=350%2C200 1x, https:\/\/i0.wp.com\/www.grieta.org.mx\/wp-content\/uploads\/2020\/02\/5e38bccd59bf5b39421a5923.jpg?resize=525%2C300 1.5x, https:\/\/i0.wp.com\/www.grieta.org.mx\/wp-content\/uploads\/2020\/02\/5e38bccd59bf5b39421a5923.jpg?resize=700%2C400 2x, https:\/\/i0.wp.com\/www.grieta.org.mx\/wp-content\/uploads\/2020\/02\/5e38bccd59bf5b39421a5923.jpg?resize=1050%2C600 3x"},"classes":[]},{"id":44067,"url":"http:\/\/www.grieta.org.mx\/index.php\/2020\/02\/07\/alertan-mayor-violencia-contra-ambientalistas-michoacan\/","url_meta":{"origin":44063,"position":3},"title":"Alertan mayor violencia contra ambientalistas (Michoac\u00e1n)","author":"grieta","date":"7 febrero, 2020","format":false,"excerpt":"Defensores del medio ambiente consideran que la propuesta de la SEMARNAT traer\u00eda m\u00e1s persecuci\u00f3n a los activistas. MVS noticias, 06 de febrero de 2020 Integrantes de la sociedad civil y defensores del medio ambiente, advirtieron que la violencia y persecuci\u00f3n contra activistas podr\u00eda agravarse, como resultado de la propuesta de\u2026","rel":"","context":"En &quot;CINTILLO&quot;","block_context":{"text":"CINTILLO","link":"http:\/\/www.grieta.org.mx\/index.php\/category\/cintillo\/"},"img":{"alt_text":"","src":"https:\/\/i0.wp.com\/www.grieta.org.mx\/wp-content\/uploads\/2020\/02\/f5d84df6gonzalez.png?resize=350%2C200","width":350,"height":200,"srcset":"https:\/\/i0.wp.com\/www.grieta.org.mx\/wp-content\/uploads\/2020\/02\/f5d84df6gonzalez.png?resize=350%2C200 1x, https:\/\/i0.wp.com\/www.grieta.org.mx\/wp-content\/uploads\/2020\/02\/f5d84df6gonzalez.png?resize=525%2C300 1.5x, https:\/\/i0.wp.com\/www.grieta.org.mx\/wp-content\/uploads\/2020\/02\/f5d84df6gonzalez.png?resize=700%2C400 2x"},"classes":[]},{"id":44243,"url":"http:\/\/www.grieta.org.mx\/index.php\/2020\/02\/09\/ambientalistas-fuera-de-la-agenda-con-amlo\/","url_meta":{"origin":44063,"position":4},"title":"Ambientalistas, fuera de la agenda con AMLO","author":"grieta","date":"9 febrero, 2020","format":false,"excerpt":"La escritora y fil\u00f3sofa, originaria de la India, considera que despu\u00e9s de los diversos asesinatos de militantes ecologistas, la protecci\u00f3n no encaja en la pol\u00edtica actual Jair Soto | El Sol de M\u00e9xico, 09 de febrero de 2019 En M\u00e9xico, la protecci\u00f3n a activistas ambientales no ha mostrado buenos resultados,\u2026","rel":"","context":"En &quot;CINTILLO&quot;","block_context":{"text":"CINTILLO","link":"http:\/\/www.grieta.org.mx\/index.php\/category\/cintillo\/"},"img":{"alt_text":"","src":"https:\/\/i0.wp.com\/www.grieta.org.mx\/wp-content\/uploads\/2020\/02\/ambientalistas.jpg?resize=350%2C200","width":350,"height":200,"srcset":"https:\/\/i0.wp.com\/www.grieta.org.mx\/wp-content\/uploads\/2020\/02\/ambientalistas.jpg?resize=350%2C200 1x, https:\/\/i0.wp.com\/www.grieta.org.mx\/wp-content\/uploads\/2020\/02\/ambientalistas.jpg?resize=525%2C300 1.5x, https:\/\/i0.wp.com\/www.grieta.org.mx\/wp-content\/uploads\/2020\/02\/ambientalistas.jpg?resize=700%2C400 2x"},"classes":[]},{"id":51226,"url":"http:\/\/www.grieta.org.mx\/index.php\/2020\/06\/26\/sobre-acueducto-feministas-exigen-incluir-feminicidio-en-agenda-federal-michoacan\/","url_meta":{"origin":44063,"position":5},"title":"Sobre Acueducto, feministas exigen incluir feminicidio en agenda federal  (Michoac\u00e1n)","author":"grieta","date":"26 junio, 2020","format":false,"excerpt":"F\u00e1tima Alfaro\/Quadrat\u00edn, 26 de junio de 2020 MORELIA, Mich., 26 de junio de 2020.- Un grupo de mujeres se ha colocado sobre el Acueducto, frente a la sede de la 21 zona militar, en demanda de inclusi\u00f3n del combate contra la violencia feminicida en la agenda federal. Ante la edificaci\u00f3n\u2026","rel":"","context":"En &quot;CINTILLO&quot;","block_context":{"text":"CINTILLO","link":"http:\/\/www.grieta.org.mx\/index.php\/category\/cintillo\/"},"img":{"alt_text":"","src":"https:\/\/i0.wp.com\/www.grieta.org.mx\/wp-content\/uploads\/2020\/06\/WhatsApp-Image-2020-06-26-at-7.56.58-AM-1160x700.jpeg?resize=350%2C200","width":350,"height":200,"srcset":"https:\/\/i0.wp.com\/www.grieta.org.mx\/wp-content\/uploads\/2020\/06\/WhatsApp-Image-2020-06-26-at-7.56.58-AM-1160x700.jpeg?resize=350%2C200 1x, https:\/\/i0.wp.com\/www.grieta.org.mx\/wp-content\/uploads\/2020\/06\/WhatsApp-Image-2020-06-26-at-7.56.58-AM-1160x700.jpeg?resize=525%2C300 1.5x, https:\/\/i0.wp.com\/www.grieta.org.mx\/wp-content\/uploads\/2020\/06\/WhatsApp-Image-2020-06-26-at-7.56.58-AM-1160x700.jpeg?resize=700%2C400 2x, https:\/\/i0.wp.com\/www.grieta.org.mx\/wp-content\/uploads\/2020\/06\/WhatsApp-Image-2020-06-26-at-7.56.58-AM-1160x700.jpeg?resize=1050%2C600 3x"},"classes":[]}],"_links":{"self":[{"href":"http:\/\/www.grieta.org.mx\/index.php\/wp-json\/wp\/v2\/posts\/44063","targetHints":{"allow":["GET"]}}],"collection":[{"href":"http:\/\/www.grieta.org.mx\/index.php\/wp-json\/wp\/v2\/posts"}],"about":[{"href":"http:\/\/www.grieta.org.mx\/index.php\/wp-json\/wp\/v2\/types\/post"}],"author":[{"embeddable":true,"href":"http:\/\/www.grieta.org.mx\/index.php\/wp-json\/wp\/v2\/users\/2"}],"replies":[{"embeddable":true,"href":"http:\/\/www.grieta.org.mx\/index.php\/wp-json\/wp\/v2\/comments?post=44063"}],"version-history":[{"count":1,"href":"http:\/\/www.grieta.org.mx\/index.php\/wp-json\/wp\/v2\/posts\/44063\/revisions"}],"predecessor-version":[{"id":44066,"href":"http:\/\/www.grieta.org.mx\/index.php\/wp-json\/wp\/v2\/posts\/44063\/revisions\/44066"}],"wp:featuredmedia":[{"embeddable":true,"href":"http:\/\/www.grieta.org.mx\/index.php\/wp-json\/wp\/v2\/media\/44064"}],"wp:attachment":[{"href":"http:\/\/www.grieta.org.mx\/index.php\/wp-json\/wp\/v2\/media?parent=44063"}],"wp:term":[{"taxonomy":"category","embeddable":true,"href":"http:\/\/www.grieta.org.mx\/index.php\/wp-json\/wp\/v2\/categories?post=44063"},{"taxonomy":"post_tag","embeddable":true,"href":"http:\/\/www.grieta.org.mx\/index.php\/wp-json\/wp\/v2\/tags?post=44063"}],"curies":[{"name":"wp","href":"https:\/\/api.w.org\/{rel}","templated":true}]}}