{"id":43977,"date":"2020-01-17T18:29:30","date_gmt":"2020-01-18T00:29:30","guid":{"rendered":"http:\/\/www.grieta.org.mx\/?p=43977"},"modified":"2020-02-06T18:45:03","modified_gmt":"2020-02-07T00:45:03","slug":"diputado-tala-y-fracciona-el-pulmon-de-guanajuato","status":"publish","type":"post","link":"http:\/\/www.grieta.org.mx\/index.php\/2020\/01\/17\/diputado-tala-y-fracciona-el-pulmon-de-guanajuato\/","title":{"rendered":"Diputado tala y fracciona el \u201cpulm\u00f3n\u201d de Guanajuato"},"content":{"rendered":"<p>&nbsp;<\/p>\n<blockquote><p>El diputado panista Fernando Ascencio Barba fraccion\u00f3 sin los permisos correspondientes la Sierra de Santa Rosa, considerado el pulm\u00f3n en Guanajuato. Sin contar con las autorizaciones, las residencias ya est\u00e1n a la venta en internet<\/p><\/blockquote>\n<p>&nbsp;<\/p>\n<figure id=\"attachment_43978\" aria-describedby=\"caption-attachment-43978\" style=\"width: 800px\" class=\"wp-caption aligncenter\"><img loading=\"lazy\" decoding=\"async\" data-attachment-id=\"43978\" data-permalink=\"http:\/\/www.grieta.org.mx\/index.php\/2020\/01\/17\/diputado-tala-y-fracciona-el-pulmon-de-guanajuato\/sierra_1\/\" data-orig-file=\"http:\/\/www.grieta.org.mx\/wp-content\/uploads\/2020\/02\/Sierra_1.jpeg\" data-orig-size=\"1920,1080\" data-comments-opened=\"0\" data-image-meta=\"{&quot;aperture&quot;:&quot;0&quot;,&quot;credit&quot;:&quot;&quot;,&quot;camera&quot;:&quot;&quot;,&quot;caption&quot;:&quot;&quot;,&quot;created_timestamp&quot;:&quot;0&quot;,&quot;copyright&quot;:&quot;&quot;,&quot;focal_length&quot;:&quot;0&quot;,&quot;iso&quot;:&quot;0&quot;,&quot;shutter_speed&quot;:&quot;0&quot;,&quot;title&quot;:&quot;&quot;,&quot;orientation&quot;:&quot;0&quot;}\" data-image-title=\"Sierra_1\" data-image-description=\"\" data-image-caption=\"&lt;p&gt;Foto: Juan Jos\u00e9 Plascencia \/ PopLab&lt;\/p&gt;\n\" data-medium-file=\"http:\/\/www.grieta.org.mx\/wp-content\/uploads\/2020\/02\/Sierra_1-300x169.jpeg\" data-large-file=\"http:\/\/www.grieta.org.mx\/wp-content\/uploads\/2020\/02\/Sierra_1-1024x576.jpeg\" class=\"wp-image-43978\" src=\"http:\/\/www.grieta.org.mx\/wp-content\/uploads\/2020\/02\/Sierra_1-1024x576.jpeg\" alt=\"\" width=\"800\" height=\"450\" srcset=\"http:\/\/www.grieta.org.mx\/wp-content\/uploads\/2020\/02\/Sierra_1-1024x576.jpeg 1024w, http:\/\/www.grieta.org.mx\/wp-content\/uploads\/2020\/02\/Sierra_1-300x169.jpeg 300w, http:\/\/www.grieta.org.mx\/wp-content\/uploads\/2020\/02\/Sierra_1-768x432.jpeg 768w, http:\/\/www.grieta.org.mx\/wp-content\/uploads\/2020\/02\/Sierra_1-889x500.jpeg 889w, http:\/\/www.grieta.org.mx\/wp-content\/uploads\/2020\/02\/Sierra_1.jpeg 1920w\" sizes=\"auto, (max-width: 800px) 100vw, 800px\" \/><figcaption id=\"caption-attachment-43978\" class=\"wp-caption-text\">Foto: Juan Jos\u00e9 Plascencia \/ PopLab<\/figcaption><\/figure>\n<p>Carmen Pizano \/ PopLab,17 de enero de 2020<\/p>\n<p>GUANAJUATO.- Bajo el amparo del gobierno estatal, el gobierno municipal de Guanajuato y el Sistema Municipal de Agua Potable y Alcantarillado (Simapag), el diputado panista Sergio Fernando Ascencio Barba atenta contra uno de los pocos \u201cpulmones\u201d de la capital del estado: la Sierra de Santa Rosa.<\/p>\n<p>El desarrollo inmobiliario de la empresa Loma de Irapuato, cuyo \u00fanico administrador es el legislador panista representante del distrito 15, ha provocado una indiscriminada tala de \u00e1rboles.<\/p>\n<p>La resistencia de los habitantes a proporcionar agua potable de la Presa del Peralillo para los fines comerciales del empresario deriv\u00f3 en un conflicto social.<\/p>\n<p>Sin hacer alg\u00fan tr\u00e1mite ante la Secretar\u00eda de Medio Ambiente y Recursos Naturales (Semarnat), el empresario y pol\u00edtico irapuatense inici\u00f3 con el proyecto de construir un hotel en la Sierra de Santa Rosa.<\/p>\n<p>Con el aval del organismo operador del agua, bajo la direcci\u00f3n de Jos\u00e9 Lara Lona, consigui\u00f3 la firma del Comit\u00e9 del Agua de Santa Rosa, para el suministro del l\u00edquido en el hotel. Esta decisi\u00f3n trajo la inconformidad de los habitantes.<\/p>\n<p>Meses despu\u00e9s, el legislador del PAN cambi\u00f3 el proyecto a un fraccionamiento residencial. Le pareci\u00f3 m\u00e1s rentable fraccionar los 67 mil 680 metros cuadrados del predio conocido como Cucursola.<br \/>\n<strong>M\u00e1s demanda de agua<\/strong><\/p>\n<p>El cambio de proyecto de hotel a fraccionamiento residencial implica que el suministro de agua se duplique. En el documento original presentado al Comit\u00e9 de Agua de Santa Rosa, el desarrollador solicitaba 700 metros c\u00fabicos mensuales para la operaci\u00f3n del hotel. En el nuevo proyecto presentado ante el Simapag para fraccionamiento residencial, la empresa del diputado panista solicita 1 mil 800 metros c\u00fabicos de agua.<\/p>\n<p>Al llegar como delegada de la comunidad Santa Rosa, Blanca Cabrera Mart\u00ednez advirti\u00f3 del riesgo que correr\u00edan los habitantes de la zona por el desabasto del agua, al ceder el recurso de la Presa de Peralillo para un desarrollo habitacional como el impulsado por Sergio Fernando Ascencio Barba.<\/p>\n<figure id=\"attachment_43979\" aria-describedby=\"caption-attachment-43979\" style=\"width: 800px\" class=\"wp-caption aligncenter\"><img loading=\"lazy\" decoding=\"async\" data-attachment-id=\"43979\" data-permalink=\"http:\/\/www.grieta.org.mx\/index.php\/2020\/01\/17\/diputado-tala-y-fracciona-el-pulmon-de-guanajuato\/presa_de_peralillo\/\" data-orig-file=\"http:\/\/www.grieta.org.mx\/wp-content\/uploads\/2020\/02\/Presa_de_Peralillo.jpeg\" data-orig-size=\"1600,900\" data-comments-opened=\"0\" data-image-meta=\"{&quot;aperture&quot;:&quot;0&quot;,&quot;credit&quot;:&quot;&quot;,&quot;camera&quot;:&quot;&quot;,&quot;caption&quot;:&quot;&quot;,&quot;created_timestamp&quot;:&quot;0&quot;,&quot;copyright&quot;:&quot;&quot;,&quot;focal_length&quot;:&quot;0&quot;,&quot;iso&quot;:&quot;0&quot;,&quot;shutter_speed&quot;:&quot;0&quot;,&quot;title&quot;:&quot;&quot;,&quot;orientation&quot;:&quot;0&quot;}\" data-image-title=\"Presa_de_Peralillo\" data-image-description=\"\" data-image-caption=\"&lt;p&gt;De la Presa de Peralillo se abastecen de agua comunidades de la Sierra.  Foto: Juan Jos\u00e9 Plascencia \/ PopLab&lt;\/p&gt;\n\" data-medium-file=\"http:\/\/www.grieta.org.mx\/wp-content\/uploads\/2020\/02\/Presa_de_Peralillo-300x169.jpeg\" data-large-file=\"http:\/\/www.grieta.org.mx\/wp-content\/uploads\/2020\/02\/Presa_de_Peralillo-1024x576.jpeg\" class=\"wp-image-43979\" src=\"http:\/\/www.grieta.org.mx\/wp-content\/uploads\/2020\/02\/Presa_de_Peralillo-1024x576.jpeg\" alt=\"\" width=\"800\" height=\"450\" srcset=\"http:\/\/www.grieta.org.mx\/wp-content\/uploads\/2020\/02\/Presa_de_Peralillo-1024x576.jpeg 1024w, http:\/\/www.grieta.org.mx\/wp-content\/uploads\/2020\/02\/Presa_de_Peralillo-300x169.jpeg 300w, http:\/\/www.grieta.org.mx\/wp-content\/uploads\/2020\/02\/Presa_de_Peralillo-768x432.jpeg 768w, http:\/\/www.grieta.org.mx\/wp-content\/uploads\/2020\/02\/Presa_de_Peralillo-889x500.jpeg 889w, http:\/\/www.grieta.org.mx\/wp-content\/uploads\/2020\/02\/Presa_de_Peralillo.jpeg 1600w\" sizes=\"auto, (max-width: 800px) 100vw, 800px\" \/><figcaption id=\"caption-attachment-43979\" class=\"wp-caption-text\">De la Presa de Peralillo se abastecen de agua comunidades de la Sierra. Foto: Juan Jos\u00e9 Plascencia \/ PopLab<\/figcaption><\/figure>\n<p>Ascencio ha pedido la colaboraci\u00f3n del gobierno de Diego Sinhue Rodr\u00edguez para liberar los permisos estatales y municipales. El alcalde panista Alejandro Navarro Salda\u00f1a ha permitido en los \u00faltimos meses la lotificaci\u00f3n y, sin permisos, la empresa ya ofrece a la venta los terrenos residenciales.<\/p>\n<p>El Comit\u00e9 del Agua de Santa Rosa asegur\u00f3 que no habr\u00e1 suministro para el fraccionamiento, porque as\u00ed lo han pedido los pobladores. Pero la incertidumbre del abasto del l\u00edquido no ha frenado al diputado, quien comenz\u00f3 a ofrecer los predios de entre 1 mil y 1 mil 200 metros cuadrados.<br \/>\nOrigen del desarrollo<\/p>\n<p>Durante la gubernatura de Miguel M\u00e1rquez M\u00e1rquez y el gobierno municipal de \u00c9dgar Castro Cerrillo se dieron las primeras autorizaciones para el desarrollo en el predio conocido como La Rosita. Esto, sin que exista ning\u00fan permiso por parte de Semarnat, seg\u00fan confirm\u00f3 el exdelegado de la dependencia federal, Israel Cabrera Barr\u00f3n.<\/p>\n<p>El ahora diputado local por el PVEM coment\u00f3 que hasta marzo de 2018 no existi\u00f3 en Semarnat ninguna autorizaci\u00f3n para el desarrollo. PoPLab confirm\u00f3 con fuentes del gobierno federal que no existe ante Semarnat ning\u00fan tipo de tr\u00e1mite en los \u00faltimos dos a\u00f1os para el desarrollo habitacional.<\/p>\n<p>Loma de Irapuato, empresa del ahora diputado federal, realiz\u00f3 todos los tr\u00e1mites para la construcci\u00f3n de un hotel que no tendr\u00eda m\u00e1s de 70 habitaciones s\u00f3lo ante las autoridades de Guanajuato.<\/p>\n<p>El Comit\u00e9 del Agua de Santa Rosa, con la intervenci\u00f3n del entonces director de Simapag Jos\u00e9 Lara Lona, autoriz\u00f3 que pudieran extraer hasta 700 metros c\u00fabicos de agua cruda al mes.<\/p>\n<figure id=\"attachment_43980\" aria-describedby=\"caption-attachment-43980\" style=\"width: 600px\" class=\"wp-caption aligncenter\"><img loading=\"lazy\" decoding=\"async\" data-attachment-id=\"43980\" data-permalink=\"http:\/\/www.grieta.org.mx\/index.php\/2020\/01\/17\/diputado-tala-y-fracciona-el-pulmon-de-guanajuato\/convenio_santa_rosa\/\" data-orig-file=\"http:\/\/www.grieta.org.mx\/wp-content\/uploads\/2020\/02\/Convenio_Santa_Rosa.jpeg\" data-orig-size=\"600,800\" data-comments-opened=\"0\" data-image-meta=\"{&quot;aperture&quot;:&quot;0&quot;,&quot;credit&quot;:&quot;&quot;,&quot;camera&quot;:&quot;&quot;,&quot;caption&quot;:&quot;&quot;,&quot;created_timestamp&quot;:&quot;0&quot;,&quot;copyright&quot;:&quot;&quot;,&quot;focal_length&quot;:&quot;0&quot;,&quot;iso&quot;:&quot;0&quot;,&quot;shutter_speed&quot;:&quot;0&quot;,&quot;title&quot;:&quot;&quot;,&quot;orientation&quot;:&quot;0&quot;}\" data-image-title=\"Convenio_Santa_Rosa\" data-image-description=\"\" data-image-caption=\"&lt;p&gt;Foto: PoPLab&lt;\/p&gt;\n\" data-medium-file=\"http:\/\/www.grieta.org.mx\/wp-content\/uploads\/2020\/02\/Convenio_Santa_Rosa-225x300.jpeg\" data-large-file=\"http:\/\/www.grieta.org.mx\/wp-content\/uploads\/2020\/02\/Convenio_Santa_Rosa.jpeg\" class=\"wp-image-43980 size-full\" src=\"http:\/\/www.grieta.org.mx\/wp-content\/uploads\/2020\/02\/Convenio_Santa_Rosa.jpeg\" alt=\"\" width=\"600\" height=\"800\" srcset=\"http:\/\/www.grieta.org.mx\/wp-content\/uploads\/2020\/02\/Convenio_Santa_Rosa.jpeg 600w, http:\/\/www.grieta.org.mx\/wp-content\/uploads\/2020\/02\/Convenio_Santa_Rosa-225x300.jpeg 225w, http:\/\/www.grieta.org.mx\/wp-content\/uploads\/2020\/02\/Convenio_Santa_Rosa-375x500.jpeg 375w\" sizes=\"auto, (max-width: 600px) 100vw, 600px\" \/><figcaption id=\"caption-attachment-43980\" class=\"wp-caption-text\">Foto: PoPLab<\/figcaption><\/figure>\n<p>Sin aviso a las autoridades, Ascencio cambi\u00f3 el proyecto a un fraccionamiento residencial.<\/p>\n<p>El descontento entre la poblaci\u00f3n oblig\u00f3 al Comit\u00e9 de Agua que preside Francisco Granado a negar una nueva autorizaci\u00f3n para que el fraccionamiento pueda tomar agua de la Presa de Peralillo. \u00c9sta abastece del l\u00edquido a Santa Rosa de Lima y comunidades aleda\u00f1as, como Monte de San Nicol\u00e1s y Las Flores.<br \/>\n<strong>\u00bfQui\u00e9n es Sergio Fernando Ascencio Barba?<\/strong><\/p>\n<p>Empresario dedicado al ramo tur\u00edstico. Lleg\u00f3 a la diputaci\u00f3n federal despu\u00e9s de aspirar a ser el candidato del PAN a la presidencia municipal de Irapuato en el a\u00f1o 2018.<\/p>\n<p>Es nieto del empresario, ya fallecido, Fernando Barba, desarrollador de Villas de Irapuato. Es sobrino en segundo grado de Rafael Barba Vargas, compadre del ex gobernador Miguel M\u00e1rquez, se\u00f1alado reiteradametne por realizar tr\u00e1fico de influencia durante su sexenio.<\/p>\n<p>Trabaj\u00f3 durante un a\u00f1o como jefe de departamento en el \u00e1rea de Planeaci\u00f3n de Sedesol, durante el sexenio de Vicente Fox Quesada. De 2014 a 2015 fue integrante del Consejo Municipal de Vivienda de Irapuato.<\/p>\n<p>Ascencio Barba es propietario de Hotel One; director general del Centro Corporativo Stern; director de Stain Hotels y presidente de la Oficina de Convenciones y Visitantes de Irapuato, actividades que combina con la tarea de legislador, seg\u00fan consta en el curr\u00edculum publicado por la C\u00e1mara de Diputados.<\/p>\n<figure id=\"attachment_43981\" aria-describedby=\"caption-attachment-43981\" style=\"width: 800px\" class=\"wp-caption aligncenter\"><img loading=\"lazy\" decoding=\"async\" data-attachment-id=\"43981\" data-permalink=\"http:\/\/www.grieta.org.mx\/index.php\/2020\/01\/17\/diputado-tala-y-fracciona-el-pulmon-de-guanajuato\/sergio_fernando_ascencio_\/\" data-orig-file=\"http:\/\/www.grieta.org.mx\/wp-content\/uploads\/2020\/02\/Sergio_Fernando_Ascencio_.jpg\" data-orig-size=\"1280,720\" data-comments-opened=\"0\" data-image-meta=\"{&quot;aperture&quot;:&quot;0&quot;,&quot;credit&quot;:&quot;&quot;,&quot;camera&quot;:&quot;&quot;,&quot;caption&quot;:&quot;&quot;,&quot;created_timestamp&quot;:&quot;0&quot;,&quot;copyright&quot;:&quot;&quot;,&quot;focal_length&quot;:&quot;0&quot;,&quot;iso&quot;:&quot;0&quot;,&quot;shutter_speed&quot;:&quot;0&quot;,&quot;title&quot;:&quot;&quot;,&quot;orientation&quot;:&quot;0&quot;}\" data-image-title=\"Sergio_Fernando_Ascencio_\" data-image-description=\"\" data-image-caption=\"&lt;p&gt;Sergio Fernando Ascencio Barba. Fotograf\u00eda de Diputados PAN LXIV Legislatura.&lt;\/p&gt;\n\" data-medium-file=\"http:\/\/www.grieta.org.mx\/wp-content\/uploads\/2020\/02\/Sergio_Fernando_Ascencio_-300x169.jpg\" data-large-file=\"http:\/\/www.grieta.org.mx\/wp-content\/uploads\/2020\/02\/Sergio_Fernando_Ascencio_-1024x576.jpg\" class=\"wp-image-43981\" src=\"http:\/\/www.grieta.org.mx\/wp-content\/uploads\/2020\/02\/Sergio_Fernando_Ascencio_-1024x576.jpg\" alt=\"\" width=\"800\" height=\"450\" srcset=\"http:\/\/www.grieta.org.mx\/wp-content\/uploads\/2020\/02\/Sergio_Fernando_Ascencio_-1024x576.jpg 1024w, http:\/\/www.grieta.org.mx\/wp-content\/uploads\/2020\/02\/Sergio_Fernando_Ascencio_-300x169.jpg 300w, http:\/\/www.grieta.org.mx\/wp-content\/uploads\/2020\/02\/Sergio_Fernando_Ascencio_-768x432.jpg 768w, http:\/\/www.grieta.org.mx\/wp-content\/uploads\/2020\/02\/Sergio_Fernando_Ascencio_-889x500.jpg 889w, http:\/\/www.grieta.org.mx\/wp-content\/uploads\/2020\/02\/Sergio_Fernando_Ascencio_.jpg 1280w\" sizes=\"auto, (max-width: 800px) 100vw, 800px\" \/><figcaption id=\"caption-attachment-43981\" class=\"wp-caption-text\"><br \/>Sergio Fernando Ascencio Barba. Fotograf\u00eda de Diputados PAN LXIV Legislatura.<\/figcaption><\/figure>\n<p><strong><br \/>\nTala a cambio de donativo de \u00e1rboles al municipio<\/strong><\/p>\n<p>El terreno r\u00fastico conocido como La Rosita, donde actualmente se trazan 51 lotes que van a conformar el fraccionamiento Cucursola, luce talado. Tiene varios caminos que ser\u00e1n los que dividan una casa-habitaci\u00f3n de otra.<\/p>\n<figure id=\"attachment_43982\" aria-describedby=\"caption-attachment-43982\" style=\"width: 800px\" class=\"wp-caption aligncenter\"><img loading=\"lazy\" decoding=\"async\" data-attachment-id=\"43982\" data-permalink=\"http:\/\/www.grieta.org.mx\/index.php\/2020\/01\/17\/diputado-tala-y-fracciona-el-pulmon-de-guanajuato\/sierra_2\/\" data-orig-file=\"http:\/\/www.grieta.org.mx\/wp-content\/uploads\/2020\/02\/Sierra_2.jpg\" data-orig-size=\"1600,900\" data-comments-opened=\"0\" data-image-meta=\"{&quot;aperture&quot;:&quot;0&quot;,&quot;credit&quot;:&quot;&quot;,&quot;camera&quot;:&quot;&quot;,&quot;caption&quot;:&quot;&quot;,&quot;created_timestamp&quot;:&quot;0&quot;,&quot;copyright&quot;:&quot;&quot;,&quot;focal_length&quot;:&quot;0&quot;,&quot;iso&quot;:&quot;0&quot;,&quot;shutter_speed&quot;:&quot;0&quot;,&quot;title&quot;:&quot;&quot;,&quot;orientation&quot;:&quot;0&quot;}\" data-image-title=\"Sierra_2\" data-image-description=\"\" data-image-caption=\"&lt;p&gt;El diputado panista Fernando Ascencio Barba fraccion\u00f3 sin los permisos correspondientes la Sierra de Santa Rosa, considerado el pulm\u00f3n en Guanajuato. Sin contar con las autorizaciones, las residencias ya est\u00e1n a la venta en internet&lt;\/p&gt;\n&lt;p&gt;Texto: Carmen Pizano \/ PopLab&lt;\/p&gt;\n&lt;p&gt;Fotos: Juan Jos\u00e9 Plascencia \/ PopLab&lt;\/p&gt;\n&lt;p&gt;GUANAJUATO.- Bajo el amparo del gobierno estatal, el gobierno municipal de Guanajuato y el Sistema Municipal de Agua Potable y Alcantarillado (Simapag), el diputado panista Sergio Fernando Ascencio Barba atenta contra uno de los pocos \u201cpulmones\u201d de la capital del estado: la Sierra de Santa Rosa.&lt;\/p&gt;\n&lt;p&gt;El desarrollo inmobiliario de la empresa Loma de Irapuato, cuyo \u00fanico administrador es el legislador panista representante del distrito 15, ha provocado una indiscriminada tala de \u00e1rboles.&lt;\/p&gt;\n&lt;p&gt;La resistencia de los habitantes a proporcionar agua potable de la Presa del Peralillo para los fines comerciales del empresario deriv\u00f3 en un conflicto social.&lt;\/p&gt;\n&lt;p&gt;Sin hacer alg\u00fan tr\u00e1mite ante la Secretar\u00eda de Medio Ambiente y Recursos Naturales (Semarnat), el empresario y pol\u00edtico irapuatense inici\u00f3 con el proyecto de construir un hotel en la Sierra de Santa Rosa.&lt;\/p&gt;\n&lt;p&gt;Con el aval del organismo operador del agua, bajo la direcci\u00f3n de Jos\u00e9 Lara Lona, consigui\u00f3 la firma del Comit\u00e9 del Agua de Santa Rosa, para el suministro del l\u00edquido en el hotel. Esta decisi\u00f3n trajo la inconformidad de los habitantes.&lt;\/p&gt;\n&lt;p&gt;Meses despu\u00e9s, el legislador del PAN cambi\u00f3 el proyecto a un fraccionamiento residencial. Le pareci\u00f3 m\u00e1s rentable fraccionar los 67 mil 680 metros cuadrados del predio conocido como Cucursola.&lt;br \/&gt;\nM\u00e1s demanda de agua&lt;\/p&gt;\n&lt;p&gt;El cambio de proyecto de hotel a fraccionamiento residencial implica que el suministro de agua se duplique. En el documento original presentado al Comit\u00e9 de Agua de Santa Rosa, el desarrollador solicitaba 700 metros c\u00fabicos mensuales para la operaci\u00f3n del hotel. En el nuevo proyecto presentado ante el Simapag para fraccionamiento residencial, la empresa del diputado panista solicita 1 mil 800 metros c\u00fabicos de agua.&lt;\/p&gt;\n&lt;p&gt;Al llegar como delegada de la comunidad Santa Rosa, Blanca Cabrera Mart\u00ednez advirti\u00f3 del riesgo que correr\u00edan los habitantes de la zona por el desabasto del agua, al ceder el recurso de la Presa de Peralillo para un desarrollo habitacional como el impulsado por Sergio Fernando Ascencio Barba.&lt;br \/&gt;\nDe la Presa de Peralillo se abastecen de agua comunidades de la Sierra&lt;br \/&gt;\nDe la Presa de Peralillo se abastecen de agua comunidades de la Sierra.&lt;\/p&gt;\n&lt;p&gt;Ascencio ha pedido la colaboraci\u00f3n del gobierno de Diego Sinhue Rodr\u00edguez para liberar los permisos estatales y municipales. El alcalde panista Alejandro Navarro Salda\u00f1a ha permitido en los \u00faltimos meses la lotificaci\u00f3n y, sin permisos, la empresa ya ofrece a la venta los terrenos residenciales.&lt;\/p&gt;\n&lt;p&gt;El Comit\u00e9 del Agua de Santa Rosa asegur\u00f3 que no habr\u00e1 suministro para el fraccionamiento, porque as\u00ed lo han pedido los pobladores. Pero la incertidumbre del abasto del l\u00edquido no ha frenado al diputado, quien comenz\u00f3 a ofrecer los predios de entre 1 mil y 1 mil 200 metros cuadrados.&lt;br \/&gt;\nOrigen del desarrollo&lt;\/p&gt;\n&lt;p&gt;Durante la gubernatura de Miguel M\u00e1rquez M\u00e1rquez y el gobierno municipal de \u00c9dgar Castro Cerrillo se dieron las primeras autorizaciones para el desarrollo en el predio conocido como La Rosita. Esto, sin que exista ning\u00fan permiso por parte de Semarnat, seg\u00fan confirm\u00f3 el exdelegado de la dependencia federal, Israel Cabrera Barr\u00f3n.&lt;\/p&gt;\n&lt;p&gt;El ahora diputado local por el PVEM coment\u00f3 que hasta marzo de 2018 no existi\u00f3 en Semarnat ninguna autorizaci\u00f3n para el desarrollo. PoPLab confirm\u00f3 con fuentes del gobierno federal que no existe ante Semarnat ning\u00fan tipo de tr\u00e1mite en los \u00faltimos dos a\u00f1os para el desarrollo habitacional.&lt;\/p&gt;\n&lt;p&gt;Loma de Irapuato, empresa del ahora diputado federal, realiz\u00f3 todos los tr\u00e1mites para la construcci\u00f3n de un hotel que no tendr\u00eda m\u00e1s de 70 habitaciones s\u00f3lo ante las autoridades de Guanajuato.&lt;\/p&gt;\n&lt;p&gt;El Comit\u00e9 del Agua de Santa Rosa, con la intervenci\u00f3n del entonces director de Simapag Jos\u00e9 Lara Lona, autoriz\u00f3 que pudieran extraer hasta 700 metros c\u00fabicos de agua cruda al mes.&lt;br \/&gt;\nEn el convenio firmado por el Comit\u00e9 del Agua se concede el l\u00edquido para un hotel que no exceder\u00eda los 700 metros c\u00fabicos al mes en la primera etapa&lt;\/p&gt;\n&lt;p&gt;Sin aviso a las autoridades, Ascencio cambi\u00f3 el proyecto a un fraccionamiento residencial.&lt;\/p&gt;\n&lt;p&gt;El descontento entre la poblaci\u00f3n oblig\u00f3 al Comit\u00e9 de Agua que preside Francisco Granado a negar una nueva autorizaci\u00f3n para que el fraccionamiento pueda tomar agua de la Presa de Peralillo. \u00c9sta abastece del l\u00edquido a Santa Rosa de Lima y comunidades aleda\u00f1as, como Monte de San Nicol\u00e1s y Las Flores.&lt;br \/&gt;\n\u00bfQui\u00e9n es Sergio Fernando Ascencio Barba?&lt;\/p&gt;\n&lt;p&gt;Empresario dedicado al ramo tur\u00edstico. Lleg\u00f3 a la diputaci\u00f3n federal despu\u00e9s de aspirar a ser el candidato del PAN a la presidencia municipal de Irapuato en el a\u00f1o 2018.&lt;\/p&gt;\n&lt;p&gt;Es nieto del empresario, ya fallecido, Fernando Barba, desarrollador de Villas de Irapuato. Es sobrino en segundo grado de Rafael Barba Vargas, compadre del ex gobernador Miguel M\u00e1rquez, se\u00f1alado reiteradametne por realizar tr\u00e1fico de influencia durante su sexenio.&lt;\/p&gt;\n&lt;p&gt;Trabaj\u00f3 durante un a\u00f1o como jefe de departamento en el \u00e1rea de Planeaci\u00f3n de Sedesol, durante el sexenio de Vicente Fox Quesada. De 2014 a 2015 fue integrante del Consejo Municipal de Vivienda de Irapuato.&lt;\/p&gt;\n&lt;p&gt;Ascencio Barba es propietario de Hotel One; director general del Centro Corporativo Stern; director de Stain Hotels y presidente de la Oficina de Convenciones y Visitantes de Irapuato, actividades que combina con la tarea de legislador, seg\u00fan consta en el curr\u00edculum publicado por la C\u00e1mara de Diputados.&lt;br \/&gt;\nSergio Fernando Ascencio Barba. Fotograf\u00eda de Diputados PAN LXIV Legislatura&lt;br \/&gt;\nSergio Fernando Ascencio Barba. Fotograf\u00eda de Diputados PAN LXIV Legislatura.&lt;br \/&gt;\nTala a cambio de donativo de \u00e1rboles al municipio&lt;\/p&gt;\n&lt;p&gt;El terreno r\u00fastico conocido como La Rosita, donde actualmente se trazan 51 lotes que van a conformar el fraccionamiento Cucursola, luce talado. Tiene varios caminos que ser\u00e1n los que dividan una casa-habitaci\u00f3n de otra.&lt;\/p&gt;\n&lt;p&gt;El director de Medio Ambiente y Ordenamiento Territorial del municipio, Juan Carlos Delgado Z\u00e1rate, confirm\u00f3 que el gobierno municipal otorg\u00f3 los permisos para lotificar y tumbar \u00e1rboles. A cambio, pidieron \u201ccompensar\u201d con la siembra de otros \u00e1rboles en la sierra y la donaci\u00f3n de otros tantos al municipio.&lt;br \/&gt;\nParte de la tala solo para lotificar. Fotograf\u00eda de Juan Jos\u00e9 Plascencia&lt;br \/&gt;\nParte de la tala solo para lotificar. Fotograf\u00eda de Juan Jos\u00e9 Plascencia.&lt;\/p&gt;\n\" data-medium-file=\"http:\/\/www.grieta.org.mx\/wp-content\/uploads\/2020\/02\/Sierra_2-300x169.jpg\" data-large-file=\"http:\/\/www.grieta.org.mx\/wp-content\/uploads\/2020\/02\/Sierra_2-1024x576.jpg\" class=\"wp-image-43982\" src=\"http:\/\/www.grieta.org.mx\/wp-content\/uploads\/2020\/02\/Sierra_2-1024x576.jpg\" alt=\"\" width=\"800\" height=\"450\" srcset=\"http:\/\/www.grieta.org.mx\/wp-content\/uploads\/2020\/02\/Sierra_2-1024x576.jpg 1024w, http:\/\/www.grieta.org.mx\/wp-content\/uploads\/2020\/02\/Sierra_2-300x169.jpg 300w, http:\/\/www.grieta.org.mx\/wp-content\/uploads\/2020\/02\/Sierra_2-768x432.jpg 768w, http:\/\/www.grieta.org.mx\/wp-content\/uploads\/2020\/02\/Sierra_2-889x500.jpg 889w, http:\/\/www.grieta.org.mx\/wp-content\/uploads\/2020\/02\/Sierra_2.jpg 1600w\" sizes=\"auto, (max-width: 800px) 100vw, 800px\" \/><figcaption id=\"caption-attachment-43982\" class=\"wp-caption-text\"><\/p>\n<p><\/figcaption><\/figure>\n<p>En entrevista, el director de Medio Ambiente precis\u00f3 que el uso de suelo de la zona es ecol\u00f3gico, por lo que bastaba con garantizar que los lotes ser\u00edan de m\u00e1s de mil metros cuadrados para otorgar la autorizaci\u00f3n.<\/p>\n<p>\u201cDe los 1 mil metros cuadrados nada m\u00e1s se puede construir el 30 por ciento y el resto quedar arbolada\u2026 Lo que tumbes tienes que mitigar y compensar con siembra de \u00e1rboles, y aportar de otro tipo de especies al municipio\u201d, dijo Delgado Z\u00e1rate.<\/p>\n<figure id=\"attachment_43983\" aria-describedby=\"caption-attachment-43983\" style=\"width: 800px\" class=\"wp-caption aligncenter\"><img loading=\"lazy\" decoding=\"async\" data-attachment-id=\"43983\" data-permalink=\"http:\/\/www.grieta.org.mx\/index.php\/2020\/01\/17\/diputado-tala-y-fracciona-el-pulmon-de-guanajuato\/delgado\/\" data-orig-file=\"http:\/\/www.grieta.org.mx\/wp-content\/uploads\/2020\/02\/Delgado.jpg\" data-orig-size=\"1280,960\" data-comments-opened=\"0\" data-image-meta=\"{&quot;aperture&quot;:&quot;0&quot;,&quot;credit&quot;:&quot;&quot;,&quot;camera&quot;:&quot;&quot;,&quot;caption&quot;:&quot;&quot;,&quot;created_timestamp&quot;:&quot;0&quot;,&quot;copyright&quot;:&quot;&quot;,&quot;focal_length&quot;:&quot;0&quot;,&quot;iso&quot;:&quot;0&quot;,&quot;shutter_speed&quot;:&quot;0&quot;,&quot;title&quot;:&quot;&quot;,&quot;orientation&quot;:&quot;0&quot;}\" data-image-title=\"Delgado\" data-image-description=\"\" data-image-caption=\"&lt;p&gt;Juan Carlos Delgado Z\u00e1rate, director de Medio Ambiente y Ordenamiento Territorial.&lt;\/p&gt;\n\" data-medium-file=\"http:\/\/www.grieta.org.mx\/wp-content\/uploads\/2020\/02\/Delgado-300x225.jpg\" data-large-file=\"http:\/\/www.grieta.org.mx\/wp-content\/uploads\/2020\/02\/Delgado-1024x768.jpg\" class=\"wp-image-43983\" src=\"http:\/\/www.grieta.org.mx\/wp-content\/uploads\/2020\/02\/Delgado-1024x768.jpg\" alt=\"\" width=\"800\" height=\"600\" srcset=\"http:\/\/www.grieta.org.mx\/wp-content\/uploads\/2020\/02\/Delgado-1024x768.jpg 1024w, http:\/\/www.grieta.org.mx\/wp-content\/uploads\/2020\/02\/Delgado-300x225.jpg 300w, http:\/\/www.grieta.org.mx\/wp-content\/uploads\/2020\/02\/Delgado-768x576.jpg 768w, http:\/\/www.grieta.org.mx\/wp-content\/uploads\/2020\/02\/Delgado-667x500.jpg 667w, http:\/\/www.grieta.org.mx\/wp-content\/uploads\/2020\/02\/Delgado.jpg 1280w\" sizes=\"auto, (max-width: 800px) 100vw, 800px\" \/><figcaption id=\"caption-attachment-43983\" class=\"wp-caption-text\">Juan Carlos Delgado Z\u00e1rate, director de Medio Ambiente y Ordenamiento Territorial.<\/figcaption><\/figure>\n<p>&nbsp;<\/p>\n<p>La tala de \u00e1rboles no solo representa un atentado para el \u201cpulm\u00f3n de Guanajuato\u201d, que es la Sierra de Santa Rosa, sino para la fauna que habita en la zona.<\/p>\n<p>En un recorrido que hizo PoPLab por la zona, lugare\u00f1os comentaron su preocupaci\u00f3n por el posible desabasto de agua y el riesgo para especies como el venado cola blanca o el \u00e1guila.<\/p>\n<p>El gobierno de Alejandro Navarro, sin embargo, no puso mayores trabas para validar la traza de los 51 lotes y la colocaci\u00f3n de un tanque elevado.<br \/>\nDe hotel a fraccionamiento<\/p>\n<p>Juan Carlos Delgado Z\u00e1rate manifest\u00f3 que desde octubre de 2018, cuando lleg\u00f3 a la direcci\u00f3n de Medio Ambiente, conoci\u00f3 del desarrollo en Santa Rosa. Al revisar la documentaci\u00f3n constat\u00f3 que durante el gobierno de \u00c9dgar Castro Cerrillo se dieron las autorizaciones para la construcci\u00f3n de un hotel, no un fraccionamiento.<\/p>\n<figure id=\"attachment_43984\" aria-describedby=\"caption-attachment-43984\" style=\"width: 800px\" class=\"wp-caption aligncenter\"><img loading=\"lazy\" decoding=\"async\" data-attachment-id=\"43984\" data-permalink=\"http:\/\/www.grieta.org.mx\/index.php\/2020\/01\/17\/diputado-tala-y-fracciona-el-pulmon-de-guanajuato\/cucursola\/\" data-orig-file=\"http:\/\/www.grieta.org.mx\/wp-content\/uploads\/2020\/02\/Cucursola.jpg\" data-orig-size=\"1600,900\" data-comments-opened=\"0\" data-image-meta=\"{&quot;aperture&quot;:&quot;0&quot;,&quot;credit&quot;:&quot;&quot;,&quot;camera&quot;:&quot;&quot;,&quot;caption&quot;:&quot;&quot;,&quot;created_timestamp&quot;:&quot;0&quot;,&quot;copyright&quot;:&quot;&quot;,&quot;focal_length&quot;:&quot;0&quot;,&quot;iso&quot;:&quot;0&quot;,&quot;shutter_speed&quot;:&quot;0&quot;,&quot;title&quot;:&quot;&quot;,&quot;orientation&quot;:&quot;0&quot;}\" data-image-title=\"Cucursola\" data-image-description=\"\" data-image-caption=\"&lt;p&gt;Confirm\u00f3 que, sin dar aviso a las autoridades, el desarrollador cambi\u00f3 el proyecto.&lt;\/p&gt;\n&lt;p&gt;    \u201cCuando yo llegu\u00e9 les dije: \u2018a ver, vengan ac\u00e1. Suspendo las obras (los representantes de la empresa), sacan todo el expediente con validaciones el hotel, y los planos del fraccionamiento sin validar. Nos sentamos a platicar, (me dicen) que ya no le conviene el hotel, se pone sobre la mesa un fraccionamiento\u201d.&lt;br \/&gt;\n    Juan Carlos Delgado Z\u00e1rate, director de Medio ambiente y Desarrollo Territorial.&lt;\/p&gt;\n&lt;p&gt;Para cuando la direcci\u00f3n municipal se dio cuenta del cambio, sin aviso de la constructora, ya ten\u00edan al 50 por ciento la construcci\u00f3n de una casa club para el fraccionamiento residencial en la Sierra de Santa Rosa.&lt;\/p&gt;\n\" data-medium-file=\"http:\/\/www.grieta.org.mx\/wp-content\/uploads\/2020\/02\/Cucursola-300x169.jpg\" data-large-file=\"http:\/\/www.grieta.org.mx\/wp-content\/uploads\/2020\/02\/Cucursola-1024x576.jpg\" class=\"wp-image-43984\" src=\"http:\/\/www.grieta.org.mx\/wp-content\/uploads\/2020\/02\/Cucursola-1024x576.jpg\" alt=\"\" width=\"800\" height=\"450\" srcset=\"http:\/\/www.grieta.org.mx\/wp-content\/uploads\/2020\/02\/Cucursola-1024x576.jpg 1024w, http:\/\/www.grieta.org.mx\/wp-content\/uploads\/2020\/02\/Cucursola-300x169.jpg 300w, http:\/\/www.grieta.org.mx\/wp-content\/uploads\/2020\/02\/Cucursola-768x432.jpg 768w, http:\/\/www.grieta.org.mx\/wp-content\/uploads\/2020\/02\/Cucursola-889x500.jpg 889w, http:\/\/www.grieta.org.mx\/wp-content\/uploads\/2020\/02\/Cucursola.jpg 1600w\" sizes=\"auto, (max-width: 800px) 100vw, 800px\" \/><figcaption id=\"caption-attachment-43984\" class=\"wp-caption-text\">Confirm\u00f3 que, sin dar aviso a las autoridades, el desarrollador cambi\u00f3 el proyecto.<br \/>Acceso al fraccionamiento residencial. FOTO: POPLAB<\/figcaption><\/figure>\n<p>Confirm\u00f3 que, sin dar aviso a las autoridades, el desarrollador cambi\u00f3 el proyecto.<\/p>\n<p>\u201cCuando yo llegu\u00e9 les dije: \u2018a ver, vengan ac\u00e1. Suspendo las obras (los representantes de la empresa), sacan todo el expediente con validaciones el hotel, y los planos del fraccionamiento sin validar. Nos sentamos a platicar, (me dicen) que ya no le conviene el hotel, se pone sobre la mesa un fraccionamiento\u201d.<br \/>\nJuan Carlos Delgado Z\u00e1rate, director de Medio ambiente y Desarrollo Territorial.<\/p>\n<p>Para cuando la direcci\u00f3n municipal se dio cuenta del cambio, sin aviso de la constructora, ya ten\u00edan al 50 por ciento la construcci\u00f3n de una casa club para el fraccionamiento residencial en la Sierra de Santa Rosa.<\/p>\n<p>PoPLab tiene copia del \u00fanico documento que firm\u00f3 el Comit\u00e9 del Agua de Santa Rosa para ceder l\u00edquido de la Presa Peralillo a Loma de Irapuato para la operaci\u00f3n de un hotel. El documento aparece con la firma de Sergio Fernando Ascencio como administrador. En el Registro P\u00fablico del Comercio la empresa tiene como \u00fanico administrador al diputado federal.<\/p>\n<figure id=\"attachment_43985\" aria-describedby=\"caption-attachment-43985\" style=\"width: 800px\" class=\"wp-caption aligncenter\"><img loading=\"lazy\" decoding=\"async\" data-attachment-id=\"43985\" data-permalink=\"http:\/\/www.grieta.org.mx\/index.php\/2020\/01\/17\/diputado-tala-y-fracciona-el-pulmon-de-guanajuato\/firmas_cucursola\/\" data-orig-file=\"http:\/\/www.grieta.org.mx\/wp-content\/uploads\/2020\/02\/Firmas_Cucursola.jpg\" data-orig-size=\"960,1280\" data-comments-opened=\"0\" data-image-meta=\"{&quot;aperture&quot;:&quot;0&quot;,&quot;credit&quot;:&quot;&quot;,&quot;camera&quot;:&quot;&quot;,&quot;caption&quot;:&quot;&quot;,&quot;created_timestamp&quot;:&quot;0&quot;,&quot;copyright&quot;:&quot;&quot;,&quot;focal_length&quot;:&quot;0&quot;,&quot;iso&quot;:&quot;0&quot;,&quot;shutter_speed&quot;:&quot;0&quot;,&quot;title&quot;:&quot;&quot;,&quot;orientation&quot;:&quot;0&quot;}\" data-image-title=\"Firmas_Cucursola\" data-image-description=\"\" data-image-caption=\"&lt;p&gt;El convenio para ceder agua al fallido hotel viene con la firma del diputado federal .&lt;\/p&gt;\n\" data-medium-file=\"http:\/\/www.grieta.org.mx\/wp-content\/uploads\/2020\/02\/Firmas_Cucursola-225x300.jpg\" data-large-file=\"http:\/\/www.grieta.org.mx\/wp-content\/uploads\/2020\/02\/Firmas_Cucursola-768x1024.jpg\" class=\"wp-image-43985\" src=\"http:\/\/www.grieta.org.mx\/wp-content\/uploads\/2020\/02\/Firmas_Cucursola-768x1024.jpg\" alt=\"\" width=\"800\" height=\"1067\" srcset=\"http:\/\/www.grieta.org.mx\/wp-content\/uploads\/2020\/02\/Firmas_Cucursola-768x1024.jpg 768w, http:\/\/www.grieta.org.mx\/wp-content\/uploads\/2020\/02\/Firmas_Cucursola-225x300.jpg 225w, http:\/\/www.grieta.org.mx\/wp-content\/uploads\/2020\/02\/Firmas_Cucursola-375x500.jpg 375w, http:\/\/www.grieta.org.mx\/wp-content\/uploads\/2020\/02\/Firmas_Cucursola.jpg 960w\" sizes=\"auto, (max-width: 800px) 100vw, 800px\" \/><figcaption id=\"caption-attachment-43985\" class=\"wp-caption-text\">El convenio para ceder agua al fallido hotel viene con la firma del diputado federal .<\/figcaption><\/figure>\n<figure id=\"attachment_43986\" aria-describedby=\"caption-attachment-43986\" style=\"width: 800px\" class=\"wp-caption aligncenter\"><img loading=\"lazy\" decoding=\"async\" data-attachment-id=\"43986\" data-permalink=\"http:\/\/www.grieta.org.mx\/index.php\/2020\/01\/17\/diputado-tala-y-fracciona-el-pulmon-de-guanajuato\/registro_publico_loma_de_irapuato\/\" data-orig-file=\"http:\/\/www.grieta.org.mx\/wp-content\/uploads\/2020\/02\/Registro_Publico_Loma_de_Irapuato.png\" data-orig-size=\"818,624\" data-comments-opened=\"0\" data-image-meta=\"{&quot;aperture&quot;:&quot;0&quot;,&quot;credit&quot;:&quot;&quot;,&quot;camera&quot;:&quot;&quot;,&quot;caption&quot;:&quot;&quot;,&quot;created_timestamp&quot;:&quot;0&quot;,&quot;copyright&quot;:&quot;&quot;,&quot;focal_length&quot;:&quot;0&quot;,&quot;iso&quot;:&quot;0&quot;,&quot;shutter_speed&quot;:&quot;0&quot;,&quot;title&quot;:&quot;&quot;,&quot;orientation&quot;:&quot;0&quot;}\" data-image-title=\"Registro_Publico_Loma_de_Irapuato\" data-image-description=\"\" data-image-caption=\"&lt;p&gt;En el Registro P\u00fablico del Comercio tambi\u00e9n aparece como \u00fanico administrador de la empresa Loma de Irapuato. &lt;\/p&gt;\n\" data-medium-file=\"http:\/\/www.grieta.org.mx\/wp-content\/uploads\/2020\/02\/Registro_Publico_Loma_de_Irapuato-300x229.png\" data-large-file=\"http:\/\/www.grieta.org.mx\/wp-content\/uploads\/2020\/02\/Registro_Publico_Loma_de_Irapuato.png\" class=\"wp-image-43986\" src=\"http:\/\/www.grieta.org.mx\/wp-content\/uploads\/2020\/02\/Registro_Publico_Loma_de_Irapuato.png\" alt=\"\" width=\"800\" height=\"610\" srcset=\"http:\/\/www.grieta.org.mx\/wp-content\/uploads\/2020\/02\/Registro_Publico_Loma_de_Irapuato.png 818w, http:\/\/www.grieta.org.mx\/wp-content\/uploads\/2020\/02\/Registro_Publico_Loma_de_Irapuato-300x229.png 300w, http:\/\/www.grieta.org.mx\/wp-content\/uploads\/2020\/02\/Registro_Publico_Loma_de_Irapuato-768x586.png 768w, http:\/\/www.grieta.org.mx\/wp-content\/uploads\/2020\/02\/Registro_Publico_Loma_de_Irapuato-655x500.png 655w\" sizes=\"auto, (max-width: 800px) 100vw, 800px\" \/><figcaption id=\"caption-attachment-43986\" class=\"wp-caption-text\">En el Registro P\u00fablico del Comercio tambi\u00e9n aparece como \u00fanico administrador de la empresa Loma de Irapuato.<\/figcaption><\/figure>\n<p><strong>Lotes a la venta sin permiso<\/strong><\/p>\n<p>Sin permiso para la venta, la empresa administrada por Ascencio Barba comenz\u00f3 a ofrecer los lotes del fraccionamiento Cucursola.<\/p>\n<p>A pesar de que la comunidad de Santa Rosa est\u00e1 en contra de otorgar agua, panfletos con la difusi\u00f3n de la zona residencial ya est\u00e1n en circulaci\u00f3n.<\/p>\n<p>Sin el permiso del municipio, como lo confirm\u00f3 el propio director de Medio Ambiente y Ordenamiento Territorial, no se podr\u00edan estar vendiendo los terrenos.<\/p>\n<p>\u201cHablar de venta lo veo lejano, hay que hablar de las licencias de urbanizaci\u00f3n\u2026 Formalmente no se puede vender lotes\u201d, declar\u00f3 Juan Carlos Delgado.<\/p>\n<p>En los panfletos donde se ofrecen los terrenos se proporciona la direcci\u00f3n de una p\u00e1gina web para las personas interesadas.<\/p>\n<p>Incluso, en Facebook ha comenzado a circular la oferta de los terrenos. En una publicaci\u00f3n hecha por Ana Isabel Asencio se ofrece el metro cuadrado en 3 mil pesos. De acuerdo con Delgado Z\u00e1rate los lotes no pueden tener menos de mil metros cuadrados; es decir, cada terreno del fraccionamiento residencial costar\u00eda alrededor de 3 millones de pesos.<\/p>\n<p>Los terrenos comenzaron a ofrecerse en redes sociales desde agosto pasado. Sin la factibilidad de las autoridades para el abasto de agua y los permisos de Medio Ambiente y Ordenamiento Territorial.<br \/>\n<strong>Descontento social<\/strong><\/p>\n<p>Habitantes de Santa Rosa reciben agua cada tercer d\u00eda. A pesar de ello, no consideran que tengan problemas con el suministro. Se unieron, sin embargo, por el temor de perder el servicio.<\/p>\n<p>Los pobladores exigen al Comit\u00e9 de Agua no otorgar permisos al nuevo fraccionamiento hasta que se les garantice, con estudios profesionales, que las comunidades tendr\u00e1n abasto de agua en los pr\u00f3ximos 30 a\u00f1os.<\/p>\n<p>Durante la reuni\u00f3n a la que se convoc\u00f3 en Santa Rosa en noviembre, la postura fue clara: no habr\u00e1 agua para el desarrollo habitacional del diputado federal sin los estudios t\u00e9cnicos.<\/p>\n<p>Los pobladores exigieron al Comit\u00e9 de Agua no firmar un nuevo permiso para el empresario irapuatense, sin antes presentar los estudios t\u00e9cnicos.<\/p>\n<figure id=\"attachment_43987\" aria-describedby=\"caption-attachment-43987\" style=\"width: 800px\" class=\"wp-caption aligncenter\"><img loading=\"lazy\" decoding=\"async\" data-attachment-id=\"43987\" data-permalink=\"http:\/\/www.grieta.org.mx\/index.php\/2020\/01\/17\/diputado-tala-y-fracciona-el-pulmon-de-guanajuato\/reunion_en_santa_rosa\/\" data-orig-file=\"http:\/\/www.grieta.org.mx\/wp-content\/uploads\/2020\/02\/Reunion_en_Santa_Rosa.jpg\" data-orig-size=\"1280,960\" data-comments-opened=\"0\" data-image-meta=\"{&quot;aperture&quot;:&quot;0&quot;,&quot;credit&quot;:&quot;&quot;,&quot;camera&quot;:&quot;&quot;,&quot;caption&quot;:&quot;&quot;,&quot;created_timestamp&quot;:&quot;0&quot;,&quot;copyright&quot;:&quot;&quot;,&quot;focal_length&quot;:&quot;0&quot;,&quot;iso&quot;:&quot;0&quot;,&quot;shutter_speed&quot;:&quot;0&quot;,&quot;title&quot;:&quot;&quot;,&quot;orientation&quot;:&quot;0&quot;}\" data-image-title=\"Reunion_en_Santa_Rosa\" data-image-description=\"\" data-image-caption=\"&lt;p&gt;En la \u00faltima semana de noviembre habitantes de la zona se reunieron con la delegada y el Comit\u00e9 del Agua, acordaron no ceder el l\u00edquido al fraccionamiento del diputado panista. &lt;\/p&gt;\n\" data-medium-file=\"http:\/\/www.grieta.org.mx\/wp-content\/uploads\/2020\/02\/Reunion_en_Santa_Rosa-300x225.jpg\" data-large-file=\"http:\/\/www.grieta.org.mx\/wp-content\/uploads\/2020\/02\/Reunion_en_Santa_Rosa-1024x768.jpg\" class=\"wp-image-43987\" src=\"http:\/\/www.grieta.org.mx\/wp-content\/uploads\/2020\/02\/Reunion_en_Santa_Rosa-1024x768.jpg\" alt=\"\" width=\"800\" height=\"600\" srcset=\"http:\/\/www.grieta.org.mx\/wp-content\/uploads\/2020\/02\/Reunion_en_Santa_Rosa-1024x768.jpg 1024w, http:\/\/www.grieta.org.mx\/wp-content\/uploads\/2020\/02\/Reunion_en_Santa_Rosa-300x225.jpg 300w, http:\/\/www.grieta.org.mx\/wp-content\/uploads\/2020\/02\/Reunion_en_Santa_Rosa-768x576.jpg 768w, http:\/\/www.grieta.org.mx\/wp-content\/uploads\/2020\/02\/Reunion_en_Santa_Rosa-667x500.jpg 667w, http:\/\/www.grieta.org.mx\/wp-content\/uploads\/2020\/02\/Reunion_en_Santa_Rosa.jpg 1280w\" sizes=\"auto, (max-width: 800px) 100vw, 800px\" \/><figcaption id=\"caption-attachment-43987\" class=\"wp-caption-text\">En la \u00faltima semana de noviembre habitantes de la zona se reunieron con la delegada y el Comit\u00e9 del Agua, acordaron no ceder el l\u00edquido al fraccionamiento del diputado panista.<\/figcaption><\/figure>\n<p>El cambio de proyecto, de hotel a fraccionamiento, dej\u00f3 sin efecto el permiso que hab\u00eda dado el Comit\u00e9 de Agua, expuso Francisco Granados, presidente del Comit\u00e9 en Santa Rosa.<\/p>\n<p>Confirm\u00f3 que los representantes de la empresa los volvieron a buscar para que les firmaran un nuevo documento. Pero ante la inconformidad de los habitantes, asegur\u00f3 que no permitir\u00e1n que se extraiga agua de Peralillo para el fraccionamiento residencial.<\/p>\n<p>\u201cNos buscaron porque quer\u00edan la firma del nuevo documento\u2026 Esperan que les demos la firma, no les podemos dar nada\u201d,<\/p>\n<p>Aunque el compromiso del Comit\u00e9 para no dar una nueva autorizaci\u00f3n se hizo frente a la comunidad, Francisco Granados coment\u00f3 que fue el exdirector del Simapag, Jos\u00e9 Lara Lona, el que les dijo que \u201cla presa s\u00ed daba\u201d para compartir el l\u00edquido con el nuevo desarrollo.<\/p>\n<p>\u201cA nosotros no nos pueden obligar (a dar el agua de la presa Peralillo) porque cambiaron el proyecto\u201d.<\/p>\n<p>El presidente del Comit\u00e9 del Agua coment\u00f3 que uno de los compromisos que hizo la empresa Loma de Irapuato, a cambio del permiso para extraer agua, fue la colocaci\u00f3n de un tanque elevado para hacer m\u00e1s eficiente el suministro en la comunidad; sin embargo, ese tanque elevado se coloc\u00f3 en el nuevo fraccionamiento.<\/p>\n<figure id=\"attachment_43988\" aria-describedby=\"caption-attachment-43988\" style=\"width: 800px\" class=\"wp-caption aligncenter\"><img loading=\"lazy\" decoding=\"async\" data-attachment-id=\"43988\" data-permalink=\"http:\/\/www.grieta.org.mx\/index.php\/2020\/01\/17\/diputado-tala-y-fracciona-el-pulmon-de-guanajuato\/peralillo_2\/\" data-orig-file=\"http:\/\/www.grieta.org.mx\/wp-content\/uploads\/2020\/02\/Peralillo_2.jpg\" data-orig-size=\"1600,898\" data-comments-opened=\"0\" data-image-meta=\"{&quot;aperture&quot;:&quot;0&quot;,&quot;credit&quot;:&quot;&quot;,&quot;camera&quot;:&quot;&quot;,&quot;caption&quot;:&quot;&quot;,&quot;created_timestamp&quot;:&quot;0&quot;,&quot;copyright&quot;:&quot;&quot;,&quot;focal_length&quot;:&quot;0&quot;,&quot;iso&quot;:&quot;0&quot;,&quot;shutter_speed&quot;:&quot;0&quot;,&quot;title&quot;:&quot;&quot;,&quot;orientation&quot;:&quot;0&quot;}\" data-image-title=\"Peralillo_2\" data-image-description=\"\" data-image-caption=\"&lt;p&gt;Presa de Peralillo. Fotograf\u00eda de Juan Jos\u00e9 Plascencia.&lt;\/p&gt;\n\" data-medium-file=\"http:\/\/www.grieta.org.mx\/wp-content\/uploads\/2020\/02\/Peralillo_2-300x168.jpg\" data-large-file=\"http:\/\/www.grieta.org.mx\/wp-content\/uploads\/2020\/02\/Peralillo_2-1024x575.jpg\" class=\"wp-image-43988\" src=\"http:\/\/www.grieta.org.mx\/wp-content\/uploads\/2020\/02\/Peralillo_2-1024x575.jpg\" alt=\"\" width=\"800\" height=\"449\" srcset=\"http:\/\/www.grieta.org.mx\/wp-content\/uploads\/2020\/02\/Peralillo_2-1024x575.jpg 1024w, http:\/\/www.grieta.org.mx\/wp-content\/uploads\/2020\/02\/Peralillo_2-300x168.jpg 300w, http:\/\/www.grieta.org.mx\/wp-content\/uploads\/2020\/02\/Peralillo_2-768x431.jpg 768w, http:\/\/www.grieta.org.mx\/wp-content\/uploads\/2020\/02\/Peralillo_2-891x500.jpg 891w, http:\/\/www.grieta.org.mx\/wp-content\/uploads\/2020\/02\/Peralillo_2.jpg 1600w\" sizes=\"auto, (max-width: 800px) 100vw, 800px\" \/><figcaption id=\"caption-attachment-43988\" class=\"wp-caption-text\">Presa de Peralillo. Fotograf\u00eda de Juan Jos\u00e9 Plascencia.<\/figcaption><\/figure>\n<p><strong>Navarro ignora solicitud para intervenir<\/strong><\/p>\n<p>Del conflicto que se agudiz\u00f3 en las \u00faltimas semanas del 2019 tuvo conocimiento el gobierno de Alejandro Navarro. La delegada de Santa Rosa, Blanca Ang\u00e9lica Cabrera present\u00f3 un escrito en la presidencia municipal donde le pide al panista intervenir.<\/p>\n<p>El Sistema Municipal de Agua Potable y Alcantarillado de Guanajuato pidi\u00f3 a Cabrera no intervenir porque era un asunto que deber\u00eda de tratar el Comit\u00e9 local que preside Francisco Granados.<\/p>\n<p>Despu\u00e9s de m\u00e1s de dos meses de que la delegada present\u00f3 el documento en el que se le pide frenar el atentado contra la Sierra de Santa Rosa, Alejandro Navarro no ha respondido.<\/p>\n<p>El documento presentado ante la oficina de Alejandro Navarro no ha tenido respuesta despu\u00e9s de casi dos meses.<\/p>\n<p>\u201cDesconocemos la existencia de estudios serios y t\u00e9cnicos que garanticen a las comunidades que dependemos de la Presa del Peralillo no nos vamos a ver amenazados por el abasto de agua\u201d, coment\u00f3 la delegada de Santa Rosa.<\/p>\n<p>\u201cDependemos totalmente de la presa de Peralillo. Es muy importante (advertir) que por un fraccionamiento nos vayamos a quedar sin agua, vamos a estar comprando pipas para mantenernos\u201d.<\/p>\n<p>En el documento que tiene el sello de recibido en la presidencia municipal se le expone a Navarro la resistencia de la empresa de presentar a la delegada los estudios de impacto ambiental, permisos de construcci\u00f3n y el cambio de uso de suelo.<\/p>\n<p>\u201cEstamos hablando de cuidar el medio ambiente, que somos responsables de todo lo que est\u00e1 sucediendo con la contaminaci\u00f3n, pero el gobierno no se est\u00e1 dando cuenta que con los permisos que se est\u00e1n otorgando todo lo que est\u00e1 ocasionando, estamos tumbando el pulm\u00f3n de Guanajuato\u201d.<\/p>\n<p><strong>Fraccionamiento duplica el uso de agua<\/strong><\/p>\n<p>Con el aval del Simapag, ahora la empresa de Sergio Fernando Ascencio Barba pretende obtener 1 mil 800 metros c\u00fabicos de agua mensuales para el fraccionamiento, 1 mil 200 metros c\u00fabicos m\u00e1s que lo solicitado para el hotel.<\/p>\n<p>Mario Ortega Rodr\u00edguez, director del Simapag, confirm\u00f3 que en el estudio que present\u00f3 Loma de Irapuato al Simpag se plantea que para el proyecto de 51 lotes se necesitan 0.71 metros c\u00fabicos por segundo, lo que se traduce en alrededor de 1 mil 800 metros c\u00fabicos al mes.<\/p>\n<p>La presa est\u00e1 inmersa en la Sierra de Santa Rosa<\/p>\n<p>A pesar de que el Simapag no tiene la atribuci\u00f3n de otorgar el agua al desarrollador en Santa Rosa porque la comunidad tiene su propio Comit\u00e9 de Agua, entre las funciones que tiene el organismo operador del agua est\u00e1 revisar y validar los proyectos de inmobiliarias.<\/p>\n<p>Mario Ortega confirm\u00f3 que el 18 de diciembre de 2019 se otorg\u00f3 la viabilidad para extraer agua para el fraccionamiento residencial.<\/p>\n<p>A cambio de la validaci\u00f3n, Simapag pidi\u00f3 al desarrollador infraestructura que consiste en la colocaci\u00f3n de dos tanques elevados, uno en la comunidad y otro en el fraccionamiento, adem\u00e1s de una planta potabilizadora.<\/p>\n<p>\u201cLo que el desarrollador solicita es un proyecto validado, nosotros no otorgamos el servicio (de suministro de agua en Santa Rosa), damos una factibilidad. Lo que hacemos es la revisi\u00f3n t\u00e9cnica, entre los requisitos indispensables para el desarrollo est\u00e1 que no se afecte la fuente de abastecimiento (Presa del Peralillo)\u201d.<\/p>\n<p>El director del Simapag dijo que la validaci\u00f3n se dio porque la presa alcanza a abastecer las comunidades de la Sierra y para el fraccionamiento residencial. Sin embargo, no supo cu\u00e1ntos metros c\u00fabicos consumen los habitantes de la zona.<\/p>\n<p><a href=\"https:\/\/poplab.mx\/article\/DiputadopanistatalayfraccionapredioenSantaRosaconcomplicidaddelmunicipioySimapag\">https:\/\/poplab.mx\/article\/DiputadopanistatalayfraccionapredioenSantaRosaconcomplicidaddelmunicipioySimapag<\/a><\/p>\n","protected":false},"excerpt":{"rendered":"<p>&nbsp; El diputado panista Fernando Ascencio Barba fraccion\u00f3 sin los permisos correspondientes la Sierra de Santa Rosa, considerado el pulm\u00f3n en Guanajuato. Sin contar con las autorizaciones, las residencias ya &hellip; <a href=\"http:\/\/www.grieta.org.mx\/index.php\/2020\/01\/17\/diputado-tala-y-fracciona-el-pulmon-de-guanajuato\/\" class=\"more-link\">Leer m\u00e1s<\/a><\/p>\n","protected":false},"author":2,"featured_media":43978,"comment_status":"closed","ping_status":"closed","sticky":false,"template":"","format":"standard","meta":{"ngg_post_thumbnail":0,"_jetpack_newsletter_access":"","_jetpack_dont_email_post_to_subs":false,"_jetpack_newsletter_tier_id":0,"_jetpack_memberships_contains_paywalled_content":false,"_jetpack_memberships_contains_paid_content":false,"footnotes":""},"categories":[80,1066,2803,1776,2746,17,2689,2690,2910],"tags":[1065,1178],"class_list":["post-43977","post","type-post","status-publish","format-standard","has-post-thumbnail","hentry","category-cintillo","category-contaminacion-ambiental-en-guanajuato","category-crisis-del-agua-en-guanajuato","category-despojo-de-tierras-y-territorio-en-guanajuato","category-destruccion-de-la-naturaleza-en-guanajuato","category-guanajuato","category-privatizacion-del-agua-en-guanajuato","category-resistencias","category-resistencias-en-guanajuato","tag-despojo-de-agua-y-tierras","tag-destruccion-de-la-naturaleza","entry"],"jetpack_featured_media_url":"http:\/\/www.grieta.org.mx\/wp-content\/uploads\/2020\/02\/Sierra_1.jpeg","jetpack_sharing_enabled":true,"jetpack_shortlink":"https:\/\/wp.me\/p7ZJR4-brj","jetpack_likes_enabled":false,"jetpack-related-posts":[{"id":37311,"url":"http:\/\/www.grieta.org.mx\/index.php\/2019\/07\/17\/la-cuenca-de-la-independencia-amenazada-por-proyecto-minero-guanajuato\/","url_meta":{"origin":43977,"position":0},"title":"La Cuenca de la Independencia amenazada por proyecto minero (Guanajuato)","author":"grieta","date":"17 julio, 2019","format":false,"excerpt":"Se contaminar\u00eda el acu\u00edfero que surte a municipios como Dolores Hidalgo y San Miguel de Allende. \u00a0 Redacci\u00f3n La Coperacha Ciudad de M\u00e9xico \/\/ 17 de julio de 2019 a Coalici\u00f3n en Defensa de la Cuenca de la Independencia y el colectivo Guardianes de la Cuenca, advirtieron que el proyecto\u2026","rel":"","context":"En &quot;CINTILLO&quot;","block_context":{"text":"CINTILLO","link":"http:\/\/www.grieta.org.mx\/index.php\/category\/cintillo\/"},"img":{"alt_text":"","src":"https:\/\/i0.wp.com\/www.grieta.org.mx\/wp-content\/uploads\/2019\/08\/cuenca-independencia-amenazada-proyecto-minero.jpg?resize=350%2C200","width":350,"height":200,"srcset":"https:\/\/i0.wp.com\/www.grieta.org.mx\/wp-content\/uploads\/2019\/08\/cuenca-independencia-amenazada-proyecto-minero.jpg?resize=350%2C200 1x, https:\/\/i0.wp.com\/www.grieta.org.mx\/wp-content\/uploads\/2019\/08\/cuenca-independencia-amenazada-proyecto-minero.jpg?resize=525%2C300 1.5x, https:\/\/i0.wp.com\/www.grieta.org.mx\/wp-content\/uploads\/2019\/08\/cuenca-independencia-amenazada-proyecto-minero.jpg?resize=700%2C400 2x, https:\/\/i0.wp.com\/www.grieta.org.mx\/wp-content\/uploads\/2019\/08\/cuenca-independencia-amenazada-proyecto-minero.jpg?resize=1050%2C600 3x"},"classes":[]},{"id":41518,"url":"http:\/\/www.grieta.org.mx\/index.php\/2019\/11\/21\/preparan-conversatorio-en-dolores-hidalgo-agua-y-mineria-guanajuato\/","url_meta":{"origin":43977,"position":1},"title":"Preparan conversatorio en Dolores Hidalgo \u201cAgua y Miner\u00eda\u201d (Guanajuato)","author":"grieta","date":"21 noviembre, 2019","format":false,"excerpt":"La Coalici\u00f3n en Defensa de la Cuenca de la Independencia CODECIN, Centro de Desarrollo Agropecuario A.C. CEDESA y el Colectivo Guardianes de la Cuenca convocan al conversatorio \u201cAgua y Miner\u00eda\u201d este s\u00e1bado 23 de Noviembre en el museo Bicentenario. Zona Franca, 21 de noviembre de 2019 Dolores Hidalgo Gto. Activistas\u2026","rel":"","context":"En &quot;CINTILLO&quot;","block_context":{"text":"CINTILLO","link":"http:\/\/www.grieta.org.mx\/index.php\/category\/cintillo\/"},"img":{"alt_text":"","src":"https:\/\/i0.wp.com\/www.grieta.org.mx\/wp-content\/uploads\/2019\/11\/h0.jpeg?resize=350%2C200","width":350,"height":200,"srcset":"https:\/\/i0.wp.com\/www.grieta.org.mx\/wp-content\/uploads\/2019\/11\/h0.jpeg?resize=350%2C200 1x, https:\/\/i0.wp.com\/www.grieta.org.mx\/wp-content\/uploads\/2019\/11\/h0.jpeg?resize=525%2C300 1.5x, https:\/\/i0.wp.com\/www.grieta.org.mx\/wp-content\/uploads\/2019\/11\/h0.jpeg?resize=700%2C400 2x"},"classes":[]},{"id":41521,"url":"http:\/\/www.grieta.org.mx\/index.php\/2019\/11\/24\/advierten-crisis-hidrica-en-dolores-hidalgo-si-se-explota-mina-en-el-cerro-del-gallo-guanajuato\/","url_meta":{"origin":43977,"position":2},"title":"Advierten crisis h\u00eddrica en Dolores Hidalgo si se explota mina en el Cerro del Gallo (Guanajuato","author":"grieta","date":"24 noviembre, 2019","format":false,"excerpt":"En el conversatorio \u201cAgua y miner\u00eda\u201d realizado la tarde de este s\u00e1bado en el Museo Bicentenario, se habl\u00f3 sobre el problema existente del agua en la Cuenca de la Independencia, as\u00ed como aun la gran afectaci\u00f3n que sufrir\u00edan los pobladores si se llega a implementar la explotaci\u00f3n de la mina\u2026","rel":"","context":"En &quot;CINTILLO&quot;","block_context":{"text":"CINTILLO","link":"http:\/\/www.grieta.org.mx\/index.php\/category\/cintillo\/"},"img":{"alt_text":"","src":"https:\/\/i0.wp.com\/www.grieta.org.mx\/wp-content\/uploads\/2019\/11\/cerritodelgallo2-focus-0-0-983-557.jpg?resize=350%2C200","width":350,"height":200,"srcset":"https:\/\/i0.wp.com\/www.grieta.org.mx\/wp-content\/uploads\/2019\/11\/cerritodelgallo2-focus-0-0-983-557.jpg?resize=350%2C200 1x, https:\/\/i0.wp.com\/www.grieta.org.mx\/wp-content\/uploads\/2019\/11\/cerritodelgallo2-focus-0-0-983-557.jpg?resize=525%2C300 1.5x, https:\/\/i0.wp.com\/www.grieta.org.mx\/wp-content\/uploads\/2019\/11\/cerritodelgallo2-focus-0-0-983-557.jpg?resize=700%2C400 2x"},"classes":[]},{"id":37783,"url":"http:\/\/www.grieta.org.mx\/index.php\/2019\/08\/09\/guanajuato-se-acerca-al-dia-cero-por-crisis-de-agua\/","url_meta":{"origin":43977,"position":3},"title":"Guanajuato se acerca al \u201cD\u00eda Cero\u201d por crisis de agua","author":"grieta","date":"9 agosto, 2019","format":false,"excerpt":"Seg\u00fan datos del Instituto de Recursos Mundiales, el peligro de quedarse sin agua es m\u00e1s latente en M\u00e9xico . A nivel global, la naci\u00f3n est\u00e1 en el nivel de \u2018alto estr\u00e9s h\u00eddrico\u2019. Por: Francisco Mancera \/ AM Le\u00f3n Guanajuato, 09 de Agosto de 2019 Celaya.- Guanajuato es el segundo estado\u2026","rel":"","context":"En &quot;CINTILLO&quot;","block_context":{"text":"CINTILLO","link":"http:\/\/www.grieta.org.mx\/index.php\/category\/cintillo\/"},"img":{"alt_text":"","src":"https:\/\/i0.wp.com\/www.grieta.org.mx\/wp-content\/uploads\/2019\/08\/guanajuato-dia-cero-crisis-agua.jpg_851672003.jpg?resize=350%2C200","width":350,"height":200,"srcset":"https:\/\/i0.wp.com\/www.grieta.org.mx\/wp-content\/uploads\/2019\/08\/guanajuato-dia-cero-crisis-agua.jpg_851672003.jpg?resize=350%2C200 1x, https:\/\/i0.wp.com\/www.grieta.org.mx\/wp-content\/uploads\/2019\/08\/guanajuato-dia-cero-crisis-agua.jpg_851672003.jpg?resize=525%2C300 1.5x, https:\/\/i0.wp.com\/www.grieta.org.mx\/wp-content\/uploads\/2019\/08\/guanajuato-dia-cero-crisis-agua.jpg_851672003.jpg?resize=700%2C400 2x"},"classes":[]},{"id":40403,"url":"http:\/\/www.grieta.org.mx\/index.php\/2019\/10\/14\/defensores-de-los-arboles-en-san-miguel-de-allende-guanajuato-son-detenidos-con-violencia-denuncian\/","url_meta":{"origin":43977,"position":4},"title":"Defensores de los \u00e1rboles en San Miguel de Allende, Guanajuato, son detenidos con violencia, denuncian","author":"grieta","date":"14 octubre, 2019","format":false,"excerpt":"Por Redacci\u00f3n \/ Sin Embargo, 14 de octubre de 2019 Activistas del colectivo \u201cSalvemos 41 \u00e1rboles\u201d manten\u00edan una manifestaci\u00f3n pac\u00edfica desde el pasado 8 de octubre en la cual abrazaron los \u00e1rboles de la avenida Guadalupe en San Miguel de Allende, Guanajuato, con el fin de evitar de que fueran\u2026","rel":"","context":"En &quot;CINTILLO&quot;","block_context":{"text":"CINTILLO","link":"http:\/\/www.grieta.org.mx\/index.php\/category\/cintillo\/"},"img":{"alt_text":"","src":"https:\/\/i0.wp.com\/www.grieta.org.mx\/wp-content\/uploads\/2019\/10\/captura-de-pantalla-2019-10-14-a-las-10-50-20.png?resize=350%2C200","width":350,"height":200,"srcset":"https:\/\/i0.wp.com\/www.grieta.org.mx\/wp-content\/uploads\/2019\/10\/captura-de-pantalla-2019-10-14-a-las-10-50-20.png?resize=350%2C200 1x, https:\/\/i0.wp.com\/www.grieta.org.mx\/wp-content\/uploads\/2019\/10\/captura-de-pantalla-2019-10-14-a-las-10-50-20.png?resize=525%2C300 1.5x, https:\/\/i0.wp.com\/www.grieta.org.mx\/wp-content\/uploads\/2019\/10\/captura-de-pantalla-2019-10-14-a-las-10-50-20.png?resize=700%2C400 2x, https:\/\/i0.wp.com\/www.grieta.org.mx\/wp-content\/uploads\/2019\/10\/captura-de-pantalla-2019-10-14-a-las-10-50-20.png?resize=1050%2C600 3x"},"classes":[]},{"id":37306,"url":"http:\/\/www.grieta.org.mx\/index.php\/2019\/07\/22\/comunidades-de-guanajuato-se-movilizan-contra-minera-argonauta-gold\/","url_meta":{"origin":43977,"position":5},"title":"Comunidades de Guanajuato se movilizan contra minera Argonauta Gold","author":"grieta","date":"22 julio, 2019","format":false,"excerpt":"En el D\u00eda Mundial Contra la Miner\u00eda a Cielo Abierto rechazan el ecocidio que provocar\u00eda en la Cuenca de la Independencia. Redacci\u00f3n La Coperacha Ciudad de M\u00e9xico \/\/ 22 de julio de 2019 Cerca de dos mil personas provenientes de comunidades de la Cuenca de la Independencia, Guanajuato, se movilizaron\u2026","rel":"","context":"En &quot;CINTILLO&quot;","block_context":{"text":"CINTILLO","link":"http:\/\/www.grieta.org.mx\/index.php\/category\/cintillo\/"},"img":{"alt_text":"","src":"https:\/\/i0.wp.com\/www.grieta.org.mx\/wp-content\/uploads\/2019\/08\/Dolores-Hidalgo-mina-cielo-abierto-01.jpg?resize=350%2C200","width":350,"height":200,"srcset":"https:\/\/i0.wp.com\/www.grieta.org.mx\/wp-content\/uploads\/2019\/08\/Dolores-Hidalgo-mina-cielo-abierto-01.jpg?resize=350%2C200 1x, https:\/\/i0.wp.com\/www.grieta.org.mx\/wp-content\/uploads\/2019\/08\/Dolores-Hidalgo-mina-cielo-abierto-01.jpg?resize=525%2C300 1.5x, https:\/\/i0.wp.com\/www.grieta.org.mx\/wp-content\/uploads\/2019\/08\/Dolores-Hidalgo-mina-cielo-abierto-01.jpg?resize=700%2C400 2x, https:\/\/i0.wp.com\/www.grieta.org.mx\/wp-content\/uploads\/2019\/08\/Dolores-Hidalgo-mina-cielo-abierto-01.jpg?resize=1050%2C600 3x"},"classes":[]}],"_links":{"self":[{"href":"http:\/\/www.grieta.org.mx\/index.php\/wp-json\/wp\/v2\/posts\/43977","targetHints":{"allow":["GET"]}}],"collection":[{"href":"http:\/\/www.grieta.org.mx\/index.php\/wp-json\/wp\/v2\/posts"}],"about":[{"href":"http:\/\/www.grieta.org.mx\/index.php\/wp-json\/wp\/v2\/types\/post"}],"author":[{"embeddable":true,"href":"http:\/\/www.grieta.org.mx\/index.php\/wp-json\/wp\/v2\/users\/2"}],"replies":[{"embeddable":true,"href":"http:\/\/www.grieta.org.mx\/index.php\/wp-json\/wp\/v2\/comments?post=43977"}],"version-history":[{"count":1,"href":"http:\/\/www.grieta.org.mx\/index.php\/wp-json\/wp\/v2\/posts\/43977\/revisions"}],"predecessor-version":[{"id":43989,"href":"http:\/\/www.grieta.org.mx\/index.php\/wp-json\/wp\/v2\/posts\/43977\/revisions\/43989"}],"wp:featuredmedia":[{"embeddable":true,"href":"http:\/\/www.grieta.org.mx\/index.php\/wp-json\/wp\/v2\/media\/43978"}],"wp:attachment":[{"href":"http:\/\/www.grieta.org.mx\/index.php\/wp-json\/wp\/v2\/media?parent=43977"}],"wp:term":[{"taxonomy":"category","embeddable":true,"href":"http:\/\/www.grieta.org.mx\/index.php\/wp-json\/wp\/v2\/categories?post=43977"},{"taxonomy":"post_tag","embeddable":true,"href":"http:\/\/www.grieta.org.mx\/index.php\/wp-json\/wp\/v2\/tags?post=43977"}],"curies":[{"name":"wp","href":"https:\/\/api.w.org\/{rel}","templated":true}]}}