{"id":4396,"date":"2015-03-22T01:05:03","date_gmt":"2015-03-22T01:05:03","guid":{"rendered":"http:\/\/50.22.11.12\/~grietaor\/?p=4396"},"modified":"2016-03-23T01:07:52","modified_gmt":"2016-03-23T01:07:52","slug":"realizan-manifestacion-en-la-macroplaza","status":"publish","type":"post","link":"http:\/\/www.grieta.org.mx\/index.php\/2015\/03\/22\/realizan-manifestacion-en-la-macroplaza\/","title":{"rendered":"Realizan manifestaci\u00f3n en la Macroplaza"},"content":{"rendered":"<p>El Horizonte<\/p>\n<p>Por: Rodolfo Garc\u00eda<\/p>\n<p>El Horizonte \u2013 Activistas sociales y movimientos afines a ideolog\u00edas comunistas conminaron a la poblaci\u00f3n a no participar en las elecciones del 7 de julio.<\/p>\n<p>Luego de realizar una marcha por las calles del centro de Monterrey, el contingente de entre 200 a 300 personas realizaron un mitin en la Explanada de los H\u00e9roes en la Macroplaza.<\/p>\n<p>El movimiento inici\u00f3 en la Alameda Mariano Escobedo por la calle Pino Su\u00e1rez hasta la avenida Ocampo al sur, el contingente continu\u00f3 hasta Ju\u00e1rez y despu\u00e9s prosigui\u00f3 por Juan Ignacio Ram\u00f3n al oriente hasta llegar a la Explanada de los H\u00e9roes frente al Palacio de Gobierno.<\/p>\n<p>Durante las ponencias representantes de los diversos grupos que participaron en la protesta se\u00f1alaron que la sociedad se encuentra hastiada de la clase pol\u00edtica y de las simulaciones por lo que llamaron a la poblaci\u00f3n a no ser participe del proceso electoral en puerta.<\/p>\n<p>Los integrantes de la Coordinadora Nacional de Trabajadores de la Educaci\u00f3n (CNTE) exhortaron a los dem\u00e1s agrupaciones sociales a participar en una clausura simb\u00f3lica del Instituto Nacional Electoral, el pr\u00f3ximo 26 de marzo.<\/p>\n<p>\u201cCada seis a\u00f1os nos invitan a votar en las elecciones, en las que ellos siempre ganan, PRI o PAN, y los partidos paleros se ponen de acuerdo, solo recordemos el Pacto por M\u00e9xico, es por eso que los invitamos a no olvidar a los estudiantes de Ayotzinapan? Hoy convocamos para el 26 marzo a tomar todos los institutos electorales, para boicotear las elecciones, porque con las elecciones no vamos a solucionar nuestros problemas\u201d, puntualiz\u00f3 uno de los representantes del CNTE.<\/p>\n<p>Durante la jornada de ayer l\u00edderes de las agrupaciones, Congreso Nacional Ciudadano, Frente Ambientalista, Fuerzas Unidas por Nuestros Desaparecidos en Nuevo Le\u00f3n (Fundenl), Asamblea Estudiantil de la UANL, J\u00f3venes Comunistas, \u00danete Pueblo, Deudos del Casino Royale, afectados por el derrame de petr\u00f3leo en el R\u00edo San Juan, entre otros, convocaron a una marcha protesta en contra del proyecto hidr\u00e1ulico Monterrey VI.<\/p>\n<p>Sin embargo, los discursos se tornaron hacia el rechazo de la clase pol\u00edtica en general, por lo que el llamado fue a no participar en las elecciones venideras.<\/p>\n<p>Por su parte el sacerdote cat\u00f3lico, de la comunidad parroquial de Nuestra Se\u00f1ora de la Merced, en San Juan Cadereyta, Jos\u00e9 Manuel Guerrero Noyola exigi\u00f3 a las autoridades atender el desastre ecol\u00f3gico suscitado a mediados del 2014 en el r\u00edo San Juan, por una fuga de petr\u00f3leo.<\/p>\n<p>De igual forma conmin\u00f3 a la poblaci\u00f3n a no participar en las elecciones, lo cual rompe totalmente con el mensaje enviado en las \u00faltimas semanas por el arzobispo de Monterrey Rogelio Cabrera.<\/p>\n<p>\u201cHasta el d\u00eda de hoy el agua tiene mal color, mal olor y mal sabor, la tierra no esta cultivable, todav\u00eda no se les da una justa indemnizaci\u00f3n a los campesinos, por que la afectaci\u00f3n fue de cinco a 10 a\u00f1os.<\/p>\n<p>\u201cLa maldad de los pol\u00edticos es tanta que un regidor pri\u00edstas y otros m\u00e1s, est\u00e1n quit\u00e1ndole sus tierras a 13 mujeres campesinas? hay una complicidad por parte de las autoridades y de los pol\u00edticos, por ello yo quiero decir que estas masas de miseria son un antisigno, un claro ejemplo de que quienes nos gobiernan son criminales\u201d, recalc\u00f3 Guerrero Noyola.<\/p>\n<p><a href=\"http:\/\/elhorizonte.mx\/a\/noticia\/562145\" target=\"_blank\">elhorizonte.mx\/a\/noticia\/562145 <\/a><\/p>\n","protected":false},"excerpt":{"rendered":"<p>El Horizonte Por: Rodolfo Garc\u00eda El Horizonte \u2013 Activistas sociales y movimientos afines a ideolog\u00edas comunistas conminaron a la poblaci\u00f3n a no participar en las elecciones del 7 de julio. &hellip; <a href=\"http:\/\/www.grieta.org.mx\/index.php\/2015\/03\/22\/realizan-manifestacion-en-la-macroplaza\/\" class=\"more-link\">Leer m\u00e1s<\/a><\/p>\n","protected":false},"author":2,"featured_media":21928,"comment_status":"closed","ping_status":"open","sticky":false,"template":"","format":"standard","meta":{"ngg_post_thumbnail":0,"_jetpack_newsletter_access":"","_jetpack_dont_email_post_to_subs":false,"_jetpack_newsletter_tier_id":0,"_jetpack_memberships_contains_paywalled_content":false,"_jetpack_memberships_contains_paid_content":false,"footnotes":""},"categories":[80,202],"tags":[134],"class_list":["post-4396","post","type-post","status-publish","format-standard","has-post-thumbnail","hentry","category-cintillo","category-nuevo-leon","tag-cnte","entry"],"jetpack_featured_media_url":"http:\/\/www.grieta.org.mx\/wp-content\/uploads\/2018\/03\/14524434_1106112876131411_958039263622046936_o.jpg","jetpack_sharing_enabled":true,"jetpack_shortlink":"https:\/\/wp.me\/p7ZJR4-18U","jetpack_likes_enabled":false,"jetpack-related-posts":[{"id":16087,"url":"http:\/\/www.grieta.org.mx\/index.php\/2016\/07\/07\/estado-delimita-marcha-maestros-rompen-cercos-nl\/","url_meta":{"origin":4396,"position":0},"title":"Estado delimita marcha; maestros rompen cercos (NL)","author":"grieta","date":"7 julio, 2016","format":false,"excerpt":"Con informaci\u00f3n de Eduardo Mendieta y Orlando Maldonado. Los docentes se enfrentaron con elementos de Fuerza Civil para poder tomar la avenida Constituci\u00f3n y cruzar sobre un puente peatonal hasta Morones Prieto. Tras una concentraci\u00f3n desorganizada entre varios grupos de maestros, la marcha arranc\u00f3 desde la Explanada de los H\u00e9roes,\u2026","rel":"","context":"En &quot;CINTILLO&quot;","block_context":{"text":"CINTILLO","link":"http:\/\/www.grieta.org.mx\/index.php\/category\/cintillo\/"},"img":{"alt_text":"","src":"https:\/\/i0.wp.com\/www.grieta.org.mx\/wp-content\/uploads\/2018\/03\/14524434_1106112876131411_958039263622046936_o.jpg?resize=350%2C200","width":350,"height":200,"srcset":"https:\/\/i0.wp.com\/www.grieta.org.mx\/wp-content\/uploads\/2018\/03\/14524434_1106112876131411_958039263622046936_o.jpg?resize=350%2C200 1x, https:\/\/i0.wp.com\/www.grieta.org.mx\/wp-content\/uploads\/2018\/03\/14524434_1106112876131411_958039263622046936_o.jpg?resize=525%2C300 1.5x, https:\/\/i0.wp.com\/www.grieta.org.mx\/wp-content\/uploads\/2018\/03\/14524434_1106112876131411_958039263622046936_o.jpg?resize=700%2C400 2x"},"classes":[]},{"id":4397,"url":"http:\/\/www.grieta.org.mx\/index.php\/2015\/03\/23\/marcha-de-todas-las-indignaciones\/","url_meta":{"origin":4396,"position":1},"title":"Marcha de todas las indignaciones","author":"grieta","date":"23 marzo, 2015","format":false,"excerpt":"22\/03\/15. Realizan manifestaci\u00f3n en la Macroplaza El horizonte 22\/03\/15. \u201cMarcha de todas las indignaciones\u201d recorre las calles de Monterrey Sin Embargo","rel":"","context":"En &quot;NOTICIAS NACIONALES&quot;","block_context":{"text":"NOTICIAS NACIONALES","link":"http:\/\/www.grieta.org.mx\/index.php\/category\/noticias-nacionales\/"},"img":{"alt_text":"","src":"https:\/\/i0.wp.com\/www.grieta.org.mx\/wp-content\/uploads\/2018\/03\/14524434_1106112876131411_958039263622046936_o.jpg?resize=350%2C200","width":350,"height":200,"srcset":"https:\/\/i0.wp.com\/www.grieta.org.mx\/wp-content\/uploads\/2018\/03\/14524434_1106112876131411_958039263622046936_o.jpg?resize=350%2C200 1x, https:\/\/i0.wp.com\/www.grieta.org.mx\/wp-content\/uploads\/2018\/03\/14524434_1106112876131411_958039263622046936_o.jpg?resize=525%2C300 1.5x, https:\/\/i0.wp.com\/www.grieta.org.mx\/wp-content\/uploads\/2018\/03\/14524434_1106112876131411_958039263622046936_o.jpg?resize=700%2C400 2x"},"classes":[]},{"id":20152,"url":"http:\/\/www.grieta.org.mx\/index.php\/2016\/08\/18\/vuelven-marchas-de-maestros-analizan-paro-de-labores-nl\/","url_meta":{"origin":4396,"position":2},"title":"Vuelven marchas de maestros; analizan paro de labores (NL)","author":"grieta","date":"18 agosto, 2016","format":false,"excerpt":"Lourdes Soler Integrantes del movimiento magisterial volvieron a las calles de Monterrey, e indicaron que ya levantaron el plant\u00f3n que ten\u00edan instalado en la Macroplaza. Al menos 100 escuelas podr\u00edan no tener clases este lunes, luego de que el movimiento Magisterial en Nuevo Le\u00f3n analiza realizar un paro laboral.Antonio Cota,\u2026","rel":"","context":"En &quot;CINTILLO&quot;","block_context":{"text":"CINTILLO","link":"http:\/\/www.grieta.org.mx\/index.php\/category\/cintillo\/"},"img":{"alt_text":"","src":"https:\/\/i0.wp.com\/www.grieta.org.mx\/wp-content\/uploads\/2018\/03\/14524434_1106112876131411_958039263622046936_o.jpg?resize=350%2C200","width":350,"height":200,"srcset":"https:\/\/i0.wp.com\/www.grieta.org.mx\/wp-content\/uploads\/2018\/03\/14524434_1106112876131411_958039263622046936_o.jpg?resize=350%2C200 1x, https:\/\/i0.wp.com\/www.grieta.org.mx\/wp-content\/uploads\/2018\/03\/14524434_1106112876131411_958039263622046936_o.jpg?resize=525%2C300 1.5x, https:\/\/i0.wp.com\/www.grieta.org.mx\/wp-content\/uploads\/2018\/03\/14524434_1106112876131411_958039263622046936_o.jpg?resize=700%2C400 2x"},"classes":[]},{"id":14805,"url":"http:\/\/www.grieta.org.mx\/index.php\/2016\/06\/22\/protestan-maestros-en-monterrey-por-la-reforma-educativa\/","url_meta":{"origin":4396,"position":3},"title":"Protestan maestros en Monterrey por la Reforma Educativa","author":"grieta","date":"22 junio, 2016","format":false,"excerpt":"Nacional 22 Jun 2016 En medio de empujones, miles de maestros de Nuevo Le\u00f3n tomaron las calles del centro de Monterrey para protestar, \u00e9ste mi\u00e9rcoles, por la Reforma Educativa y los sucesos registrados en Oaxaca, que costaron la vida de varias personas Monterrey, Nuevo Le\u00f3n.- En medio de empujones, miles\u2026","rel":"","context":"En &quot;CINTILLO&quot;","block_context":{"text":"CINTILLO","link":"http:\/\/www.grieta.org.mx\/index.php\/category\/cintillo\/"},"img":{"alt_text":"","src":"https:\/\/i0.wp.com\/www.grieta.org.mx\/wp-content\/uploads\/2018\/03\/14524434_1106112876131411_958039263622046936_o.jpg?resize=350%2C200","width":350,"height":200,"srcset":"https:\/\/i0.wp.com\/www.grieta.org.mx\/wp-content\/uploads\/2018\/03\/14524434_1106112876131411_958039263622046936_o.jpg?resize=350%2C200 1x, https:\/\/i0.wp.com\/www.grieta.org.mx\/wp-content\/uploads\/2018\/03\/14524434_1106112876131411_958039263622046936_o.jpg?resize=525%2C300 1.5x, https:\/\/i0.wp.com\/www.grieta.org.mx\/wp-content\/uploads\/2018\/03\/14524434_1106112876131411_958039263622046936_o.jpg?resize=700%2C400 2x"},"classes":[]},{"id":14990,"url":"http:\/\/www.grieta.org.mx\/index.php\/2016\/06\/14\/pone-cnte-pie-en-nl-en-apoyo-a-maestros\/","url_meta":{"origin":4396,"position":4},"title":"Pone CNTE pie en NL en apoyo a maestros","author":"grieta","date":"14 junio, 2016","format":false,"excerpt":"Reynaldo Ochoa Cerca de 300 docentes protestan en Explanada por lucha local y demandas de agrupaci\u00f3n a nivel nacional Los docentes acudieron al Palacio de Cantera y rechazaron cambios derivados de la reforma educativa. Foto: Gerardo Gonz\u00e1lez Cerca de 300 maestros y jubilados de la Coordinadora Nacional de Trabajadores de\u2026","rel":"","context":"En &quot;CINTILLO&quot;","block_context":{"text":"CINTILLO","link":"http:\/\/www.grieta.org.mx\/index.php\/category\/cintillo\/"},"img":{"alt_text":"","src":"https:\/\/i0.wp.com\/www.grieta.org.mx\/wp-content\/uploads\/2018\/03\/14524434_1106112876131411_958039263622046936_o.jpg?resize=350%2C200","width":350,"height":200,"srcset":"https:\/\/i0.wp.com\/www.grieta.org.mx\/wp-content\/uploads\/2018\/03\/14524434_1106112876131411_958039263622046936_o.jpg?resize=350%2C200 1x, https:\/\/i0.wp.com\/www.grieta.org.mx\/wp-content\/uploads\/2018\/03\/14524434_1106112876131411_958039263622046936_o.jpg?resize=525%2C300 1.5x, https:\/\/i0.wp.com\/www.grieta.org.mx\/wp-content\/uploads\/2018\/03\/14524434_1106112876131411_958039263622046936_o.jpg?resize=700%2C400 2x"},"classes":[]},{"id":23357,"url":"http:\/\/www.grieta.org.mx\/index.php\/2018\/05\/31\/exigen-a-estado-mayores-esfuerzos-por-desaparecidos-nuevo-leon\/","url_meta":{"origin":4396,"position":5},"title":"Exigen a Estado mayores esfuerzos por desaparecidos (Nuevo Le\u00f3n)","author":"grieta","date":"31 mayo, 2018","format":false,"excerpt":"Iram Hern\u00e1ndez \/ El Horizonte Este mi\u00e9rcoles, integrantes de Amores y de Cadhac se manifestaron en la Explanada de los H\u00e9roes para exigir mayores esfuerzos y resultados a las autoridades para esclarecer situaci\u00f3n de personas desaparecidas Integrantes de la Agrupaci\u00f3n de Mujeres Organizadas por los Ejecutados, Secuestrados y Desaparecidos (Amores)\u2026","rel":"","context":"En &quot;CINTILLO&quot;","block_context":{"text":"CINTILLO","link":"http:\/\/www.grieta.org.mx\/index.php\/category\/cintillo\/"},"img":{"alt_text":"","src":"https:\/\/i0.wp.com\/www.grieta.org.mx\/wp-content\/uploads\/2018\/05\/Exigen-a-Estado-mayores-esfuerzos-por-desaparecidos.jpg?resize=350%2C200","width":350,"height":200,"srcset":"https:\/\/i0.wp.com\/www.grieta.org.mx\/wp-content\/uploads\/2018\/05\/Exigen-a-Estado-mayores-esfuerzos-por-desaparecidos.jpg?resize=350%2C200 1x, https:\/\/i0.wp.com\/www.grieta.org.mx\/wp-content\/uploads\/2018\/05\/Exigen-a-Estado-mayores-esfuerzos-por-desaparecidos.jpg?resize=525%2C300 1.5x, https:\/\/i0.wp.com\/www.grieta.org.mx\/wp-content\/uploads\/2018\/05\/Exigen-a-Estado-mayores-esfuerzos-por-desaparecidos.jpg?resize=700%2C400 2x, https:\/\/i0.wp.com\/www.grieta.org.mx\/wp-content\/uploads\/2018\/05\/Exigen-a-Estado-mayores-esfuerzos-por-desaparecidos.jpg?resize=1050%2C600 3x"},"classes":[]}],"_links":{"self":[{"href":"http:\/\/www.grieta.org.mx\/index.php\/wp-json\/wp\/v2\/posts\/4396","targetHints":{"allow":["GET"]}}],"collection":[{"href":"http:\/\/www.grieta.org.mx\/index.php\/wp-json\/wp\/v2\/posts"}],"about":[{"href":"http:\/\/www.grieta.org.mx\/index.php\/wp-json\/wp\/v2\/types\/post"}],"author":[{"embeddable":true,"href":"http:\/\/www.grieta.org.mx\/index.php\/wp-json\/wp\/v2\/users\/2"}],"replies":[{"embeddable":true,"href":"http:\/\/www.grieta.org.mx\/index.php\/wp-json\/wp\/v2\/comments?post=4396"}],"version-history":[{"count":1,"href":"http:\/\/www.grieta.org.mx\/index.php\/wp-json\/wp\/v2\/posts\/4396\/revisions"}],"predecessor-version":[{"id":4398,"href":"http:\/\/www.grieta.org.mx\/index.php\/wp-json\/wp\/v2\/posts\/4396\/revisions\/4398"}],"wp:featuredmedia":[{"embeddable":true,"href":"http:\/\/www.grieta.org.mx\/index.php\/wp-json\/wp\/v2\/media\/21928"}],"wp:attachment":[{"href":"http:\/\/www.grieta.org.mx\/index.php\/wp-json\/wp\/v2\/media?parent=4396"}],"wp:term":[{"taxonomy":"category","embeddable":true,"href":"http:\/\/www.grieta.org.mx\/index.php\/wp-json\/wp\/v2\/categories?post=4396"},{"taxonomy":"post_tag","embeddable":true,"href":"http:\/\/www.grieta.org.mx\/index.php\/wp-json\/wp\/v2\/tags?post=4396"}],"curies":[{"name":"wp","href":"https:\/\/api.w.org\/{rel}","templated":true}]}}