{"id":43948,"date":"2020-02-04T22:11:33","date_gmt":"2020-02-05T04:11:33","guid":{"rendered":"http:\/\/www.grieta.org.mx\/?p=43948"},"modified":"2020-02-05T22:18:27","modified_gmt":"2020-02-06T04:18:27","slug":"la-ultima-entrevista-a-samir-morelos","status":"publish","type":"post","link":"http:\/\/www.grieta.org.mx\/index.php\/2020\/02\/04\/la-ultima-entrevista-a-samir-morelos\/","title":{"rendered":"La \u00faltima entrevista a Samir (Morelos)"},"content":{"rendered":"<p><img loading=\"lazy\" decoding=\"async\" data-attachment-id=\"43949\" data-permalink=\"http:\/\/www.grieta.org.mx\/index.php\/2020\/02\/04\/la-ultima-entrevista-a-samir-morelos\/https-_piedepagina-mx_wp-content_uploads_2020_02_microfilme-21\/\" data-orig-file=\"http:\/\/www.grieta.org.mx\/wp-content\/uploads\/2020\/02\/https-_piedepagina.mx_wp-content_uploads_2020_02_microfilme-21.jpg\" data-orig-size=\"645,570\" data-comments-opened=\"0\" data-image-meta=\"{&quot;aperture&quot;:&quot;0&quot;,&quot;credit&quot;:&quot;&quot;,&quot;camera&quot;:&quot;&quot;,&quot;caption&quot;:&quot;&quot;,&quot;created_timestamp&quot;:&quot;0&quot;,&quot;copyright&quot;:&quot;&quot;,&quot;focal_length&quot;:&quot;0&quot;,&quot;iso&quot;:&quot;0&quot;,&quot;shutter_speed&quot;:&quot;0&quot;,&quot;title&quot;:&quot;&quot;,&quot;orientation&quot;:&quot;0&quot;}\" data-image-title=\"https _piedepagina.mx_wp-content_uploads_2020_02_microfilme-21\" data-image-description=\"\" data-image-caption=\"\" data-medium-file=\"http:\/\/www.grieta.org.mx\/wp-content\/uploads\/2020\/02\/https-_piedepagina.mx_wp-content_uploads_2020_02_microfilme-21-300x265.jpg\" data-large-file=\"http:\/\/www.grieta.org.mx\/wp-content\/uploads\/2020\/02\/https-_piedepagina.mx_wp-content_uploads_2020_02_microfilme-21.jpg\" class=\"aligncenter wp-image-43949\" src=\"http:\/\/www.grieta.org.mx\/wp-content\/uploads\/2020\/02\/https-_piedepagina.mx_wp-content_uploads_2020_02_microfilme-21.jpg\" alt=\"\" width=\"800\" height=\"707\" srcset=\"http:\/\/www.grieta.org.mx\/wp-content\/uploads\/2020\/02\/https-_piedepagina.mx_wp-content_uploads_2020_02_microfilme-21.jpg 645w, http:\/\/www.grieta.org.mx\/wp-content\/uploads\/2020\/02\/https-_piedepagina.mx_wp-content_uploads_2020_02_microfilme-21-300x265.jpg 300w, http:\/\/www.grieta.org.mx\/wp-content\/uploads\/2020\/02\/https-_piedepagina.mx_wp-content_uploads_2020_02_microfilme-21-566x500.jpg 566w\" sizes=\"auto, (max-width: 800px) 100vw, 800px\" \/><\/p>\n<p>Daliri Oropeza \/ Pie de P\u00e1gina<\/p>\n<blockquote><p>\u201cEsto es el principio\u201d, dijo Samir Flores Soberanes en una entrevista d\u00edas antes de su asesinato. A un a\u00f1o de la consulta sobre la termoel\u00e9ctrica, las palabras del defensor del territorio resuenan por su vigencia<\/p><\/blockquote>\n<p>A un a\u00f1o del asesinato de Samir Flores Soberanes, el pueblo nahua de Amilcingo mantiene la guardia en la defensa del territorio, los montes, el agua, donde atravesaron el gasoducto que desembocar\u00eda en la Termoel\u00e9ctrica de Huexca, aquella que estuvo en consulta hace casi un a\u00f1o tambi\u00e9n.<\/p>\n<p>Primero, el presidente entrante Andr\u00e9s Manuel L\u00f3pez Obrador decret\u00f3 el a\u00f1o oficial de Emiliano Zapata en Villa de Ayala. Ah\u00ed, integrantes de la Asamblea Popular de los Pueblos de Morelos (APPM) protestaron y exigieron la cancelaci\u00f3n del Proyecto Integral Morelos; el biznieto pidi\u00f3 la cancelaci\u00f3n de la termoel\u00e9ctrica en el micr\u00f3fono.<\/p>\n<p>Luego, AMLO regres\u00f3 a Cuautla y anunci\u00f3 una consulta. La APPM no cede ante las necedades de los poderosos; durante el evento del presidente no dejaron lugar para el silencio: \u201cAgua s\u00ed, termo no\u201d. Ah\u00ed estaba Samir. Con dos mantas pintadas entre sus manos. Organizando de manera improvisada una protesta llamativa, arriba de alguna plataforma que jalaron, en donde se treparon, mostraron carteles y exclamaron por la defensa de la naturaleza. Ese d\u00eda llevaba un sombrero caf\u00e9.<\/p>\n<p>Al terminar el evento, despu\u00e9s de que el presidente nombrara a los inconformes \u201cradicales de izquierda\u201d y \u201cconservadores\u201d, y la fecha de realizaci\u00f3n de la consulta (s\u00f3lo 15 d\u00edas despu\u00e9s), Samir Flores comparti\u00f3 con el colega Aldabi Olvera y conmigo su \u00faltima entrevista.<\/p>\n<p>Y ya pas\u00f3 un a\u00f1o.<\/p>\n<p>La fiscal\u00eda local no ha dado cuentas de la investigaci\u00f3n. Tampoco la atrajo la Fiscal\u00eda General, como orden\u00f3 AMLO.<\/p>\n<p>Samir, una persona que conjugaba las resistencias regionales contra el megaproyecto de termoel\u00e9ctrica y gasoducto que rodea el volc\u00e1n Popocat\u00e9petl, es ahora motivo de una convocatoria nacional del Congreso Nacional Ind\u00edgena.<\/p>\n<p>Convocan tres d\u00edas: el 20 de febrero acciones dislocadas o en cada territorio, el 21 marcha por la Justicia en las oficinas de la CFE de la CDMX; el 22 asamblea del CNI-CIG en Amilcingo, Morelos.<\/p>\n<p>A continuaci\u00f3n, comparto en este microfilme postal la transcripci\u00f3n \u00edntegra de dicha entrevista, en la que pareciera que el tiempo tiene algo de est\u00e1tico y sus palabras no pierden vigencia:<\/p>\n<p>\u2014\u00bfCu\u00e1l es tu nombre? \u00bfCu\u00e1l es tu comunidad y c\u00f3mo ves lo que pas\u00f3 hoy sobre la consulta de la termoel\u00e9ctrica? \u00bfC\u00f3mo afecta a Amilcingo?<\/p>\n<p>\u2014Samir, de Amilcingo. El tema de la consulta\u2026 Pues es lamentable que la consulta sea generalizada en todo el Estado de Morelos. Hay un gancho que desfavorece o ama\u00f1a la consulta que es el bajar la luz a los morelenses y pues definitivamente, \u00bfqui\u00e9n no va a querer pagar la luz a la mitad?. Mucha gente va a decir pues yo estoy de acuerdo en que bajen la luz aunque la termoel\u00e9ctrica me haga da\u00f1o a lo largo. Es m\u00e1s, ni siquiera sepan que tan perjudicial pueda ser la termoel\u00e9ctrica.<\/p>\n<p>Es lamentable lo que hoy menciona Andr\u00e9s Manuel. Eso me recuerda en aquellos a\u00f1os cuando Madero toma el poder y le da la espalda al general Zapata. Una vez teniendo el poder le dice pues d\u00e9jeme trabajar, yo voy a hacer las cosas como considero y creo que me recuerda esas p\u00e1ginas de la historia.<\/p>\n<p>Lamentable c\u00f3mo nos ha llamado el d\u00eda de hoy, c\u00f3mo hoy est\u00e1 haciendo a un lado, de manera denostativa la manifestaci\u00f3n de quienes nos sentimos agraviados desde el 2012. Un proyecto que no fue consultado.<\/p>\n<p>Quiz\u00e1s hoy la consulta est\u00e1 de m\u00e1s porque ya est\u00e1 el proyecto hecho, impuesto, pero deber\u00eda enfocarse m\u00e1s en las cuestiones t\u00e9cnicas que tiene el Cupreder, UNAM, est\u00e1n algunos otros cient\u00edficos, que tambi\u00e9n han emitido un punto de vista t\u00e9cnicamente y que pareciera que no lo est\u00e1 tomando tan en cuenta. No solamente es el asunto de la luz el\u00e9ctrica que argument\u00f3 que estamos comprando muy car\u00edsimo.<\/p>\n<p>Hay estudios que hay una sobreproducci\u00f3n en M\u00e9xico, hay una sobre producci\u00f3n, incluso se est\u00e1 vendiendo a Centroam\u00e9rica y a Estados Unidos. Entonces ese argumento me parece un tanto desatinado, pero, pues bueno, pareciera que ya trae consigna, la espada desenvainada en contra de quienes, vuelvo a reiterar, nos sentimos agraviados desde el 2012.<\/p>\n<p>Un proyecto que nos ha tra\u00eddo confrontaci\u00f3n en las mismas comunidades, divisionismo que ha causado o han dejado las administraciones pasadas, grupos de choque que han sido brazo de poder para lograr su cometido. El gobierno pasado de Graco Ram\u00edrez en Morelos y Pe\u00f1a Nieto en lo federal.<\/p>\n<p>Y pues ahora pareciera que lo retoma. Nos vemos con algunos matices diferentes en comparaci\u00f3n con la administraci\u00f3n pasada, pero en conclusi\u00f3n lleva la misma l\u00ednea, lleva la misma orientaci\u00f3n. Esperemos que las cosas no se compliquen, de lo contrario pues lo que va pasar es que se va a topar con la resistencia de los pueblos y aqu\u00ed va a ser la misma din\u00e1mica.<\/p>\n<p>Es lamentable para un gobierno de transici\u00f3n, para una 4\u00aa. Transformaci\u00f3n, como lo llama y apuntarle hacia el mismo lado.<\/p>\n<p>Nos llam\u00f3 \u201cgente de izquierda\u201d, \u201cextrema izquierda\u201d, \u201cgente ambientalista conservadora\u201d, incluso hasta \u201cpagada por algunas empresas\u201d. Es muy lamentable, inadmisible para quienes estamos desde el 2012 en esta l\u00f3gica.<\/p>\n<p>Pero pues\u2026 bueno, esto es el principio. Y seguro esto estar\u00e1 dando de qu\u00e9 hablar tanto por parte del gobierno, tanto como por parte de los pueblos.<\/p>\n<p>Lo m\u00e1s lamentable de todo es que est\u00e1 en juego el futuro, las tierras, no se considera el agua, no se considera el aire, no se considera a las futuras generaciones. Es muy lamentable como un discurso de desarrollo para las empresas.<\/p>\n<p>\u2014\u00bfQu\u00e9 estrategia sigue para los pueblos? \u00bfQu\u00e9 se puede hacer ante el escenario que est\u00e1n viendo ustedes?, porque ya hay otras consultas, una le fue favorable a Atenco, pero parece que ya estaba cargado, pero luego viene lo del Tren Maya y luego esto.<\/p>\n<p>\u2014Miren, para empezar Ayala depende del agua, es un espacio agr\u00edcola, netamente las tierras son de riego. Aunque es inadmisible creer, hay algunos que est\u00e1n a favor de la termoel\u00e9ctrica, pero la mayor\u00eda, entre ellos, los ejidatarios est\u00e1n en contra de que se lleven el agua.<\/p>\n<p>Quiz\u00e1 van a implementar formas de c\u00f3mo querer lograr un s\u00ed, lograr la aceptaci\u00f3n. Quiz\u00e1 como lo hizo la administraci\u00f3n pasada: quererles entubar el agua, quererles hacer ollas de captaci\u00f3n, no lo s\u00e9. Indudablemente pueda que quiz\u00e1s, algunos representantes de los ejidos caigan en la tentaci\u00f3n del dinero.<\/p>\n<p>Pero lo que s\u00ed en otras comunidades pues s\u00ed vamos a tener que organizarnos, a tener que retroceder en el sentido de volver a informar como hace m\u00e1s de cuatro a\u00f1os. Volver a informar. Volver a recorrer las comunidades y empezar nuevamente a aglutinarnos.<\/p>\n<p>Si va la consulta pues entonces quiz\u00e1s, que la gente tome conciencia si va a participar en esa consulta; cu\u00e1les son las afectaciones de este megaproyecto y qu\u00e9 es lo qu\u00e9 est\u00e1 en juego en lo posterior.<\/p>\n<p>\u2014\u00bfQu\u00e9 le dir\u00edas a la gente sobre lo que implica la consulta en las comunidades afectadas?<\/p>\n<p>\u2014Pues implica el que quiz\u00e1s, en una remota posibilidad poder tener una consulta favorable.<\/p>\n<p>Pero a como est\u00e1n las cosas, el se\u00f1or Hugo Erick est\u00e1 trabajando con puras mentiras como s\u00faper-delegado, est\u00e1 mintiendo en relaci\u00f3n a c\u00f3mo est\u00e1n las cosas en Morelos. Quiz\u00e1s, por eso Andr\u00e9s Manuel trae esa l\u00f3gica y pues definitivamente yo les dir\u00eda que pensemos, analicemos qu\u00e9 es lo que queremos.<\/p>\n<p>Quiz\u00e1 nos pueden bajar la luz, la tarifa de la luz. Quiz\u00e1s pueden decir que van a cuidar o procurar el agua que mane de la termoel\u00e9ctrica producto del enfriamiento de las turbinas. Quiz\u00e1s pueden tener otros argumentos como el trabajo que pueda haber para Morelos.<\/p>\n<p>Pero pensemos realmente en los riesgos ante una explosi\u00f3n como ya la hemos visto en muchos espacios, lo m\u00e1s reciente en Hidalgo, producto del huachicoleo. Esto tambi\u00e9n puede ser parte de.<\/p>\n<p>Podemos tambi\u00e9n considerar el asunto del agua, la tierra, el medioambiente, y tambi\u00e9n tenemos que pensar si es que nos dicen el trabajo. \u00bfBajo qu\u00e9 condiciones nos van a dar trabajo?<\/p>\n<p>Trabajo tenemos, tenemos el campo, mientras tengamos las tierras y el agua eso significa nuestra libertad y nuestra dignidad. Y si no tenemos el campo, no tenemos agua, no tenemos nada en Morelos, como pueblos agrarios, como pueblos zapatistas.<\/p>\n<p>\u2014Samir, vuelve el tema de la defensa de la tierra a 100 a\u00f1os del asesinato de Zapata. Ellos, la vez pasada, parece que s\u00f3lo quer\u00edan un homenaje oficial\u2026 Y se les vuelve a presentar el tema de la Tierra. \u00bfUstedes, como pueblos zapatistas, c\u00f3mo pueden tomar esa historia que tienen para la lucha de ahorita?<\/p>\n<p>\u2014Pareciera que es moda. Las cosas vuelven a caer en el mismo punto. Como me mencionas: la defensa de la tierra de hace 100 a\u00f1os, bueno que, hablar de 100 a\u00f1os es hablar del asesinato del general Zapata.<\/p>\n<p>Definitivamente creo que el asunto de la disputa de la tierra y el agua ha sido hist\u00f3rico. No solamente en la Revoluci\u00f3n, podemos irnos a la \u00e9poca de antes de la Revoluci\u00f3n, podemos irnos a la \u00e9poca de Porfirio D\u00edaz, en sus inicios, cuando empezaron a proliferar los ingenios azucareros que demandaban tierras, que demandaban agua y que quiz\u00e1s hubo destellos de enfrentamientos o de lucha por la defensa de la tierra, pero organizada por el hartazgo y tantos atropellos como el de 1910.<\/p>\n<p>Hoy hay modalidades un tanto diferentes pero pareciera que es el mismo modus operandi del sistema: entonces, fregar al campesino y empoderar a los caciques, a los empresarios. Es ese paradigma hist\u00f3rico que es parte de esa dualidad de la contradicci\u00f3n que pudi\u00e9ramos encontrar en muchas partes de la Historia.<\/p>\n<p>\u2014\u00bfC\u00f3mo afecta la termoel\u00e9ctrica a tu comunidad?<\/p>\n<p>\u2014Pasa que impusieron un gasoducto en 2013.<\/p>\n<p>A finales de 2013, a principios de 2014 impusieron un gasoducto. Decirles que no hubo consulta. Que solamente pactaron con los due\u00f1os de las tierras. Que se saltaron los protocolos comunitarios, que son las asambleas comunitarias o asambleas ejidales. Y eso llev\u00f3 a que la gente no tuviera una participaci\u00f3n plenamente informada o previamente consultada.<\/p>\n<p>Hubo un grupo de choque. Nos impusieron para hacer ver ante la opini\u00f3n p\u00fablica, tambi\u00e9n nos impusieron obra con dinero de la CFE, con dinero del gasoducto.<\/p>\n<p>Y esto que les estoy comentando que sucede en Amilcingo, sucede en Huesca, sucede en Jantetelco, sucede hasta Tlaxcala y eso es el mismo modo de operar.<\/p>\n<p>Nos afecta porque pasa muy, muy cerca de las colonias. En Amilcingo, s\u00ed pasa un tanto retirado, pero pues bueno son campos de cultivo y, indudablemente en un desastre, ya sea por el huachicoleo, ya sea por un temblor o ya sea por el volc\u00e1n Popocat\u00e9petl, que son los tres riesgos por una posible explosi\u00f3n, definitivamente los m\u00e1s afectados pues ser\u00edan los habitantes, los lugare\u00f1os o los pobladores que est\u00e1n cerca.<\/p>\n<p><a href=\"https:\/\/piedepagina.mx\/la-ultima-entrevista-de-samir\/\">https:\/\/piedepagina.mx\/la-ultima-entrevista-de-samir\/<\/a><\/p>\n","protected":false},"excerpt":{"rendered":"<p>Daliri Oropeza \/ Pie de P\u00e1gina \u201cEsto es el principio\u201d, dijo Samir Flores Soberanes en una entrevista d\u00edas antes de su asesinato. A un a\u00f1o de la consulta sobre la &hellip; <a href=\"http:\/\/www.grieta.org.mx\/index.php\/2020\/02\/04\/la-ultima-entrevista-a-samir-morelos\/\" class=\"more-link\">Leer m\u00e1s<\/a><\/p>\n","protected":false},"author":2,"featured_media":43949,"comment_status":"closed","ping_status":"closed","sticky":false,"template":"","format":"standard","meta":{"ngg_post_thumbnail":0,"_jetpack_newsletter_access":"","_jetpack_dont_email_post_to_subs":false,"_jetpack_newsletter_tier_id":0,"_jetpack_memberships_contains_paywalled_content":false,"_jetpack_memberships_contains_paid_content":false,"footnotes":""},"categories":[54,55,80,970,1,954,3,922,22,938,2,44,1171],"tags":[2087,2086,2471],"class_list":["post-43948","post","type-post","status-publish","format-standard","has-post-thumbnail","hentry","category-10-huexca","category-11-amilcingo","category-cintillo","category-esp-morelos","category-espejos-de-la-resistencia","category-espejos-estados","category-megaproyectos","category-megaproyectos-estados","category-morelos","category-mp-morelos","category-noticias-nacionales","category-proyecto-integral-morelos","category-rechazo-al-proyecto-integral-morelos-pim-en-morelos","tag-rechazo-a-la-termoelectrica-en-huexca","tag-rechazo-al-proyecto-integral-morelos","tag-samir","entry"],"jetpack_featured_media_url":"http:\/\/www.grieta.org.mx\/wp-content\/uploads\/2020\/02\/https-_piedepagina.mx_wp-content_uploads_2020_02_microfilme-21.jpg","jetpack_sharing_enabled":true,"jetpack_shortlink":"https:\/\/wp.me\/p7ZJR4-bqQ","jetpack_likes_enabled":false,"jetpack-related-posts":[{"id":44227,"url":"http:\/\/www.grieta.org.mx\/index.php\/2020\/02\/07\/exigen-cancelar-termoelectrica-huexca-y-esclarecer-asesinato-de-samir-flores-morelos\/","url_meta":{"origin":43948,"position":0},"title":"Exigen Cancelar termoel\u00e9ctrica Huexca y esclarecer asesinato de Samir Flores (Morelos)","author":"grieta","date":"7 febrero, 2020","format":false,"excerpt":"Redacci\u00f3n \/ La Verdad La Asamblea de los Pueblos de Morelos asegur\u00f3 que a casi un a\u00f1o del asesinato de Samir Flores, la fiscal\u00eda de Morelos poco a investigado al respecto Integrantes de la Asamblea de los Pueblos de Morelos en Defensa del Territorio exigieron al presidente Andr\u00e9s Manuel L\u00f3pez\u2026","rel":"","context":"En &quot;10. Huexca&quot;","block_context":{"text":"10. Huexca","link":"http:\/\/www.grieta.org.mx\/index.php\/category\/espejos-de-la-resistencia\/10-huexca\/"},"img":{"alt_text":"","src":"https:\/\/i0.wp.com\/www.grieta.org.mx\/wp-content\/uploads\/2020\/02\/Screenshot_2020-02-12-Exigen-Cancelar-termoel%C3%A9ctrica-Huexca-y-esclarecer-asesinato-de-Samir-Flores.png?resize=350%2C200","width":350,"height":200,"srcset":"https:\/\/i0.wp.com\/www.grieta.org.mx\/wp-content\/uploads\/2020\/02\/Screenshot_2020-02-12-Exigen-Cancelar-termoel%C3%A9ctrica-Huexca-y-esclarecer-asesinato-de-Samir-Flores.png?resize=350%2C200 1x, https:\/\/i0.wp.com\/www.grieta.org.mx\/wp-content\/uploads\/2020\/02\/Screenshot_2020-02-12-Exigen-Cancelar-termoel%C3%A9ctrica-Huexca-y-esclarecer-asesinato-de-Samir-Flores.png?resize=525%2C300 1.5x, https:\/\/i0.wp.com\/www.grieta.org.mx\/wp-content\/uploads\/2020\/02\/Screenshot_2020-02-12-Exigen-Cancelar-termoel%C3%A9ctrica-Huexca-y-esclarecer-asesinato-de-Samir-Flores.png?resize=700%2C400 2x"},"classes":[]},{"id":29279,"url":"http:\/\/www.grieta.org.mx\/index.php\/2019\/02\/20\/pronunciamiento-del-cni-cig-ezln-ante-el-asesinato-del-companero-samir-flores-soberanes\/","url_meta":{"origin":43948,"position":1},"title":"Pronunciamiento del CNI-CIG-EZLN ante el asesinato del compa\u00f1ero Samir Flores Soberanes","author":"grieta","date":"20 febrero, 2019","format":false,"excerpt":"20 de febrero del 2019 Al pueblo de M\u00e9xico y a los pueblos del mundo A las redes de apoyo al CIG A las redes de resistencia y rebeld\u00eda A la Sexta Nacional e Internacional A los medios de comunicaci\u00f3n Denunciamos con dolor y rabia el cobarde asesinato de nuestro\u2026","rel":"","context":"En &quot;10. Huexca&quot;","block_context":{"text":"10. Huexca","link":"http:\/\/www.grieta.org.mx\/index.php\/category\/espejos-de-la-resistencia\/10-huexca\/"},"img":{"alt_text":"","src":"https:\/\/i0.wp.com\/www.grieta.org.mx\/wp-content\/uploads\/2019\/02\/Ejecutan-a-Samir-Flores-opositor-de-gasoducto-y-termoel%C3%A9ctrica-de-Morelos-640x424.jpg?resize=350%2C200","width":350,"height":200,"srcset":"https:\/\/i0.wp.com\/www.grieta.org.mx\/wp-content\/uploads\/2019\/02\/Ejecutan-a-Samir-Flores-opositor-de-gasoducto-y-termoel%C3%A9ctrica-de-Morelos-640x424.jpg?resize=350%2C200 1x, https:\/\/i0.wp.com\/www.grieta.org.mx\/wp-content\/uploads\/2019\/02\/Ejecutan-a-Samir-Flores-opositor-de-gasoducto-y-termoel%C3%A9ctrica-de-Morelos-640x424.jpg?resize=525%2C300 1.5x"},"classes":[]},{"id":34298,"url":"http:\/\/www.grieta.org.mx\/index.php\/2019\/05\/20\/a-3-meses-del-asesinato-de-samir-flores-activistas-piden-justicia-frente-a-la-fiscalia-de-morelos\/","url_meta":{"origin":43948,"position":2},"title":"A 3 meses del asesinato de Samir Flores, activistas piden justicia frente a la Fiscal\u00eda de Morelos","author":"grieta","date":"20 mayo, 2019","format":false,"excerpt":"Redacci\u00f3n \/ Sin embargo Samir Flores era el principal opositor de la termoel\u00e9ctrica de Huexca, en el estado de Morelos y fue asesinado de varios balazos el pasado 20 de febrero afuera de su casa, en el municipio de Temoac. Ciudad de M\u00e9xico, 20 de mayo (SinEmbargo).- Compa\u00f1eros de lucha\u2026","rel":"","context":"En &quot;11. Amilcingo&quot;","block_context":{"text":"11. Amilcingo","link":"http:\/\/www.grieta.org.mx\/index.php\/category\/espejos-de-la-resistencia\/11-amilcingo\/"},"img":{"alt_text":"","src":"https:\/\/i0.wp.com\/www.grieta.org.mx\/wp-content\/uploads\/2019\/06\/samir.jpg?resize=350%2C200","width":350,"height":200,"srcset":"https:\/\/i0.wp.com\/www.grieta.org.mx\/wp-content\/uploads\/2019\/06\/samir.jpg?resize=350%2C200 1x, https:\/\/i0.wp.com\/www.grieta.org.mx\/wp-content\/uploads\/2019\/06\/samir.jpg?resize=525%2C300 1.5x, https:\/\/i0.wp.com\/www.grieta.org.mx\/wp-content\/uploads\/2019\/06\/samir.jpg?resize=700%2C400 2x, https:\/\/i0.wp.com\/www.grieta.org.mx\/wp-content\/uploads\/2019\/06\/samir.jpg?resize=1050%2C600 3x"},"classes":[]},{"id":40871,"url":"http:\/\/www.grieta.org.mx\/index.php\/2019\/10\/18\/conmemoraran-8-meses-del-asesinato-de-samir-morelos\/","url_meta":{"origin":43948,"position":3},"title":"Conmemorar\u00e1n 8 meses del asesinato de Samir (Morelos)","author":"grieta","date":"18 octubre, 2019","format":false,"excerpt":"Emmanuel Ruiz \/ El Sol de Cuernavaca Llevar\u00e1n a cabo cine debates en Jantetelco, Huexca y Amilcingo, a partir del pr\u00f3ximo jueves Se proyectar\u00e1 el documental Recuperando el para\u00edso, sobre la defensa del territorio\/GUDE SERV\u00cdN \"Un documental sobre la organizaci\u00f3n del pueblo ind\u00edgena de Santa Mar\u00eda Ostula, que logr\u00f3 detener\u2026","rel":"","context":"En &quot;10. Huexca&quot;","block_context":{"text":"10. Huexca","link":"http:\/\/www.grieta.org.mx\/index.php\/category\/espejos-de-la-resistencia\/10-huexca\/"},"img":{"alt_text":"","src":"https:\/\/i0.wp.com\/www.grieta.org.mx\/wp-content\/uploads\/2019\/11\/Se-proyectar%C3%A1-el-documental-Recuperando-el-para%C3%ADso-sobre-la-defensa-del-territorio-GUDE-SERV%C3%8DN.jpg?resize=350%2C200","width":350,"height":200,"srcset":"https:\/\/i0.wp.com\/www.grieta.org.mx\/wp-content\/uploads\/2019\/11\/Se-proyectar%C3%A1-el-documental-Recuperando-el-para%C3%ADso-sobre-la-defensa-del-territorio-GUDE-SERV%C3%8DN.jpg?resize=350%2C200 1x, https:\/\/i0.wp.com\/www.grieta.org.mx\/wp-content\/uploads\/2019\/11\/Se-proyectar%C3%A1-el-documental-Recuperando-el-para%C3%ADso-sobre-la-defensa-del-territorio-GUDE-SERV%C3%8DN.jpg?resize=525%2C300 1.5x, https:\/\/i0.wp.com\/www.grieta.org.mx\/wp-content\/uploads\/2019\/11\/Se-proyectar%C3%A1-el-documental-Recuperando-el-para%C3%ADso-sobre-la-defensa-del-territorio-GUDE-SERV%C3%8DN.jpg?resize=700%2C400 2x"},"classes":[]},{"id":31074,"url":"http:\/\/www.grieta.org.mx\/index.php\/2019\/03\/20\/sin-avances-la-investigacion-por-el-asesinato-de-samir-flores-en-morelos\/","url_meta":{"origin":43948,"position":4},"title":"Sin avances, la investigaci\u00f3n por el asesinato de Samir Flores en Morelos","author":"grieta","date":"20 marzo, 2019","format":false,"excerpt":"Jaime Luis Brito \/ Proceso AMILCINGO, Mor. (apro).\u2013 A un mes del asesinato de Samir Flores Soberanes, uno de los m\u00e1s importantes opositores al gasoducto y la termoel\u00e9ctrica del Proyecto Integral Morelos, las autoridades estatales no han anunciado avances en la investigaci\u00f3n y la Fiscal\u00eda General de la Rep\u00fablica (FGR)\u2026","rel":"","context":"En &quot;10. Huexca&quot;","block_context":{"text":"10. Huexca","link":"http:\/\/www.grieta.org.mx\/index.php\/category\/espejos-de-la-resistencia\/10-huexca\/"},"img":{"alt_text":"","src":"https:\/\/i0.wp.com\/www.grieta.org.mx\/wp-content\/uploads\/2019\/03\/7b1db3497876caac98-220219-samir-as6-1-1078x800.jpg?resize=350%2C200","width":350,"height":200,"srcset":"https:\/\/i0.wp.com\/www.grieta.org.mx\/wp-content\/uploads\/2019\/03\/7b1db3497876caac98-220219-samir-as6-1-1078x800.jpg?resize=350%2C200 1x, https:\/\/i0.wp.com\/www.grieta.org.mx\/wp-content\/uploads\/2019\/03\/7b1db3497876caac98-220219-samir-as6-1-1078x800.jpg?resize=525%2C300 1.5x, https:\/\/i0.wp.com\/www.grieta.org.mx\/wp-content\/uploads\/2019\/03\/7b1db3497876caac98-220219-samir-as6-1-1078x800.jpg?resize=700%2C400 2x, https:\/\/i0.wp.com\/www.grieta.org.mx\/wp-content\/uploads\/2019\/03\/7b1db3497876caac98-220219-samir-as6-1-1078x800.jpg?resize=1050%2C600 3x"},"classes":[]},{"id":39461,"url":"http:\/\/www.grieta.org.mx\/index.php\/2019\/08\/20\/exigen-que-asesinato-del-activista-samir-flores-lo-investigue-fgr-morelos\/","url_meta":{"origin":43948,"position":5},"title":"Exigen que asesinato del activista Samir Flores lo investigue FGR (Morelos)","author":"grieta","date":"20 agosto, 2019","format":false,"excerpt":"Redacci\u00f3n \/ \u00c1ngulo 7 A seis meses del asesinato del opositor del Proyecto Integral Morelos (PIM), Samir Flores Soberanes, el Frente de Pueblos en Defensa de la Tierra y el Agua (Fpdta) exigi\u00f3 que el asesinato de sea investigado por la FGR, ya que acusan de ineficiente a la de\u2026","rel":"","context":"En &quot;10. Huexca&quot;","block_context":{"text":"10. Huexca","link":"http:\/\/www.grieta.org.mx\/index.php\/category\/espejos-de-la-resistencia\/10-huexca\/"},"img":{"alt_text":"","src":"https:\/\/i0.wp.com\/www.grieta.org.mx\/wp-content\/uploads\/2019\/09\/https-_www.angulo7.com_.mx_wp-content_uploads_2019_02_activista-Samir-Flores-Soberanes-PIM-1.jpg?resize=350%2C200","width":350,"height":200,"srcset":"https:\/\/i0.wp.com\/www.grieta.org.mx\/wp-content\/uploads\/2019\/09\/https-_www.angulo7.com_.mx_wp-content_uploads_2019_02_activista-Samir-Flores-Soberanes-PIM-1.jpg?resize=350%2C200 1x, https:\/\/i0.wp.com\/www.grieta.org.mx\/wp-content\/uploads\/2019\/09\/https-_www.angulo7.com_.mx_wp-content_uploads_2019_02_activista-Samir-Flores-Soberanes-PIM-1.jpg?resize=525%2C300 1.5x"},"classes":[]}],"_links":{"self":[{"href":"http:\/\/www.grieta.org.mx\/index.php\/wp-json\/wp\/v2\/posts\/43948","targetHints":{"allow":["GET"]}}],"collection":[{"href":"http:\/\/www.grieta.org.mx\/index.php\/wp-json\/wp\/v2\/posts"}],"about":[{"href":"http:\/\/www.grieta.org.mx\/index.php\/wp-json\/wp\/v2\/types\/post"}],"author":[{"embeddable":true,"href":"http:\/\/www.grieta.org.mx\/index.php\/wp-json\/wp\/v2\/users\/2"}],"replies":[{"embeddable":true,"href":"http:\/\/www.grieta.org.mx\/index.php\/wp-json\/wp\/v2\/comments?post=43948"}],"version-history":[{"count":1,"href":"http:\/\/www.grieta.org.mx\/index.php\/wp-json\/wp\/v2\/posts\/43948\/revisions"}],"predecessor-version":[{"id":43950,"href":"http:\/\/www.grieta.org.mx\/index.php\/wp-json\/wp\/v2\/posts\/43948\/revisions\/43950"}],"wp:featuredmedia":[{"embeddable":true,"href":"http:\/\/www.grieta.org.mx\/index.php\/wp-json\/wp\/v2\/media\/43949"}],"wp:attachment":[{"href":"http:\/\/www.grieta.org.mx\/index.php\/wp-json\/wp\/v2\/media?parent=43948"}],"wp:term":[{"taxonomy":"category","embeddable":true,"href":"http:\/\/www.grieta.org.mx\/index.php\/wp-json\/wp\/v2\/categories?post=43948"},{"taxonomy":"post_tag","embeddable":true,"href":"http:\/\/www.grieta.org.mx\/index.php\/wp-json\/wp\/v2\/tags?post=43948"}],"curies":[{"name":"wp","href":"https:\/\/api.w.org\/{rel}","templated":true}]}}