{"id":43923,"date":"2020-02-04T12:27:42","date_gmt":"2020-02-04T18:27:42","guid":{"rendered":"http:\/\/www.grieta.org.mx\/?p=43923"},"modified":"2020-02-05T12:33:47","modified_gmt":"2020-02-05T18:33:47","slug":"nos-dio-de-comer-y-bebiamos-el-agua-del-rio-metlapanapa-manuel-lopez-vega-puebla","status":"publish","type":"post","link":"http:\/\/www.grieta.org.mx\/index.php\/2020\/02\/04\/nos-dio-de-comer-y-bebiamos-el-agua-del-rio-metlapanapa-manuel-lopez-vega-puebla\/","title":{"rendered":"Nos dio de comer y beb\u00edamos el agua del r\u00edo Metlapanapa: Manuel L\u00f3pez Vega (Puebla)"},"content":{"rendered":"<figure id=\"attachment_43924\" aria-describedby=\"caption-attachment-43924\" style=\"width: 800px\" class=\"wp-caption aligncenter\"><a href=\"http:\/\/www.grieta.org.mx\/wp-content\/uploads\/2020\/02\/miguel-erik.jpg\"><img loading=\"lazy\" decoding=\"async\" data-attachment-id=\"43924\" data-permalink=\"http:\/\/www.grieta.org.mx\/index.php\/2020\/02\/04\/nos-dio-de-comer-y-bebiamos-el-agua-del-rio-metlapanapa-manuel-lopez-vega-puebla\/miguel-erik\/\" data-orig-file=\"http:\/\/www.grieta.org.mx\/wp-content\/uploads\/2020\/02\/miguel-erik.jpg\" data-orig-size=\"768,479\" data-comments-opened=\"0\" data-image-meta=\"{&quot;aperture&quot;:&quot;0&quot;,&quot;credit&quot;:&quot;&quot;,&quot;camera&quot;:&quot;&quot;,&quot;caption&quot;:&quot;&quot;,&quot;created_timestamp&quot;:&quot;0&quot;,&quot;copyright&quot;:&quot;&quot;,&quot;focal_length&quot;:&quot;0&quot;,&quot;iso&quot;:&quot;0&quot;,&quot;shutter_speed&quot;:&quot;0&quot;,&quot;title&quot;:&quot;&quot;,&quot;orientation&quot;:&quot;0&quot;}\" data-image-title=\"miguel erik\" data-image-description=\"\" data-image-caption=\"&lt;p&gt;Foto: Erick Guzm\u00e1n \/ El Sol de Puebla&lt;\/p&gt;\n\" data-medium-file=\"http:\/\/www.grieta.org.mx\/wp-content\/uploads\/2020\/02\/miguel-erik-300x187.jpg\" data-large-file=\"http:\/\/www.grieta.org.mx\/wp-content\/uploads\/2020\/02\/miguel-erik.jpg\" class=\"wp-image-43924\" src=\"http:\/\/www.grieta.org.mx\/wp-content\/uploads\/2020\/02\/miguel-erik-300x187.jpg\" alt=\"\" width=\"800\" height=\"499\" srcset=\"http:\/\/www.grieta.org.mx\/wp-content\/uploads\/2020\/02\/miguel-erik-300x187.jpg 300w, http:\/\/www.grieta.org.mx\/wp-content\/uploads\/2020\/02\/miguel-erik.jpg 768w\" sizes=\"auto, (max-width: 800px) 100vw, 800px\" \/><\/a><figcaption id=\"caption-attachment-43924\" class=\"wp-caption-text\">Foto: Erick Guzm\u00e1n \/ El Sol de Puebla<\/figcaption><\/figure>\n<p>Ya liberado, L\u00f3pez Vega insiste en la causa; los empresarios reiteran la demanda del drenaje.<\/p>\n<p>Norma Marcial | El Sol de Puebla<\/p>\n<p>Juan Cris\u00f3stomo Bonilla.- El r\u00edo Metlapanapa, no s\u00f3lo representa el coraz\u00f3n ecol\u00f3gico de Santa Mar\u00eda Zacatepec, es tambi\u00e9n un lugar de buenos recuerdos para la mayor\u00eda de los habitantes de esta comunidad del municipio de Juan Cris\u00f3stomo Bonilla, porque en d\u00e9cadas pasadas \u201cnos dio de comer\u201d, pues se pod\u00eda injerir su agua y recolectar chapulines, a diferencia de lo que ocurre en la actualidad, donde residuos arrojados por una granja porcina y la amenaza de presuntas descargas industriales provenientes del complejo Ciudad Textil, ubicado en la jurisdicci\u00f3n vecina de Huejotzingo, advierten que su arroyo podr\u00eda adquirir un tono \u201ccolorado o azul\u201d.<\/p>\n<p>Adem\u00e1s \u201cver contaminado este r\u00edo matar\u00eda los recuerdos e ilusiones, de quienes alguna vez caminamos en su cauce, pues ahora enfermar\u00eda a todos los habitantes de Zacatepec, traer\u00eda muerte\u201d, expres\u00f3 Miguel L\u00f3pez Vega, activista de la zona y quien platic\u00f3 con El Sol de Puebla, luego de obtener su libertad, tras permanecer encarcelado por cinco d\u00edas por los delitos de obstrucci\u00f3n de obra, ataques a las v\u00edas de comunicaci\u00f3n y a los medios de transporte, al oponerse a este escenario en este recurso natural, el cual atraviesa cinco kil\u00f3metros del territorio de esta entidad administrativa.<\/p>\n<p>El opositor comunitario, quien suma una trayectoria de m\u00e1s de una d\u00e9cada en el activismo y es miembro del Congreso Nacional Ind\u00edgena, Consejo Ind\u00edgena de Gobierno y del Frente de Pueblos Unidos en Defensa de la Tierra y el Agua, asegura que fue el primer preso pol\u00edtico de la administraci\u00f3n del gobernador Miguel Barbosa Huerta, por levantar la voz en contra del proyecto Ciudad Textil, que comprende el asentamiento de m\u00e1s de 30 empresas en predios de la ex hacienda La Palmilla, en Huejotzingo, y pretende usar el Metlapanapa como fuente de almacenamiento de aguas negras.<\/p>\n<p>No obstante, dijo que pese a su detenci\u00f3n y las medidas cautelares que enfrenta por obtener su libertad, seguir\u00e1 manteniendo su postura de defensa y sus ideales de lucha social, que tambi\u00e9n es compartida por otros habitantes de Zacatepec, quienes en grupo, mantienen una lucha colectiva desde el 2005 a la fecha, pues primero rechazaron un proyecto ecotur\u00edstico, luego se pronunciaron en contra de la realizaci\u00f3n de una autopista, de la perforaci\u00f3n de pozos profundos, de la colocaci\u00f3n de torres de alta tensi\u00f3n, de la obra del Gasoducto Morelos y ahora reprueban la contaminaci\u00f3n del r\u00edo.<\/p>\n<p>\u201cNo queremos que nuestro r\u00edo, compita con el Atoyac o con los dos que cruzan Huejotzingo que est\u00e1n muy contaminados y sus aguas ya son coloradas o azules, nosotros pese al miedo que por naturaleza siente el hombre, seguiremos pronunci\u00e1ndonos en contra y exigiendo la cancelaci\u00f3n definitiva del proyecto, no solo la temporal\u201d, afirm\u00f3.<\/p>\n<p><strong>CIUDAD TEXTIL Y SUS ANTECEDENTES<\/strong><\/p>\n<p>Frente a la entrada principal de lo que es el pol\u00edgono industrial Ciudad Textil, el activista, exhibe la primera prueba que justifica sus acciones de rechazo hacia aquellas decisiones gubernamentales enfocadas a la autorizaci\u00f3n de nuevas firmas, sin antes obligarlas a crear plantas tratadoras de aguas residuales, para evitar la ca\u00edda de residuos t\u00f3xicos en barrancas y r\u00edos de la entidad poblana.<\/p>\n<p>Mientras su silueta se refleja perfectamente en una laguna de aguas contaminadas, que expide una pestilencia acentuada, L\u00f3pez Vega sostiene que este mismo escenario le espera al Metlapanapa, si las autoridades contin\u00faan apoyando este complejo, el cual apoyan bajo el argumento de que generar\u00e1 m\u00e1s de 6 mil plazas laborales.<\/p>\n<p>Ciudad Textil tiene sus primeros antecedentes en el a\u00f1o 2012, cuando la regi\u00f3n de Cholula-Huejotzingo es marcada en el proyecto integral Gasoducto Morelos. Esto deriva el anuncio de la llegada de nuevas inversiones, pero cuatro a\u00f1os despu\u00e9s, es cuando empiezan a formalizarse las primeras firmas.<\/p>\n<p>Para el a\u00f1o 2017, el pueblo de Zacatepec se percata de los primeros intentos de contaminaci\u00f3n en la zona y se formalizan las primeras intervenciones colectivas de atenci\u00f3n hac\u00eda el proyecto de industrializaci\u00f3n, pues los rumores de ejecutar descargas residuales en territorio de Juan Cris\u00f3stomo Bonilla, tomaban m\u00e1s fuerza.<\/p>\n<p>En ese marco, se conoci\u00f3 la intenci\u00f3n de ese complejo para enviar aguas negras al r\u00edo, a trav\u00e9s de la edificaci\u00f3n de un colector marginal y el tendido de 3.6 kil\u00f3metros de red de drenaje, que justamente parte de la entrada de Ciudad Textil y finaliza en un colector instalado a los m\u00e1rgenes del Metlapanapa.<\/p>\n<p>Sin embargo, para los a\u00f1os 2018-2019, se confirma la programaci\u00f3n de una obra, por el orden de los 38 millones de pesos a cargo del gobierno del estado para favorecer el rumor referido y en meses pasados es cuando formalmente inician los trabajos a cargo de la Comisi\u00f3n Estatal de Agua y Saneamiento de Puebla.<\/p>\n<p>El pueblo de Zacatepec, al ver la materializaci\u00f3n de las acciones de infraestructuras, inicia la defensa correspondiente, remat\u00f3.<\/p>\n<p><strong>LA DEFENSA SOCIAL QUE DOBLEG\u00d3 AL GOBIERNO DEL ESTADO<\/strong><\/p>\n<p>En un recorrido por la zona de conflicto, El Sol de Puebla hizo una segunda parada en un tramo colindante al bulevar Aeropuerto, exactamente donde es visible para cualquier automovilista, una hilera de sellos de clausura colocados por parte de autoridades estatales en estructuras de cemento que forman parte de la red de drenaje referida por el activista, como la l\u00ednea de conducci\u00f3n para realizar las presuntas descargas.<\/p>\n<p>Ah\u00ed, Miguel, dio detalles de c\u00f3mo vivi\u00f3 su detenci\u00f3n por los delitos de obstrucci\u00f3n de obra, ataques a las v\u00edas de comunicaci\u00f3n y a los medios de transporte, su trato al interior del penal San Miguel y su opini\u00f3n sobre el actuar del gobierno del estado, respecto a su caso.<\/p>\n<p>\u201cEl viernes 24 de enero del 2020, ciertamente fuimos a dejar unos documentos, una acta de una asamblea que se hab\u00eda llevado en la comunidad de Zacatepec, donde por usos y costumbres, elegimos a nuestro alcalde, suplente, aguacil mayor y aguacil menor, al topil y a dos fiscalas, y llevamos a Gobernaci\u00f3n y al municipio de Juan Cris\u00f3stomo Bonilla, esta informaci\u00f3n para pedirles que respetaran nuestra autonom\u00eda, pero ya saliendo de Gobernaci\u00f3n, ah\u00ed fue donde soy detenido, me muestran la orden, me llevan a la Fiscal\u00eda y luego a la Casa de Justicia de Tlaxcalancingo y de ah\u00ed me trasladan, por cuestiones raras al Cereso de San Miguel, en Puebla, y pues llegando, como sucede en las novatadas, pues me dieron la bienvenida, y me ingresaron a una celda donde hab\u00eda decenas de personas, pues me colocaron en una donde est\u00e1bamos m\u00e1s de 30, lugar donde no se puede dormir, ni hacer del ba\u00f1o, y pues eso es algo no deseado para nadie\u201d, extern\u00f3.<\/p>\n<p>Comparti\u00f3 que, en ese momento, fue cuando tuvo una reflexi\u00f3n, en el sentido de que los empresarios, los verdaderos delincuentes o pol\u00edticos no viven el momento que \u00e9l viv\u00eda, pues a la c\u00e1rcel \u201cno entran se\u00f1ores de saco, pese a que contaminan la tierra\u201d.<\/p>\n<p>No obstante, sostuvo que su \u00e1nimo se fortaleci\u00f3 cuando vio el compa\u00f1erismo de organizaciones para exigir su liberaci\u00f3n porque era el primer preso pol\u00edtico de la actual administraci\u00f3n estatal.<\/p>\n<p>\u00bfEl gobierno del mandatario Miguel Barbosa, es represor?, le pregunt\u00f3 esta casa editora, a lo que el activista contest\u00f3 \u201cen su pol\u00edtica de gobierno, lo que est\u00e1 haciendo es intimidar a las personas que luchan, es decir a los luchadores sociales, vemos que miente, Miguel Barbosa es mentiroso, miente cuando dice que se forman lagunas pluviales, cuando nosotros ya vimos que son de aguas industriales, tambi\u00e9n acus\u00f3 al exsecretario de gobernaci\u00f3n Manzanilla Prieto (Fernando) y a un diputado por decir que no existen los usos y costumbres en este pueblo\u201d.<\/p>\n<p>Aun\u00f3 que, pol\u00edticamente hablando, en la Rep\u00fablica Mexicana cambi\u00f3 el color, pero no los proyectos de muerte siguen.<\/p>\n<p>\u00bfDoblegaron al gobierno del estado?, fue otro cuestionamiento lanzado a Miguel, a lo que dijo \u201cclaro que s\u00ed, imag\u00ednate retroceder algo que hab\u00eda dicho, \u00e9l (gobernador) dijo que el proyecto, porque en \u00e9ste, tambi\u00e9n tuvieron injerencia otros gobiernos estatales, como en su momento fue el de Rafael Moreno Valle y Gali (Antonio)\u201d.<\/p>\n<p><strong>TRABAJAR\u00c1N POR LIMPIAR EL METLAPANAPA<\/strong><\/p>\n<p>En el \u00faltimo punto del recorrido, que fue el r\u00edo Metlapanapa, Miguel L\u00f3pez Vega, habl\u00f3 de sus recuerdos que le brotan cuando ve este recurso y uno de ellos lo remonta a su ni\u00f1ez, espec\u00edficamente cuando caminaba descalzo en su arena mojada y experimentaba una de las sensaciones m\u00e1s placenteras de su vida.<\/p>\n<p>\u201cEl r\u00edo nos daba de comer\u201d, por eso seguir\u00e9 defendiendo su conservaci\u00f3n y rechazar\u00e9 su contaminaci\u00f3n a causa de un proyecto industrial, y el pueblo de Zacatepec trabajar\u00e1 para recuperar este espacio federal, el cual debe estar limpio y con \u00e1rboles en sus laderas, porque es el coraz\u00f3n ecol\u00f3gico de esta localidad.<\/p>\n<p><a href=\"https:\/\/www.elsoldepuebla.com.mx\/local\/estado\/temen-que-el-metlapanapa-termine-como-el-rio-atoyac-juan-c-bonilla-ciudad-textil-huejotzingo-miguel-lopez-vega-frente-de-pueblos-unidos-en-defensa-de-la-tierra-y-el-agua-miguel-barbosa-huerta-preso-politico-gasoducto-morelos-puebla-4788175.html\">https:\/\/www.elsoldepuebla.com.mx\/local\/estado\/temen-que-el-metlapanapa-termine-como-el-rio-atoyac-juan-c-bonilla-ciudad-textil-huejotzingo-miguel-lopez-vega-frente-de-pueblos-unidos-en-defensa-de-la-tierra-y-el-agua-miguel-barbosa-huerta-preso-politico-gasoducto-morelos-puebla-4788175.html<\/a><\/p>\n","protected":false},"excerpt":{"rendered":"<p>Ya liberado, L\u00f3pez Vega insiste en la causa; los empresarios reiteran la demanda del drenaje. Norma Marcial | El Sol de Puebla Juan Cris\u00f3stomo Bonilla.- El r\u00edo Metlapanapa, no s\u00f3lo &hellip; <a href=\"http:\/\/www.grieta.org.mx\/index.php\/2020\/02\/04\/nos-dio-de-comer-y-bebiamos-el-agua-del-rio-metlapanapa-manuel-lopez-vega-puebla\/\" class=\"more-link\">Leer m\u00e1s<\/a><\/p>\n","protected":false},"author":1,"featured_media":43924,"comment_status":"closed","ping_status":"closed","sticky":false,"template":"","format":"standard","meta":{"ngg_post_thumbnail":0,"_jetpack_newsletter_access":"","_jetpack_dont_email_post_to_subs":false,"_jetpack_newsletter_tier_id":0,"_jetpack_memberships_contains_paywalled_content":false,"_jetpack_memberships_contains_paid_content":false,"footnotes":""},"categories":[80,1255,2703,3,922,942,2,1253,44,26,1249],"tags":[95,425,2947],"class_list":["post-43923","post","type-post","status-publish","format-standard","has-post-thumbnail","hentry","category-cintillo","category-contaminacion-del-agua-por-industria-en-puebla","category-defensa-de-los-recursos-naturales-en-puebla","category-megaproyectos","category-megaproyectos-estados","category-mp-puebla","category-noticias-nacionales","category-privatizacion-del-agua-y-el-drenaje-en-puebla","category-proyecto-integral-morelos","category-puebla","category-rechazo-al-proyecto-interal-morelos-en-puebla","tag-cni","tag-contaminacion-agua","tag-rio-metlapanapa","entry"],"jetpack_featured_media_url":"http:\/\/www.grieta.org.mx\/wp-content\/uploads\/2020\/02\/miguel-erik.jpg","jetpack_sharing_enabled":true,"jetpack_shortlink":"https:\/\/wp.me\/p7ZJR4-bqr","jetpack_likes_enabled":false,"jetpack-related-posts":[{"id":41315,"url":"http:\/\/www.grieta.org.mx\/index.php\/2019\/11\/19\/acciones-para-frenar-drenaje-industrial-en-juan-c-bonilla-puebla\/","url_meta":{"origin":43923,"position":0},"title":"Acciones para frenar drenaje industrial en Juan C Bonilla (Puebla)","author":"Admin","date":"19 noviembre, 2019","format":false,"excerpt":"Juan C Bonilla, Pue.- Las muestras de inconformidad al drenaje industrial al que se oponen los habitantes de juntas auxiliares del municipio de Juan Cris\u00f3stomo Bonilla, van el aumento y es que adem\u00e1s de plantar \u00e1rboles, colocar un campamento permanente, se iniciar\u00e1 con la construcci\u00f3n de una capilla en honor\u2026","rel":"","context":"En &quot;CINTILLO&quot;","block_context":{"text":"CINTILLO","link":"http:\/\/www.grieta.org.mx\/index.php\/category\/cintillo\/"},"img":{"alt_text":"","src":"https:\/\/i0.wp.com\/www.grieta.org.mx\/wp-content\/uploads\/2019\/11\/whatsapp_image_2019-11-19_at_16.31.52.jpeg?resize=350%2C200","width":350,"height":200,"srcset":"https:\/\/i0.wp.com\/www.grieta.org.mx\/wp-content\/uploads\/2019\/11\/whatsapp_image_2019-11-19_at_16.31.52.jpeg?resize=350%2C200 1x, https:\/\/i0.wp.com\/www.grieta.org.mx\/wp-content\/uploads\/2019\/11\/whatsapp_image_2019-11-19_at_16.31.52.jpeg?resize=525%2C300 1.5x, https:\/\/i0.wp.com\/www.grieta.org.mx\/wp-content\/uploads\/2019\/11\/whatsapp_image_2019-11-19_at_16.31.52.jpeg?resize=700%2C400 2x"},"classes":[]},{"id":43477,"url":"http:\/\/www.grieta.org.mx\/index.php\/2020\/01\/24\/detienen-a-miguel-lopez-vega-defensor-del-rio-metlapanapa-puebla\/","url_meta":{"origin":43923,"position":1},"title":"Detienen a Miguel L\u00f3pez Vega defensor del r\u00edo Metlapanapa (Puebla)","author":"Admin","date":"24 enero, 2020","format":false,"excerpt":"El defensor del R\u00edo Metlapanapa Miguel L\u00f3pez Vega fue detenido por la polic\u00eda estatal despu\u00e9s de salir de la Secretar\u00eda de Gobernaci\u00f3n de Puebla, donde entreg\u00f3 un acta en la que su comunidad se declaraba en autogobierno y libre de partidos politicos Texto y foto: Daliri Oropeza \/ Pie de\u2026","rel":"","context":"En &quot;CINTILLO&quot;","block_context":{"text":"CINTILLO","link":"http:\/\/www.grieta.org.mx\/index.php\/category\/cintillo\/"},"img":{"alt_text":"","src":"https:\/\/i0.wp.com\/www.grieta.org.mx\/wp-content\/uploads\/2020\/01\/radio-zacatepec_daliri-oropeza-3.jpg?resize=350%2C200","width":350,"height":200,"srcset":"https:\/\/i0.wp.com\/www.grieta.org.mx\/wp-content\/uploads\/2020\/01\/radio-zacatepec_daliri-oropeza-3.jpg?resize=350%2C200 1x, https:\/\/i0.wp.com\/www.grieta.org.mx\/wp-content\/uploads\/2020\/01\/radio-zacatepec_daliri-oropeza-3.jpg?resize=525%2C300 1.5x, https:\/\/i0.wp.com\/www.grieta.org.mx\/wp-content\/uploads\/2020\/01\/radio-zacatepec_daliri-oropeza-3.jpg?resize=700%2C400 2x, https:\/\/i0.wp.com\/www.grieta.org.mx\/wp-content\/uploads\/2020\/01\/radio-zacatepec_daliri-oropeza-3.jpg?resize=1050%2C600 3x"},"classes":[]},{"id":43463,"url":"http:\/\/www.grieta.org.mx\/index.php\/2020\/01\/24\/miguel-lopez-vega-ambientalista-y-defensor-del-rio-metlapanapa-fue-detenido-e-ingresado-al-c5-puebla\/","url_meta":{"origin":43923,"position":2},"title":"Miguel L\u00f3pez Vega, ambientalista y defensor del R\u00edo Metlapanapa fue detenido e ingresado al C5 (Puebla)","author":"Admin","date":"24 enero, 2020","format":false,"excerpt":"Kara Castillo \/ Puntual El ambientalista, Miguel L\u00f3pez Vega, representante comunitario y miembro del Frente de Pueblos en Defensa de la Tierra y el Agua-Puebla, Morelos, Tlaxcala, Concejal del Consejo Nacional Ind\u00edgena (CNI) y Defensor del R\u00edo Metlapanapa fue detenido por elementos de seguridad cuando sal\u00eda de las oficinas de\u2026","rel":"","context":"En &quot;CINTILLO&quot;","block_context":{"text":"CINTILLO","link":"http:\/\/www.grieta.org.mx\/index.php\/category\/cintillo\/"},"img":{"alt_text":"","src":"https:\/\/i0.wp.com\/www.grieta.org.mx\/wp-content\/uploads\/2020\/01\/ambientalista.jpg?resize=350%2C200","width":350,"height":200,"srcset":"https:\/\/i0.wp.com\/www.grieta.org.mx\/wp-content\/uploads\/2020\/01\/ambientalista.jpg?resize=350%2C200 1x, https:\/\/i0.wp.com\/www.grieta.org.mx\/wp-content\/uploads\/2020\/01\/ambientalista.jpg?resize=525%2C300 1.5x, https:\/\/i0.wp.com\/www.grieta.org.mx\/wp-content\/uploads\/2020\/01\/ambientalista.jpg?resize=700%2C400 2x, https:\/\/i0.wp.com\/www.grieta.org.mx\/wp-content\/uploads\/2020\/01\/ambientalista.jpg?resize=1050%2C600 3x"},"classes":[]},{"id":42371,"url":"http:\/\/www.grieta.org.mx\/index.php\/2019\/12\/03\/se-unen-organizaciones-contra-proyecto-de-ciudad-textil-puebla\/","url_meta":{"origin":43923,"position":3},"title":"Se unen organizaciones contra proyecto de Ciudad Textil (Puebla)","author":"Admin","date":"3 diciembre, 2019","format":false,"excerpt":"Vigilar\u00e1n con lupa la obra para evitar contaminaci\u00f3n al R\u00edo Metlapanapa Foto: Alba Espejel | El Sol de Puebla Debido a que varios ciudadanos han sido agredidos al denunciar la contaminaci\u00f3n del R\u00edo Metlapanapa por la operaci\u00f3n del proyecto Ciudad Textil que est\u00e1 en los l\u00edmites territoriales de Juan C.\u2026","rel":"","context":"En &quot;CINTILLO&quot;","block_context":{"text":"CINTILLO","link":"http:\/\/www.grieta.org.mx\/index.php\/category\/cintillo\/"},"img":{"alt_text":"","src":"https:\/\/i0.wp.com\/www.grieta.org.mx\/wp-content\/uploads\/2019\/12\/ZAVATEPEC.jpg?resize=350%2C200","width":350,"height":200,"srcset":"https:\/\/i0.wp.com\/www.grieta.org.mx\/wp-content\/uploads\/2019\/12\/ZAVATEPEC.jpg?resize=350%2C200 1x, https:\/\/i0.wp.com\/www.grieta.org.mx\/wp-content\/uploads\/2019\/12\/ZAVATEPEC.jpg?resize=525%2C300 1.5x, https:\/\/i0.wp.com\/www.grieta.org.mx\/wp-content\/uploads\/2019\/12\/ZAVATEPEC.jpg?resize=700%2C400 2x"},"classes":[]},{"id":40728,"url":"http:\/\/www.grieta.org.mx\/index.php\/2019\/10\/31\/llegan-maquinas-y-policias-al-rio-metlapanapa-puebla\/","url_meta":{"origin":43923,"position":4},"title":"Llegan m\u00e1quinas y polic\u00edas al r\u00edo Metlapanapa (Puebla)","author":"Admin","date":"31 octubre, 2019","format":false,"excerpt":"Polic\u00edas estatales y la Guardia Nacional llegaron en resguardo de las m\u00e1quinas y agredieron a pobladores que intentaban impedir, por tercera ocasi\u00f3n, la construcci\u00f3n de un drenaje industrial en el r\u00edo Metlapanapa; la obra no tiene el permiso de las comunidades nahuas ni de la Comisi\u00f3n Nacional del Agua Texto:\u2026","rel":"","context":"En &quot;CINTILLO&quot;","block_context":{"text":"CINTILLO","link":"http:\/\/www.grieta.org.mx\/index.php\/category\/cintillo\/"},"img":{"alt_text":"","src":"https:\/\/i0.wp.com\/www.grieta.org.mx\/wp-content\/uploads\/2019\/10\/Pdp_rio_metlapanapa_especial-1140x570.jpg?resize=350%2C200","width":350,"height":200,"srcset":"https:\/\/i0.wp.com\/www.grieta.org.mx\/wp-content\/uploads\/2019\/10\/Pdp_rio_metlapanapa_especial-1140x570.jpg?resize=350%2C200 1x, https:\/\/i0.wp.com\/www.grieta.org.mx\/wp-content\/uploads\/2019\/10\/Pdp_rio_metlapanapa_especial-1140x570.jpg?resize=525%2C300 1.5x, https:\/\/i0.wp.com\/www.grieta.org.mx\/wp-content\/uploads\/2019\/10\/Pdp_rio_metlapanapa_especial-1140x570.jpg?resize=700%2C400 2x, https:\/\/i0.wp.com\/www.grieta.org.mx\/wp-content\/uploads\/2019\/10\/Pdp_rio_metlapanapa_especial-1140x570.jpg?resize=1050%2C600 3x"},"classes":[]},{"id":40748,"url":"http:\/\/www.grieta.org.mx\/index.php\/2019\/10\/21\/huejotzingo-se-levanta-para-salvar-rio-puebla\/","url_meta":{"origin":43923,"position":5},"title":"Huejotzingo se levanta para salvar r\u00edo (Puebla)","author":"Admin","date":"21 octubre, 2019","format":false,"excerpt":"Los habitantes de los municipios del corredor industrial de Huejotzingo, Puebla pusieron un alto a las descargas industriales en el R\u00edo Metlapanapa. Acciones de resistencia que los llevaron a mantener bloqueos permanentes y la toma de uno de los ayuntamientos de las faldas del volc\u00e1n Las aguas del r\u00edo Metlapanapa,\u2026","rel":"","context":"En &quot;CINTILLO&quot;","block_context":{"text":"CINTILLO","link":"http:\/\/www.grieta.org.mx\/index.php\/category\/cintillo\/"},"img":{"alt_text":"","src":"https:\/\/i0.wp.com\/www.grieta.org.mx\/wp-content\/uploads\/2019\/11\/Captura-de-pantalla-2019-11-01-12.48.20.png?resize=350%2C200","width":350,"height":200,"srcset":"https:\/\/i0.wp.com\/www.grieta.org.mx\/wp-content\/uploads\/2019\/11\/Captura-de-pantalla-2019-11-01-12.48.20.png?resize=350%2C200 1x, https:\/\/i0.wp.com\/www.grieta.org.mx\/wp-content\/uploads\/2019\/11\/Captura-de-pantalla-2019-11-01-12.48.20.png?resize=525%2C300 1.5x, https:\/\/i0.wp.com\/www.grieta.org.mx\/wp-content\/uploads\/2019\/11\/Captura-de-pantalla-2019-11-01-12.48.20.png?resize=700%2C400 2x"},"classes":[]}],"_links":{"self":[{"href":"http:\/\/www.grieta.org.mx\/index.php\/wp-json\/wp\/v2\/posts\/43923","targetHints":{"allow":["GET"]}}],"collection":[{"href":"http:\/\/www.grieta.org.mx\/index.php\/wp-json\/wp\/v2\/posts"}],"about":[{"href":"http:\/\/www.grieta.org.mx\/index.php\/wp-json\/wp\/v2\/types\/post"}],"author":[{"embeddable":true,"href":"http:\/\/www.grieta.org.mx\/index.php\/wp-json\/wp\/v2\/users\/1"}],"replies":[{"embeddable":true,"href":"http:\/\/www.grieta.org.mx\/index.php\/wp-json\/wp\/v2\/comments?post=43923"}],"version-history":[{"count":1,"href":"http:\/\/www.grieta.org.mx\/index.php\/wp-json\/wp\/v2\/posts\/43923\/revisions"}],"predecessor-version":[{"id":43925,"href":"http:\/\/www.grieta.org.mx\/index.php\/wp-json\/wp\/v2\/posts\/43923\/revisions\/43925"}],"wp:featuredmedia":[{"embeddable":true,"href":"http:\/\/www.grieta.org.mx\/index.php\/wp-json\/wp\/v2\/media\/43924"}],"wp:attachment":[{"href":"http:\/\/www.grieta.org.mx\/index.php\/wp-json\/wp\/v2\/media?parent=43923"}],"wp:term":[{"taxonomy":"category","embeddable":true,"href":"http:\/\/www.grieta.org.mx\/index.php\/wp-json\/wp\/v2\/categories?post=43923"},{"taxonomy":"post_tag","embeddable":true,"href":"http:\/\/www.grieta.org.mx\/index.php\/wp-json\/wp\/v2\/tags?post=43923"}],"curies":[{"name":"wp","href":"https:\/\/api.w.org\/{rel}","templated":true}]}}