{"id":43836,"date":"2020-01-27T23:30:25","date_gmt":"2020-01-28T05:30:25","guid":{"rendered":"http:\/\/www.grieta.org.mx\/?p=43836"},"modified":"2020-02-02T00:00:49","modified_gmt":"2020-02-02T06:00:49","slug":"me-violaron-dentro-de-la-universidad-asi-han-denunciado-acoso-en-chapingo-estado-de-mexico","status":"publish","type":"post","link":"http:\/\/www.grieta.org.mx\/index.php\/2020\/01\/27\/me-violaron-dentro-de-la-universidad-asi-han-denunciado-acoso-en-chapingo-estado-de-mexico\/","title":{"rendered":"&#8220;Me violaron dentro de la Universidad&#8221;, as\u00ed han denunciado acoso en Chapingo (Estado de M\u00e9xico)"},"content":{"rendered":"<p><img loading=\"lazy\" decoding=\"async\" data-attachment-id=\"43841\" data-permalink=\"http:\/\/www.grieta.org.mx\/index.php\/2020\/01\/27\/me-violaron-dentro-de-la-universidad-asi-han-denunciado-acoso-en-chapingo-estado-de-mexico\/me-violaron-dentro-de-la-universidad-asi-han-denunciado-acoso-en-chapingo-edomex-feb\/\" data-orig-file=\"http:\/\/www.grieta.org.mx\/wp-content\/uploads\/2020\/02\/Me-violaron-dentro-de-la-Universidad-as\u00ed-han-denunciado-acoso-en-Chapingo-edomex-feb.jpg\" data-orig-size=\"298,169\" data-comments-opened=\"0\" data-image-meta=\"{&quot;aperture&quot;:&quot;0&quot;,&quot;credit&quot;:&quot;&quot;,&quot;camera&quot;:&quot;&quot;,&quot;caption&quot;:&quot;&quot;,&quot;created_timestamp&quot;:&quot;0&quot;,&quot;copyright&quot;:&quot;&quot;,&quot;focal_length&quot;:&quot;0&quot;,&quot;iso&quot;:&quot;0&quot;,&quot;shutter_speed&quot;:&quot;0&quot;,&quot;title&quot;:&quot;&quot;,&quot;orientation&quot;:&quot;0&quot;}\" data-image-title=\"Me violaron dentro de la Universidad, as\u00ed han denunciado acoso en Chapingo edomex feb\" data-image-description=\"\" data-image-caption=\"\" data-medium-file=\"http:\/\/www.grieta.org.mx\/wp-content\/uploads\/2020\/02\/Me-violaron-dentro-de-la-Universidad-as\u00ed-han-denunciado-acoso-en-Chapingo-edomex-feb.jpg\" data-large-file=\"http:\/\/www.grieta.org.mx\/wp-content\/uploads\/2020\/02\/Me-violaron-dentro-de-la-Universidad-as\u00ed-han-denunciado-acoso-en-Chapingo-edomex-feb.jpg\" class=\"aligncenter size-full wp-image-43841\" src=\"http:\/\/www.grieta.org.mx\/wp-content\/uploads\/2020\/02\/Me-violaron-dentro-de-la-Universidad-as\u00ed-han-denunciado-acoso-en-Chapingo-edomex-feb.jpg\" alt=\"\" width=\"298\" height=\"169\" \/><br \/>\nJuan L\u00e1zaro \/ La Silla Rota<\/p>\n<blockquote><p>Tras el feminicidio de Nazareth, las estudiantes han hecho p\u00fablicos sus casos de violencia de g\u00e9nero y hasta el momento el tendedero re\u00fane m\u00e1s de 100 denuncias<\/p><\/blockquote>\n<p>&#8220;El profesor de matem\u00e1ticas de preparatoria agr\u00edcola Vicente &#8220;N&#8221;, quiso un beso a cambio de pasar su materia&#8221; expuso una alumna de la Universidad Aut\u00f3noma Chapingo (UACh) en el &#8220;tendedero&#8221; que implement\u00f3 He For She Chapingo, un movimiento solidario para lograr la igualdad de g\u00e9nero en esa instituci\u00f3n agr\u00edcola, avalada por la ONU mujeres.<\/p>\n<p>Desde el viernes 24 de enero, empezaron a llegar chicas de preparatoria agr\u00edcola y de las facultades<br \/>\nde la UACh para exponer casos de acosos sexuales por parte de profesores, trabajadores y alumnos de ese plantel educativo.<\/p>\n<p><img loading=\"lazy\" decoding=\"async\" data-attachment-id=\"43843\" data-permalink=\"http:\/\/www.grieta.org.mx\/index.php\/2020\/01\/27\/me-violaron-dentro-de-la-universidad-asi-han-denunciado-acoso-en-chapingo-estado-de-mexico\/download-chapingo\/\" data-orig-file=\"http:\/\/www.grieta.org.mx\/wp-content\/uploads\/2020\/02\/download-chapingo.jpg\" data-orig-size=\"259,194\" data-comments-opened=\"0\" data-image-meta=\"{&quot;aperture&quot;:&quot;0&quot;,&quot;credit&quot;:&quot;&quot;,&quot;camera&quot;:&quot;&quot;,&quot;caption&quot;:&quot;&quot;,&quot;created_timestamp&quot;:&quot;0&quot;,&quot;copyright&quot;:&quot;&quot;,&quot;focal_length&quot;:&quot;0&quot;,&quot;iso&quot;:&quot;0&quot;,&quot;shutter_speed&quot;:&quot;0&quot;,&quot;title&quot;:&quot;&quot;,&quot;orientation&quot;:&quot;0&quot;}\" data-image-title=\"download chapingo\" data-image-description=\"\" data-image-caption=\"\" data-medium-file=\"http:\/\/www.grieta.org.mx\/wp-content\/uploads\/2020\/02\/download-chapingo.jpg\" data-large-file=\"http:\/\/www.grieta.org.mx\/wp-content\/uploads\/2020\/02\/download-chapingo.jpg\" class=\"aligncenter size-full wp-image-43843\" src=\"http:\/\/www.grieta.org.mx\/wp-content\/uploads\/2020\/02\/download-chapingo.jpg\" alt=\"\" width=\"259\" height=\"194\" \/><\/p>\n<p>El movimiento para exponer en un &#8220;tendedero&#8221; sobre los acosos y violaciones sexuales escogi\u00f3 el llamado &#8220;\u00e1rbol de los acuerdos&#8221; para colocar los textos en cartulinas.<\/p>\n<p>Asimismo, promovieron el hashtag &#8220;Aqu\u00edTambienPasa&#8221; para hacer conciencia en las autoridades universitarias de Chapingo, para que tomen medidas para disminuir los acosos y abusos en contra de las mujeres estudiantes.<\/p>\n<p><img loading=\"lazy\" decoding=\"async\" data-attachment-id=\"43844\" data-permalink=\"http:\/\/www.grieta.org.mx\/index.php\/2020\/01\/27\/me-violaron-dentro-de-la-universidad-asi-han-denunciado-acoso-en-chapingo-estado-de-mexico\/download-chapingo2\/\" data-orig-file=\"http:\/\/www.grieta.org.mx\/wp-content\/uploads\/2020\/02\/download-chapingo2.jpg\" data-orig-size=\"259,194\" data-comments-opened=\"0\" data-image-meta=\"{&quot;aperture&quot;:&quot;0&quot;,&quot;credit&quot;:&quot;&quot;,&quot;camera&quot;:&quot;&quot;,&quot;caption&quot;:&quot;&quot;,&quot;created_timestamp&quot;:&quot;0&quot;,&quot;copyright&quot;:&quot;&quot;,&quot;focal_length&quot;:&quot;0&quot;,&quot;iso&quot;:&quot;0&quot;,&quot;shutter_speed&quot;:&quot;0&quot;,&quot;title&quot;:&quot;&quot;,&quot;orientation&quot;:&quot;0&quot;}\" data-image-title=\"download chapingo2\" data-image-description=\"\" data-image-caption=\"\" data-medium-file=\"http:\/\/www.grieta.org.mx\/wp-content\/uploads\/2020\/02\/download-chapingo2.jpg\" data-large-file=\"http:\/\/www.grieta.org.mx\/wp-content\/uploads\/2020\/02\/download-chapingo2.jpg\" class=\"aligncenter size-full wp-image-43844\" src=\"http:\/\/www.grieta.org.mx\/wp-content\/uploads\/2020\/02\/download-chapingo2.jpg\" alt=\"\" width=\"259\" height=\"194\" \/><\/p>\n<p>Aunque el mismo viernes una funcionaria de la UACh intent\u00f3 evitar la colocaci\u00f3n del &#8220;tendedero&#8221;, las alumnas no cedieron y colocaron sus respectivos casos.<\/p>\n<p>El 25 de enero, la organizaci\u00f3n He For She Chapingo, inform\u00f3 que en las primeras horas que se inicio este movimiento ya hab\u00eda 31 denuncias expuestas en el &#8220;\u00e1rbol de los acuerdos&#8221; frente a la rector\u00eda.<\/p>\n<p>Posteriormente, se colocaron m\u00e1s hasta llegar a 180 el s\u00e1bado 25 de enero. Las denuncias van desde pedir un beso a cambio de pasar una materia hasta caso de violaciones que jam\u00e1s se investigaron.<\/p>\n<p><img loading=\"lazy\" decoding=\"async\" data-attachment-id=\"43845\" data-permalink=\"http:\/\/www.grieta.org.mx\/index.php\/2020\/01\/27\/me-violaron-dentro-de-la-universidad-asi-han-denunciado-acoso-en-chapingo-estado-de-mexico\/download-chapingo3\/\" data-orig-file=\"http:\/\/www.grieta.org.mx\/wp-content\/uploads\/2020\/02\/download-chapingo3.jpg\" data-orig-size=\"194,259\" data-comments-opened=\"0\" data-image-meta=\"{&quot;aperture&quot;:&quot;0&quot;,&quot;credit&quot;:&quot;&quot;,&quot;camera&quot;:&quot;&quot;,&quot;caption&quot;:&quot;&quot;,&quot;created_timestamp&quot;:&quot;0&quot;,&quot;copyright&quot;:&quot;&quot;,&quot;focal_length&quot;:&quot;0&quot;,&quot;iso&quot;:&quot;0&quot;,&quot;shutter_speed&quot;:&quot;0&quot;,&quot;title&quot;:&quot;&quot;,&quot;orientation&quot;:&quot;0&quot;}\" data-image-title=\"download chapingo3\" data-image-description=\"\" data-image-caption=\"\" data-medium-file=\"http:\/\/www.grieta.org.mx\/wp-content\/uploads\/2020\/02\/download-chapingo3.jpg\" data-large-file=\"http:\/\/www.grieta.org.mx\/wp-content\/uploads\/2020\/02\/download-chapingo3.jpg\" class=\"aligncenter size-full wp-image-43845\" src=\"http:\/\/www.grieta.org.mx\/wp-content\/uploads\/2020\/02\/download-chapingo3.jpg\" alt=\"\" width=\"194\" height=\"259\" \/><\/p>\n<p>&#8220;Estaba en segundo de preparatoria cuando me violaron dentro de la universidad, no se sigui\u00f3 la investigaci\u00f3n ni tuve apoyo de la escuela. El delito sigue impune&#8221;, se lee en uno de los textos.<\/p>\n<p>Otro dec\u00eda: &#8220;Mi compa\u00f1era de cuarto fue atacada por su ex, en ese entonces era su novio, el chico trat\u00f3 de asfixiarla, ahorc\u00e1ndola, adem\u00e1s de morderla en las mu\u00f1ecas con la intenci\u00f3n de da\u00f1ar sus venas&#8221;.<\/p>\n<p>ASESINATO DE NAZARET DETONA MOVIMIENTO DE DENUNCIAS<\/p>\n<p>El 19 de diciembre de 2019, Nazaret Bautista qued\u00f3 de verse con un amigo a las 17 horas en la llamada &#8220;Meche&#8221; despu\u00e9s ya no la volvieron a ver.<\/p>\n<p>Dos de sus compa\u00f1eras de habitaci\u00f3n reportaron que Nazaret, de 15 a\u00f1os, no lleg\u00f3 a dormir.<\/p>\n<p>Nazaret fue asesinada esa misma tarde por uno de sus compa\u00f1eros de preparatoria agr\u00edcola que fue despechado por la chica que se neg\u00f3 a ser su novia.<\/p>\n<p>Su cuerpo fue metido en una especie de caja de agua al interior de la UACh y no fue localizado hasta el 23 de diciembre.<\/p>\n<p><img loading=\"lazy\" decoding=\"async\" data-attachment-id=\"43846\" data-permalink=\"http:\/\/www.grieta.org.mx\/index.php\/2020\/01\/27\/me-violaron-dentro-de-la-universidad-asi-han-denunciado-acoso-en-chapingo-estado-de-mexico\/download-chapingo4\/\" data-orig-file=\"http:\/\/www.grieta.org.mx\/wp-content\/uploads\/2020\/02\/download-chapingo4.jpg\" data-orig-size=\"194,259\" data-comments-opened=\"0\" data-image-meta=\"{&quot;aperture&quot;:&quot;0&quot;,&quot;credit&quot;:&quot;&quot;,&quot;camera&quot;:&quot;&quot;,&quot;caption&quot;:&quot;&quot;,&quot;created_timestamp&quot;:&quot;0&quot;,&quot;copyright&quot;:&quot;&quot;,&quot;focal_length&quot;:&quot;0&quot;,&quot;iso&quot;:&quot;0&quot;,&quot;shutter_speed&quot;:&quot;0&quot;,&quot;title&quot;:&quot;&quot;,&quot;orientation&quot;:&quot;0&quot;}\" data-image-title=\"download chapingo4\" data-image-description=\"\" data-image-caption=\"\" data-medium-file=\"http:\/\/www.grieta.org.mx\/wp-content\/uploads\/2020\/02\/download-chapingo4.jpg\" data-large-file=\"http:\/\/www.grieta.org.mx\/wp-content\/uploads\/2020\/02\/download-chapingo4.jpg\" class=\"aligncenter size-full wp-image-43846\" src=\"http:\/\/www.grieta.org.mx\/wp-content\/uploads\/2020\/02\/download-chapingo4.jpg\" alt=\"\" width=\"194\" height=\"259\" \/><\/p>\n<p>Este feminicidio impacto en el \u00e1nimo de las estudiantes que realizaron una concentraci\u00f3n frente a las oficinas del rector Jos\u00e9 Solis Ram\u00edrez para exigir justicia.<\/p>\n<p>Solo la detenci\u00f3n de un compa\u00f1ero de Nazaret por parte de la Fiscal\u00eda General de Justicia del estado de M\u00e9xico calm\u00f3 las exhaltaciones en la UACh, pero naci\u00f3 la iniciativa del &#8220;tenderero&#8221; que implement\u00f3 He For She para hacer visible los acosos sexuales.<\/p>\n<p>Al interior de la UACh las estudiantes sufren todo tipo de violaciones a sus condiciones de mujeres. &#8220;Mi ex novio me golpeaba cada vez que ten\u00eda un ataque de celos o ansiedad, luego me manipulaba para hacerme creer que era mi culpa&#8221;.<\/p>\n<p>No s\u00f3lo los novios hacen a las mujeres sus v\u00edctimas sino tambi\u00e9n los profesores, en los textos colocados en el &#8220;tendedero&#8221; se expone en dos ocasiones el nombre de un maestro de matem\u00e1ticas de la preparatoria agr\u00edcola como un consumado acosador sexual.<\/p>\n<p><img loading=\"lazy\" decoding=\"async\" data-attachment-id=\"43847\" data-permalink=\"http:\/\/www.grieta.org.mx\/index.php\/2020\/01\/27\/me-violaron-dentro-de-la-universidad-asi-han-denunciado-acoso-en-chapingo-estado-de-mexico\/download-chapingo5\/\" data-orig-file=\"http:\/\/www.grieta.org.mx\/wp-content\/uploads\/2020\/02\/download-chapingo5.jpg\" data-orig-size=\"194,259\" data-comments-opened=\"0\" data-image-meta=\"{&quot;aperture&quot;:&quot;0&quot;,&quot;credit&quot;:&quot;&quot;,&quot;camera&quot;:&quot;&quot;,&quot;caption&quot;:&quot;&quot;,&quot;created_timestamp&quot;:&quot;0&quot;,&quot;copyright&quot;:&quot;&quot;,&quot;focal_length&quot;:&quot;0&quot;,&quot;iso&quot;:&quot;0&quot;,&quot;shutter_speed&quot;:&quot;0&quot;,&quot;title&quot;:&quot;&quot;,&quot;orientation&quot;:&quot;0&quot;}\" data-image-title=\"download chapingo5\" data-image-description=\"\" data-image-caption=\"\" data-medium-file=\"http:\/\/www.grieta.org.mx\/wp-content\/uploads\/2020\/02\/download-chapingo5.jpg\" data-large-file=\"http:\/\/www.grieta.org.mx\/wp-content\/uploads\/2020\/02\/download-chapingo5.jpg\" class=\"aligncenter size-full wp-image-43847\" src=\"http:\/\/www.grieta.org.mx\/wp-content\/uploads\/2020\/02\/download-chapingo5.jpg\" alt=\"\" width=\"194\" height=\"259\" \/><\/p>\n<p>SILENCIO EN LA UACh<\/p>\n<p>A pesar del movimiento del &#8220;tendedero&#8221; de los acosos sexuales hacia las alumnas de la UACh, sus directivos han guardado silencio y hasta el momento no promueven alguna medida para evitar que las mujeres sigan siendo v\u00edctimas de los profesores, alumnos y empleados.<\/p>\n<p><img loading=\"lazy\" decoding=\"async\" data-attachment-id=\"43848\" data-permalink=\"http:\/\/www.grieta.org.mx\/index.php\/2020\/01\/27\/me-violaron-dentro-de-la-universidad-asi-han-denunciado-acoso-en-chapingo-estado-de-mexico\/download-chapingo6\/\" data-orig-file=\"http:\/\/www.grieta.org.mx\/wp-content\/uploads\/2020\/02\/download-chapingo6.jpg\" data-orig-size=\"194,259\" data-comments-opened=\"0\" data-image-meta=\"{&quot;aperture&quot;:&quot;0&quot;,&quot;credit&quot;:&quot;&quot;,&quot;camera&quot;:&quot;&quot;,&quot;caption&quot;:&quot;&quot;,&quot;created_timestamp&quot;:&quot;0&quot;,&quot;copyright&quot;:&quot;&quot;,&quot;focal_length&quot;:&quot;0&quot;,&quot;iso&quot;:&quot;0&quot;,&quot;shutter_speed&quot;:&quot;0&quot;,&quot;title&quot;:&quot;&quot;,&quot;orientation&quot;:&quot;0&quot;}\" data-image-title=\"download chapingo6\" data-image-description=\"\" data-image-caption=\"\" data-medium-file=\"http:\/\/www.grieta.org.mx\/wp-content\/uploads\/2020\/02\/download-chapingo6.jpg\" data-large-file=\"http:\/\/www.grieta.org.mx\/wp-content\/uploads\/2020\/02\/download-chapingo6.jpg\" class=\"aligncenter size-full wp-image-43848\" src=\"http:\/\/www.grieta.org.mx\/wp-content\/uploads\/2020\/02\/download-chapingo6.jpg\" alt=\"\" width=\"194\" height=\"259\" \/><\/p>\n<p>Solo el rector Jos\u00e9 Solis Ram\u00edrez, luego de la muerte de Nazaret, coloco mamparas con un mensaje para imponer &#8220;cero tolerancia para la violencia de g\u00e9nero, micromachismo y todo tipo de hostigamiento y acoso sexual&#8221; .<\/p>\n<p>Pero a\u00fan no informa a los alumnos de esta universidad agr\u00edcola programas de orientaci\u00f3n y prevenci\u00f3n que ayuden a erradicar la violencia contra las alumnas de la Universidad Aut\u00f3noma Chapingo.<\/p>\n<p><a href=\"https:\/\/lasillarota.com\/metropoli\/me-violaron-dentro-de-la-universidad-asi-han-denunciado-acoso-en-chapingo-feminicidio-estudiantes-uach-violacion\/356261\" target=\"_blank\" rel=\"noopener noreferrer\">https:\/\/lasillarota.com\/metropoli\/me-violaron-dentro-de-la-universidad-asi-han-denunciado-acoso-en-chapingo-feminicidio-estudiantes-uach-violacion\/356261<\/a><\/p>\n","protected":false},"excerpt":{"rendered":"<p>Juan L\u00e1zaro \/ La Silla Rota Tras el feminicidio de Nazareth, las estudiantes han hecho p\u00fablicos sus casos de violencia de g\u00e9nero y hasta el momento el tendedero re\u00fane m\u00e1s &hellip; <a href=\"http:\/\/www.grieta.org.mx\/index.php\/2020\/01\/27\/me-violaron-dentro-de-la-universidad-asi-han-denunciado-acoso-en-chapingo-estado-de-mexico\/\" class=\"more-link\">Leer m\u00e1s<\/a><\/p>\n","protected":false},"author":2,"featured_media":43841,"comment_status":"closed","ping_status":"closed","sticky":false,"template":"","format":"standard","meta":{"ngg_post_thumbnail":0,"_jetpack_newsletter_access":"","_jetpack_dont_email_post_to_subs":false,"_jetpack_newsletter_tier_id":0,"_jetpack_memberships_contains_paywalled_content":false,"_jetpack_memberships_contains_paid_content":false,"footnotes":""},"categories":[80,916,2900,16,84,1013,2151,2,83,2720],"tags":[1824,2566,2683,81,1565,1630],"class_list":["post-43836","post","type-post","status-publish","format-standard","has-post-thumbnail","hentry","category-cintillo","category-privatizacion-del-la-educacion-publica","category-crisis-en-el-sistema-educativo-en-el-estado-de-mexico","category-estado-de-mexico","category-feminicidios","category-feminicios-en-el-estado-de-mexico","category-movilizaciones-en-la-universidad-autonoma-de-chapingo","category-noticias-nacionales","category-temas-nacionales","category-violencia-contra-las-mujeres-en-el-estado-de-mexico","tag-acoso-sexual","tag-crisis-en-el-sistema-educativo","tag-estudiantes-organizados","tag-feminicidios","tag-violencia-contra-estudiantes","tag-violencia-contra-las-mujeres","entry"],"jetpack_featured_media_url":"http:\/\/www.grieta.org.mx\/wp-content\/uploads\/2020\/02\/Me-violaron-dentro-de-la-Universidad-as\u00ed-han-denunciado-acoso-en-Chapingo-edomex-feb.jpg","jetpack_sharing_enabled":true,"jetpack_shortlink":"https:\/\/wp.me\/p7ZJR4-bp2","jetpack_likes_enabled":false,"jetpack-related-posts":[{"id":42516,"url":"http:\/\/www.grieta.org.mx\/index.php\/2019\/12\/26\/queremos-vivir-sin-miedo-protestan-por-feminicidio-de-nazaret-estudiante-de-chapingo-estado-de-mexico\/","url_meta":{"origin":43836,"position":0},"title":"Queremos vivir sin miedo\u201d: protestan por feminicidio de Nazaret, estudiante de Chapingo (Estado de M\u00e9xico)","author":"grieta","date":"26 diciembre, 2019","format":false,"excerpt":"@romoblank Animal Pol\u00edtico Los alumnos guardaron un minuto de silencio en honor a su compa\u00f1era estudiante. Estudiantes de la Universidad Aut\u00f3noma de Chapingo, en Texcoco, Estado de M\u00e9xico, protestan por el feminicidio de Nazaret Bautista, alumna de la Preparatoria Agr\u00edcola de esta casa de estudios. El 23 de diciembre, autoridades\u2026","rel":"","context":"En &quot;CINTILLO&quot;","block_context":{"text":"CINTILLO","link":"http:\/\/www.grieta.org.mx\/index.php\/category\/cintillo\/"},"img":{"alt_text":"","src":"https:\/\/i0.wp.com\/www.grieta.org.mx\/wp-content\/uploads\/2019\/12\/Queremos-vivir-sin-miedo-protestan-por-feminicidio-de-Nazaret-estudiante-de-Chapingo-edomex-dic.png?resize=350%2C200","width":350,"height":200,"srcset":"https:\/\/i0.wp.com\/www.grieta.org.mx\/wp-content\/uploads\/2019\/12\/Queremos-vivir-sin-miedo-protestan-por-feminicidio-de-Nazaret-estudiante-de-Chapingo-edomex-dic.png?resize=350%2C200 1x, https:\/\/i0.wp.com\/www.grieta.org.mx\/wp-content\/uploads\/2019\/12\/Queremos-vivir-sin-miedo-protestan-por-feminicidio-de-Nazaret-estudiante-de-Chapingo-edomex-dic.png?resize=525%2C300 1.5x"},"classes":[]},{"id":40775,"url":"http:\/\/www.grieta.org.mx\/index.php\/2019\/10\/30\/se-han-presentado-77-denuncias-por-acoso-en-la-fes-cuautitlan-estado-de-mexico\/","url_meta":{"origin":43836,"position":1},"title":"SE HAN PRESENTADO 77 DENUNCIAS POR ACOSO EN LA FES CUAUTITL\u00c1N (Estado de M\u00e9xico)","author":"grieta","date":"30 octubre, 2019","format":false,"excerpt":"Reporte \u00cdndigo En la FES Cuautitl\u00e1n, alumnas ha presentado 77 denuncias por acoso sexual; los responsables han recibido amonestaciones, expulsi\u00f3n o rescisi\u00f3n Las denuncias por acoso sexual por parte de estudiantes de la FES Cuautitl\u00e1n se elev\u00f3 a 77. Por lo anterior, la Facultad de Estudios Superiores de la Universidad\u2026","rel":"","context":"En &quot;CINTILLO&quot;","block_context":{"text":"CINTILLO","link":"http:\/\/www.grieta.org.mx\/index.php\/category\/cintillo\/"},"img":{"alt_text":"","src":"https:\/\/i0.wp.com\/www.grieta.org.mx\/wp-content\/uploads\/2019\/11\/SE-HAN-PRESENTADO-77-DENUNCIAS-POR-ACOSO-EN-LA-FES-CUAUTITL%C3%81N-edomex-nov.jpg?resize=350%2C200","width":350,"height":200},"classes":[]},{"id":46084,"url":"http:\/\/www.grieta.org.mx\/index.php\/2020\/03\/12\/denuncian-acoso-sexual-alumnas-de-la-salle-en-neza-estado-de-mexico\/","url_meta":{"origin":43836,"position":2},"title":"Denuncian acoso sexual alumnas de La Salle en Neza (Estado de M\u00e9xico)","author":"grieta","date":"12 marzo, 2020","format":false,"excerpt":"Las alumnas denuncian a algunos profesores, personal acad\u00e9mico y compa\u00f1eros de la universidad. Foto: Carlos Jim\u00e9nez Excelsior Un centenar de denuncias escritas en hojas de papel que fueron pegadas en la entrada del plantel ubicado sobre avenida Bordo de Xochiaca Un grupo de estudiantes de preparatoria de la Universidad La\u2026","rel":"","context":"En &quot;CINTILLO&quot;","block_context":{"text":"CINTILLO","link":"http:\/\/www.grieta.org.mx\/index.php\/category\/cintillo\/"},"img":{"alt_text":"","src":"https:\/\/i0.wp.com\/www.grieta.org.mx\/wp-content\/uploads\/2020\/03\/Denuncian-acoso-sexual-alumnas-de-La-Salle-en-Neza-edomex-mzo.jpg?resize=350%2C200","width":350,"height":200,"srcset":"https:\/\/i0.wp.com\/www.grieta.org.mx\/wp-content\/uploads\/2020\/03\/Denuncian-acoso-sexual-alumnas-de-La-Salle-en-Neza-edomex-mzo.jpg?resize=350%2C200 1x, https:\/\/i0.wp.com\/www.grieta.org.mx\/wp-content\/uploads\/2020\/03\/Denuncian-acoso-sexual-alumnas-de-La-Salle-en-Neza-edomex-mzo.jpg?resize=525%2C300 1.5x"},"classes":[]},{"id":43996,"url":"http:\/\/www.grieta.org.mx\/index.php\/2020\/02\/06\/entregan-cch-vallejo-tras-dos-dias-de-paro-ciudad-de-mexico\/","url_meta":{"origin":43836,"position":3},"title":"Entregan CCH Vallejo tras dos d\u00edas de paro (Ciudad de M\u00e9xico)","author":"grieta","date":"6 febrero, 2020","format":false,"excerpt":"El martes pasado, un grupo de alumnos decidi\u00f3 realizar un paro de labores. Foto: Cuartoscuro\/Archivo Notimex Las actividades acad\u00e9micas y administrativas se reanudar\u00e1n ma\u00f1ana viernes 7 en los horarios acostumbrados CIUDAD DE M\u00c9XICO. La Universidad Nacional Aut\u00f3noma de M\u00e9xico inform\u00f3 que esta tarde fueron entregadas a las autoridades las instalaciones\u2026","rel":"","context":"En &quot;CINTILLO&quot;","block_context":{"text":"CINTILLO","link":"http:\/\/www.grieta.org.mx\/index.php\/category\/cintillo\/"},"img":{"alt_text":"","src":"https:\/\/i0.wp.com\/www.grieta.org.mx\/wp-content\/uploads\/2020\/02\/Entregan-CCH-Vallejo-tras-dos-d%C3%ADas-de-paro-cdmx-feb.jpg?resize=350%2C200","width":350,"height":200,"srcset":"https:\/\/i0.wp.com\/www.grieta.org.mx\/wp-content\/uploads\/2020\/02\/Entregan-CCH-Vallejo-tras-dos-d%C3%ADas-de-paro-cdmx-feb.jpg?resize=350%2C200 1x, https:\/\/i0.wp.com\/www.grieta.org.mx\/wp-content\/uploads\/2020\/02\/Entregan-CCH-Vallejo-tras-dos-d%C3%ADas-de-paro-cdmx-feb.jpg?resize=525%2C300 1.5x"},"classes":[]},{"id":43398,"url":"http:\/\/www.grieta.org.mx\/index.php\/2020\/01\/23\/familiares-de-estudiantes-victimas-de-violencia-apoyan-paro-en-prepa-9-ciudad-de-mexico\/","url_meta":{"origin":43836,"position":4},"title":"Familiares de estudiantes v\u00edctimas de violencia apoyan paro en Prepa 9 (Ciudad de M\u00e9xico)","author":"grieta","date":"23 enero, 2020","format":false,"excerpt":"Foto: Cuartoscuro Aseneth Hern\u00e1ndez y Jordana Gonz\u00e1lez \/ Contral\u00ednea Familiares de estudiantes de la Universidad Nacional Aut\u00f3noma de M\u00e9xico (UNAM) que fueron v\u00edctimas de violencia y defensores de derechos humanos se reunieron con estudiantes de la Escuela Nacional Preparatoria 9 para ofrecer su apoyo a los j\u00f3venes que mantienen el\u2026","rel":"","context":"En &quot;CINTILLO&quot;","block_context":{"text":"CINTILLO","link":"http:\/\/www.grieta.org.mx\/index.php\/category\/cintillo\/"},"img":{"alt_text":"","src":"https:\/\/i0.wp.com\/www.grieta.org.mx\/wp-content\/uploads\/2020\/01\/Familiares-de-estudiantes-v%C3%ADctimas-de-violencia-apoyan-paro-en-Prepa-9-cdmx-ene.jpg?resize=350%2C200","width":350,"height":200,"srcset":"https:\/\/i0.wp.com\/www.grieta.org.mx\/wp-content\/uploads\/2020\/01\/Familiares-de-estudiantes-v%C3%ADctimas-de-violencia-apoyan-paro-en-Prepa-9-cdmx-ene.jpg?resize=350%2C200 1x, https:\/\/i0.wp.com\/www.grieta.org.mx\/wp-content\/uploads\/2020\/01\/Familiares-de-estudiantes-v%C3%ADctimas-de-violencia-apoyan-paro-en-Prepa-9-cdmx-ene.jpg?resize=525%2C300 1.5x"},"classes":[]},{"id":42629,"url":"http:\/\/www.grieta.org.mx\/index.php\/2019\/12\/14\/protesta-grafica-en-ciencias-politicas-las-paredes-se-limpian-ellas-no-vuelven-ciudad-de-mexico\/","url_meta":{"origin":43836,"position":5},"title":"Protesta gr\u00e1fica en Ciencias Pol\u00edticas: las paredes se limpian, ellas no vuelven (Ciudad de M\u00e9xico)","author":"grieta","date":"14 diciembre, 2019","format":false,"excerpt":"Marcial Yangali \/ Contral\u00ednea En las paredes de la Facultad de Ciencias Pol\u00edticas y Sociales de Ciudad Universitaria se alberga un reclamo generalizado contra la violencia sexual y de g\u00e9nero que padecen estudiantes, acad\u00e9micas y trabajadoras en el espacio escolar. Una protesta gr\u00e1fica contra la ineficacia de las autoridades de\u2026","rel":"","context":"En &quot;CINTILLO&quot;","block_context":{"text":"CINTILLO","link":"http:\/\/www.grieta.org.mx\/index.php\/category\/cintillo\/"},"img":{"alt_text":"","src":"https:\/\/i0.wp.com\/www.grieta.org.mx\/wp-content\/uploads\/2019\/12\/Protesta-gr%C3%A1fica-en-Ciencias-Pol%C3%ADticas-las-paredes-se-limpian-ellas-no-vuelven-cdmx-dic.jpg?resize=350%2C200","width":350,"height":200},"classes":[]}],"_links":{"self":[{"href":"http:\/\/www.grieta.org.mx\/index.php\/wp-json\/wp\/v2\/posts\/43836","targetHints":{"allow":["GET"]}}],"collection":[{"href":"http:\/\/www.grieta.org.mx\/index.php\/wp-json\/wp\/v2\/posts"}],"about":[{"href":"http:\/\/www.grieta.org.mx\/index.php\/wp-json\/wp\/v2\/types\/post"}],"author":[{"embeddable":true,"href":"http:\/\/www.grieta.org.mx\/index.php\/wp-json\/wp\/v2\/users\/2"}],"replies":[{"embeddable":true,"href":"http:\/\/www.grieta.org.mx\/index.php\/wp-json\/wp\/v2\/comments?post=43836"}],"version-history":[{"count":1,"href":"http:\/\/www.grieta.org.mx\/index.php\/wp-json\/wp\/v2\/posts\/43836\/revisions"}],"predecessor-version":[{"id":43849,"href":"http:\/\/www.grieta.org.mx\/index.php\/wp-json\/wp\/v2\/posts\/43836\/revisions\/43849"}],"wp:featuredmedia":[{"embeddable":true,"href":"http:\/\/www.grieta.org.mx\/index.php\/wp-json\/wp\/v2\/media\/43841"}],"wp:attachment":[{"href":"http:\/\/www.grieta.org.mx\/index.php\/wp-json\/wp\/v2\/media?parent=43836"}],"wp:term":[{"taxonomy":"category","embeddable":true,"href":"http:\/\/www.grieta.org.mx\/index.php\/wp-json\/wp\/v2\/categories?post=43836"},{"taxonomy":"post_tag","embeddable":true,"href":"http:\/\/www.grieta.org.mx\/index.php\/wp-json\/wp\/v2\/tags?post=43836"}],"curies":[{"name":"wp","href":"https:\/\/api.w.org\/{rel}","templated":true}]}}