{"id":437,"date":"2015-08-27T15:32:45","date_gmt":"2015-08-27T15:32:45","guid":{"rendered":"http:\/\/50.22.11.12\/~grietaor\/?p=437"},"modified":"2016-03-01T20:08:41","modified_gmt":"2016-03-01T20:08:41","slug":"pretenden-privatizar-la-presa-danxho-denuncian-campesinos-de-jilotepec","status":"publish","type":"post","link":"http:\/\/www.grieta.org.mx\/index.php\/2015\/08\/27\/pretenden-privatizar-la-presa-danxho-denuncian-campesinos-de-jilotepec\/","title":{"rendered":"Pretenden privatizar la presa Danxho denuncian campesinos de Jilotepec"},"content":{"rendered":"<p>Toluca, M\u00e9x. Al menos 10 representantes campesinos de 20 comunidades de la \u201cComisi\u00f3n Ciudadana Organizada para la Defensa de la Presa Danxho\u201d del municipio de Jilotepec, denunciaron que las autoridades federales pretenden privatizar la presa Danxho, con lo que perjudicar\u00e1n a cientos de personas en esta localidad ubicada en el municipio de Jilotepec.<\/p>\n<p>Esta ma\u00f1ana acudieron a la C\u00e1mara de Diputados para hacer p\u00fablico que pretenden privatizar el agua, entubarla y \u201cya no vamos a tener acceso al recurso, incluso hasta para los animales, ya no vamos a tener agua que abastece a miles, m\u00e1s de 20 comunidades y hasta 4 o 5 mil ciudadanos por cada una y privatizarla afectar\u00eda a 7 mil hect\u00e1reas empleadas para uso agr\u00edcola y agropecuario\u201d.<\/p>\n<p>El se\u00f1or Francisco Oporto Pedraza, campesino afectado, explic\u00f3 que son diversas las razones por las que vecinos est\u00e1n en contra de que la empresa VALSI sea quien administre el agua de la presa Danxho.<\/p>\n<p>\u201cDeclaramos en\u00e9rgicamente nuestra oposici\u00f3n al proyecto privatizador de la empresa VALSI, por m\u00faltiples razones, la primera es porque nunca fuimos convocados a ninguna asamblea general como lo dictan los estatutos de la Asociaci\u00f3n Civil del Distrito de Riego 044, quien es la que actualmente administra el agua.\u201d<\/p>\n<p>Los campesinos Pedro Luna, Ricardo Luna, Marcelino Alc\u00e1ntara, Emeterio Alc\u00e1ntara, Alejandro V\u00e1zquez y Francisco Oporto, integrantes de la Comisi\u00f3n, denunciaron que nunca fueron convocados a ninguna asamblea general, como lo dictan los estatutos, para tomar la decisi\u00f3n anunciada por la Comisi\u00f3n Nacional del Agua (Conagua).<\/p>\n<p>\u201cTajantemente, somos nosotros quienes lo vimos, pareciera que les urge porque ellos ya tienen la maquinaria, los tubos y todo, como no nos aterrizan bien sus comentarios y el lunes nos presentaron un proyecto seg\u00fan ellos que ha funcionado en Aguascalientes\u201d.<\/p>\n<p>Se\u00f1alaron que no ponen en duda la funcionalidad de este esquema, pero en este territorio con el clima que tienen \u201cno es el mejor\u201d, porque significa modificar el tipo de siembra de hortaliza, calabazas, zanahorias, fresas, jitomate, tomate, \u201cpero para eso hay que tener mercado, ellos dicen que nos van a abrir uno, pero nunca se comprometen\u201d.<\/p>\n<p>Agregaron que la Comisi\u00f3n Ciudadana Organizada para la Defensa de este afluente denunciaron complicidad de la Comisi\u00f3n Nacional del Agua (Conagua) para concesionarlo a la empresa VALSI, quien se tiene previsto la administre durante 30 a\u00f1os, en detrimento de los agricultores y ganaderos de la regi\u00f3n.<\/p>\n<p>\u201cRechazamos rotundamente la aplicaci\u00f3n de este proyecto de tecnificaci\u00f3n que pretende otorgar una concesi\u00f3n a una empresa privada para que \u00e9sta se encargue del manejo, distribuci\u00f3n, administraci\u00f3n y cobro del servicio de riego para siembra, que hasta hoy administra la Mesa Directiva\u201d, destacaron los campesinos.<\/p>\n<p>\u201cEl agua se la quieren vender al estado de Hidalgo, y tienen el objetivo de construir una ciudad modelo, una f\u00e1brica muy grande pero no nos dicen a d\u00f3nde se la van a llevar. La empresa va a hacer la obra y tomar\u00e1 la concesi\u00f3n\u201d.<\/p>\n<p>La empresa se har\u00eda cargo de todo el proyecto que llevar\u00eda una temporalidad de cuatro a\u00f1os, \u201cno entendemos, pero es una privatizaci\u00f3n, porque si ahorita toma agua el borrego, el pajarito, o un ciudadano, no hay problema pero despu\u00e9s que quieran hacerlo, nadie tendr\u00e1 acceso\u201d.<\/p>\n<p>Por otro lado, el se\u00f1or Marcelino Alc\u00e1ntara hizo un llamado a los campesinos mexicanos para que no permitir la entrada de semillas de importaci\u00f3n transg\u00e9nica ya a las autoridades federales a que apoyen al campo y a los campesinos para, mejorar su productividad con capacitaciones de calidad y subsidios reales.<\/p>\n<p>De su parte, el diputado local Octavio Mart\u00ednez Vargas reiter\u00f3 el apoyo a esta lucha, adem\u00e1s de que se opuso rotundamente a la privatizaci\u00f3n del agua, pues dijo que dejar la presa Danxho en manos de VALSI es el principio del proyecto privatizador que el gobierno federal tiene en planes.<\/p>\n<p>Finalmente, el legislador perredista dijo que dar\u00e1 seguimiento oportuno y apoyo pol\u00edtico a este caso, a\u00fan despu\u00e9s de que concluya la LVIII Legislatura, para detener la privatizaci\u00f3n del agua en el pa\u00eds.<\/p>\n<p><a href=\"http:\/\/www.red-accion.mx\/2015\/08\/pretenden-privatizar-la-presa-danxho.html#ixzz3k4kyPZTk\" target=\"_blank\">www.red-accion.mx\/2015\/08\/pretenden-privatizar-la-presa-danxho.html#ixzz3k4kyPZTk<\/a><\/p>\n","protected":false},"excerpt":{"rendered":"<p>Toluca, M\u00e9x. Al menos 10 representantes campesinos de 20 comunidades de la \u201cComisi\u00f3n Ciudadana Organizada para la Defensa de la Presa Danxho\u201d del municipio de Jilotepec, denunciaron que las autoridades &hellip; <a href=\"http:\/\/www.grieta.org.mx\/index.php\/2015\/08\/27\/pretenden-privatizar-la-presa-danxho-denuncian-campesinos-de-jilotepec\/\" class=\"more-link\">Leer m\u00e1s<\/a><\/p>\n","protected":false},"author":2,"featured_media":21928,"comment_status":"closed","ping_status":"open","sticky":false,"template":"","format":"standard","meta":{"ngg_post_thumbnail":0,"_jetpack_newsletter_access":"","_jetpack_dont_email_post_to_subs":false,"_jetpack_newsletter_tier_id":0,"_jetpack_memberships_contains_paywalled_content":false,"_jetpack_memberships_contains_paid_content":false,"footnotes":""},"categories":[80],"tags":[92],"class_list":["post-437","post","type-post","status-publish","format-standard","has-post-thumbnail","hentry","category-cintillo","tag-estado-de-mexico","entry"],"jetpack_featured_media_url":"http:\/\/www.grieta.org.mx\/wp-content\/uploads\/2018\/03\/14524434_1106112876131411_958039263622046936_o.jpg","jetpack_sharing_enabled":true,"jetpack_shortlink":"https:\/\/wp.me\/p7ZJR4-73","jetpack_likes_enabled":false,"jetpack-related-posts":[{"id":440,"url":"http:\/\/www.grieta.org.mx\/index.php\/2015\/08\/27\/denuncian-campesinos-intento-de-privatizacion-de-presa-danxho-en-edomex\/","url_meta":{"origin":437,"position":0},"title":"Denuncian campesinos intento de privatizaci\u00f3n de presa Danxho en Edomex","author":"grieta","date":"27 agosto, 2015","format":false,"excerpt":"27\/08\/15. Pretenden privatizar la presa Danxho denuncian campesinos de Jilotepec Red-Accion","rel":"","context":"En &quot;Estado de M\u00e9xico&quot;","block_context":{"text":"Estado de M\u00e9xico","link":"http:\/\/www.grieta.org.mx\/index.php\/category\/noticias-nacionales\/estado-de-mexico\/"},"img":{"alt_text":"","src":"https:\/\/i0.wp.com\/www.grieta.org.mx\/wp-content\/uploads\/2018\/03\/14524434_1106112876131411_958039263622046936_o.jpg?resize=350%2C200","width":350,"height":200,"srcset":"https:\/\/i0.wp.com\/www.grieta.org.mx\/wp-content\/uploads\/2018\/03\/14524434_1106112876131411_958039263622046936_o.jpg?resize=350%2C200 1x, https:\/\/i0.wp.com\/www.grieta.org.mx\/wp-content\/uploads\/2018\/03\/14524434_1106112876131411_958039263622046936_o.jpg?resize=525%2C300 1.5x, https:\/\/i0.wp.com\/www.grieta.org.mx\/wp-content\/uploads\/2018\/03\/14524434_1106112876131411_958039263622046936_o.jpg?resize=700%2C400 2x"},"classes":[]},{"id":34730,"url":"http:\/\/www.grieta.org.mx\/index.php\/2019\/06\/05\/pretenden-privatizar-playa-de-bucerias-y-la-cruz-de-huanacaxtle-nayarit\/","url_meta":{"origin":437,"position":1},"title":"Pretenden Privatizar Playa de Bucer\u00edas y La Cruz de Huanacaxtle (Nayarit)","author":"grieta","date":"5 junio, 2019","format":false,"excerpt":"Desarrollos tur\u00edsticos a diestra y siniestra meten toneladas de piedras en playa y mar de Bah\u00eda de Banderas, Nayarit; son Punta Esmeralda y Desarrollo Narval, seg\u00fan reportan desde estas comunidades Paty Aguilar \/ La Opini\u00f3n de la Bah\u00eda Presumen vecinos de Bucer\u00edas y la Cruz de Huanacaxtle de Bah\u00eda de\u2026","rel":"","context":"En &quot;CINTILLO&quot;","block_context":{"text":"CINTILLO","link":"http:\/\/www.grieta.org.mx\/index.php\/category\/cintillo\/"},"img":{"alt_text":"","src":"https:\/\/i0.wp.com\/www.grieta.org.mx\/wp-content\/uploads\/2019\/06\/Espigones-Punta-Esmeralda02-1024x480.jpg?resize=350%2C200","width":350,"height":200,"srcset":"https:\/\/i0.wp.com\/www.grieta.org.mx\/wp-content\/uploads\/2019\/06\/Espigones-Punta-Esmeralda02-1024x480.jpg?resize=350%2C200 1x, https:\/\/i0.wp.com\/www.grieta.org.mx\/wp-content\/uploads\/2019\/06\/Espigones-Punta-Esmeralda02-1024x480.jpg?resize=525%2C300 1.5x, https:\/\/i0.wp.com\/www.grieta.org.mx\/wp-content\/uploads\/2019\/06\/Espigones-Punta-Esmeralda02-1024x480.jpg?resize=700%2C400 2x"},"classes":[]},{"id":26439,"url":"http:\/\/www.grieta.org.mx\/index.php\/2018\/09\/14\/ejidatarios-se-quejan-por-engano-de-conagua-san-luis-potosi\/","url_meta":{"origin":437,"position":2},"title":"Ejidatarios se quejan por enga\u00f1o de Conagua (San Luis Potos\u00ed)","author":"grieta","date":"14 septiembre, 2018","format":false,"excerpt":"Patricia Calvillo \/ El Sol de San Luis Denuncian que les quieren quitar el agua para mandarla al vecino municipio de Matehuala La Comisi\u00f3n Nacional del Agua, CONAGUA, enga\u00f1\u00f3 a ejidatarios del municipio de Villa de Guadalupe, seg\u00fan se indic\u00f3 desde el Colegio de San Luis, COLSAN, donde estuvieron para\u2026","rel":"","context":"En &quot;CINTILLO&quot;","block_context":{"text":"CINTILLO","link":"http:\/\/www.grieta.org.mx\/index.php\/category\/cintillo\/"},"img":{"alt_text":"","src":"https:\/\/i0.wp.com\/www.grieta.org.mx\/wp-content\/uploads\/2018\/09\/Ejidatarios-se-quejan-por-enga%C3%B1o-de-Conagua.jpg?resize=350%2C200","width":350,"height":200,"srcset":"https:\/\/i0.wp.com\/www.grieta.org.mx\/wp-content\/uploads\/2018\/09\/Ejidatarios-se-quejan-por-enga%C3%B1o-de-Conagua.jpg?resize=350%2C200 1x, https:\/\/i0.wp.com\/www.grieta.org.mx\/wp-content\/uploads\/2018\/09\/Ejidatarios-se-quejan-por-enga%C3%B1o-de-Conagua.jpg?resize=525%2C300 1.5x, https:\/\/i0.wp.com\/www.grieta.org.mx\/wp-content\/uploads\/2018\/09\/Ejidatarios-se-quejan-por-enga%C3%B1o-de-Conagua.jpg?resize=700%2C400 2x"},"classes":[]},{"id":15736,"url":"http:\/\/www.grieta.org.mx\/index.php\/2016\/06\/26\/realizan-sesion-informativa-en-zacapoaxtla-sobre-privatizacion-del-agua-en-puebla\/","url_meta":{"origin":437,"position":3},"title":"Realizan sesi\u00f3n informativa en Zacapoaxtla sobre privatizaci\u00f3n del agua en Puebla","author":"grieta","date":"26 junio, 2016","format":false,"excerpt":"Por Jos\u00e9 Rosas Cano Zacapoaxtla, Pue.- Integrantes de organizaciones que se oponen a la instalaci\u00f3n de proyectos hidroel\u00e9ctricos y mineros en Puebla, realizaron una asamblea informativa en Zacapoaxtla sobre la privatizaci\u00f3n del agua en diversas demarcaciones del estado. Se\u00f1alaron que hay siete comit\u00e9s para la defensa del territorio y el\u2026","rel":"","context":"En &quot;CINTILLO&quot;","block_context":{"text":"CINTILLO","link":"http:\/\/www.grieta.org.mx\/index.php\/category\/cintillo\/"},"img":{"alt_text":"","src":"https:\/\/i0.wp.com\/www.grieta.org.mx\/wp-content\/uploads\/2018\/03\/14524434_1106112876131411_958039263622046936_o.jpg?resize=350%2C200","width":350,"height":200,"srcset":"https:\/\/i0.wp.com\/www.grieta.org.mx\/wp-content\/uploads\/2018\/03\/14524434_1106112876131411_958039263622046936_o.jpg?resize=350%2C200 1x, https:\/\/i0.wp.com\/www.grieta.org.mx\/wp-content\/uploads\/2018\/03\/14524434_1106112876131411_958039263622046936_o.jpg?resize=525%2C300 1.5x, https:\/\/i0.wp.com\/www.grieta.org.mx\/wp-content\/uploads\/2018\/03\/14524434_1106112876131411_958039263622046936_o.jpg?resize=700%2C400 2x"},"classes":[]},{"id":4092,"url":"http:\/\/www.grieta.org.mx\/index.php\/2016\/03\/12\/proyectan-privatizar-el-servicio-del-agua\/","url_meta":{"origin":437,"position":4},"title":"Proyectan privatizar el servicio del agua","author":"grieta","date":"12 marzo, 2016","format":false,"excerpt":"SAN PEDRO, COAH.- EL AYUNTAMIENTO HA TENIDO QUE APOYAR AL SISTEMA DE AGUA Planean privatizar el servicio de agua potable en San Pedro debido a la situaci\u00f3n econ\u00f3mica insostenible en la que se encuentra el organismo. El d\u00eda de ayer en la sesi\u00f3n de Cabildo se expuso la posibilidad de\u2026","rel":"","context":"En &quot;CINTILLO&quot;","block_context":{"text":"CINTILLO","link":"http:\/\/www.grieta.org.mx\/index.php\/category\/cintillo\/"},"img":{"alt_text":"","src":"https:\/\/i0.wp.com\/www.grieta.org.mx\/wp-content\/uploads\/2018\/03\/14524434_1106112876131411_958039263622046936_o.jpg?resize=350%2C200","width":350,"height":200,"srcset":"https:\/\/i0.wp.com\/www.grieta.org.mx\/wp-content\/uploads\/2018\/03\/14524434_1106112876131411_958039263622046936_o.jpg?resize=350%2C200 1x, https:\/\/i0.wp.com\/www.grieta.org.mx\/wp-content\/uploads\/2018\/03\/14524434_1106112876131411_958039263622046936_o.jpg?resize=525%2C300 1.5x, https:\/\/i0.wp.com\/www.grieta.org.mx\/wp-content\/uploads\/2018\/03\/14524434_1106112876131411_958039263622046936_o.jpg?resize=700%2C400 2x"},"classes":[]},{"id":9431,"url":"http:\/\/www.grieta.org.mx\/index.php\/2015\/08\/14\/cfe-vacia-presa-la-soledad-minera-autlan-entraria-en-operacion\/","url_meta":{"origin":437,"position":5},"title":"CFE vac\u00eda presa La Soledad; Minera Autl\u00e1n entrar\u00eda en operaci\u00f3n","author":"grieta","date":"14 agosto, 2015","format":false,"excerpt":"agosto 14, 2015 Jared Rojas Ju\u00e1rez, Tlatlauquitepec, Puebla M\u00e1s de cinco mil habitantes de la junta auxiliar Mazatepec, perteneciente al municipio de Tlatlauquitepec, as\u00ed como campesinos de comunidades aleda\u00f1as, se encuentran en incertidumbre, pues desde abril de este a\u00f1o, la Comisi\u00f3n Federal de Electricidad (CFE) ha estado vaciando la presa\u2026","rel":"","context":"En &quot;CINTILLO&quot;","block_context":{"text":"CINTILLO","link":"http:\/\/www.grieta.org.mx\/index.php\/category\/cintillo\/"},"img":{"alt_text":"","src":"https:\/\/i0.wp.com\/www.grieta.org.mx\/wp-content\/uploads\/2018\/03\/14524434_1106112876131411_958039263622046936_o.jpg?resize=350%2C200","width":350,"height":200,"srcset":"https:\/\/i0.wp.com\/www.grieta.org.mx\/wp-content\/uploads\/2018\/03\/14524434_1106112876131411_958039263622046936_o.jpg?resize=350%2C200 1x, https:\/\/i0.wp.com\/www.grieta.org.mx\/wp-content\/uploads\/2018\/03\/14524434_1106112876131411_958039263622046936_o.jpg?resize=525%2C300 1.5x, https:\/\/i0.wp.com\/www.grieta.org.mx\/wp-content\/uploads\/2018\/03\/14524434_1106112876131411_958039263622046936_o.jpg?resize=700%2C400 2x"},"classes":[]}],"_links":{"self":[{"href":"http:\/\/www.grieta.org.mx\/index.php\/wp-json\/wp\/v2\/posts\/437","targetHints":{"allow":["GET"]}}],"collection":[{"href":"http:\/\/www.grieta.org.mx\/index.php\/wp-json\/wp\/v2\/posts"}],"about":[{"href":"http:\/\/www.grieta.org.mx\/index.php\/wp-json\/wp\/v2\/types\/post"}],"author":[{"embeddable":true,"href":"http:\/\/www.grieta.org.mx\/index.php\/wp-json\/wp\/v2\/users\/2"}],"replies":[{"embeddable":true,"href":"http:\/\/www.grieta.org.mx\/index.php\/wp-json\/wp\/v2\/comments?post=437"}],"version-history":[{"count":1,"href":"http:\/\/www.grieta.org.mx\/index.php\/wp-json\/wp\/v2\/posts\/437\/revisions"}],"predecessor-version":[{"id":438,"href":"http:\/\/www.grieta.org.mx\/index.php\/wp-json\/wp\/v2\/posts\/437\/revisions\/438"}],"wp:featuredmedia":[{"embeddable":true,"href":"http:\/\/www.grieta.org.mx\/index.php\/wp-json\/wp\/v2\/media\/21928"}],"wp:attachment":[{"href":"http:\/\/www.grieta.org.mx\/index.php\/wp-json\/wp\/v2\/media?parent=437"}],"wp:term":[{"taxonomy":"category","embeddable":true,"href":"http:\/\/www.grieta.org.mx\/index.php\/wp-json\/wp\/v2\/categories?post=437"},{"taxonomy":"post_tag","embeddable":true,"href":"http:\/\/www.grieta.org.mx\/index.php\/wp-json\/wp\/v2\/tags?post=437"}],"curies":[{"name":"wp","href":"https:\/\/api.w.org\/{rel}","templated":true}]}}