{"id":43667,"date":"2020-01-28T01:08:32","date_gmt":"2020-01-28T07:08:32","guid":{"rendered":"http:\/\/www.grieta.org.mx\/?p=43667"},"modified":"2020-01-29T01:15:54","modified_gmt":"2020-01-29T07:15:54","slug":"padres-de-ninos-con-cancer-exigiran-informacion-de-compra-de-medicamentos-ciudad-de-mexico","status":"publish","type":"post","link":"http:\/\/www.grieta.org.mx\/index.php\/2020\/01\/28\/padres-de-ninos-con-cancer-exigiran-informacion-de-compra-de-medicamentos-ciudad-de-mexico\/","title":{"rendered":"Padres de ni\u00f1os con c\u00e1ncer exigir\u00e1n informaci\u00f3n de compra de medicamentos (Ciudad de M\u00e9xico)"},"content":{"rendered":"<p><img loading=\"lazy\" decoding=\"async\" data-attachment-id=\"43668\" data-permalink=\"http:\/\/www.grieta.org.mx\/index.php\/2020\/01\/28\/padres-de-ninos-con-cancer-exigiran-informacion-de-compra-de-medicamentos-ciudad-de-mexico\/padres-de-ninos-con-cancer-exigiran-informacion-de-compra-de-medicamentos-cdmx-ene\/\" data-orig-file=\"http:\/\/www.grieta.org.mx\/wp-content\/uploads\/2020\/01\/Padres-de-ni\u00f1os-con-c\u00e1ncer-exigir\u00e1n-informaci\u00f3n-de-compra-de-medicamentos-cdmx-ene.jpeg\" data-orig-size=\"1024,768\" data-comments-opened=\"0\" data-image-meta=\"{&quot;aperture&quot;:&quot;0&quot;,&quot;credit&quot;:&quot;&quot;,&quot;camera&quot;:&quot;&quot;,&quot;caption&quot;:&quot;&quot;,&quot;created_timestamp&quot;:&quot;0&quot;,&quot;copyright&quot;:&quot;&quot;,&quot;focal_length&quot;:&quot;0&quot;,&quot;iso&quot;:&quot;0&quot;,&quot;shutter_speed&quot;:&quot;0&quot;,&quot;title&quot;:&quot;&quot;,&quot;orientation&quot;:&quot;0&quot;}\" data-image-title=\"Padres de ni\u00f1os con c\u00e1ncer exigir\u00e1n informaci\u00f3n de compra de medicamentos cdmx ene\" data-image-description=\"\" data-image-caption=\"\" data-medium-file=\"http:\/\/www.grieta.org.mx\/wp-content\/uploads\/2020\/01\/Padres-de-ni\u00f1os-con-c\u00e1ncer-exigir\u00e1n-informaci\u00f3n-de-compra-de-medicamentos-cdmx-ene-300x225.jpeg\" data-large-file=\"http:\/\/www.grieta.org.mx\/wp-content\/uploads\/2020\/01\/Padres-de-ni\u00f1os-con-c\u00e1ncer-exigir\u00e1n-informaci\u00f3n-de-compra-de-medicamentos-cdmx-ene-1024x768.jpeg\" class=\"aligncenter  wp-image-43668\" src=\"http:\/\/www.grieta.org.mx\/wp-content\/uploads\/2020\/01\/Padres-de-ni\u00f1os-con-c\u00e1ncer-exigir\u00e1n-informaci\u00f3n-de-compra-de-medicamentos-cdmx-ene-1024x768.jpeg\" alt=\"\" width=\"650\" height=\"487\" srcset=\"http:\/\/www.grieta.org.mx\/wp-content\/uploads\/2020\/01\/Padres-de-ni\u00f1os-con-c\u00e1ncer-exigir\u00e1n-informaci\u00f3n-de-compra-de-medicamentos-cdmx-ene.jpeg 1024w, http:\/\/www.grieta.org.mx\/wp-content\/uploads\/2020\/01\/Padres-de-ni\u00f1os-con-c\u00e1ncer-exigir\u00e1n-informaci\u00f3n-de-compra-de-medicamentos-cdmx-ene-300x225.jpeg 300w, http:\/\/www.grieta.org.mx\/wp-content\/uploads\/2020\/01\/Padres-de-ni\u00f1os-con-c\u00e1ncer-exigir\u00e1n-informaci\u00f3n-de-compra-de-medicamentos-cdmx-ene-768x576.jpeg 768w, http:\/\/www.grieta.org.mx\/wp-content\/uploads\/2020\/01\/Padres-de-ni\u00f1os-con-c\u00e1ncer-exigir\u00e1n-informaci\u00f3n-de-compra-de-medicamentos-cdmx-ene-667x500.jpeg 667w\" sizes=\"auto, (max-width: 650px) 100vw, 650px\" \/><br \/>\n<em>Padres de ni\u00f1os enfermos de c\u00e1ncer, anunciaron que presentar\u00e1 un pliego petitorio a la Secretar\u00eda de Gobernaci\u00f3n \/ Foto Especial<\/em><\/p>\n<p>Nora Bucio \/ MVS Noticias<\/p>\n<blockquote><p>Los padres incluyeron en su pliego petitorio la solicitud de fechas exactas de llegada del medicamento y saber la calidad del mencionado.<\/p><\/blockquote>\n<p>Padres de ni\u00f1os enfermos de c\u00e1ncer, anunciaron que presentar\u00e1 un pliego petitorio a la Secretar\u00eda de Gobernaci\u00f3n (Segob) en el que exigen que se les aclare a quien se le hizo la compra consolidada de medicamentos y si existe garant\u00eda para la distribuci\u00f3n.<\/p>\n<p>Entre los ocho puntos de este pliego, el cual ya fue presentado con anterioridad a las autoridades, incluye la solicitud de fechas exactas de llegada del medicamento, saber la calidad del medicamento y una muestra para realizarle pruebas de la misma.<\/p>\n<p>Establecer mecanismos para saber qu\u00e9 hay reserva suficiente te de medicamento y c\u00f3mo se va a garantizar su entrega; explicar los problemas para los cobros indebidos porque desapareci\u00f3 el fondo de 40 millones de pesos para esta atenci\u00f3n.<\/p>\n<p>Previo a su caminata hacia la Secretar\u00eda de Gobernaci\u00f3n, pap\u00e1s de ni\u00f1os enfermos, provenientes de Oaxaca, Veracruz, Baja California, Guerrero, Estado de M\u00e9xico y CDMX se\u00f1alaron que a ra\u00edz de sus exigencias de dotar a sus hijos de medicamentos, han recibido amenazas incluso de muerte.<\/p>\n<p>Al concluir su reuni\u00f3n con la Secretaria Olga S\u00e1nchez Cordero, acudir\u00e1n a la Fiscal\u00eda General de la Republica (FGR) a presentar m\u00e1s denuncias correspondientes.<\/p>\n<p><a href=\"https:\/\/mvsnoticias.com\/noticias\/nacionales\/padres-de-ninos-con-cancer-exigiran-informacion-de-compra-de-medicamentos\/\" target=\"_blank\" rel=\"noopener noreferrer\">https:\/\/mvsnoticias.com\/noticias\/nacionales\/padres-de-ninos-con-cancer-exigiran-informacion-de-compra-de-medicamentos\/<\/a><\/p>\n","protected":false},"excerpt":{"rendered":"<p>Padres de ni\u00f1os enfermos de c\u00e1ncer, anunciaron que presentar\u00e1 un pliego petitorio a la Secretar\u00eda de Gobernaci\u00f3n \/ Foto Especial Nora Bucio \/ MVS Noticias Los padres incluyeron en su &hellip; <a href=\"http:\/\/www.grieta.org.mx\/index.php\/2020\/01\/28\/padres-de-ninos-con-cancer-exigiran-informacion-de-compra-de-medicamentos-ciudad-de-mexico\/\" class=\"more-link\">Leer m\u00e1s<\/a><\/p>\n","protected":false},"author":2,"featured_media":43668,"comment_status":"closed","ping_status":"closed","sticky":false,"template":"","format":"standard","meta":{"ngg_post_thumbnail":0,"_jetpack_newsletter_access":"","_jetpack_dont_email_post_to_subs":false,"_jetpack_newsletter_tier_id":0,"_jetpack_memberships_contains_paywalled_content":false,"_jetpack_memberships_contains_paid_content":false,"footnotes":""},"categories":[80,14,918,2957,3033,2434,16,2315,1819,1827,1729,1670,3035,2,83],"tags":[2367,2366,2362,130],"class_list":["post-43667","post","type-post","status-publish","format-standard","has-post-thumbnail","hentry","category-cintillo","category-ciudad-de-mexico","category-privatizacion-del-sector-salud","category-crisis-del-sector-salud-en-el-estado-de-mexico","category-crisis-en-el-sector-salud-en-la-ciudad-de-mexico","category-desmantelamiento-del-sector-salud-en-la-ciudad-de-mexico","category-estado-de-mexico","category-la-ninez-bajo-la-tormenta-capitalista-en-el-estado-de-mexico","category-la-ninez-bajo-la-tormenta-capitalista-en-la-ciudad-de-mexico","category-la-ninez-en-la-tormenta-capitalista","category-lucha-y-resistencia-del-pueblo-en-el-estado-de-mexico","category-movilizaciones-y-protestas-de-estudiantes-de-la-ciudad-de-mexico","category-movilizaciones-y-protestas-de-habitantes-en-el-estado-de-mexico","category-noticias-nacionales","category-temas-nacionales","tag-crisis-en-el-sector-salud","tag-desabasto-de-medicinas","tag-la-ninez-en-la-tormenta","tag-represion","entry"],"jetpack_featured_media_url":"http:\/\/www.grieta.org.mx\/wp-content\/uploads\/2020\/01\/Padres-de-ni\u00f1os-con-c\u00e1ncer-exigir\u00e1n-informaci\u00f3n-de-compra-de-medicamentos-cdmx-ene.jpeg","jetpack_sharing_enabled":true,"jetpack_shortlink":"https:\/\/wp.me\/p7ZJR4-bmj","jetpack_likes_enabled":false,"jetpack-related-posts":[{"id":43407,"url":"http:\/\/www.grieta.org.mx\/index.php\/2020\/01\/24\/dispuestos-a-soportar-golpes-padres-de-ninos-con-cancer-acuden-a-palacio-nacional\/","url_meta":{"origin":43667,"position":0},"title":"&#8220;Dispuestos a soportar golpes&#8221;, padres de ni\u00f1os con c\u00e1ncer acuden a Palacio Nacional","author":"grieta","date":"24 enero, 2020","format":false,"excerpt":"Luego de protestar por m\u00e1s de 11 horas en la Terminal 1 del AICM, los padres se dirigieron a Palacio Nacional. (Efe) La Silla Rota \"Aunque la puerta est\u00e9 cerrada vamos intentar entrar. Es un portazo para el pueblo\", expuso uno de los padres ante el cierre y vigilancia militar\u2026","rel":"","context":"En &quot;CINTILLO&quot;","block_context":{"text":"CINTILLO","link":"http:\/\/www.grieta.org.mx\/index.php\/category\/cintillo\/"},"img":{"alt_text":"","src":"https:\/\/i0.wp.com\/www.grieta.org.mx\/wp-content\/uploads\/2020\/01\/Dispuestos-a-soportar-golpes-padres-acuden-a-palacio-nacional-por-desabasto-de-medicinas-cdmx-edomex-ene.jpg?resize=350%2C200","width":350,"height":200},"classes":[]},{"id":51137,"url":"http:\/\/www.grieta.org.mx\/index.php\/2020\/05\/29\/padres-de-ninos-con-cancer-cumplen-36-horas-en-huelga-de-hambre-ciudad-de-mexico\/","url_meta":{"origin":43667,"position":1},"title":"Padres de ni\u00f1os con c\u00e1ncer cumplen 36 horas en huelga de hambre (Ciudad de M\u00e9xico)","author":"grieta","date":"29 mayo, 2020","format":false,"excerpt":"Foto: Mario Jasso\/Cuartoscuro.com Pol\u00edtico Mx Padres y madres de ni\u00f1as y ni\u00f1os con c\u00e1ncer cumplieron este viernes 36 horas en huelga de hambre, sin embargo, la Secretar\u00eda de Salud no ha respondido de manera concreta a sus peticiones. De acuerdo con Exc\u00e9lsior, los inconformes que se encuentran en un campamento\u2026","rel":"","context":"En &quot;CINTILLO&quot;","block_context":{"text":"CINTILLO","link":"http:\/\/www.grieta.org.mx\/index.php\/category\/cintillo\/"},"img":{"alt_text":"","src":"https:\/\/i0.wp.com\/www.grieta.org.mx\/wp-content\/uploads\/2020\/06\/Padres-de-ni%C3%B1os-con-c%C3%A1ncer-cumplen-36-horas-en-huelga-de-hambre-cdmx-jun.jpg?resize=350%2C200","width":350,"height":200,"srcset":"https:\/\/i0.wp.com\/www.grieta.org.mx\/wp-content\/uploads\/2020\/06\/Padres-de-ni%C3%B1os-con-c%C3%A1ncer-cumplen-36-horas-en-huelga-de-hambre-cdmx-jun.jpg?resize=350%2C200 1x, https:\/\/i0.wp.com\/www.grieta.org.mx\/wp-content\/uploads\/2020\/06\/Padres-de-ni%C3%B1os-con-c%C3%A1ncer-cumplen-36-horas-en-huelga-de-hambre-cdmx-jun.jpg?resize=525%2C300 1.5x, https:\/\/i0.wp.com\/www.grieta.org.mx\/wp-content\/uploads\/2020\/06\/Padres-de-ni%C3%B1os-con-c%C3%A1ncer-cumplen-36-horas-en-huelga-de-hambre-cdmx-jun.jpg?resize=700%2C400 2x"},"classes":[]},{"id":45218,"url":"http:\/\/www.grieta.org.mx\/index.php\/2020\/02\/25\/familiares-de-ninos-con-cancer-y-pacientes-con-vih-clausuran-palacio-nacional-ciudad-de-mexico\/","url_meta":{"origin":43667,"position":2},"title":"Familiares de ni\u00f1os con c\u00e1ncer y pacientes con VIH \u201cclausuran\u201d Palacio Nacional (Ciudad de M\u00e9xico)","author":"grieta","date":"25 febrero, 2020","format":false,"excerpt":"Los diversos contingentes formaron un grupo de 35 personas que se plantaron junto a la puerta. Foto: Daniel Ojeda Gerardo Su\u00e1rez \/ El Heraldo de M\u00e9xico Los inconformes pegaron varios sellos con la frase \"clausurado\" en la puerta central del inmueble donde despacha el Presidente Familiares de ni\u00f1os con c\u00e1ncer\u2026","rel":"","context":"En &quot;CINTILLO&quot;","block_context":{"text":"CINTILLO","link":"http:\/\/www.grieta.org.mx\/index.php\/category\/cintillo\/"},"img":{"alt_text":"","src":"https:\/\/i0.wp.com\/www.grieta.org.mx\/wp-content\/uploads\/2020\/02\/Familiares-de-ni%C3%B1os-con-c%C3%A1ncer-y-pacientes-con-VIH-clausuran-Palacio-Nacional-cdmx-feb.jpg?resize=350%2C200","width":350,"height":200,"srcset":"https:\/\/i0.wp.com\/www.grieta.org.mx\/wp-content\/uploads\/2020\/02\/Familiares-de-ni%C3%B1os-con-c%C3%A1ncer-y-pacientes-con-VIH-clausuran-Palacio-Nacional-cdmx-feb.jpg?resize=350%2C200 1x, https:\/\/i0.wp.com\/www.grieta.org.mx\/wp-content\/uploads\/2020\/02\/Familiares-de-ni%C3%B1os-con-c%C3%A1ncer-y-pacientes-con-VIH-clausuran-Palacio-Nacional-cdmx-feb.jpg?resize=525%2C300 1.5x, https:\/\/i0.wp.com\/www.grieta.org.mx\/wp-content\/uploads\/2020\/02\/Familiares-de-ni%C3%B1os-con-c%C3%A1ncer-y-pacientes-con-VIH-clausuran-Palacio-Nacional-cdmx-feb.jpg?resize=700%2C400 2x, https:\/\/i0.wp.com\/www.grieta.org.mx\/wp-content\/uploads\/2020\/02\/Familiares-de-ni%C3%B1os-con-c%C3%A1ncer-y-pacientes-con-VIH-clausuran-Palacio-Nacional-cdmx-feb.jpg?resize=1050%2C600 3x"},"classes":[]},{"id":40969,"url":"http:\/\/www.grieta.org.mx\/index.php\/2019\/11\/06\/padres-de-ninos-con-cancer-exigen-certeza-sobre-medicamentos-con-desaparicion-del-seguro-popular-ciudad-de-mexico\/","url_meta":{"origin":43667,"position":3},"title":"Padres de ni\u00f1os con c\u00e1ncer exigen certeza sobre medicamentos con desaparici\u00f3n del Seguro Popular (Ciudad de M\u00e9xico)","author":"grieta","date":"6 noviembre, 2019","format":false,"excerpt":"\u00a0 Animal Pol\u00edtico Una denuncia de los padres es que en el Hospital Infantil de M\u00e9xico les dijeron que algunos medicamentos para quimioterapias los tendr\u00e1n que comprar por su propia cuenta, y ya no ser\u00e1n gratuitos, con la desaparici\u00f3n del Seguro Popular. Padres de ni\u00f1os con c\u00e1ncer hicieron este mi\u00e9rcoles\u2026","rel":"","context":"En &quot;CINTILLO&quot;","block_context":{"text":"CINTILLO","link":"http:\/\/www.grieta.org.mx\/index.php\/category\/cintillo\/"},"img":{"alt_text":"","src":"https:\/\/i0.wp.com\/www.grieta.org.mx\/wp-content\/uploads\/2019\/11\/Padres-de-ni%C3%B1os-con-c%C3%A1ncer-exigen-certeza-sobre-medicamentos-con-desaparici%C3%B3n-del-Seguro-Popular-cdmx-nov.jpg?resize=350%2C200","width":350,"height":200,"srcset":"https:\/\/i0.wp.com\/www.grieta.org.mx\/wp-content\/uploads\/2019\/11\/Padres-de-ni%C3%B1os-con-c%C3%A1ncer-exigen-certeza-sobre-medicamentos-con-desaparici%C3%B3n-del-Seguro-Popular-cdmx-nov.jpg?resize=350%2C200 1x, https:\/\/i0.wp.com\/www.grieta.org.mx\/wp-content\/uploads\/2019\/11\/Padres-de-ni%C3%B1os-con-c%C3%A1ncer-exigen-certeza-sobre-medicamentos-con-desaparici%C3%B3n-del-Seguro-Popular-cdmx-nov.jpg?resize=525%2C300 1.5x, https:\/\/i0.wp.com\/www.grieta.org.mx\/wp-content\/uploads\/2019\/11\/Padres-de-ni%C3%B1os-con-c%C3%A1ncer-exigen-certeza-sobre-medicamentos-con-desaparici%C3%B3n-del-Seguro-Popular-cdmx-nov.jpg?resize=700%2C400 2x"},"classes":[]},{"id":43370,"url":"http:\/\/www.grieta.org.mx\/index.php\/2020\/01\/22\/reprimen-a-padres-de-ninos-con-cancer-que-bloquearon-terminal-1-del-aicm-ciudad-de-mexico\/","url_meta":{"origin":43667,"position":4},"title":"Reprimen a padres de ni\u00f1os con c\u00e1ncer que bloquearon Terminal 1 del AICM (Ciudad de M\u00e9xico)","author":"grieta","date":"22 enero, 2020","format":false,"excerpt":"La Izquierda Diario de M\u00e9xico Un grupo de padres de ni\u00f1os con c\u00e1ncer fue reprimido en el Aeropuerto Internacional de la Ciudad de M\u00e9xico por exigir al gobierno federal atender el desabasto de medicamentos oncol\u00f3gicos, luego de diez d\u00edas sin ser suministrados por el Hospital Infantil de M\u00e9xico \"Federico G\u00f3mez\".\u2026","rel":"","context":"En &quot;Abuso policiaco y tortura en la Ciudad de M\u00e9xico&quot;","block_context":{"text":"Abuso policiaco y tortura en la Ciudad de M\u00e9xico","link":"http:\/\/www.grieta.org.mx\/index.php\/category\/noticias-nacionales\/ciudad-de-mexico\/abuso-policiaco-y-tortura-en-la-ciudad-de-mexico\/"},"img":{"alt_text":"","src":"https:\/\/i0.wp.com\/www.grieta.org.mx\/wp-content\/uploads\/2020\/01\/Reprimen-a-padres-de-ni%C3%B1os-con-c%C3%A1ncer-que-bloquearon-Terminal-1-del-AICM-cdmx-ene.jpg?resize=350%2C200","width":350,"height":200,"srcset":"https:\/\/i0.wp.com\/www.grieta.org.mx\/wp-content\/uploads\/2020\/01\/Reprimen-a-padres-de-ni%C3%B1os-con-c%C3%A1ncer-que-bloquearon-Terminal-1-del-AICM-cdmx-ene.jpg?resize=350%2C200 1x, https:\/\/i0.wp.com\/www.grieta.org.mx\/wp-content\/uploads\/2020\/01\/Reprimen-a-padres-de-ni%C3%B1os-con-c%C3%A1ncer-que-bloquearon-Terminal-1-del-AICM-cdmx-ene.jpg?resize=525%2C300 1.5x, https:\/\/i0.wp.com\/www.grieta.org.mx\/wp-content\/uploads\/2020\/01\/Reprimen-a-padres-de-ni%C3%B1os-con-c%C3%A1ncer-que-bloquearon-Terminal-1-del-AICM-cdmx-ene.jpg?resize=700%2C400 2x"},"classes":[]},{"id":43686,"url":"http:\/\/www.grieta.org.mx\/index.php\/2020\/01\/24\/tras-protesta-de-padres-de-ninos-con-cancer-logran-acuerdo-firmado-para-evitar-escasez-de-medicinas-ciudad-de-mexico\/","url_meta":{"origin":43667,"position":5},"title":"Tras protesta de padres de ni\u00f1os con c\u00e1ncer, logran acuerdo firmado para evitar  escasez de medicinas (Ciudad de M\u00e9xico)","author":"grieta","date":"24 enero, 2020","format":false,"excerpt":"Padres de ni\u00f1os con c\u00e1ncer muestran los acuerdos con autoridades del Hospital General la Raza para evitar escasez de medicamentos oncol\u00f3gicos (Foto: Mariluz Rold\u00e1n) Mariluz Rold\u00e1n \/ La Silla Rota Una comisi\u00f3n de padres de menores ingres\u00f3 al Hospital General La Raza para dialogar con autoridades sobre la falta de\u2026","rel":"","context":"En &quot;CINTILLO&quot;","block_context":{"text":"CINTILLO","link":"http:\/\/www.grieta.org.mx\/index.php\/category\/cintillo\/"},"img":{"alt_text":"","src":"https:\/\/i0.wp.com\/www.grieta.org.mx\/wp-content\/uploads\/2020\/01\/Tras-protesta-de-padres-de-ni%C3%B1os-cdmx-ene.jpg?resize=350%2C200","width":350,"height":200},"classes":[]}],"_links":{"self":[{"href":"http:\/\/www.grieta.org.mx\/index.php\/wp-json\/wp\/v2\/posts\/43667","targetHints":{"allow":["GET"]}}],"collection":[{"href":"http:\/\/www.grieta.org.mx\/index.php\/wp-json\/wp\/v2\/posts"}],"about":[{"href":"http:\/\/www.grieta.org.mx\/index.php\/wp-json\/wp\/v2\/types\/post"}],"author":[{"embeddable":true,"href":"http:\/\/www.grieta.org.mx\/index.php\/wp-json\/wp\/v2\/users\/2"}],"replies":[{"embeddable":true,"href":"http:\/\/www.grieta.org.mx\/index.php\/wp-json\/wp\/v2\/comments?post=43667"}],"version-history":[{"count":1,"href":"http:\/\/www.grieta.org.mx\/index.php\/wp-json\/wp\/v2\/posts\/43667\/revisions"}],"predecessor-version":[{"id":43669,"href":"http:\/\/www.grieta.org.mx\/index.php\/wp-json\/wp\/v2\/posts\/43667\/revisions\/43669"}],"wp:featuredmedia":[{"embeddable":true,"href":"http:\/\/www.grieta.org.mx\/index.php\/wp-json\/wp\/v2\/media\/43668"}],"wp:attachment":[{"href":"http:\/\/www.grieta.org.mx\/index.php\/wp-json\/wp\/v2\/media?parent=43667"}],"wp:term":[{"taxonomy":"category","embeddable":true,"href":"http:\/\/www.grieta.org.mx\/index.php\/wp-json\/wp\/v2\/categories?post=43667"},{"taxonomy":"post_tag","embeddable":true,"href":"http:\/\/www.grieta.org.mx\/index.php\/wp-json\/wp\/v2\/tags?post=43667"}],"curies":[{"name":"wp","href":"https:\/\/api.w.org\/{rel}","templated":true}]}}