{"id":43606,"date":"2020-01-08T12:38:15","date_gmt":"2020-01-08T18:38:15","guid":{"rendered":"http:\/\/www.grieta.org.mx\/?p=43606"},"modified":"2020-01-27T12:42:14","modified_gmt":"2020-01-27T18:42:14","slug":"denuncian-represion-a-comunidades-desplazadas-de-chichihualco-guerrero","status":"publish","type":"post","link":"http:\/\/www.grieta.org.mx\/index.php\/2020\/01\/08\/denuncian-represion-a-comunidades-desplazadas-de-chichihualco-guerrero\/","title":{"rendered":"Denuncian represi\u00f3n a comunidades desplazadas de Chichihualco  (Guerrero)"},"content":{"rendered":"<p><a href=\"http:\/\/www.grieta.org.mx\/wp-content\/uploads\/2020\/01\/cfe75d9a-img_1179-1024x576.jpg\"><img loading=\"lazy\" decoding=\"async\" data-attachment-id=\"43607\" data-permalink=\"http:\/\/www.grieta.org.mx\/index.php\/2020\/01\/08\/denuncian-represion-a-comunidades-desplazadas-de-chichihualco-guerrero\/cfe75d9a-img_1179-1024x576\/\" data-orig-file=\"http:\/\/www.grieta.org.mx\/wp-content\/uploads\/2020\/01\/cfe75d9a-img_1179-1024x576.jpg\" data-orig-size=\"1024,576\" data-comments-opened=\"0\" data-image-meta=\"{&quot;aperture&quot;:&quot;0&quot;,&quot;credit&quot;:&quot;&quot;,&quot;camera&quot;:&quot;&quot;,&quot;caption&quot;:&quot;&quot;,&quot;created_timestamp&quot;:&quot;0&quot;,&quot;copyright&quot;:&quot;&quot;,&quot;focal_length&quot;:&quot;0&quot;,&quot;iso&quot;:&quot;0&quot;,&quot;shutter_speed&quot;:&quot;0&quot;,&quot;title&quot;:&quot;&quot;,&quot;orientation&quot;:&quot;0&quot;}\" data-image-title=\"cfe75d9a-img_1179-1024&amp;#215;576\" data-image-description=\"\" data-image-caption=\"\" data-medium-file=\"http:\/\/www.grieta.org.mx\/wp-content\/uploads\/2020\/01\/cfe75d9a-img_1179-1024x576-300x169.jpg\" data-large-file=\"http:\/\/www.grieta.org.mx\/wp-content\/uploads\/2020\/01\/cfe75d9a-img_1179-1024x576-1024x576.jpg\" class=\"aligncenter wp-image-43607\" src=\"http:\/\/www.grieta.org.mx\/wp-content\/uploads\/2020\/01\/cfe75d9a-img_1179-1024x576-300x169.jpg\" alt=\"\" width=\"800\" height=\"450\" srcset=\"http:\/\/www.grieta.org.mx\/wp-content\/uploads\/2020\/01\/cfe75d9a-img_1179-1024x576-300x169.jpg 300w, http:\/\/www.grieta.org.mx\/wp-content\/uploads\/2020\/01\/cfe75d9a-img_1179-1024x576-768x432.jpg 768w, http:\/\/www.grieta.org.mx\/wp-content\/uploads\/2020\/01\/cfe75d9a-img_1179-1024x576.jpg 1024w, http:\/\/www.grieta.org.mx\/wp-content\/uploads\/2020\/01\/cfe75d9a-img_1179-1024x576-889x500.jpg 889w\" sizes=\"auto, (max-width: 800px) 100vw, 800px\" \/><\/a><\/p>\n<p>Roc\u00edo M\u00e9ndez \/ MVS Noticias<\/p>\n<p>Red TDT denuncia represi\u00f3n a comunidades desplazadas de Chichihualco y activistas del Centro Morelos. A casi 14 meses del desplazamiento forzado que sufren diversas comunidades del municipio de Chichihualco, autoridades de todos los \u00f3rdenes han sido incapaces de garantizar las condiciones de seguridad m\u00ednimas para el retorno de dos mil despojados de sus propiedades, que fueron forzados al desplazamiento. Informaci\u00f3n relacionada: Rescatan migrantes de Guerrero en Sierra de M\u00fazquiz Ante la Red Nacional de Organismos Civiles de Derechos Humanos \u201cTodos los Derechos para Todas y Todos\u201d (Red TDT) notificaron que la Polic\u00eda Estatal han aplicado un uso desproporcionado de la fuerza en abierta violaci\u00f3n a los derechos humanos de los afectados. En este marco, se agudiza la violencia en el centro de Guerrero; el 28 de diciembre de 2019, entre las cinco y las seis de la ma\u00f1ana inici\u00f3 una balacera en la comunidad de \u201cEl Naranjo\u201d, municipio de Chichihualco, donde se albergan las familias despojadas. El tiroteo dur\u00f3 alrededor de 8 a 9 horas, dejando el saldo de una persona fallecida, Isair L\u00f3pez Salgado de 17 a\u00f1os de edad, familiar de un desplazado de la comunidad de Izotepec. Por m\u00e1s de ocho horas de balacera, no acudieron al llamado ni autoridades estatales ni federales. El Centro de Derechos Humanos Jos\u00e9 Mar\u00eda Morelos y Pav\u00f3n constat\u00f3 el despliegue de 16 camionetas de la Guardia Nacional, militares y polic\u00eda estatal, as\u00ed como el sobrevuelo de helic\u00f3pteros de la polic\u00eda estatal, pero ninguno de estos estos cuerpos de seguridad intervinieron para apaciguar la violencia en la zona. En el contexto de esa situaci\u00f3n los activistas Teodomira Rosales y Manuel Olivares fueron agredidos por miembros de las fuerzas especiales de la polic\u00eda estatal al documentar estos hechos; adem\u00e1s les despojaron sus pertenencias y da\u00f1aron la camioneta en que viajaban para impedir la denuncia. \u201cEspecialmente grave resulta la violencia sexual de que fue objeto la compa\u00f1era Teodomira Rosales. En este sentido exigimos la reparaci\u00f3n de los da\u00f1os y el castigo a los responsables\u201d, indica la Red TDT. Los defensores humanitarios urgen al gobierno del Estado de Guerrero, a la Comisi\u00f3n Estatal de Derechos Humanos, a la Comisi\u00f3n Nacional de Derechos Humanos y al Subsecretario de Derechos Humanos, Alejandro Encinas a \u201cintervenir de manera pronta y efectiva para restaurar la paz en la regi\u00f3n centro del estado de Guerrero\u201d. En el caso de las comunidades desplazadas y activistas la Red TDT demanda la seguridad de las comunidades de Chichihualco, Eduardo Neri y Heliodoro Castillo y piden garant\u00edas de acceso a la justicia y a la seguridad. Asimismo demandan investigar y fincar responsabilidades de manera inmediata y expedita de las agresiones a los activistas, la reparaci\u00f3n del da\u00f1o para las personas agredidas, reposici\u00f3n de pertenencias tras el robo de tel\u00e9fonos y computadoras, as\u00ed como de los da\u00f1os ocasionados al veh\u00edculo del Centro Morelos. Exigen investigaci\u00f3n de la violencia sexual denunciada por Teodomira Rosales. Esto debe de considerar que la actuaci\u00f3n de las fuerzas especiales de la polic\u00eda estatal puede constituir un patr\u00f3n de actuaci\u00f3n, toda vez que los mandos presentes tanto de la polic\u00eda estatal, como de la Guardia Nacional como del Ej\u00e9rcito no actuaron para detenerlos, finaliza la Red Nacional de Organismos Civiles de Derechos Humanos \u201cTodos los Derechos para Todas y Todos\u201d, conformada por 86 organizaciones en 23 estados de la Rep\u00fablica mexicana.<\/p>\n<p><a href=\"https:\/\/mvsnoticias.com\/noticias\/estados\/denuncian-represion-a-comunidades-desplazadas-de-chichihualco\/\">https:\/\/mvsnoticias.com\/noticias\/estados\/denuncian-represion-a-comunidades-desplazadas-de-chichihualco\/<\/a><\/p>\n","protected":false},"excerpt":{"rendered":"<p>Roc\u00edo M\u00e9ndez \/ MVS Noticias Red TDT denuncia represi\u00f3n a comunidades desplazadas de Chichihualco y activistas del Centro Morelos. A casi 14 meses del desplazamiento forzado que sufren diversas comunidades &hellip; <a href=\"http:\/\/www.grieta.org.mx\/index.php\/2020\/01\/08\/denuncian-represion-a-comunidades-desplazadas-de-chichihualco-guerrero\/\" class=\"more-link\">Leer m\u00e1s<\/a><\/p>\n","protected":false},"author":1,"featured_media":43607,"comment_status":"closed","ping_status":"closed","sticky":false,"template":"","format":"standard","meta":{"ngg_post_thumbnail":0,"_jetpack_newsletter_access":"","_jetpack_dont_email_post_to_subs":false,"_jetpack_newsletter_tier_id":0,"_jetpack_memberships_contains_paywalled_content":false,"_jetpack_memberships_contains_paid_content":false,"footnotes":""},"categories":[80,2708,1342,18,2,83],"tags":[232],"class_list":["post-43606","post","type-post","status-publish","format-standard","has-post-thumbnail","hentry","category-cintillo","category-desplazados","category-desplazados-por-violencia-en-guerrero","category-guerrero","category-noticias-nacionales","category-temas-nacionales","tag-desplazados","entry"],"jetpack_featured_media_url":"http:\/\/www.grieta.org.mx\/wp-content\/uploads\/2020\/01\/cfe75d9a-img_1179-1024x576.jpg","jetpack_sharing_enabled":true,"jetpack_shortlink":"https:\/\/wp.me\/p7ZJR4-blk","jetpack_likes_enabled":false,"jetpack-related-posts":[{"id":41375,"url":"http:\/\/www.grieta.org.mx\/index.php\/2019\/11\/10\/desplazados-de-zitlala-y-leonardo-bravo-cumplen-un-ano-sin-hogar-guerrero\/","url_meta":{"origin":43606,"position":0},"title":"Desplazados de Zitlala y Leonardo Bravo cumplen un a\u00f1o sin hogar  (Guerrero)","author":"Admin","date":"10 noviembre, 2019","format":false,"excerpt":"Juan Manuel Molina \/ Bajo Palabra Chilpancingo, Guerrero.- Familias desplazadas de comunidades de Leonardo Bravo y Zitlala, a causa del crimen organizado, cumplieron un a\u00f1o sin poder regresar a sus hogares. El defensor de derechos humanos, Manuel Olivares Hern\u00e1ndez, quien ha acompa\u00f1ado a las familias desde el \u00e9xodo en noviembre\u2026","rel":"","context":"En &quot;CINTILLO&quot;","block_context":{"text":"CINTILLO","link":"http:\/\/www.grieta.org.mx\/index.php\/category\/cintillo\/"},"img":{"alt_text":"","src":"https:\/\/i0.wp.com\/www.grieta.org.mx\/wp-content\/uploads\/2019\/11\/Desplazados-Guerrero-1.jpg?resize=350%2C200","width":350,"height":200,"srcset":"https:\/\/i0.wp.com\/www.grieta.org.mx\/wp-content\/uploads\/2019\/11\/Desplazados-Guerrero-1.jpg?resize=350%2C200 1x, https:\/\/i0.wp.com\/www.grieta.org.mx\/wp-content\/uploads\/2019\/11\/Desplazados-Guerrero-1.jpg?resize=525%2C300 1.5x, https:\/\/i0.wp.com\/www.grieta.org.mx\/wp-content\/uploads\/2019\/11\/Desplazados-Guerrero-1.jpg?resize=700%2C400 2x, https:\/\/i0.wp.com\/www.grieta.org.mx\/wp-content\/uploads\/2019\/11\/Desplazados-Guerrero-1.jpg?resize=1050%2C600 3x"},"classes":[]},{"id":46983,"url":"http:\/\/www.grieta.org.mx\/index.php\/2020\/03\/11\/nueva-ola-de-violencia-azota-en-la-sierra-denuncian-comisarios-de-chichihualco-guerrero\/","url_meta":{"origin":43606,"position":1},"title":"Nueva ola de violencia azota en la sierra, denuncian comisarios de Chichihualco (Guerrero)","author":"Admin","date":"11 marzo, 2020","format":false,"excerpt":"Dassaev T\u00e9llez Adame \/ La Jornada de Guerrero Al menos 12 comunidades est\u00e1n sin profesores, ni m\u00e9dicos, se\u00f1alan en conferencia Hacen un llamado a las autoridades para terminar con \u201cesta guerra entre pueblos hermanos\u201d Familias de El Carrizal, Yextla, El Naranjo y El Balsamar dejaron sus hogares desde el domingo\u2026","rel":"","context":"En &quot;CINTILLO&quot;","block_context":{"text":"CINTILLO","link":"http:\/\/www.grieta.org.mx\/index.php\/category\/cintillo\/"},"img":{"alt_text":"","src":"https:\/\/i0.wp.com\/www.grieta.org.mx\/wp-content\/uploads\/2020\/03\/3730d9cf125a2d3ed836b2d18ae4bc71_L.jpg?resize=350%2C200","width":350,"height":200,"srcset":"https:\/\/i0.wp.com\/www.grieta.org.mx\/wp-content\/uploads\/2020\/03\/3730d9cf125a2d3ed836b2d18ae4bc71_L.jpg?resize=350%2C200 1x, https:\/\/i0.wp.com\/www.grieta.org.mx\/wp-content\/uploads\/2020\/03\/3730d9cf125a2d3ed836b2d18ae4bc71_L.jpg?resize=525%2C300 1.5x, https:\/\/i0.wp.com\/www.grieta.org.mx\/wp-content\/uploads\/2020\/03\/3730d9cf125a2d3ed836b2d18ae4bc71_L.jpg?resize=700%2C400 2x"},"classes":[]},{"id":32581,"url":"http:\/\/www.grieta.org.mx\/index.php\/2019\/04\/24\/desplazados-pueden-rentar-pero-no-en-sus-pueblos-guerrero\/","url_meta":{"origin":43606,"position":2},"title":"Desplazados pueden rentar, pero no en sus pueblos (Guerrero)","author":"grieta","date":"24 abril, 2019","format":false,"excerpt":"Margena de la O \/ La Silla Rota Chilpancingo, Guerrero (La Silla Rota). Las familias de la Sierra refugiadas desde noviembre pasado en el auditorio municipal de Chichihualco, cabecera de Leonardo Bravo, logran rentar una casa al ser reconocidos por la Comisi\u00f3n Ejecutiva de Atenci\u00f3n a V\u00edctimas (CEAV), pero no\u2026","rel":"","context":"En &quot;CINTILLO&quot;","block_context":{"text":"CINTILLO","link":"http:\/\/www.grieta.org.mx\/index.php\/category\/cintillo\/"},"img":{"alt_text":"","src":"https:\/\/i0.wp.com\/www.grieta.org.mx\/wp-content\/uploads\/2019\/04\/whatsappimage20190422at17.09.04.jpg?resize=350%2C200","width":350,"height":200,"srcset":"https:\/\/i0.wp.com\/www.grieta.org.mx\/wp-content\/uploads\/2019\/04\/whatsappimage20190422at17.09.04.jpg?resize=350%2C200 1x, https:\/\/i0.wp.com\/www.grieta.org.mx\/wp-content\/uploads\/2019\/04\/whatsappimage20190422at17.09.04.jpg?resize=525%2C300 1.5x, https:\/\/i0.wp.com\/www.grieta.org.mx\/wp-content\/uploads\/2019\/04\/whatsappimage20190422at17.09.04.jpg?resize=700%2C400 2x, https:\/\/i0.wp.com\/www.grieta.org.mx\/wp-content\/uploads\/2019\/04\/whatsappimage20190422at17.09.04.jpg?resize=1050%2C600 3x"},"classes":[]},{"id":47626,"url":"http:\/\/www.grieta.org.mx\/index.php\/2020\/03\/25\/desplazados-en-guerrero-aqui-el-virus-que-esta-matando-a-la-gente-es-la-violencia\/","url_meta":{"origin":43606,"position":3},"title":"Desplazados en Guerrero: \u201cAqu\u00ed el virus que est\u00e1 matando a la gente es la violencia\u201d","author":"Admin","date":"25 marzo, 2020","format":false,"excerpt":"Ezequiel Flores Contreras \/ Proceso CHICHIHUALCO, Gro. (apro).- Esta ma\u00f1ana se reportaron enfrentamientos armados en las zonas aleda\u00f1as a Chichihualco, cabecera municipal de Leonardo Bravo, donde la banda delictiva de Tlacotepec que dirige On\u00e9simo Marquina Chapa, alias El Necho, irrumpi\u00f3 en las comunidades de Tepozonalco y El Naranjo para desplazar\u2026","rel":"","context":"En &quot;CINTILLO&quot;","block_context":{"text":"CINTILLO","link":"http:\/\/www.grieta.org.mx\/index.php\/category\/cintillo\/"},"img":{"alt_text":"","src":"https:\/\/i0.wp.com\/www.grieta.org.mx\/wp-content\/uploads\/2020\/04\/guerrero-870x522.jpeg?resize=350%2C200","width":350,"height":200,"srcset":"https:\/\/i0.wp.com\/www.grieta.org.mx\/wp-content\/uploads\/2020\/04\/guerrero-870x522.jpeg?resize=350%2C200 1x, https:\/\/i0.wp.com\/www.grieta.org.mx\/wp-content\/uploads\/2020\/04\/guerrero-870x522.jpeg?resize=525%2C300 1.5x, https:\/\/i0.wp.com\/www.grieta.org.mx\/wp-content\/uploads\/2020\/04\/guerrero-870x522.jpeg?resize=700%2C400 2x"},"classes":[]},{"id":39271,"url":"http:\/\/www.grieta.org.mx\/index.php\/2019\/09\/16\/desplazados-en-guerrero-toman-caseta-de-autopista-del-sol\/","url_meta":{"origin":43606,"position":4},"title":"Desplazados en Guerrero toman caseta de Autopista del Sol","author":"Admin","date":"16 septiembre, 2019","format":false,"excerpt":"Francisca Meza Carranza \/ Quadrat\u00edn CHILPANCINGO, Gro., 16 de septiembre de 2019.- Desplazados de la sierra de Leonardo Bravo y Tlaltempanapa, municipio de Zitlala, tomaron la caseta de cobro de la Autopista del Sol en esta ciudad, con el fin de recaudar fondos para sobrellevar sus gastos a 10 meses\u2026","rel":"","context":"En &quot;CINTILLO&quot;","block_context":{"text":"CINTILLO","link":"http:\/\/www.grieta.org.mx\/index.php\/category\/cintillo\/"},"img":{"alt_text":"","src":"https:\/\/i0.wp.com\/www.grieta.org.mx\/wp-content\/uploads\/2019\/09\/desplazadoscaseta-1160x700.jpg?resize=350%2C200","width":350,"height":200,"srcset":"https:\/\/i0.wp.com\/www.grieta.org.mx\/wp-content\/uploads\/2019\/09\/desplazadoscaseta-1160x700.jpg?resize=350%2C200 1x, https:\/\/i0.wp.com\/www.grieta.org.mx\/wp-content\/uploads\/2019\/09\/desplazadoscaseta-1160x700.jpg?resize=525%2C300 1.5x, https:\/\/i0.wp.com\/www.grieta.org.mx\/wp-content\/uploads\/2019\/09\/desplazadoscaseta-1160x700.jpg?resize=700%2C400 2x, https:\/\/i0.wp.com\/www.grieta.org.mx\/wp-content\/uploads\/2019\/09\/desplazadoscaseta-1160x700.jpg?resize=1050%2C600 3x"},"classes":[]},{"id":38615,"url":"http:\/\/www.grieta.org.mx\/index.php\/2019\/08\/29\/a-cinco-meses-de-acuerdos-gobierno-no-ha-cumplido-con-nuestra-seguridad-desplazados-de-guerrero\/","url_meta":{"origin":43606,"position":5},"title":"A cinco meses de acuerdos, gobierno no ha cumplido con nuestra seguridad: desplazados de Guerrero","author":"Admin","date":"29 agosto, 2019","format":false,"excerpt":"A cinco meses de haber levantado el plant\u00f3n que mantuvieron afuera de Palacio Nacional y a 9 meses de la salida de sus comunidades, a\u00fan esperan que las autoridades les garanticen un per\u00edmetro de seguridad. Andrea Vega \/ Animal Pol\u00edtico Los desplazados de la sierra de Guerrero que estuvieron en\u2026","rel":"","context":"En &quot;CINTILLO&quot;","block_context":{"text":"CINTILLO","link":"http:\/\/www.grieta.org.mx\/index.php\/category\/cintillo\/"},"img":{"alt_text":"","src":"https:\/\/i0.wp.com\/www.grieta.org.mx\/wp-content\/uploads\/2019\/08\/https-_www.animalpolitico.com_wp-content_uploads_2019_08_gobierno-seguridad-promesas-desplazados-guerrero.jpg?resize=350%2C200","width":350,"height":200,"srcset":"https:\/\/i0.wp.com\/www.grieta.org.mx\/wp-content\/uploads\/2019\/08\/https-_www.animalpolitico.com_wp-content_uploads_2019_08_gobierno-seguridad-promesas-desplazados-guerrero.jpg?resize=350%2C200 1x, https:\/\/i0.wp.com\/www.grieta.org.mx\/wp-content\/uploads\/2019\/08\/https-_www.animalpolitico.com_wp-content_uploads_2019_08_gobierno-seguridad-promesas-desplazados-guerrero.jpg?resize=525%2C300 1.5x, https:\/\/i0.wp.com\/www.grieta.org.mx\/wp-content\/uploads\/2019\/08\/https-_www.animalpolitico.com_wp-content_uploads_2019_08_gobierno-seguridad-promesas-desplazados-guerrero.jpg?resize=700%2C400 2x"},"classes":[]}],"_links":{"self":[{"href":"http:\/\/www.grieta.org.mx\/index.php\/wp-json\/wp\/v2\/posts\/43606","targetHints":{"allow":["GET"]}}],"collection":[{"href":"http:\/\/www.grieta.org.mx\/index.php\/wp-json\/wp\/v2\/posts"}],"about":[{"href":"http:\/\/www.grieta.org.mx\/index.php\/wp-json\/wp\/v2\/types\/post"}],"author":[{"embeddable":true,"href":"http:\/\/www.grieta.org.mx\/index.php\/wp-json\/wp\/v2\/users\/1"}],"replies":[{"embeddable":true,"href":"http:\/\/www.grieta.org.mx\/index.php\/wp-json\/wp\/v2\/comments?post=43606"}],"version-history":[{"count":1,"href":"http:\/\/www.grieta.org.mx\/index.php\/wp-json\/wp\/v2\/posts\/43606\/revisions"}],"predecessor-version":[{"id":43608,"href":"http:\/\/www.grieta.org.mx\/index.php\/wp-json\/wp\/v2\/posts\/43606\/revisions\/43608"}],"wp:featuredmedia":[{"embeddable":true,"href":"http:\/\/www.grieta.org.mx\/index.php\/wp-json\/wp\/v2\/media\/43607"}],"wp:attachment":[{"href":"http:\/\/www.grieta.org.mx\/index.php\/wp-json\/wp\/v2\/media?parent=43606"}],"wp:term":[{"taxonomy":"category","embeddable":true,"href":"http:\/\/www.grieta.org.mx\/index.php\/wp-json\/wp\/v2\/categories?post=43606"},{"taxonomy":"post_tag","embeddable":true,"href":"http:\/\/www.grieta.org.mx\/index.php\/wp-json\/wp\/v2\/tags?post=43606"}],"curies":[{"name":"wp","href":"https:\/\/api.w.org\/{rel}","templated":true}]}}