{"id":43537,"date":"2020-01-22T14:47:26","date_gmt":"2020-01-22T20:47:26","guid":{"rendered":"http:\/\/www.grieta.org.mx\/?p=43537"},"modified":"2020-01-26T14:54:29","modified_gmt":"2020-01-26T20:54:29","slug":"recuerdan-a-fiscalia-desaparicion-de-oscar-jalisco","status":"publish","type":"post","link":"http:\/\/www.grieta.org.mx\/index.php\/2020\/01\/22\/recuerdan-a-fiscalia-desaparicion-de-oscar-jalisco\/","title":{"rendered":"Recuerdan a Fiscal\u00eda desaparici\u00f3n de \u00d3scar (Jalisco)"},"content":{"rendered":"<p><img loading=\"lazy\" decoding=\"async\" data-attachment-id=\"43538\" data-permalink=\"http:\/\/www.grieta.org.mx\/index.php\/2020\/01\/22\/recuerdan-a-fiscalia-desaparicion-de-oscar-jalisco\/2020-01-22_07-01-35___7332\/\" data-orig-file=\"http:\/\/www.grieta.org.mx\/wp-content\/uploads\/2020\/01\/2020-01-22_07-01-35___7332.jpg\" data-orig-size=\"1280,853\" data-comments-opened=\"0\" data-image-meta=\"{&quot;aperture&quot;:&quot;0&quot;,&quot;credit&quot;:&quot;&quot;,&quot;camera&quot;:&quot;&quot;,&quot;caption&quot;:&quot;&quot;,&quot;created_timestamp&quot;:&quot;0&quot;,&quot;copyright&quot;:&quot;&quot;,&quot;focal_length&quot;:&quot;0&quot;,&quot;iso&quot;:&quot;0&quot;,&quot;shutter_speed&quot;:&quot;0&quot;,&quot;title&quot;:&quot;&quot;,&quot;orientation&quot;:&quot;0&quot;}\" data-image-title=\"2020-01-22_07-01-35___7332\" data-image-description=\"\" data-image-caption=\"\" data-medium-file=\"http:\/\/www.grieta.org.mx\/wp-content\/uploads\/2020\/01\/2020-01-22_07-01-35___7332-300x200.jpg\" data-large-file=\"http:\/\/www.grieta.org.mx\/wp-content\/uploads\/2020\/01\/2020-01-22_07-01-35___7332-1024x682.jpg\" class=\"aligncenter wp-image-43538\" src=\"http:\/\/www.grieta.org.mx\/wp-content\/uploads\/2020\/01\/2020-01-22_07-01-35___7332-1024x682.jpg\" alt=\"\" width=\"801\" height=\"534\" srcset=\"http:\/\/www.grieta.org.mx\/wp-content\/uploads\/2020\/01\/2020-01-22_07-01-35___7332-1024x682.jpg 1024w, http:\/\/www.grieta.org.mx\/wp-content\/uploads\/2020\/01\/2020-01-22_07-01-35___7332-300x200.jpg 300w, http:\/\/www.grieta.org.mx\/wp-content\/uploads\/2020\/01\/2020-01-22_07-01-35___7332-768x512.jpg 768w, http:\/\/www.grieta.org.mx\/wp-content\/uploads\/2020\/01\/2020-01-22_07-01-35___7332-750x500.jpg 750w, http:\/\/www.grieta.org.mx\/wp-content\/uploads\/2020\/01\/2020-01-22_07-01-35___7332.jpg 1280w\" sizes=\"auto, (max-width: 801px) 100vw, 801px\" \/><\/p>\n<p>Foto: Jorge Alberto Mendoza<\/p>\n<p>Juan Levario \/ El Diario NTR<\/p>\n<p>Por la desaparici\u00f3n de su hijo\u00a0\u00d3scar Antonio L\u00f3pez Enamorado, registrada\u00a0hace\u00a010 a\u00f1os en Jalisco,\u00a0Ana Enamorado instal\u00f3 un memorial de mosaicos en la fachada de la Fiscal\u00eda del Estado\u00a0para recordar el caso.<\/p>\n<p>La mujer, originaria de Honduras,\u00a0se qued\u00f3 en M\u00e9xico para buscar a \u00d3scar luego de su desaparici\u00f3n, ocurrida el\u00a019 de enero de 2010, convirti\u00e9ndolo en su proyecto de vida.<\/p>\n<p>Reci\u00e9n obtuvo un amparo ordenando acciones de b\u00fasqueda ante omisiones y negligencias, como que un ministerio p\u00fablico en 2013 le ofreciera cenizas argumentando que eran de su hijo, sin sustento alguno y con presi\u00f3n para que aceptara.<\/p>\n<p>En 2008,\u00a0\u00d3scar Antonio\u00a0sali\u00f3\u00a0de su pa\u00eds\u00a0para dirigirse a Estados Unidos y\u00a0cambiar su situaci\u00f3n econ\u00f3mica, pero se qued\u00f3 en M\u00e9xico,\u00a0en el pueblo de San Sebasti\u00e1n del Oeste, Jalisco, por invitaci\u00f3n de algunas personas y todav\u00eda un tiempo estuvo en contacto con su familia hasta que un d\u00eda no supieron m\u00e1s de \u00e9l.<\/p>\n<p>La madre del joven desaparecido, que ahora tendr\u00eda 29 a\u00f1os, lleg\u00f3 a Jalisco desde Honduras para encargarse de la b\u00fasqueda.<\/p>\n<p>Ayer\u00a0ten\u00eda una cita con la fiscal de especial de\u00a0Personas Desaparecidas,\u00a0Blanca Jaqueline Trujillo Cuevas, pero hace poco menos de dos semanas se comunicaron con ella para cancelar el encuentro.<\/p>\n<p><em>\u201cEs para m\u00ed muy duro, muy dif\u00edcil tener que estar haciendo estos actos de resistencia por la ineptitud de las mismas autoridades\u201d:<\/em>\u00a0<strong>Ana Enamorado<\/strong>, Madre de joven desaparecido<\/p>\n<p>Ante el anuncio de que realizar\u00eda un acto de protesta,\u00a0la funcionaria se present\u00f3\u00a0cuando Ana se encontraba con un ministerio p\u00fablico en las oficinas de la instituci\u00f3n, ubicadas\u00a0en la calzada Independencia Norte y Hospital. Se justific\u00f3 dici\u00e9ndole que hab\u00eda tenido que salir de viaje y que no le supieron explicar la situaci\u00f3n.<\/p>\n<p>\u201cEs para m\u00ed muy duro, muy dif\u00edcil tener que estar haciendo estos actos de resistencia por la ineptitud de las mismas autoridades. En realidad este evento no estaba programado, fue algo que surgi\u00f3 de repente porque yo ten\u00eda programada una reuni\u00f3n para este d\u00eda, esta fecha,\u00a0a las 10 horas con la fiscal de desaparecidos Blanca Jacqueline, pero el d\u00eda 10 de este mes yo recib\u00ed una llamada en donde me dijeron que cancelaban la reuni\u00f3n (\u2026) Ha habido mucha negligencia de las autoridades, aunque ahorita que estaba en la reuni\u00f3n se present\u00f3 la se\u00f1ora fiscal para atenderme cuando me dijeron que no se iba a encontrar. Entonces es algo que a m\u00ed me sorprende\u201d, acus\u00f3.<\/p>\n<p>El acto para conmemorar a su hijo consisti\u00f3 en colocar un mosaico que ten\u00eda grabada una imagen con el rostro de la v\u00edctima de desaparici\u00f3n\u00a0y otro mosaico con la silueta de las huellas de los zapatos de Ana. Dentro de las huellas\u00a0estaban\u00a0los nombres de ambos y su promesa de encontrarlo.<\/p>\n<p><a href=\"https:\/\/www.ntrguadalajara.com\/post.php?id_nota=142523\">https:\/\/www.ntrguadalajara.com\/post.php?id_nota=142523<\/a><\/p>\n","protected":false},"excerpt":{"rendered":"<p>Foto: Jorge Alberto Mendoza Juan Levario \/ El Diario NTR Por la desaparici\u00f3n de su hijo\u00a0\u00d3scar Antonio L\u00f3pez Enamorado, registrada\u00a0hace\u00a010 a\u00f1os en Jalisco,\u00a0Ana Enamorado instal\u00f3 un memorial de mosaicos en &hellip; <a href=\"http:\/\/www.grieta.org.mx\/index.php\/2020\/01\/22\/recuerdan-a-fiscalia-desaparicion-de-oscar-jalisco\/\" class=\"more-link\">Leer m\u00e1s<\/a><\/p>\n","protected":false},"author":2,"featured_media":43538,"comment_status":"closed","ping_status":"closed","sticky":false,"template":"","format":"standard","meta":{"ngg_post_thumbnail":0,"_jetpack_newsletter_access":"","_jetpack_dont_email_post_to_subs":false,"_jetpack_newsletter_tier_id":0,"_jetpack_memberships_contains_paywalled_content":false,"_jetpack_memberships_contains_paid_content":false,"footnotes":""},"categories":[80,87,1032,20,2,83],"tags":[1828,1668],"class_list":["post-43537","post","type-post","status-publish","format-standard","has-post-thumbnail","hentry","category-cintillo","category-desaparecidos","category-desaparecidos-en-jalisco","category-jalisco","category-noticias-nacionales","category-temas-nacionales","tag-busqueda-de-desaparecidos","tag-familiares-de-desaparecidos","entry"],"jetpack_featured_media_url":"http:\/\/www.grieta.org.mx\/wp-content\/uploads\/2020\/01\/2020-01-22_07-01-35___7332.jpg","jetpack_sharing_enabled":true,"jetpack_shortlink":"https:\/\/wp.me\/p7ZJR4-bkd","jetpack_likes_enabled":false,"jetpack-related-posts":[{"id":43275,"url":"http:\/\/www.grieta.org.mx\/index.php\/2020\/01\/21\/activistas-colocan-memorial-con-fotografias-de-sus-desaparecidos-frente-a-a-fgr-ciudad-de-mexico\/","url_meta":{"origin":43537,"position":0},"title":"Activistas colocan memorial con fotograf\u00edas de sus desaparecidos frente a a FGR (Ciudad de M\u00e9xico)","author":"grieta","date":"21 enero, 2020","format":false,"excerpt":"Foto: Pablo P\u00e9rez Conexi\u00f3n Migrante Ana Enamorado encabez\u00f3 este lunes 20 de noviembre una manifestaci\u00f3n frente a la FGR, ubicada en la CDMX, exigi\u00f3 la b\u00fasqueda de su hijo, quien desapareci\u00f3 hace 10 a\u00f1os Fue el 19 de enero de 2010 cuando Ana Enamorado tuvo contacto por \u00faltima vez con\u2026","rel":"","context":"En &quot;CINTILLO&quot;","block_context":{"text":"CINTILLO","link":"http:\/\/www.grieta.org.mx\/index.php\/category\/cintillo\/"},"img":{"alt_text":"","src":"https:\/\/i0.wp.com\/www.grieta.org.mx\/wp-content\/uploads\/2020\/01\/Activistas-colocan-memorial-con-fotograf%C3%ADas-de-sus-desaparecidos-frente-a-a-FGR-cdmx-ene.jpg?resize=350%2C200","width":350,"height":200,"srcset":"https:\/\/i0.wp.com\/www.grieta.org.mx\/wp-content\/uploads\/2020\/01\/Activistas-colocan-memorial-con-fotograf%C3%ADas-de-sus-desaparecidos-frente-a-a-FGR-cdmx-ene.jpg?resize=350%2C200 1x, https:\/\/i0.wp.com\/www.grieta.org.mx\/wp-content\/uploads\/2020\/01\/Activistas-colocan-memorial-con-fotograf%C3%ADas-de-sus-desaparecidos-frente-a-a-FGR-cdmx-ene.jpg?resize=525%2C300 1.5x, https:\/\/i0.wp.com\/www.grieta.org.mx\/wp-content\/uploads\/2020\/01\/Activistas-colocan-memorial-con-fotograf%C3%ADas-de-sus-desaparecidos-frente-a-a-FGR-cdmx-ene.jpg?resize=700%2C400 2x, https:\/\/i0.wp.com\/www.grieta.org.mx\/wp-content\/uploads\/2020\/01\/Activistas-colocan-memorial-con-fotograf%C3%ADas-de-sus-desaparecidos-frente-a-a-FGR-cdmx-ene.jpg?resize=1050%2C600 3x"},"classes":[]},{"id":66117,"url":"http:\/\/www.grieta.org.mx\/index.php\/2023\/01\/19\/el-estado-mexicano-quiere-detener-la-busqueda-de-mi-hijo-oscar-jalisco\/","url_meta":{"origin":43537,"position":1},"title":"\u201cEl Estado Mexicano quiere detener la b\u00fasqueda de mi hijo \u00d3scar\u201d (Jalisco)","author":"grieta","date":"19 enero, 2023","format":false,"excerpt":"Imagen: Brenda Santos Han pasado 13 a\u00f1os desde que Ana Enamorado dej\u00f3 de saber de su hijo, \u00d3scar Antonio L\u00f3pez Enamorado. En esa \u00faltima llamada, realizada el 19 de enero de 2010, \u00d3scar le dijo que estaba en Jalisco y que pronto regresar\u00eda a Honduras. Sin embargo, el tiempo pas\u00f3\u2026","rel":"","context":"En &quot;CINTILLO&quot;","block_context":{"text":"CINTILLO","link":"http:\/\/www.grieta.org.mx\/index.php\/category\/cintillo\/"},"img":{"alt_text":"","src":"https:\/\/i0.wp.com\/www.grieta.org.mx\/wp-content\/uploads\/2023\/01\/82709558_10218534097716055_2724690857029533696_n-1068x712-1.jpg?resize=350%2C200","width":350,"height":200,"srcset":"https:\/\/i0.wp.com\/www.grieta.org.mx\/wp-content\/uploads\/2023\/01\/82709558_10218534097716055_2724690857029533696_n-1068x712-1.jpg?resize=350%2C200 1x, https:\/\/i0.wp.com\/www.grieta.org.mx\/wp-content\/uploads\/2023\/01\/82709558_10218534097716055_2724690857029533696_n-1068x712-1.jpg?resize=525%2C300 1.5x, https:\/\/i0.wp.com\/www.grieta.org.mx\/wp-content\/uploads\/2023\/01\/82709558_10218534097716055_2724690857029533696_n-1068x712-1.jpg?resize=700%2C400 2x, https:\/\/i0.wp.com\/www.grieta.org.mx\/wp-content\/uploads\/2023\/01\/82709558_10218534097716055_2724690857029533696_n-1068x712-1.jpg?resize=1050%2C600 3x"},"classes":[]},{"id":63125,"url":"http:\/\/www.grieta.org.mx\/index.php\/2022\/01\/19\/4-mil-385-dias-buscando-a-oscar-ante-la-falta-de-apoyo-de-gobierno-mexicano-familias-de-personas-migrantes-desaparecidas-anuncian-la-creacion-de-la-red-regional-de-familias-de-migrantes\/","url_meta":{"origin":43537,"position":2},"title":"4 mil 385 d\u00edas buscando a \u00d3scar, ante la falta de apoyo de gobierno mexicano familias de personas migrantes desaparecidas anuncian  la creaci\u00f3n de la Red Regional de Familias de Migrantes (Jalisco)","author":"grieta","date":"19 enero, 2022","format":false,"excerpt":"Foto: Mario Marlo En una acci\u00f3n de memoria y reclamo de justicia, Ana Enamorado, madre buscadora y defensora de los derechos de las personas migrantes en M\u00e9xico se pronunci\u00f3 a las afueras de la Fiscal\u00eda General de la Rep\u00fablica en el 12 aniversario de la desaparici\u00f3n de su hijo \u00d3scar\u2026","rel":"","context":"En &quot;CINTILLO&quot;","block_context":{"text":"CINTILLO","link":"http:\/\/www.grieta.org.mx\/index.php\/category\/cintillo\/"},"img":{"alt_text":"","src":"https:\/\/i0.wp.com\/www.grieta.org.mx\/wp-content\/uploads\/2022\/01\/photo5530494027326138320-scaled-1-1068x694-1.jpg?resize=350%2C200","width":350,"height":200,"srcset":"https:\/\/i0.wp.com\/www.grieta.org.mx\/wp-content\/uploads\/2022\/01\/photo5530494027326138320-scaled-1-1068x694-1.jpg?resize=350%2C200 1x, https:\/\/i0.wp.com\/www.grieta.org.mx\/wp-content\/uploads\/2022\/01\/photo5530494027326138320-scaled-1-1068x694-1.jpg?resize=525%2C300 1.5x, https:\/\/i0.wp.com\/www.grieta.org.mx\/wp-content\/uploads\/2022\/01\/photo5530494027326138320-scaled-1-1068x694-1.jpg?resize=700%2C400 2x, https:\/\/i0.wp.com\/www.grieta.org.mx\/wp-content\/uploads\/2022\/01\/photo5530494027326138320-scaled-1-1068x694-1.jpg?resize=1050%2C600 3x"},"classes":[]},{"id":56604,"url":"http:\/\/www.grieta.org.mx\/index.php\/2021\/01\/23\/familiares-de-joven-desaparecido-denuncian-inaccion-de-la-fiscalia-de-jalisco\/","url_meta":{"origin":43537,"position":3},"title":"Familiares de joven desaparecido denuncian inacci\u00f3n de la Fiscal\u00eda de Jalisco","author":"grieta","date":"23 enero, 2021","format":false,"excerpt":"Foto: EFE Archivo A Oscar Manuel Inda Acevedo se lo llevaron de su casa la noche del 14 de enero cuando un comando, supuestamente de la Fiscal\u00eda, entro a la fuerza Celia Ni\u00f1o \/UDGTV Guadalajara, Jalisco. La familia de Oscar Manuel Inda Acevedo\u00a0denuncia la inacci\u00f3n de la Fiscal\u00eda Estatal y\u2026","rel":"","context":"En &quot;CINTILLO&quot;","block_context":{"text":"CINTILLO","link":"http:\/\/www.grieta.org.mx\/index.php\/category\/cintillo\/"},"img":{"alt_text":"","src":"https:\/\/i0.wp.com\/www.grieta.org.mx\/wp-content\/uploads\/2021\/02\/Busqueda-de-desaparecidos-EFE-656x420-1.jpg?resize=350%2C200","width":350,"height":200,"srcset":"https:\/\/i0.wp.com\/www.grieta.org.mx\/wp-content\/uploads\/2021\/02\/Busqueda-de-desaparecidos-EFE-656x420-1.jpg?resize=350%2C200 1x, https:\/\/i0.wp.com\/www.grieta.org.mx\/wp-content\/uploads\/2021\/02\/Busqueda-de-desaparecidos-EFE-656x420-1.jpg?resize=525%2C300 1.5x"},"classes":[]},{"id":62106,"url":"http:\/\/www.grieta.org.mx\/index.php\/2021\/09\/26\/la-fiscalia-no-busco-nosotros-la-encontramos-jalisco\/","url_meta":{"origin":43537,"position":4},"title":"\u201cLa Fiscal\u00eda no busc\u00f3, nosotros la encontramos\u201d (Jalisco)","author":"grieta","date":"26 septiembre, 2021","format":false,"excerpt":"Foto: Zona Docs Tras permanecer siete d\u00edas como desaparecida, Wendoline G\u00f3mez Mendoza fue localizada con vida, el 25 de septiembre. Su familia en un acto simb\u00f3lico retir\u00f3 de la Glorieta de las y los Desaparecidos, la lona de b\u00fasqueda que colocaron tras su desaparici\u00f3n ocurrida, el 18 de septiembre. En\u2026","rel":"","context":"En &quot;CINTILLO&quot;","block_context":{"text":"CINTILLO","link":"http:\/\/www.grieta.org.mx\/index.php\/category\/cintillo\/"},"img":{"alt_text":"","src":"https:\/\/i0.wp.com\/www.grieta.org.mx\/wp-content\/uploads\/2021\/10\/wendoline-768x432-1.jpeg?resize=350%2C200","width":350,"height":200,"srcset":"https:\/\/i0.wp.com\/www.grieta.org.mx\/wp-content\/uploads\/2021\/10\/wendoline-768x432-1.jpeg?resize=350%2C200 1x, https:\/\/i0.wp.com\/www.grieta.org.mx\/wp-content\/uploads\/2021\/10\/wendoline-768x432-1.jpeg?resize=525%2C300 1.5x, https:\/\/i0.wp.com\/www.grieta.org.mx\/wp-content\/uploads\/2021\/10\/wendoline-768x432-1.jpeg?resize=700%2C400 2x"},"classes":[]},{"id":68440,"url":"http:\/\/www.grieta.org.mx\/index.php\/2024\/01\/25\/se-busca-reportante-los-errores-del-censo-para-ubicar-a-las-personas-desaparecidas-en-jalisco\/","url_meta":{"origin":43537,"position":5},"title":"Se busca reportante: los errores del censo para \u201cubicar\u201d a las personas desaparecidas en Jalisco","author":"grieta","date":"25 enero, 2024","format":false,"excerpt":"Imagen: Zona Docs En la informaci\u00f3n p\u00fablica del \u201ccenso\u201d de la Estrategia Nacional de B\u00fasqueda Generalizada que realiz\u00f3 el Gobierno Federal aparecen, por lo menos, 28 registros err\u00f3neos de personas que fueron desaparecidas en Jalisco. Uno de los errores m\u00e1s evidentes es que en los registros se dice desconocer qui\u00e9n\u2026","rel":"","context":"En &quot;CINTILLO&quot;","block_context":{"text":"CINTILLO","link":"http:\/\/www.grieta.org.mx\/index.php\/category\/cintillo\/"},"img":{"alt_text":"","src":"https:\/\/i0.wp.com\/www.grieta.org.mx\/wp-content\/uploads\/2024\/02\/FAMILIA-CAMARENA-PORTADA-scaled-1.jpg?resize=350%2C200","width":350,"height":200,"srcset":"https:\/\/i0.wp.com\/www.grieta.org.mx\/wp-content\/uploads\/2024\/02\/FAMILIA-CAMARENA-PORTADA-scaled-1.jpg?resize=350%2C200 1x, https:\/\/i0.wp.com\/www.grieta.org.mx\/wp-content\/uploads\/2024\/02\/FAMILIA-CAMARENA-PORTADA-scaled-1.jpg?resize=525%2C300 1.5x, https:\/\/i0.wp.com\/www.grieta.org.mx\/wp-content\/uploads\/2024\/02\/FAMILIA-CAMARENA-PORTADA-scaled-1.jpg?resize=700%2C400 2x, https:\/\/i0.wp.com\/www.grieta.org.mx\/wp-content\/uploads\/2024\/02\/FAMILIA-CAMARENA-PORTADA-scaled-1.jpg?resize=1050%2C600 3x"},"classes":[]}],"_links":{"self":[{"href":"http:\/\/www.grieta.org.mx\/index.php\/wp-json\/wp\/v2\/posts\/43537","targetHints":{"allow":["GET"]}}],"collection":[{"href":"http:\/\/www.grieta.org.mx\/index.php\/wp-json\/wp\/v2\/posts"}],"about":[{"href":"http:\/\/www.grieta.org.mx\/index.php\/wp-json\/wp\/v2\/types\/post"}],"author":[{"embeddable":true,"href":"http:\/\/www.grieta.org.mx\/index.php\/wp-json\/wp\/v2\/users\/2"}],"replies":[{"embeddable":true,"href":"http:\/\/www.grieta.org.mx\/index.php\/wp-json\/wp\/v2\/comments?post=43537"}],"version-history":[{"count":1,"href":"http:\/\/www.grieta.org.mx\/index.php\/wp-json\/wp\/v2\/posts\/43537\/revisions"}],"predecessor-version":[{"id":43539,"href":"http:\/\/www.grieta.org.mx\/index.php\/wp-json\/wp\/v2\/posts\/43537\/revisions\/43539"}],"wp:featuredmedia":[{"embeddable":true,"href":"http:\/\/www.grieta.org.mx\/index.php\/wp-json\/wp\/v2\/media\/43538"}],"wp:attachment":[{"href":"http:\/\/www.grieta.org.mx\/index.php\/wp-json\/wp\/v2\/media?parent=43537"}],"wp:term":[{"taxonomy":"category","embeddable":true,"href":"http:\/\/www.grieta.org.mx\/index.php\/wp-json\/wp\/v2\/categories?post=43537"},{"taxonomy":"post_tag","embeddable":true,"href":"http:\/\/www.grieta.org.mx\/index.php\/wp-json\/wp\/v2\/tags?post=43537"}],"curies":[{"name":"wp","href":"https:\/\/api.w.org\/{rel}","templated":true}]}}