{"id":43523,"date":"2020-01-22T13:28:24","date_gmt":"2020-01-22T19:28:24","guid":{"rendered":"http:\/\/www.grieta.org.mx\/?p=43523"},"modified":"2020-01-26T13:44:23","modified_gmt":"2020-01-26T19:44:23","slug":"sindicato-emplaza-a-dif-zapopan-a-huelga-para-el-26-de-enero-jalisco","status":"publish","type":"post","link":"http:\/\/www.grieta.org.mx\/index.php\/2020\/01\/22\/sindicato-emplaza-a-dif-zapopan-a-huelga-para-el-26-de-enero-jalisco\/","title":{"rendered":"Sindicato emplaza a DIF Zapopan a huelga para el 26 de enero (Jalisco)"},"content":{"rendered":"<p><img loading=\"lazy\" decoding=\"async\" data-attachment-id=\"43524\" data-permalink=\"http:\/\/www.grieta.org.mx\/index.php\/2020\/01\/22\/sindicato-emplaza-a-dif-zapopan-a-huelga-para-el-26-de-enero-jalisco\/manifestacion-dif-zapopan\/\" data-orig-file=\"http:\/\/www.grieta.org.mx\/wp-content\/uploads\/2020\/01\/Manifestaci\u00f3n-DIF-Zapopan.jpg\" data-orig-size=\"768,479\" data-comments-opened=\"0\" data-image-meta=\"{&quot;aperture&quot;:&quot;0&quot;,&quot;credit&quot;:&quot;&quot;,&quot;camera&quot;:&quot;&quot;,&quot;caption&quot;:&quot;&quot;,&quot;created_timestamp&quot;:&quot;0&quot;,&quot;copyright&quot;:&quot;&quot;,&quot;focal_length&quot;:&quot;0&quot;,&quot;iso&quot;:&quot;0&quot;,&quot;shutter_speed&quot;:&quot;0&quot;,&quot;title&quot;:&quot;&quot;,&quot;orientation&quot;:&quot;0&quot;}\" data-image-title=\"Manifestaci\u00f3n DIF Zapopan\" data-image-description=\"\" data-image-caption=\"\" data-medium-file=\"http:\/\/www.grieta.org.mx\/wp-content\/uploads\/2020\/01\/Manifestaci\u00f3n-DIF-Zapopan-300x187.jpg\" data-large-file=\"http:\/\/www.grieta.org.mx\/wp-content\/uploads\/2020\/01\/Manifestaci\u00f3n-DIF-Zapopan.jpg\" class=\"aligncenter wp-image-43524\" src=\"http:\/\/www.grieta.org.mx\/wp-content\/uploads\/2020\/01\/Manifestaci\u00f3n-DIF-Zapopan.jpg\" alt=\"\" width=\"800\" height=\"499\" srcset=\"http:\/\/www.grieta.org.mx\/wp-content\/uploads\/2020\/01\/Manifestaci\u00f3n-DIF-Zapopan.jpg 768w, http:\/\/www.grieta.org.mx\/wp-content\/uploads\/2020\/01\/Manifestaci\u00f3n-DIF-Zapopan-300x187.jpg 300w\" sizes=\"auto, (max-width: 800px) 100vw, 800px\" \/><\/p>\n<p class=\"subtitle\"><em>Acusan de que Pablo Lemus Navarro no les ha dado la cara, nunca los atendi\u00f3, les mand\u00f3 funcionarios de segundo nivel, que adem\u00e1s los trataron \u201ccon enga\u00f1os, con mentiras\u201d<\/em><\/p>\n<p>Foto: Cortes\u00eda Sindicato de Empleados DIF Zapopan<\/p>\n<p>V\u00edctor Ch\u00e1vez \/ El Occidental<\/p>\n<p>Como un llamado de \u00faltima hora, trabajadores sindicalizados del DIF Zapopan se manifestaron, esto antes de que el pr\u00f3ximo domingo 26 de enero pueda darse la huelga correspondiente.<\/p>\n<p>\u201cAqu\u00ed estamos de nueva cuenta iniciando el a\u00f1o y teniendo la necesidad de tomar las calles para hacernos escuchar por este alcalde, al que muchos supuestamente consideran el mejor alcalde de Jalisco y uno de los mejores de M\u00e9xico. Seguramente en esas encuestas nunca consultaron a los zapopanos\u201d, dijo Martha Elia Naranjo.<\/p>\n<p>Acusan de que Pablo Lemus Navarro no les ha dado la cara, nunca los atendi\u00f3, les mand\u00f3 funcionarios de segundo nivel, que adem\u00e1s los trataron \u201ccon enga\u00f1os, con mentiras\u201d.<\/p>\n<p>Denunciaron que el plant\u00f3n es porque la paciencia se les agot\u00f3 y esperan que ahora los reciba el mun\u00edcipe.<\/p>\n<p>Todo, dicen, se deriva de un procedimiento que \u201cpresentamos ante la Junta Local de Conciliaci\u00f3n y Arbitraje por constantes y repetidas violaciones a nuestro contrato colectivo de trabajo\u201d, donde, afirman, nunca les import\u00f3 llegar a la conciliaci\u00f3n sobre casos de ofensas y denostaciones a la organizaci\u00f3n sindical, las continuas violaciones a la ley laboral, al igual que a los acuerdos internacionales ratificados por M\u00e9xico como la respeto a la libre sindicalizaci\u00f3n, son el pan de cada d\u00eda en este municipio.<\/p>\n<p>Reiteraron que el estallamiento de huelga est\u00e1 previsto para este domingo a las 12 horas y \u201choy salimos a la calle de nueva cuenta para reprocharle a este gobierno, su irracionalidad, su prepotencia, su soberbia\u201d.<\/p>\n<p><a href=\"https:\/\/www.eloccidental.com.mx\/local\/sindicato-emplaza-a-dif-a-huelga-para-el-26-de-enero-zapopan-responde-hemos-cumplido-4737342.html\">https:\/\/www.eloccidental.com.mx\/local\/sindicato-emplaza-a-dif-a-huelga-para-el-26-de-enero-zapopan-responde-hemos-cumplido-4737342.html<\/a><\/p>\n","protected":false},"excerpt":{"rendered":"<p>Acusan de que Pablo Lemus Navarro no les ha dado la cara, nunca los atendi\u00f3, les mand\u00f3 funcionarios de segundo nivel, que adem\u00e1s los trataron \u201ccon enga\u00f1os, con mentiras\u201d Foto: &hellip; <a href=\"http:\/\/www.grieta.org.mx\/index.php\/2020\/01\/22\/sindicato-emplaza-a-dif-zapopan-a-huelga-para-el-26-de-enero-jalisco\/\" class=\"more-link\">Leer m\u00e1s<\/a><\/p>\n","protected":false},"author":2,"featured_media":43524,"comment_status":"closed","ping_status":"closed","sticky":false,"template":"","format":"standard","meta":{"ngg_post_thumbnail":0,"_jetpack_newsletter_access":"","_jetpack_dont_email_post_to_subs":false,"_jetpack_newsletter_tier_id":0,"_jetpack_memberships_contains_paywalled_content":false,"_jetpack_memberships_contains_paid_content":false,"footnotes":""},"categories":[80,1722,20,2],"tags":[2250,1450,105,3040],"class_list":["post-43523","post","type-post","status-publish","format-standard","has-post-thumbnail","hentry","category-cintillo","category-conflictos-laborales-de-trabajadores-del-estado-en-jalisco","category-jalisco","category-noticias-nacionales","tag-conflictos-laborales-en-el-sector-publico","tag-contrato-colectivo","tag-derechos-laborales","tag-dif","entry"],"jetpack_featured_media_url":"http:\/\/www.grieta.org.mx\/wp-content\/uploads\/2020\/01\/Manifestaci\u00f3n-DIF-Zapopan.jpg","jetpack_sharing_enabled":true,"jetpack_shortlink":"https:\/\/wp.me\/p7ZJR4-bjZ","jetpack_likes_enabled":false,"jetpack-related-posts":[{"id":33777,"url":"http:\/\/www.grieta.org.mx\/index.php\/2019\/05\/21\/trabajadores-de-zapopan-inician-planton-por-despido-injustificado-jalisco\/","url_meta":{"origin":43523,"position":0},"title":"Trabajadores de Zapopan inician plant\u00f3n por despido injustificado (Jalisco)","author":"grieta","date":"21 mayo, 2019","format":false,"excerpt":"As\u00ed como por nulo incremento salarial, hostigamiento y extorsi\u00f3n laboral; las quejas ya fueron presentadas ante la Comisi\u00f3n Estatal de Derechos Humanos (CEDH) Isaura L\u00f3pez Trabajadores de Zapopan afiliados a la Federaci\u00f3n de Trabajadores de Jalisco (Fedetjal) inician plant\u00f3n definitivo frente al Ayuntamiento ante despido injustificado, nulo incremento salarial, hostigamiento\u2026","rel":"","context":"En &quot;CINTILLO&quot;","block_context":{"text":"CINTILLO","link":"http:\/\/www.grieta.org.mx\/index.php\/category\/cintillo\/"},"img":{"alt_text":"","src":"https:\/\/i0.wp.com\/www.grieta.org.mx\/wp-content\/uploads\/2019\/05\/Trabajadores-de-Zapopan.jpg?resize=350%2C200","width":350,"height":200,"srcset":"https:\/\/i0.wp.com\/www.grieta.org.mx\/wp-content\/uploads\/2019\/05\/Trabajadores-de-Zapopan.jpg?resize=350%2C200 1x, https:\/\/i0.wp.com\/www.grieta.org.mx\/wp-content\/uploads\/2019\/05\/Trabajadores-de-Zapopan.jpg?resize=525%2C300 1.5x, https:\/\/i0.wp.com\/www.grieta.org.mx\/wp-content\/uploads\/2019\/05\/Trabajadores-de-Zapopan.jpg?resize=700%2C400 2x"},"classes":[]},{"id":34359,"url":"http:\/\/www.grieta.org.mx\/index.php\/2019\/05\/28\/trabajadores-del-issste-se-manifiestan-ante-despido-de-personal-de-turissste-jalisco\/","url_meta":{"origin":43523,"position":1},"title":"Trabajadores del ISSSTE se manifiestan ante despido de personal de TURISSSTE (Jalisco)","author":"grieta","date":"28 mayo, 2019","format":false,"excerpt":"El secretario General de SITISSSTE, Enrique Vera Sioria, denunci\u00f3 que a nivel nacional se est\u00e1n llevando a cabo los despidos iniciando con la agencia tur\u00edstica Isaura L\u00f3pez \/\u00a0 El Occidental Ante despidos del personal de Turismo del Instituto de Seguridad y Servicios Sociales de los Trabajadores del Estado (TURISSSTE) a\u2026","rel":"","context":"En &quot;CINTILLO&quot;","block_context":{"text":"CINTILLO","link":"http:\/\/www.grieta.org.mx\/index.php\/category\/cintillo\/"},"img":{"alt_text":"","src":"https:\/\/i0.wp.com\/www.grieta.org.mx\/wp-content\/uploads\/2018\/03\/14524434_1106112876131411_958039263622046936_o.jpg?resize=350%2C200","width":350,"height":200,"srcset":"https:\/\/i0.wp.com\/www.grieta.org.mx\/wp-content\/uploads\/2018\/03\/14524434_1106112876131411_958039263622046936_o.jpg?resize=350%2C200 1x, https:\/\/i0.wp.com\/www.grieta.org.mx\/wp-content\/uploads\/2018\/03\/14524434_1106112876131411_958039263622046936_o.jpg?resize=525%2C300 1.5x, https:\/\/i0.wp.com\/www.grieta.org.mx\/wp-content\/uploads\/2018\/03\/14524434_1106112876131411_958039263622046936_o.jpg?resize=700%2C400 2x"},"classes":[]},{"id":40962,"url":"http:\/\/www.grieta.org.mx\/index.php\/2019\/11\/01\/elementos-de-proteccion-civil-del-estado-trabajan-bajo-protesta-porque-solo-les-llego-la-mitad-del-alza-salarial-jalisco\/","url_meta":{"origin":43523,"position":2},"title":"Elementos de Protecci\u00f3n Civil del Estado trabajan \u201cbajo protesta\u201d porque solo les lleg\u00f3 la mitad del alza salarial (Jalisco)","author":"grieta","date":"1 noviembre, 2019","format":false,"excerpt":"Foto: Ignacio P\u00e9rez Vega Los 350 elementos de la Unidad Estatal de Protecci\u00f3n Civil y Bomberos trabajan bajo protesta a partir de este viernes, para exigir que se les pague completo Ignacio P\u00e9rez Vega \/ UDGTV Guadalajara, Jalisco. Los 350 elementos de la Unidad Estatal de Protecci\u00f3n Civil y Bomberos\u2026","rel":"","context":"En &quot;CINTILLO&quot;","block_context":{"text":"CINTILLO","link":"http:\/\/www.grieta.org.mx\/index.php\/category\/cintillo\/"},"img":{"alt_text":"","src":"https:\/\/i0.wp.com\/www.grieta.org.mx\/wp-content\/uploads\/2019\/11\/Protesta-Protecci%C3%B3n-Civil-Ignacio-P%C3%A9rez-Vega.jpg?resize=350%2C200","width":350,"height":200,"srcset":"https:\/\/i0.wp.com\/www.grieta.org.mx\/wp-content\/uploads\/2019\/11\/Protesta-Protecci%C3%B3n-Civil-Ignacio-P%C3%A9rez-Vega.jpg?resize=350%2C200 1x, https:\/\/i0.wp.com\/www.grieta.org.mx\/wp-content\/uploads\/2019\/11\/Protesta-Protecci%C3%B3n-Civil-Ignacio-P%C3%A9rez-Vega.jpg?resize=525%2C300 1.5x, https:\/\/i0.wp.com\/www.grieta.org.mx\/wp-content\/uploads\/2019\/11\/Protesta-Protecci%C3%B3n-Civil-Ignacio-P%C3%A9rez-Vega.jpg?resize=700%2C400 2x, https:\/\/i0.wp.com\/www.grieta.org.mx\/wp-content\/uploads\/2019\/11\/Protesta-Protecci%C3%B3n-Civil-Ignacio-P%C3%A9rez-Vega.jpg?resize=1050%2C600 3x"},"classes":[]},{"id":36655,"url":"http:\/\/www.grieta.org.mx\/index.php\/2019\/07\/15\/se-manifiestan-los-trabajadores-del-inah-jalisco\/","url_meta":{"origin":43523,"position":3},"title":"Se manifiestan los trabajadores del INAH Jalisco","author":"grieta","date":"15 julio, 2019","format":false,"excerpt":"Foto: Francisco Rodr\u00edguez Exigen devoluci\u00f3n inmediata de impuestos indebidamente aplicados Rosario Bare\u00f1o \/ El Occidental Se manifestaron trabajadores del Instituto Nacional de Antropolog\u00eda e Historia (INAH) en Jalisco exigiendo devoluci\u00f3n inmediata de impuestos indebidamente aplicados y un alto a la retenci\u00f3n de las cuotas sindicales que les pertenecen a los\u2026","rel":"","context":"En &quot;CINTILLO&quot;","block_context":{"text":"CINTILLO","link":"http:\/\/www.grieta.org.mx\/index.php\/category\/cintillo\/"},"img":{"alt_text":"","src":"https:\/\/i0.wp.com\/www.grieta.org.mx\/wp-content\/uploads\/2019\/07\/manifestaci%C3%B3n_inah.jpg?resize=350%2C200","width":350,"height":200,"srcset":"https:\/\/i0.wp.com\/www.grieta.org.mx\/wp-content\/uploads\/2019\/07\/manifestaci%C3%B3n_inah.jpg?resize=350%2C200 1x, https:\/\/i0.wp.com\/www.grieta.org.mx\/wp-content\/uploads\/2019\/07\/manifestaci%C3%B3n_inah.jpg?resize=525%2C300 1.5x, https:\/\/i0.wp.com\/www.grieta.org.mx\/wp-content\/uploads\/2019\/07\/manifestaci%C3%B3n_inah.jpg?resize=700%2C400 2x"},"classes":[]},{"id":51443,"url":"http:\/\/www.grieta.org.mx\/index.php\/2020\/06\/26\/bono-de-covid-19-no-llego-a-zapopan-trabajadores-de-la-salud-piden-bases-jalisco\/","url_meta":{"origin":43523,"position":4},"title":"Bono de Covid-19 no lleg\u00f3 a Zapopan; trabajadores de la Salud piden bases (Jalisco)","author":"grieta","date":"26 junio, 2020","format":false,"excerpt":"Foto: Antonio Miramontes Se contabiliz\u00f3 un promedio de 60 manifestantes por cada unidad m\u00e9dica adscritos al OPD Servicios M\u00e9dicos Municipales de Zapopan V\u00edctor Ch\u00e1vez \/ El occidental Personal m\u00e9dico sindicalizado del OPD Servicios M\u00e9dicos Municipales de Zapopan y que han enfrentado de frente la pandemia, se manifestaron al un\u00edsono para\u2026","rel":"","context":"En &quot;CINTILLO&quot;","block_context":{"text":"CINTILLO","link":"http:\/\/www.grieta.org.mx\/index.php\/category\/cintillo\/"},"img":{"alt_text":"","src":"https:\/\/i0.wp.com\/www.grieta.org.mx\/wp-content\/uploads\/2020\/06\/personal-de-salud.jpg?resize=350%2C200","width":350,"height":200,"srcset":"https:\/\/i0.wp.com\/www.grieta.org.mx\/wp-content\/uploads\/2020\/06\/personal-de-salud.jpg?resize=350%2C200 1x, https:\/\/i0.wp.com\/www.grieta.org.mx\/wp-content\/uploads\/2020\/06\/personal-de-salud.jpg?resize=525%2C300 1.5x, https:\/\/i0.wp.com\/www.grieta.org.mx\/wp-content\/uploads\/2020\/06\/personal-de-salud.jpg?resize=700%2C400 2x"},"classes":[]},{"id":64443,"url":"http:\/\/www.grieta.org.mx\/index.php\/2022\/06\/23\/se-manifiestan-trabajadores-del-dif-tecoman-por-impago-de-prestaciones-colima\/","url_meta":{"origin":43523,"position":5},"title":"Se manifiestan trabajadores del DIF Tecom\u00e1n por impago de prestaciones (Colima)","author":"grieta","date":"23 junio, 2022","format":false,"excerpt":"trabajaImagen: El Comantario Yensuni L\u00f3pez Aldape \/ El Comentario Este jueves (23), trabajadores y trabajadoras del\u00a0DIF municipal de Tecom\u00e1n\u00a0se\u00a0manifestaron\u00a0en protesta por el\u00a0impago\u00a0de diversas\u00a0prestaciones\u00a0y tambi\u00e9n como parte de la resistencia que los\u00a0bur\u00f3cratas\u00a0anunciaron que realizar\u00edan por las condiciones labores y el\u00a0incremento salario\u00a0que consideran fue injusto. En esta ocasi\u00f3n, los\u00a0sindicalizados\u00a0hicieron acto de presencia\u2026","rel":"","context":"En &quot;CINTILLO&quot;","block_context":{"text":"CINTILLO","link":"http:\/\/www.grieta.org.mx\/index.php\/category\/cintillo\/"},"img":{"alt_text":"","src":"https:\/\/i0.wp.com\/www.grieta.org.mx\/wp-content\/uploads\/2022\/06\/45fac328fb06e72fd6a7e650de71cd95-780x470-1.jpg?resize=350%2C200","width":350,"height":200,"srcset":"https:\/\/i0.wp.com\/www.grieta.org.mx\/wp-content\/uploads\/2022\/06\/45fac328fb06e72fd6a7e650de71cd95-780x470-1.jpg?resize=350%2C200 1x, https:\/\/i0.wp.com\/www.grieta.org.mx\/wp-content\/uploads\/2022\/06\/45fac328fb06e72fd6a7e650de71cd95-780x470-1.jpg?resize=525%2C300 1.5x, https:\/\/i0.wp.com\/www.grieta.org.mx\/wp-content\/uploads\/2022\/06\/45fac328fb06e72fd6a7e650de71cd95-780x470-1.jpg?resize=700%2C400 2x"},"classes":[]}],"_links":{"self":[{"href":"http:\/\/www.grieta.org.mx\/index.php\/wp-json\/wp\/v2\/posts\/43523","targetHints":{"allow":["GET"]}}],"collection":[{"href":"http:\/\/www.grieta.org.mx\/index.php\/wp-json\/wp\/v2\/posts"}],"about":[{"href":"http:\/\/www.grieta.org.mx\/index.php\/wp-json\/wp\/v2\/types\/post"}],"author":[{"embeddable":true,"href":"http:\/\/www.grieta.org.mx\/index.php\/wp-json\/wp\/v2\/users\/2"}],"replies":[{"embeddable":true,"href":"http:\/\/www.grieta.org.mx\/index.php\/wp-json\/wp\/v2\/comments?post=43523"}],"version-history":[{"count":1,"href":"http:\/\/www.grieta.org.mx\/index.php\/wp-json\/wp\/v2\/posts\/43523\/revisions"}],"predecessor-version":[{"id":43526,"href":"http:\/\/www.grieta.org.mx\/index.php\/wp-json\/wp\/v2\/posts\/43523\/revisions\/43526"}],"wp:featuredmedia":[{"embeddable":true,"href":"http:\/\/www.grieta.org.mx\/index.php\/wp-json\/wp\/v2\/media\/43524"}],"wp:attachment":[{"href":"http:\/\/www.grieta.org.mx\/index.php\/wp-json\/wp\/v2\/media?parent=43523"}],"wp:term":[{"taxonomy":"category","embeddable":true,"href":"http:\/\/www.grieta.org.mx\/index.php\/wp-json\/wp\/v2\/categories?post=43523"},{"taxonomy":"post_tag","embeddable":true,"href":"http:\/\/www.grieta.org.mx\/index.php\/wp-json\/wp\/v2\/tags?post=43523"}],"curies":[{"name":"wp","href":"https:\/\/api.w.org\/{rel}","templated":true}]}}