{"id":43383,"date":"2019-10-12T09:38:46","date_gmt":"2019-10-12T14:38:46","guid":{"rendered":"http:\/\/www.grieta.org.mx\/?p=43383"},"modified":"2020-01-23T09:47:46","modified_gmt":"2020-01-23T15:47:46","slug":"no-a-la-mina-si-a-la-vida-ambientalistas-envian-mensaje-a-subsecretario-de-mineria-veracruz","status":"publish","type":"post","link":"http:\/\/www.grieta.org.mx\/index.php\/2019\/10\/12\/no-a-la-mina-si-a-la-vida-ambientalistas-envian-mensaje-a-subsecretario-de-mineria-veracruz\/","title":{"rendered":"&#8220;No a la mina, s\u00ed a la vida&#8221;; ambientalistas env\u00edan mensaje a subsecretario de miner\u00eda  (Veracruz)"},"content":{"rendered":"<figure id=\"attachment_43384\" aria-describedby=\"caption-attachment-43384\" style=\"width: 800px\" class=\"wp-caption aligncenter\"><img loading=\"lazy\" decoding=\"async\" data-attachment-id=\"43384\" data-permalink=\"http:\/\/www.grieta.org.mx\/index.php\/2019\/10\/12\/no-a-la-mina-si-a-la-vida-ambientalistas-envian-mensaje-a-subsecretario-de-mineria-veracruz\/mina-4\/\" data-orig-file=\"http:\/\/www.grieta.org.mx\/wp-content\/uploads\/2020\/01\/mina.jpg\" data-orig-size=\"768,479\" data-comments-opened=\"0\" data-image-meta=\"{&quot;aperture&quot;:&quot;0&quot;,&quot;credit&quot;:&quot;&quot;,&quot;camera&quot;:&quot;&quot;,&quot;caption&quot;:&quot;&quot;,&quot;created_timestamp&quot;:&quot;0&quot;,&quot;copyright&quot;:&quot;&quot;,&quot;focal_length&quot;:&quot;0&quot;,&quot;iso&quot;:&quot;0&quot;,&quot;shutter_speed&quot;:&quot;0&quot;,&quot;title&quot;:&quot;&quot;,&quot;orientation&quot;:&quot;0&quot;}\" data-image-title=\"mina\" data-image-description=\"\" data-image-caption=\"&lt;p&gt;Foto: Jes\u00fas Escamiroza&lt;\/p&gt;\n\" data-medium-file=\"http:\/\/www.grieta.org.mx\/wp-content\/uploads\/2020\/01\/mina-300x187.jpg\" data-large-file=\"http:\/\/www.grieta.org.mx\/wp-content\/uploads\/2020\/01\/mina.jpg\" class=\"wp-image-43384\" src=\"http:\/\/www.grieta.org.mx\/wp-content\/uploads\/2020\/01\/mina.jpg\" alt=\"\" width=\"800\" height=\"499\" srcset=\"http:\/\/www.grieta.org.mx\/wp-content\/uploads\/2020\/01\/mina.jpg 768w, http:\/\/www.grieta.org.mx\/wp-content\/uploads\/2020\/01\/mina-300x187.jpg 300w\" sizes=\"auto, (max-width: 800px) 100vw, 800px\" \/><figcaption id=\"caption-attachment-43384\" class=\"wp-caption-text\">Foto: Jes\u00fas Escamiroza<\/figcaption><\/figure>\n<p>Jos\u00e9 Morales \/ El Sol de C\u00f3rdoba<\/p>\n<p>ACTOPAN, Ver., 11 de octubre.- \u201cNo a la mina, s\u00ed a la vida\u201d fue el mensaje claro y firme que se envi\u00f3 al subsecretario de miner\u00eda de la Secretar\u00eda de Econom\u00eda, Fernando Quiroga, quien no acudi\u00f3 a esta asamblea realizada en el municipio de Actopan y en su lugar acudi\u00f3 Antonio Su\u00e1rez, Director del Registro P\u00fablico de Miner\u00eda, quien se comprometi\u00f3 a llevar el sentir de autoridades locales y estatales as\u00ed como de organizaciones civiles y de la propia poblaci\u00f3n que rechaza la miner\u00eda a cielo abierto.<\/p>\n<p>El sal\u00f3n \u201dEstrella\u201d fue insuficiente para dar cabida a quienes se dieron cita en ese lugar en punto de las 10:00 horas del pasado viernes para hablar y exponer sus puntos en contra, por los cuales no se debe llevar a cabo la miner\u00eda a cielo abierto en los proyectos conocidos como La paila y Caballo Blanco.<\/p>\n<p>Luego de escuchar todas las voces en contra de los proyectos mineros de Actopan y Alto Lucero, pero tambi\u00e9n las quejas contra otros proyectos como los de Yecuatla y Juchique de Ferrer el funcionario federal, Antonio Su\u00e1rez expres\u00f3 que llevar\u00eda el sentir y la expresi\u00f3n de la poblaci\u00f3n al subsecretario de Miner\u00eda.<\/p>\n<p>Asegur\u00f3 que acudi\u00f3 para escuchar a la poblaci\u00f3n y es que record\u00f3 que la opini\u00f3n de la comunidad es fundamental para el avance o el apoyo que se pueda dar a un proyecto minero, por lo que insisti\u00f3 que sin el apoyo de la comunidad no puede avanzar la miner\u00eda y por eso el apoyo de la comunidad es lo primero que se tiene que gestionar.<\/p>\n<p>Puntualiz\u00f3 que las concesiones de las que se habla en la asamblea de Actopan que son la Paila y Caballo Blanco no son de reciente expedici\u00f3n y es que precis\u00f3 que lo que pas\u00f3 en los \u00faltimos d\u00edas de la administraci\u00f3n anterior fue que se liberaron un n\u00famero no tan grande, pero s\u00ed significativo de lotes mineros.<\/p>\n<p>Explic\u00f3 que liberar significa que se ponen a disposici\u00f3n, pero no que se hayan iniciado nuevos proyectos mineros, por lo que no se tienen nuevas concesiones.<\/p>\n<figure id=\"attachment_43385\" aria-describedby=\"caption-attachment-43385\" style=\"width: 800px\" class=\"wp-caption aligncenter\"><img loading=\"lazy\" decoding=\"async\" data-attachment-id=\"43385\" data-permalink=\"http:\/\/www.grieta.org.mx\/index.php\/2019\/10\/12\/no-a-la-mina-si-a-la-vida-ambientalistas-envian-mensaje-a-subsecretario-de-mineria-veracruz\/mina2-3\/\" data-orig-file=\"http:\/\/www.grieta.org.mx\/wp-content\/uploads\/2020\/01\/mina2.jpg\" data-orig-size=\"720,468\" data-comments-opened=\"0\" data-image-meta=\"{&quot;aperture&quot;:&quot;0&quot;,&quot;credit&quot;:&quot;&quot;,&quot;camera&quot;:&quot;&quot;,&quot;caption&quot;:&quot;&quot;,&quot;created_timestamp&quot;:&quot;0&quot;,&quot;copyright&quot;:&quot;&quot;,&quot;focal_length&quot;:&quot;0&quot;,&quot;iso&quot;:&quot;0&quot;,&quot;shutter_speed&quot;:&quot;0&quot;,&quot;title&quot;:&quot;&quot;,&quot;orientation&quot;:&quot;0&quot;}\" data-image-title=\"mina2\" data-image-description=\"\" data-image-caption=\"&lt;p&gt;Foto: Jes\u00fas Escamiroza&lt;\/p&gt;\n\" data-medium-file=\"http:\/\/www.grieta.org.mx\/wp-content\/uploads\/2020\/01\/mina2-300x195.jpg\" data-large-file=\"http:\/\/www.grieta.org.mx\/wp-content\/uploads\/2020\/01\/mina2.jpg\" class=\"wp-image-43385\" src=\"http:\/\/www.grieta.org.mx\/wp-content\/uploads\/2020\/01\/mina2.jpg\" alt=\"\" width=\"800\" height=\"520\" srcset=\"http:\/\/www.grieta.org.mx\/wp-content\/uploads\/2020\/01\/mina2.jpg 720w, http:\/\/www.grieta.org.mx\/wp-content\/uploads\/2020\/01\/mina2-300x195.jpg 300w\" sizes=\"auto, (max-width: 800px) 100vw, 800px\" \/><figcaption id=\"caption-attachment-43385\" class=\"wp-caption-text\">Foto: Jes\u00fas Escamiroza<\/figcaption><\/figure>\n<p>Como gobierno asegur\u00f3 que no aceptaran presi\u00f3n de las empresas mineras y tampoco la presi\u00f3n es algo a lo que responda o haga que trabaje la actual administraci\u00f3n del gobierno de M\u00e9xico. Sin embargo, refiri\u00f3 que era su obligaci\u00f3n comentar que la parte de la subsecretar\u00eda de Miner\u00eda y la Secretar\u00eda de Econom\u00eda constituyen solamente algunos de los puntos que se tienen que cubrir para el avance de los proyectos mineros.<\/p>\n<p>Sostuvo que para que esos proyectos mineros avancen se debe cumplir con la normativa ambiental, pero adem\u00e1s desde hace 3 a\u00f1os existe la obligaci\u00f3n de hacer consultas p\u00fablicas para que puedan continuar adelante los proyectos.<\/p>\n<p>Acerca de que ya en una ocasi\u00f3n se fren\u00f3 la instalaci\u00f3n de la mina Caballo Blanco y de que hoy solo cambian de nombre y las empresas mineras vuelven a intentar instalarse el funcionario federal asegur\u00f3 que no tienen conocimiento de que se este reiniciando el proyecto.<\/p>\n<p>Tambi\u00e9n refiri\u00f3 que desconoce cu\u00e1l es el n\u00famero exacto de proyectos mineros, esto a pesar de ser el titular del registro p\u00fablico minero y acudir a la entidad a escuchar la inconformidad de la poblaci\u00f3n en torno la instalaci\u00f3n de minas en Veracruz.<\/p>\n<p>Reiter\u00f3 que todo lo que se diga en esta asamblea ser\u00e1 comunicado a sus superiores, por lo que asegur\u00f3 que dar\u00e1 a conocer todo ese sentimiento y expresi\u00f3n de la poblaci\u00f3n y reiter\u00f3 que para eso fue enviado a esta asamblea.<\/p>\n<figure id=\"attachment_43386\" aria-describedby=\"caption-attachment-43386\" style=\"width: 800px\" class=\"wp-caption aligncenter\"><img loading=\"lazy\" decoding=\"async\" data-attachment-id=\"43386\" data-permalink=\"http:\/\/www.grieta.org.mx\/index.php\/2019\/10\/12\/no-a-la-mina-si-a-la-vida-ambientalistas-envian-mensaje-a-subsecretario-de-mineria-veracruz\/mina3-2\/\" data-orig-file=\"http:\/\/www.grieta.org.mx\/wp-content\/uploads\/2020\/01\/mina3.jpg\" data-orig-size=\"720,468\" data-comments-opened=\"0\" data-image-meta=\"{&quot;aperture&quot;:&quot;0&quot;,&quot;credit&quot;:&quot;&quot;,&quot;camera&quot;:&quot;&quot;,&quot;caption&quot;:&quot;&quot;,&quot;created_timestamp&quot;:&quot;0&quot;,&quot;copyright&quot;:&quot;&quot;,&quot;focal_length&quot;:&quot;0&quot;,&quot;iso&quot;:&quot;0&quot;,&quot;shutter_speed&quot;:&quot;0&quot;,&quot;title&quot;:&quot;&quot;,&quot;orientation&quot;:&quot;0&quot;}\" data-image-title=\"mina3\" data-image-description=\"\" data-image-caption=\"&lt;p&gt;Foto: Jes\u00fas Escamiroza&lt;\/p&gt;\n\" data-medium-file=\"http:\/\/www.grieta.org.mx\/wp-content\/uploads\/2020\/01\/mina3-300x195.jpg\" data-large-file=\"http:\/\/www.grieta.org.mx\/wp-content\/uploads\/2020\/01\/mina3.jpg\" class=\"wp-image-43386\" src=\"http:\/\/www.grieta.org.mx\/wp-content\/uploads\/2020\/01\/mina3.jpg\" alt=\"\" width=\"800\" height=\"520\" srcset=\"http:\/\/www.grieta.org.mx\/wp-content\/uploads\/2020\/01\/mina3.jpg 720w, http:\/\/www.grieta.org.mx\/wp-content\/uploads\/2020\/01\/mina3-300x195.jpg 300w\" sizes=\"auto, (max-width: 800px) 100vw, 800px\" \/><figcaption id=\"caption-attachment-43386\" class=\"wp-caption-text\">Foto: Jes\u00fas Escamiroza<\/figcaption><\/figure>\n<p>La UV, LaVida, Inecol, Pronatura y otros organizaciones y colectivos coinciden en \u201cNo a la Mina\u201d<\/p>\n<p>Guillermo Rodr\u00edguez Curiel integrante de la Asociaci\u00f3n Civil LaVida y quien llev\u00f3 la batuta de la asamblea realizada en Actopan refiri\u00f3 que el \u00faltimo d\u00eda de gobierno de Enrique Pe\u00f1a Nieto se autorizaron concesiones mineras para Veracruz.<\/p>\n<p>Esto, dijo, pone en riesgo a m\u00e1s de un mill\u00f3n de habitantes y m\u00e1s de 200 mil hect\u00e1reas de tierra toda vez que estas concesiones no solo son las de Alto Lucero y Actopan sino tambi\u00e9n para los municipios de Yecuatla, Juchique, Chiconquiaco, Tenochtitlan lo cual calific\u00f3 como una irresponsabilidad del expresidente.<\/p>\n<p>Record\u00f3 que se ha demostrado que la miner\u00eda en Veracruz es inviable y m\u00e1s a\u00fan si se pretende realizar en lugares como Actopan y Alto Lucero que son susceptible de huracanes.<\/p>\n<p>Refiri\u00f3 que por eso este tipo de asambleas y es que es urgente que la gente se sume para defender la naturaleza toda vez que no hay planeta \u201cB\u201d.<\/p>\n<p>Reconoci\u00f3 que las autoridades municipales, estatales y el propio presidente de la Rep\u00fablica, Andr\u00e9s Manuel L\u00f3pez Obrador ha asegurado que los proyectos mineros no van y esperan que s\u00ed sea.<\/p>\n<p>Record\u00f3 que en Veracruz s\u00f3lo queda el cuatro por ciento de corteza vegetal, junglas, manglares, por lo que es necesario llamar la atenci\u00f3n y no ser irresponsables con las siguientes generaciones.<\/p>\n<p>Jorge Ju\u00e1rez de la Secretar\u00eda del Medio Ambiente record\u00f3 que el gobernador del estado ha dicho en diversas ocasiones que la miner\u00eda no va y lo dijo antes de que fuera gobernador, como gobernador electo y luego como gobernador mantiene su posici\u00f3n de no a la miner\u00eda.<\/p>\n<p>\u201cEste proyecto no va, esas fueron las palabras y como gobernador constitucional del estado de Veracruz lo ha ratificado, este es el posicionamiento del gobierno del estado de Veracruz\u201d, asegur\u00f3 el funcionario de la Sedema.<\/p>\n<p>Expuso que la posici\u00f3n de la Secretar\u00eda de Medio Ambiente, Roc\u00edo P\u00e9rez P\u00e9rez se ha pronunciado tambi\u00e9n en contra de la miner\u00eda t\u00f3xica de Veracruz, por lo cual asegur\u00f3 que la funcionaria tambi\u00e9n est\u00e1 contra la miner\u00eda t\u00f3xica en la entidad.<\/p>\n<p>El subprocurador de Medio Ambiente del Estado, Ernesto cuevas asegur\u00f3 que est\u00e1n en el an\u00e1lisis de este tema de la miner\u00eda a cielo abierto y asegur\u00f3 que hay muchos elementos para cancelar este proyecto e indic\u00f3 que estas asambleas son buenas y as\u00ed el gobierno federal se da cuenta de que al poblaci\u00f3n no quiere este tipo de proyectos.<\/p>\n<p>\u201cLa Procuradur\u00eda de Medio Ambiente del Estado harpa el trabajo necesario para presentar los elementos y decir porque no se puede llevar a cabo este proyecto\u201d, indic\u00f3 el subprocurador ambiental del Estado.<\/p>\n<figure id=\"attachment_43387\" aria-describedby=\"caption-attachment-43387\" style=\"width: 800px\" class=\"wp-caption aligncenter\"><img loading=\"lazy\" decoding=\"async\" data-attachment-id=\"43387\" data-permalink=\"http:\/\/www.grieta.org.mx\/index.php\/2019\/10\/12\/no-a-la-mina-si-a-la-vida-ambientalistas-envian-mensaje-a-subsecretario-de-mineria-veracruz\/rioactopan\/\" data-orig-file=\"http:\/\/www.grieta.org.mx\/wp-content\/uploads\/2020\/01\/rioactopan.jpg\" data-orig-size=\"720,468\" data-comments-opened=\"0\" data-image-meta=\"{&quot;aperture&quot;:&quot;0&quot;,&quot;credit&quot;:&quot;&quot;,&quot;camera&quot;:&quot;&quot;,&quot;caption&quot;:&quot;&quot;,&quot;created_timestamp&quot;:&quot;0&quot;,&quot;copyright&quot;:&quot;&quot;,&quot;focal_length&quot;:&quot;0&quot;,&quot;iso&quot;:&quot;0&quot;,&quot;shutter_speed&quot;:&quot;0&quot;,&quot;title&quot;:&quot;&quot;,&quot;orientation&quot;:&quot;0&quot;}\" data-image-title=\"rioactopan\" data-image-description=\"\" data-image-caption=\"&lt;p&gt;Foto: Jes\u00fas Escamiroza&lt;\/p&gt;\n\" data-medium-file=\"http:\/\/www.grieta.org.mx\/wp-content\/uploads\/2020\/01\/rioactopan-300x195.jpg\" data-large-file=\"http:\/\/www.grieta.org.mx\/wp-content\/uploads\/2020\/01\/rioactopan.jpg\" class=\"wp-image-43387\" src=\"http:\/\/www.grieta.org.mx\/wp-content\/uploads\/2020\/01\/rioactopan.jpg\" alt=\"\" width=\"800\" height=\"520\" srcset=\"http:\/\/www.grieta.org.mx\/wp-content\/uploads\/2020\/01\/rioactopan.jpg 720w, http:\/\/www.grieta.org.mx\/wp-content\/uploads\/2020\/01\/rioactopan-300x195.jpg 300w\" sizes=\"auto, (max-width: 800px) 100vw, 800px\" \/><figcaption id=\"caption-attachment-43387\" class=\"wp-caption-text\">Foto: Jes\u00fas Escamiroza<\/figcaption><\/figure>\n<p>Domingo Canales Espinosa, director del \u00c1rea Acad\u00e9mica de Ciencias Biol\u00f3gicas y Agropecuarias de la Universidad Veracruzana asegur\u00f3 que los argumentos de cient\u00edficos que se han ido acumulando a lo largo de estos \u00faltimos a\u00f1os se han ido difundiendo mediante publicaciones cient\u00edficas, congresos , encuentros y foros y record\u00f3 que incluso la publicaci\u00f3n m\u00e1s reciente es el libro \u201cEn defensa del patrimonio natural y cultural de Veracruz: El Caso del proyecto de la Mina la Paila en el municipio de Alto lucero Veracruz\u201d.<\/p>\n<p>Record\u00f3 que en octubre de 2017 la minera Caballo Blanco se desisti\u00f3 formalmente de la evaluaci\u00f3n de impacto ambiental ante Semarnat, por ello se detuvo el proceso de evaluaci\u00f3n, pero record\u00f3 que ya en dos ocasiones han solicitado una evaluaci\u00f3n a esa dependencia y nada garantiza que las trasnacionales no van a solicitar una tercera.<\/p>\n<blockquote><p>\n&#8220;Como instituci\u00f3n cient\u00edfica y acad\u00e9mica, luego de analizar escrupulosamente su viabilidad de procesos amplios de deliberaci\u00f3n colectiva, y de acreditar que en nuestro estado existe un consenso en el rechazo al extractivismo minero&#8230; nos pronunciamos por la cancelaci\u00f3n de las concesiones de miner\u00eda a cielo abierto en Veracruz&#8221;<\/p><\/blockquote>\n<p>Alexandro Medina, investigador del Instituto de Ecolog\u00eda refiri\u00f3 que luego de analizar los Manifiestos de Impacto Ambiental elaboradas por los promoventes de Caballo blanco se determin\u00f3 que los vol\u00famenes de agua para el proceso no garantizan la sostenibilidad de la extracci\u00f3n, pero adem\u00e1s el volumen y caracter\u00edsticas de las piletas de lixiviados no garantizan que no se puedan presentar desbordamientos y con ello un eventual derrame de sustancias como el cianuro de hidr\u00f3geno que representa un riesgo catastr\u00f3fico para la salud humana.<\/p>\n<p>Del mismo modo otros colectivos y organizaciones como Pronatura hicieron uso de la voz para exponer los riesgo que representa tener miner\u00eda a cielo abierto no solo para la salud humana, sino para el entorno.<\/p>\n<p><a href=\"https:\/\/www.elsoldecordoba.com.mx\/local\/no-a-la-mina-si-a-la-vida-opositores-a-minera-envian-mensaje-a-quiroga-veracruz-actopan-cordoba-4305357.html\">https:\/\/www.elsoldecordoba.com.mx\/local\/no-a-la-mina-si-a-la-vida-opositores-a-minera-envian-mensaje-a-quiroga-veracruz-actopan-cordoba-4305357.html<\/a><\/p>\n","protected":false},"excerpt":{"rendered":"<p>Jos\u00e9 Morales \/ El Sol de C\u00f3rdoba ACTOPAN, Ver., 11 de octubre.- \u201cNo a la mina, s\u00ed a la vida\u201d fue el mensaje claro y firme que se envi\u00f3 al &hellip; <a href=\"http:\/\/www.grieta.org.mx\/index.php\/2019\/10\/12\/no-a-la-mina-si-a-la-vida-ambientalistas-envian-mensaje-a-subsecretario-de-mineria-veracruz\/\" class=\"more-link\">Leer m\u00e1s<\/a><\/p>\n","protected":false},"author":2,"featured_media":43384,"comment_status":"closed","ping_status":"closed","sticky":false,"template":"","format":"standard","meta":{"ngg_post_thumbnail":0,"_jetpack_newsletter_access":"","_jetpack_dont_email_post_to_subs":false,"_jetpack_newsletter_tier_id":0,"_jetpack_memberships_contains_paywalled_content":false,"_jetpack_memberships_contains_paid_content":false,"footnotes":""},"categories":[80,2592,2,1431,35],"tags":[2846,2823,1654],"class_list":["post-43383","post","type-post","status-publish","format-standard","has-post-thumbnail","hentry","category-cintillo","category-mineria-en-veracruz","category-noticias-nacionales","category-oposicion-a-mineria-en-veracruz","category-veracruz","tag-lucha-contra-la-mineria","tag-mineria-a-cielo-abierto","tag-protestas-contra-la-mineria-a-cielo-abierto","entry"],"jetpack_featured_media_url":"http:\/\/www.grieta.org.mx\/wp-content\/uploads\/2020\/01\/mina.jpg","jetpack_sharing_enabled":true,"jetpack_shortlink":"https:\/\/wp.me\/p7ZJR4-bhJ","jetpack_likes_enabled":false,"jetpack-related-posts":[{"id":59885,"url":"http:\/\/www.grieta.org.mx\/index.php\/2021\/06\/19\/realizan-toma-simbolica-de-mina-a-cielo-abierto-en-veracruz\/","url_meta":{"origin":43383,"position":0},"title":"Realizan toma simb\u00f3lica de mina a cielo abierto en Veracruz","author":"grieta","date":"19 junio, 2021","format":false,"excerpt":"Juan David Castilla Arcos \/ El Heraldo de M\u00e9xico - 70 mil hect\u00e1reas han sido concesionadas para proyectos mineros solo en la regi\u00f3n de Actopan y Alto Lucero Pobladores y ambientalistas tomaron de manera simb\u00f3lica las bodegas de la mina a cielo abierto conocida como \u201cEl Cobre\u201d, en la localidad\u2026","rel":"","context":"En &quot;CINTILLO&quot;","block_context":{"text":"CINTILLO","link":"http:\/\/www.grieta.org.mx\/index.php\/category\/cintillo\/"},"img":{"alt_text":"","src":"https:\/\/i0.wp.com\/www.grieta.org.mx\/wp-content\/uploads\/2021\/06\/Screenshot-2021-06-21-at-13-27-08-Realizan-toma-simbolica-de-mina-a-cielo-abierto-en-Veracruz.png?resize=350%2C200","width":350,"height":200,"srcset":"https:\/\/i0.wp.com\/www.grieta.org.mx\/wp-content\/uploads\/2021\/06\/Screenshot-2021-06-21-at-13-27-08-Realizan-toma-simbolica-de-mina-a-cielo-abierto-en-Veracruz.png?resize=350%2C200 1x, https:\/\/i0.wp.com\/www.grieta.org.mx\/wp-content\/uploads\/2021\/06\/Screenshot-2021-06-21-at-13-27-08-Realizan-toma-simbolica-de-mina-a-cielo-abierto-en-Veracruz.png?resize=525%2C300 1.5x, https:\/\/i0.wp.com\/www.grieta.org.mx\/wp-content\/uploads\/2021\/06\/Screenshot-2021-06-21-at-13-27-08-Realizan-toma-simbolica-de-mina-a-cielo-abierto-en-Veracruz.png?resize=700%2C400 2x, https:\/\/i0.wp.com\/www.grieta.org.mx\/wp-content\/uploads\/2021\/06\/Screenshot-2021-06-21-at-13-27-08-Realizan-toma-simbolica-de-mina-a-cielo-abierto-en-Veracruz.png?resize=1050%2C600 3x"},"classes":[]},{"id":59805,"url":"http:\/\/www.grieta.org.mx\/index.php\/2021\/06\/11\/en-tinajitas-conclave-contra-mineras-a-cielo-abierto-en-veracruz\/","url_meta":{"origin":43383,"position":1},"title":"En Tinajitas, c\u00f3nclave contra mineras a cielo abierto en Veracruz","author":"grieta","date":"11 junio, 2021","format":false,"excerpt":"Leticia Cruz \/ Imagen de Veracruz La lucha de la sociedad civil contin\u00faa contra los proyectos de mina a cielo abierto que pretenden concretarse en Veracruz. El pr\u00f3ximo 19 de junio se realizar\u00e1 una movilizaci\u00f3n en Tinajitas, Actopan, por lo que se lanz\u00f3 una convocatoria para que la sociedad se\u2026","rel":"","context":"En &quot;CINTILLO&quot;","block_context":{"text":"CINTILLO","link":"http:\/\/www.grieta.org.mx\/index.php\/category\/cintillo\/"},"img":{"alt_text":"","src":"https:\/\/i0.wp.com\/www.grieta.org.mx\/wp-content\/uploads\/2021\/06\/568766_d.jgp_.jpg?resize=350%2C200","width":350,"height":200,"srcset":"https:\/\/i0.wp.com\/www.grieta.org.mx\/wp-content\/uploads\/2021\/06\/568766_d.jgp_.jpg?resize=350%2C200 1x, https:\/\/i0.wp.com\/www.grieta.org.mx\/wp-content\/uploads\/2021\/06\/568766_d.jgp_.jpg?resize=525%2C300 1.5x"},"classes":[]},{"id":43321,"url":"http:\/\/www.grieta.org.mx\/index.php\/2019\/11\/10\/mineria-toxica-en-veracruz-dejaria-muerte-y-desolacion\/","url_meta":{"origin":43383,"position":2},"title":"Miner\u00eda t\u00f3xica en Veracruz dejar\u00eda muerte y desolaci\u00f3n","author":"grieta","date":"10 noviembre, 2019","format":false,"excerpt":"\u00c1ngeles Gonz\u00e1lez Ceballos \/ El Heraldo de Mart\u00ednez Aunque el Gobierno de la Rep\u00fablica y el Gobierno del Estado en el discurso han prometido que la miner\u00eda t\u00f3xica no avanzar\u00e1 en Veracruz, la verdad es que los habitantes de la regi\u00f3n de Alto Lucero, Actopan y otros de la regi\u00f3n\u2026","rel":"","context":"En &quot;CINTILLO&quot;","block_context":{"text":"CINTILLO","link":"http:\/\/www.grieta.org.mx\/index.php\/category\/cintillo\/"},"img":{"alt_text":"","src":"https:\/\/i0.wp.com\/www.grieta.org.mx\/wp-content\/uploads\/2020\/01\/nex63.jpg?resize=350%2C200","width":350,"height":200,"srcset":"https:\/\/i0.wp.com\/www.grieta.org.mx\/wp-content\/uploads\/2020\/01\/nex63.jpg?resize=350%2C200 1x, https:\/\/i0.wp.com\/www.grieta.org.mx\/wp-content\/uploads\/2020\/01\/nex63.jpg?resize=525%2C300 1.5x"},"classes":[]},{"id":36472,"url":"http:\/\/www.grieta.org.mx\/index.php\/2019\/07\/12\/piden-a-titular-de-semarnat-frenar-mineria-en-veracruz\/","url_meta":{"origin":43383,"position":3},"title":"Piden a titular de Semarnat frenar miner\u00eda en Veracruz","author":"grieta","date":"12 julio, 2019","format":false,"excerpt":"Leticia Cruz \/ Imagen del Golfo Activistas ambientales del estado de Veracruz conf\u00edan en que el titular de la Secretar\u00eda de Medio Ambiente y Recursos Naturales (Semarnat), V\u00edctor Toledo, har\u00e1 lo correspondiente para impedir la operaci\u00f3n de mineras t\u00f3xicas en la entidad. Durante la visita a Xalapa, del funcionario federal,\u2026","rel":"","context":"En &quot;CINTILLO&quot;","block_context":{"text":"CINTILLO","link":"http:\/\/www.grieta.org.mx\/index.php\/category\/cintillo\/"},"img":{"alt_text":"","src":"https:\/\/i0.wp.com\/www.grieta.org.mx\/wp-content\/uploads\/2019\/07\/568766_d.jpg?resize=350%2C200","width":350,"height":200,"srcset":"https:\/\/i0.wp.com\/www.grieta.org.mx\/wp-content\/uploads\/2019\/07\/568766_d.jpg?resize=350%2C200 1x, https:\/\/i0.wp.com\/www.grieta.org.mx\/wp-content\/uploads\/2019\/07\/568766_d.jpg?resize=525%2C300 1.5x"},"classes":[]},{"id":43330,"url":"http:\/\/www.grieta.org.mx\/index.php\/2019\/11\/04\/minera-quiere-establecerse-cerca-de-xalapa-pma\/","url_meta":{"origin":43383,"position":4},"title":"Minera quiere establecerse cerca de Xalapa: PMA","author":"grieta","date":"4 noviembre, 2019","format":false,"excerpt":"Berenice Sandoval \/ Palabras Claras Xalapa.- El subprocurador de Medio Ambiente en el estado, Ernesto Cuevas Hern\u00e1ndez, confirm\u00f3 que una empresa minera busca instalarse cerca de Xalapa, en el municipio de Chiconquiaco. En general, dijo que son 10 las empresas mineras que cuentan con permisos de la Secretar\u00eda de Medio\u2026","rel":"","context":"En &quot;CINTILLO&quot;","block_context":{"text":"CINTILLO","link":"http:\/\/www.grieta.org.mx\/index.php\/category\/cintillo\/"},"img":{"alt_text":"","src":"https:\/\/i0.wp.com\/www.grieta.org.mx\/wp-content\/uploads\/2020\/01\/Miner%C3%ADa.jpg?resize=350%2C200","width":350,"height":200,"srcset":"https:\/\/i0.wp.com\/www.grieta.org.mx\/wp-content\/uploads\/2020\/01\/Miner%C3%ADa.jpg?resize=350%2C200 1x, https:\/\/i0.wp.com\/www.grieta.org.mx\/wp-content\/uploads\/2020\/01\/Miner%C3%ADa.jpg?resize=525%2C300 1.5x, https:\/\/i0.wp.com\/www.grieta.org.mx\/wp-content\/uploads\/2020\/01\/Miner%C3%ADa.jpg?resize=700%2C400 2x, https:\/\/i0.wp.com\/www.grieta.org.mx\/wp-content\/uploads\/2020\/01\/Miner%C3%ADa.jpg?resize=1050%2C600 3x"},"classes":[]},{"id":42941,"url":"http:\/\/www.grieta.org.mx\/index.php\/2019\/11\/17\/activistas-acusan-que-cuitlahuac-garcia-les-quedo-a-deber-en-materia-ambiental-veracruz\/","url_meta":{"origin":43383,"position":5},"title":"Activistas acusan que Cuitl\u00e1huac Garc\u00eda &#8220;les qued\u00f3 a deber&#8221; en materia ambiental (Veracruz)","author":"grieta","date":"17 noviembre, 2019","format":false,"excerpt":"Redacci\u00f3n \/ La silla rota Es urgente que se emita un decreto para declarar a Veracruz libre de miner\u00eda t\u00f3xica, se\u00f1al\u00f3 integrante de LaVida El activista de La Asamblea Veracruzana de Iniciativas y Defensa Ambiental (Lavida), Emilio Rodr\u00edguez Almaz\u00e1n, asegur\u00f3 que el gobernador Cuitl\u00e1huac Garc\u00eda Jim\u00e9nez les \"ha quedado a\u2026","rel":"","context":"En &quot;NOTICIAS NACIONALES&quot;","block_context":{"text":"NOTICIAS NACIONALES","link":"http:\/\/www.grieta.org.mx\/index.php\/category\/noticias-nacionales\/"},"img":{"alt_text":"","src":"https:\/\/i0.wp.com\/www.grieta.org.mx\/wp-content\/uploads\/2020\/01\/minerver-focus-0-0-983-557.jpg?resize=350%2C200","width":350,"height":200,"srcset":"https:\/\/i0.wp.com\/www.grieta.org.mx\/wp-content\/uploads\/2020\/01\/minerver-focus-0-0-983-557.jpg?resize=350%2C200 1x, https:\/\/i0.wp.com\/www.grieta.org.mx\/wp-content\/uploads\/2020\/01\/minerver-focus-0-0-983-557.jpg?resize=525%2C300 1.5x, https:\/\/i0.wp.com\/www.grieta.org.mx\/wp-content\/uploads\/2020\/01\/minerver-focus-0-0-983-557.jpg?resize=700%2C400 2x"},"classes":[]}],"_links":{"self":[{"href":"http:\/\/www.grieta.org.mx\/index.php\/wp-json\/wp\/v2\/posts\/43383","targetHints":{"allow":["GET"]}}],"collection":[{"href":"http:\/\/www.grieta.org.mx\/index.php\/wp-json\/wp\/v2\/posts"}],"about":[{"href":"http:\/\/www.grieta.org.mx\/index.php\/wp-json\/wp\/v2\/types\/post"}],"author":[{"embeddable":true,"href":"http:\/\/www.grieta.org.mx\/index.php\/wp-json\/wp\/v2\/users\/2"}],"replies":[{"embeddable":true,"href":"http:\/\/www.grieta.org.mx\/index.php\/wp-json\/wp\/v2\/comments?post=43383"}],"version-history":[{"count":1,"href":"http:\/\/www.grieta.org.mx\/index.php\/wp-json\/wp\/v2\/posts\/43383\/revisions"}],"predecessor-version":[{"id":43388,"href":"http:\/\/www.grieta.org.mx\/index.php\/wp-json\/wp\/v2\/posts\/43383\/revisions\/43388"}],"wp:featuredmedia":[{"embeddable":true,"href":"http:\/\/www.grieta.org.mx\/index.php\/wp-json\/wp\/v2\/media\/43384"}],"wp:attachment":[{"href":"http:\/\/www.grieta.org.mx\/index.php\/wp-json\/wp\/v2\/media?parent=43383"}],"wp:term":[{"taxonomy":"category","embeddable":true,"href":"http:\/\/www.grieta.org.mx\/index.php\/wp-json\/wp\/v2\/categories?post=43383"},{"taxonomy":"post_tag","embeddable":true,"href":"http:\/\/www.grieta.org.mx\/index.php\/wp-json\/wp\/v2\/tags?post=43383"}],"curies":[{"name":"wp","href":"https:\/\/api.w.org\/{rel}","templated":true}]}}