{"id":43342,"date":"2020-01-22T14:34:39","date_gmt":"2020-01-22T20:34:39","guid":{"rendered":"http:\/\/www.grieta.org.mx\/?p=43342"},"modified":"2020-01-22T14:34:39","modified_gmt":"2020-01-22T20:34:39","slug":"marchan-ciudadanos-contra-gobierno-de-mauricio-vila-el-aumento-de-impuestos-y-reemplacamiento-en-valladolid","status":"publish","type":"post","link":"http:\/\/www.grieta.org.mx\/index.php\/2020\/01\/22\/marchan-ciudadanos-contra-gobierno-de-mauricio-vila-el-aumento-de-impuestos-y-reemplacamiento-en-valladolid\/","title":{"rendered":"Marchan ciudadanos contra gobierno de Mauricio Vila, el aumento de impuestos y reemplacamiento en Valladolid"},"content":{"rendered":"<p><img loading=\"lazy\" decoding=\"async\" data-attachment-id=\"43343\" data-permalink=\"http:\/\/www.grieta.org.mx\/index.php\/2020\/01\/22\/marchan-ciudadanos-contra-gobierno-de-mauricio-vila-el-aumento-de-impuestos-y-reemplacamiento-en-valladolid\/noalreemplacamiento\/\" data-orig-file=\"http:\/\/www.grieta.org.mx\/wp-content\/uploads\/2020\/01\/NoAlReemplacamiento-e1579725121622.png\" data-orig-size=\"800,343\" data-comments-opened=\"0\" data-image-meta=\"{&quot;aperture&quot;:&quot;0&quot;,&quot;credit&quot;:&quot;&quot;,&quot;camera&quot;:&quot;&quot;,&quot;caption&quot;:&quot;&quot;,&quot;created_timestamp&quot;:&quot;0&quot;,&quot;copyright&quot;:&quot;&quot;,&quot;focal_length&quot;:&quot;0&quot;,&quot;iso&quot;:&quot;0&quot;,&quot;shutter_speed&quot;:&quot;0&quot;,&quot;title&quot;:&quot;&quot;,&quot;orientation&quot;:&quot;0&quot;}\" data-image-title=\"NoAlReemplacamiento\" data-image-description=\"\" data-image-caption=\"\" data-medium-file=\"http:\/\/www.grieta.org.mx\/wp-content\/uploads\/2020\/01\/NoAlReemplacamiento-300x129.png\" data-large-file=\"http:\/\/www.grieta.org.mx\/wp-content\/uploads\/2020\/01\/NoAlReemplacamiento-e1579725121622.png\" src=\"http:\/\/www.grieta.org.mx\/wp-content\/uploads\/2020\/01\/NoAlReemplacamiento-e1579725121622.png\" alt=\"\" width=\"800\" height=\"343\" class=\"aligncenter size-full wp-image-43343\" \/><br \/>\nNoticaribe<br \/>\nM\u00c9RIDA, MX.- A pesar de la cancelaci\u00f3n del informe de gobierno de Mauricio Vila Dosal en Valladolid, habitantes de la zona salieron ayer por la noche a manifestarse por estar en contra del reemplacamiento, el aumento en otros impuestos y por no est\u00e1n de acuerdo con la gesti\u00f3n del actual ejecutivo yucateco.<\/p>\n<p>Sumado a estas peticiones, alrededor de 70 personas que se concentraron en el primer cuadro del centro de Valladolid tambi\u00e9n demandaron que los actuales salarios que tienen en sus diversos espacios laborales no les es suficiente para abarcar sus necesidades y de sus familias, por lo tanto no est\u00e1n de acuerdo con el reemplacamiento, ni con la alza de costos en otros impuestos.<\/p>\n<p>Durante la manifestaci\u00f3n asistentes recordaron la represi\u00f3n que vivieron en la ciudad de M\u00e9rida en las marchas que se realizaron en torno al Primer Informe de Gobierno, por lo que incluso frente al Palacio Municipal ped\u00edan la destituci\u00f3n de Vila Dosal.<\/p>\n<p>Algunas de las consignas que se escucharon durante la manifestaci\u00f3n fueron \u201cDe norte a sur, de este a oeste seguiremos nuestra lucha cueste lo que cueste\u201d, \u201cCon Vila o sin Vila el pueblo ya desfila\u201d o \u201cYa basta, ya basta de tantos impuestos, que para la canasta no alcanza mi sueldo\u201d.<\/p>\n<p>Cabe se\u00f1alar que recientemente el Gobierno del Estado emiti\u00f3 comunicados oficiales en los cuales se\u00f1alaban respetar el derecho a manifestarse, por otra parte, tanto Vila Dosal, como la secretaria General de Gobierno, Mar\u00eda Fritz Sierra y el titular de la Secretar\u00eda de Seguridad P\u00fablica, Luis Felipe Sid\u00e9n Ojeda, han declarado que los asuntos de violencia durante manifestaciones pasadas fueron provocados por personas provenientes de otros estados de la Rep\u00fablica Mexicana. <\/p>\n<p><a href=\"https:\/\/noticaribe.com.mx\/2020\/01\/22\/marchan-ciudadanos-contra-gobierno-de-mauricio-vila-el-aumento-de-impuestos-y-reemplacamiento-en-valladolid\/\" rel=\"noopener noreferrer\" target=\"_blank\">https:\/\/noticaribe.com.mx\/2020\/01\/22\/marchan-ciudadanos-contra-gobierno-de-mauricio-vila-el-aumento-de-impuestos-y-reemplacamiento-en-valladolid\/<\/a><\/p>\n","protected":false},"excerpt":{"rendered":"<p>Noticaribe M\u00c9RIDA, MX.- A pesar de la cancelaci\u00f3n del informe de gobierno de Mauricio Vila Dosal en Valladolid, habitantes de la zona salieron ayer por la noche a manifestarse por &hellip; <a href=\"http:\/\/www.grieta.org.mx\/index.php\/2020\/01\/22\/marchan-ciudadanos-contra-gobierno-de-mauricio-vila-el-aumento-de-impuestos-y-reemplacamiento-en-valladolid\/\" class=\"more-link\">Leer m\u00e1s<\/a><\/p>\n","protected":false},"author":2,"featured_media":43343,"comment_status":"closed","ping_status":"closed","sticky":false,"template":"","format":"standard","meta":{"ngg_post_thumbnail":0,"_jetpack_newsletter_access":"","_jetpack_dont_email_post_to_subs":false,"_jetpack_newsletter_tier_id":0,"_jetpack_memberships_contains_paywalled_content":false,"_jetpack_memberships_contains_paid_content":false,"footnotes":""},"categories":[80,1621,2,36],"tags":[180],"class_list":["post-43342","post","type-post","status-publish","format-standard","has-post-thumbnail","hentry","category-cintillo","category-incremento-al-costo-de-la-vida-en-yucatan","category-noticias-nacionales","category-yucatan","tag-protesta","entry"],"jetpack_featured_media_url":"http:\/\/www.grieta.org.mx\/wp-content\/uploads\/2020\/01\/NoAlReemplacamiento-e1579725121622.png","jetpack_sharing_enabled":true,"jetpack_shortlink":"https:\/\/wp.me\/p7ZJR4-bh4","jetpack_likes_enabled":false,"jetpack-related-posts":[{"id":13236,"url":"http:\/\/www.grieta.org.mx\/index.php\/2016\/05\/30\/centenares-de-maestros-de-yucatan-y-quintana-roo-se-manifiestan-en-valladolid\/","url_meta":{"origin":43342,"position":0},"title":"Centenares de maestros de Yucat\u00e1n y Quintana Roo se manifiestan en Valladolid","author":"grieta","date":"30 mayo, 2016","format":false,"excerpt":"Redacci\u00f3n.- Maestras y maestros marcharon por el centro de Valladolid y realizan un paro en la plaza mayor de este municipio para rechazar la reforma educativa as\u00ed como para solidarizarse con sus compa\u00f1eros de otros estados que padecen una fuerte represi\u00f3n, seg\u00fan se\u00f1alaron. Asimismo, se dicen preocupados por el aumento\u2026","rel":"","context":"En &quot;CINTILLO&quot;","block_context":{"text":"CINTILLO","link":"http:\/\/www.grieta.org.mx\/index.php\/category\/cintillo\/"},"img":{"alt_text":"","src":"https:\/\/i0.wp.com\/www.grieta.org.mx\/wp-content\/uploads\/2018\/03\/14524434_1106112876131411_958039263622046936_o.jpg?resize=350%2C200","width":350,"height":200,"srcset":"https:\/\/i0.wp.com\/www.grieta.org.mx\/wp-content\/uploads\/2018\/03\/14524434_1106112876131411_958039263622046936_o.jpg?resize=350%2C200 1x, https:\/\/i0.wp.com\/www.grieta.org.mx\/wp-content\/uploads\/2018\/03\/14524434_1106112876131411_958039263622046936_o.jpg?resize=525%2C300 1.5x, https:\/\/i0.wp.com\/www.grieta.org.mx\/wp-content\/uploads\/2018\/03\/14524434_1106112876131411_958039263622046936_o.jpg?resize=700%2C400 2x"},"classes":[]},{"id":71724,"url":"http:\/\/www.grieta.org.mx\/index.php\/2025\/05\/16\/huelga-magisterial-en-valladolid-instalan-planton-y-suspenden-clases-de-forma-indefinida-yucatan\/","url_meta":{"origin":43342,"position":1},"title":"Huelga magisterial en Valladolid: instalan plant\u00f3n y suspenden clases de forma indefinida (Yucat\u00e1n)","author":"grieta","date":"16 mayo, 2025","format":false,"excerpt":"Juan Antonio Osorio \/ Diario de Yucat\u00e1n VALLADOLID.-Jes\u00fas Chable, uno de los l\u00edderes en el oriente de la Coordinadora Nacional de los Trabajadores de la Educaci\u00f3n (CNTE), decret\u00f3 formalmente la huelga magisterial la noche del jueves y se procedi\u00f3 a la instalaci\u00f3n formal del campamento, ocupando tres calles principales del\u2026","rel":"","context":"En &quot;CINTILLO&quot;","block_context":{"text":"CINTILLO","link":"http:\/\/www.grieta.org.mx\/index.php\/category\/cintillo\/"},"img":{"alt_text":"","src":"https:\/\/i0.wp.com\/www.grieta.org.mx\/wp-content\/uploads\/2025\/05\/Valladolid.jpg?resize=350%2C200","width":350,"height":200,"srcset":"https:\/\/i0.wp.com\/www.grieta.org.mx\/wp-content\/uploads\/2025\/05\/Valladolid.jpg?resize=350%2C200 1x, https:\/\/i0.wp.com\/www.grieta.org.mx\/wp-content\/uploads\/2025\/05\/Valladolid.jpg?resize=525%2C300 1.5x, https:\/\/i0.wp.com\/www.grieta.org.mx\/wp-content\/uploads\/2025\/05\/Valladolid.jpg?resize=700%2C400 2x"},"classes":[]},{"id":53925,"url":"http:\/\/www.grieta.org.mx\/index.php\/2020\/09\/24\/personal-medico-encargado-de-atender-a-pacientes-covid-19-sigue-sin-recibir-pago-en-yucatan\/","url_meta":{"origin":43342,"position":2},"title":"Personal m\u00e9dico encargado de atender a pacientes COVID-19 sigue sin recibir pago en Yucat\u00e1n","author":"grieta","date":"24 septiembre, 2020","format":false,"excerpt":"Itzel Chan \/ Noticaribe M\u00c9RIDA, MX.- A pesar que desde el pasado 15 de septiembre se dio a conocer la falta de pago a personal m\u00e9dico que fue contratado para los hospitales emergentes y atender a personas enfermas por coronavirus (COVID-19) en Yucat\u00e1n, hoy siguen sin recibir ni salario ni\u2026","rel":"","context":"En &quot;CINTILLO&quot;","block_context":{"text":"CINTILLO","link":"http:\/\/www.grieta.org.mx\/index.php\/category\/cintillo\/"},"img":{"alt_text":"","src":"https:\/\/i0.wp.com\/www.grieta.org.mx\/wp-content\/uploads\/2020\/10\/MedicosYuc-e1601680596210.png?resize=350%2C200","width":350,"height":200,"srcset":"https:\/\/i0.wp.com\/www.grieta.org.mx\/wp-content\/uploads\/2020\/10\/MedicosYuc-e1601680596210.png?resize=350%2C200 1x, https:\/\/i0.wp.com\/www.grieta.org.mx\/wp-content\/uploads\/2020\/10\/MedicosYuc-e1601680596210.png?resize=525%2C300 1.5x, https:\/\/i0.wp.com\/www.grieta.org.mx\/wp-content\/uploads\/2020\/10\/MedicosYuc-e1601680596210.png?resize=700%2C400 2x"},"classes":[]},{"id":54692,"url":"http:\/\/www.grieta.org.mx\/index.php\/2020\/11\/02\/cumple-un-ano-que-mauricio-vila-mocha-pensiones-a-jubilados-del-isstey\/","url_meta":{"origin":43342,"position":3},"title":"Cumple un a\u00f1o que Mauricio Vila &#8216;mocha&#8217; pensiones a jubilados del Isstey","author":"grieta","date":"2 noviembre, 2020","format":false,"excerpt":"La Verdad Los jubilados y pensionados del Isstey cumplen un a\u00f1o sin pago completo; siguen buscando justicia Se cumpli\u00f3 un a\u00f1o desde que el \u00faltimo d\u00eda de octubre de 2019, el gobierno de Mauricio Vila empez\u00f3 a recortar sin justificaci\u00f3n el pago a jubilados y pensionados. Se trata de una\u2026","rel":"","context":"En &quot;CINTILLO&quot;","block_context":{"text":"CINTILLO","link":"http:\/\/www.grieta.org.mx\/index.php\/category\/cintillo\/"},"img":{"alt_text":"","src":"https:\/\/i0.wp.com\/www.grieta.org.mx\/wp-content\/uploads\/2020\/11\/MochesPensionessVila.png?resize=350%2C200","width":350,"height":200,"srcset":"https:\/\/i0.wp.com\/www.grieta.org.mx\/wp-content\/uploads\/2020\/11\/MochesPensionessVila.png?resize=350%2C200 1x, https:\/\/i0.wp.com\/www.grieta.org.mx\/wp-content\/uploads\/2020\/11\/MochesPensionessVila.png?resize=525%2C300 1.5x"},"classes":[]},{"id":53665,"url":"http:\/\/www.grieta.org.mx\/index.php\/2020\/09\/18\/tampoco-le-pagan-al-personal-de-enfermeria-de-valladolid\/","url_meta":{"origin":43342,"position":4},"title":"Tampoco le pagan al personal de Enfermer\u00eda de Valladolid","author":"grieta","date":"18 septiembre, 2020","format":false,"excerpt":"Claudia Arriaga \/ Haz Ruido Aseguran que fueron contratados bajo enga\u00f1os y que la SSY no les ha registrado ante el Insabi, por eso a\u00fan no han cobrado. M\u00e9rida, Yucat\u00e1n, Al reclamo por la falta de apoyo de la Secretar\u00eda de Salud de Yucat\u00e1n (SSY) en la pandemia, se suman\u2026","rel":"","context":"En &quot;CINTILLO&quot;","block_context":{"text":"CINTILLO","link":"http:\/\/www.grieta.org.mx\/index.php\/category\/cintillo\/"},"img":{"alt_text":"","src":"https:\/\/i0.wp.com\/www.grieta.org.mx\/wp-content\/uploads\/2020\/09\/valladolid-560x416-1.jpg?resize=350%2C200","width":350,"height":200,"srcset":"https:\/\/i0.wp.com\/www.grieta.org.mx\/wp-content\/uploads\/2020\/09\/valladolid-560x416-1.jpg?resize=350%2C200 1x, https:\/\/i0.wp.com\/www.grieta.org.mx\/wp-content\/uploads\/2020\/09\/valladolid-560x416-1.jpg?resize=525%2C300 1.5x"},"classes":[]},{"id":43338,"url":"http:\/\/www.grieta.org.mx\/index.php\/2020\/01\/19\/lanzan-gases-contra-criticos-de-vila-dosal-reportan-represion-en-marchas-previas-al-informe-del-gobernador-yucateco\/","url_meta":{"origin":43342,"position":5},"title":"Lanzan gases contra cr\u00edticos de Vila Dosal: Reportan represi\u00f3n en marchas previas al informe del gobernador yucateco","author":"grieta","date":"19 enero, 2020","format":false,"excerpt":"Por Jessica Itzel Chan Garc\u00eda \/ Noticaribe M\u00c9RIDA, MX.- Los cientos de yucatecos que salieron a marchar como muestra de inconformidad por la gesti\u00f3n que realiza Mauricio Vila Dosal reportaron actos de represi\u00f3n por parte de polic\u00edas, incluso, acusaron de que lanzaron gas lacrim\u00f3geno. Con tal de impedir la protesta\u2026","rel":"","context":"En &quot;Abuso Autoridades en Yucat\u00e1n&quot;","block_context":{"text":"Abuso Autoridades en Yucat\u00e1n","link":"http:\/\/www.grieta.org.mx\/index.php\/category\/noticias-nacionales\/yucatan\/abuso-autoridades-en-yucatan\/"},"img":{"alt_text":"","src":"https:\/\/i0.wp.com\/www.grieta.org.mx\/wp-content\/uploads\/2020\/01\/WhatsApp-Image-2020-01-19-at-12.57.48-PM.jpeg?resize=350%2C200","width":350,"height":200,"srcset":"https:\/\/i0.wp.com\/www.grieta.org.mx\/wp-content\/uploads\/2020\/01\/WhatsApp-Image-2020-01-19-at-12.57.48-PM.jpeg?resize=350%2C200 1x, https:\/\/i0.wp.com\/www.grieta.org.mx\/wp-content\/uploads\/2020\/01\/WhatsApp-Image-2020-01-19-at-12.57.48-PM.jpeg?resize=525%2C300 1.5x, https:\/\/i0.wp.com\/www.grieta.org.mx\/wp-content\/uploads\/2020\/01\/WhatsApp-Image-2020-01-19-at-12.57.48-PM.jpeg?resize=700%2C400 2x"},"classes":[]}],"_links":{"self":[{"href":"http:\/\/www.grieta.org.mx\/index.php\/wp-json\/wp\/v2\/posts\/43342","targetHints":{"allow":["GET"]}}],"collection":[{"href":"http:\/\/www.grieta.org.mx\/index.php\/wp-json\/wp\/v2\/posts"}],"about":[{"href":"http:\/\/www.grieta.org.mx\/index.php\/wp-json\/wp\/v2\/types\/post"}],"author":[{"embeddable":true,"href":"http:\/\/www.grieta.org.mx\/index.php\/wp-json\/wp\/v2\/users\/2"}],"replies":[{"embeddable":true,"href":"http:\/\/www.grieta.org.mx\/index.php\/wp-json\/wp\/v2\/comments?post=43342"}],"version-history":[{"count":1,"href":"http:\/\/www.grieta.org.mx\/index.php\/wp-json\/wp\/v2\/posts\/43342\/revisions"}],"predecessor-version":[{"id":43344,"href":"http:\/\/www.grieta.org.mx\/index.php\/wp-json\/wp\/v2\/posts\/43342\/revisions\/43344"}],"wp:featuredmedia":[{"embeddable":true,"href":"http:\/\/www.grieta.org.mx\/index.php\/wp-json\/wp\/v2\/media\/43343"}],"wp:attachment":[{"href":"http:\/\/www.grieta.org.mx\/index.php\/wp-json\/wp\/v2\/media?parent=43342"}],"wp:term":[{"taxonomy":"category","embeddable":true,"href":"http:\/\/www.grieta.org.mx\/index.php\/wp-json\/wp\/v2\/categories?post=43342"},{"taxonomy":"post_tag","embeddable":true,"href":"http:\/\/www.grieta.org.mx\/index.php\/wp-json\/wp\/v2\/tags?post=43342"}],"curies":[{"name":"wp","href":"https:\/\/api.w.org\/{rel}","templated":true}]}}