{"id":4322,"date":"2015-06-27T19:03:51","date_gmt":"2015-06-27T19:03:51","guid":{"rendered":"http:\/\/50.22.11.12\/~grietaor\/?p=4322"},"modified":"2016-04-25T00:38:13","modified_gmt":"2016-04-25T00:38:13","slug":"jalisco-segundo-lugar-nacional-en-desaparicion-forzada","status":"publish","type":"post","link":"http:\/\/www.grieta.org.mx\/index.php\/2015\/06\/27\/jalisco-segundo-lugar-nacional-en-desaparicion-forzada\/","title":{"rendered":"Jalisco, segundo lugar nacional en desaparici\u00f3n forzada"},"content":{"rendered":"<p>Por Rafael Hern\u00e1ndez Gu\u00edzar<\/p>\n<p>Amnist\u00eda Internacional pide alto a la tortura y la impunidad<\/p>\n<p>De las m\u00e1s de siete mil denuncias que se han dado por casos de tortura a nivel federal s\u00f3lo siete han resultado en procesos<\/p>\n<p>De acuerdo con datos oficiales, hay m\u00e1s de 25 mil personas desaparecidas en M\u00e9xico, mientras que nuestro estado ocupa el deshonroso segundo lugar nacional\/Fotos: Rafael Hern\u00e1ndez Gu\u00edzar<\/p>\n<p>Ni la lluvia detuvo ayer a integrantes de Amnist\u00eda Internacional para protestar en la Glorieta de la Minerva contra la pr\u00e1ctica de la tortura de las autoridades mexicanas.<\/p>\n<p>Alrededor de 20 j\u00f3venes que integran la asociaci\u00f3n internacional protectora de derechos humanos, se apost\u00f3 ayer en uno de los \u00edconos de la capital jalisciense para hacer visible la pr\u00e1ctica que \u201ces usada\u201d por las autoridades polic\u00edacas como medio de obtenci\u00f3n de confesiones.<\/p>\n<p>Algunos vestidos de negro, otros de naranja y con m\u00e1scaras y capuchas, todos con las manos atadas en se\u00f1al de estar a merced de alguien m\u00e1s, se\u00f1alaban su desapruebo a la tibieza con la que las autoridades han dado tratamiento a las m\u00e1s de siete mil denuncias que se tienen registradas a escala federal, pues s\u00f3lo siete procesos han resultado de esto.<\/p>\n<p>Jacqueline Galaviz, responsable de incidencia de Amnist\u00eda Internacional M\u00e9xico, en entrevista para P\u00e1gina 24, asever\u00f3 que en el combate a la tortura, la Comisi\u00f3n Nacional de los Derechos Humanos (CNDH) y las comisiones estatales, deber\u00edan ser el medio por el cual se obligue a que desaparezca esta pr\u00e1ctica.<\/p>\n<p>Integrantes de Amnist\u00eda Internacional hicieron acto de presencia en las inmediaciones de la Minerva para pedir el alto a la tortura en M\u00e9xico<\/p>\n<p>\u201cEs muy importante que las comisiones de derechos humanos emitan esas recomendaciones a las autoridades que son acusadas de tortura, pero tambi\u00e9n no solamente emitir recomendaciones, sino tambi\u00e9n el seguimiento de estas\u201d, dijo.<\/p>\n<p>\u2013 Para la Comisi\u00f3n de Derechos Humanos se deben de presentar signos como el estr\u00e9s postraum\u00e1tico o no se considera tortura, eso hace que muchos de los casos queden s\u00f3lo como violaciones a los derechos y no como lo que son, tortura de las autoridades.<\/p>\n<p>\u2013 S\u00ed, es importante que las instituciones responsables y encargadas de determinar si hubo o no tortura, implementen mecanismos que hay a nivel internacional como es el protocolo de Estambul, en el caso de M\u00e9xico un dictamen m\u00e9dico psicol\u00f3gico por parte de la Procuradur\u00eda General de la Rep\u00fablica, es importante que haya peritos capacitados y que adem\u00e1s, las v\u00edctimas que tienen esta posibilidad de contratar peritos independientes y es importante que estos dict\u00e1menes de los peritos independientes sean tomados dentro de los procesos que llevan las personas, que tambi\u00e9n sean tomados en cuenta.<\/p>\n<p>\u2013 En el panorama internacional \u00bfqu\u00e9 concepto se tiene de M\u00e9xico respecto a la tortura?.<\/p>\n<p>En entrevista, algunos de los miembros declararon que la percepci\u00f3n de la tortura era parad\u00f3jica en M\u00e9xico, ya que mientras unos le tem\u00edan otros la consideran necesaria<\/p>\n<p>\u2013 Pues hoy se cumplen nueve meses del caso de los chicos de Ayotzinapa y este es muy importante porque si bien no es un caso aislado, de parte de Amnist\u00eda Internacional lo consideramos como una cadena de casos y crisis de derechos humanos que se vive en M\u00e9xico. El caso de Ayotzinapa es muy emblem\u00e1tico porque destapa a nivel internacional lo que est\u00e1 pasando en M\u00e9xico con el tema de las desapariciones, de acuerdo con datos oficiales, hay m\u00e1s de 25 mil personas desaparecidas en M\u00e9xico y en el caso de Jalisco tambi\u00e9n es importante porque somos el segundo lugar a nivel nacional, es muy importante porque visualiza a la sociedad internacional a solidarizarse con las v\u00edctimas en el pa\u00eds.<\/p>\n<p>\u2013 \u00bfY el caso de Jalisco cu\u00e1l es?<\/p>\n<p>\u2013 Pues se han emitido 31 recomendaciones por el caso de la tortura y es muy preocupante que seg\u00fan las declaraciones del presidente de la Comisi\u00f3n s\u00f3lo se han dado cumplimiento a una; falta esta vigilancia cercana al cumplimiento de las mismas.<\/p>\n<p>Por su parte, Alonso Garibay, responsable de comunicaci\u00f3n y activismo para Amnist\u00eda Internacional M\u00e9xico, indic\u00f3 la manifestaci\u00f3n se realizaba al tiempo en el distrito Federal (DF) y en 50 pa\u00edses m\u00e1s alrededor del mundo.<\/p>\n<p>Las actividades de protesta se llevaron a cabo en el marco de la queja social por la desaparici\u00f3n de los normalistas de Ayotzinapa<\/p>\n<p>\u201cM\u00e1s que manifestaci\u00f3n, es en solidaridad a prop\u00f3sito del d\u00eda de hoy que es el d\u00eda internacional de apoyo a v\u00edctimas sobrevivientes de tortura, desde el a\u00f1o pasado, Amnist\u00eda Internacional lanza una campa\u00f1a que es para evitar y resarcir las violaciones al derecho humano, se hace simult\u00e1neamente en el DF y en 50 pa\u00edses donde hay presencia de Amnist\u00eda Internacional\u201d, dijo.<\/p>\n<p>\u2013 \u00bfCu\u00e1l es el panorama de la tortura en M\u00e9xico seg\u00fan lo que han evaluado ustedes?<\/p>\n<p>\u2013 Tenemos cifras oficiales, tenemos que hay m\u00e1s de siete mil denuncias a nivel nacional y solamente hay siete consignaciones; se hizo un sondeo de Amnist\u00eda donde m\u00e1s del 64 por ciento, tiene temor a ser torturado en alguna situaci\u00f3n de detenci\u00f3n.<\/p>\n<p>\u2013 \u00bfLa percepci\u00f3n ciudadana cu\u00e1l es?<\/p>\n<p>\u2013 M\u00e1s del 60 por ciento tiene miedo de ser torturado al ser detenido por las autoridades, pero es parad\u00f3jico que m\u00e1s del 30 por ciento de las personas ven que la tortura es necesaria en alguna de las situaciones para confesiones.<\/p>\n<p>Ni la lluvia que azot\u00f3 el lugar fue motivo suficiente para disuadir a los manifestantes, quienes buscaban hacer consciente a la ciudadan\u00eda de la situaci\u00f3n que vive el pa\u00eds<\/p>\n<p>A la par de la protesta, la lluvia comenzaba a caer; los manifestantes no reparaban en esto y, por el contrario, con mayor br\u00edo condenaban las inacciones del gobierno federal y el de los estados para realizar acciones que eviten que sus elementos polic\u00edacos caigan en estas pr\u00e1cticas.<\/p>\n<p>Una enorme pancarta fue armada a un costado de la estatua de la diosa Romana Minerva con la leyenda \u201cAlto impunidad, Alto Tortura\u201d. Incluso, contaban con un Dron que surcaba los aires por encima de todos, tomando im\u00e1genes de la manifestaci\u00f3n y los ciudadanos que se acercaban a esta.<\/p>\n<p>Panfletos se repart\u00edan entre los automovilistas para hacer conciencia; cartelones con los nombres de desaparecidos y presos que han sido procesados con el uso de tortura.<\/p>\n<p>El tema central fue el apoyo a los familiares de los estudiantes desaparecidos en la normal de Ayotzinapa, Guerrero, caso que seg\u00fan Amnist\u00eda Internacional, fijo los ojos de la comunidad extranjera en M\u00e9xico al revelarse los m\u00e9todos de tortura y desaparici\u00f3n forzada con que se detienen a algunos ciudadanos.<\/p>\n<p><a href=\"http:\/\/pagina24jalisco.com.mx\/local\/2015\/06\/27\/jalisco-segundo-lugar-nacional-en-desaparicion-forzada\/\" target=\"_blank\">http:\/\/pagina24jalisco.com.mx\/local\/2015\/06\/27\/jalisco-segundo-lugar-nacional-en-desaparicion-forzada\/<\/a><\/p>\n","protected":false},"excerpt":{"rendered":"<p>Por Rafael Hern\u00e1ndez Gu\u00edzar Amnist\u00eda Internacional pide alto a la tortura y la impunidad De las m\u00e1s de siete mil denuncias que se han dado por casos de tortura a &hellip; <a href=\"http:\/\/www.grieta.org.mx\/index.php\/2015\/06\/27\/jalisco-segundo-lugar-nacional-en-desaparicion-forzada\/\" class=\"more-link\">Leer m\u00e1s<\/a><\/p>\n","protected":false},"author":2,"featured_media":21928,"comment_status":"closed","ping_status":"open","sticky":false,"template":"","format":"standard","meta":{"ngg_post_thumbnail":0,"_jetpack_newsletter_access":"","_jetpack_dont_email_post_to_subs":false,"_jetpack_newsletter_tier_id":0,"_jetpack_memberships_contains_paywalled_content":false,"_jetpack_memberships_contains_paid_content":false,"footnotes":""},"categories":[80,230],"tags":[121,325],"class_list":["post-4322","post","type-post","status-publish","format-standard","has-post-thumbnail","hentry","category-cintillo","category-jalisco","tag-desaparecidos","tag-tortura","entry"],"jetpack_featured_media_url":"http:\/\/www.grieta.org.mx\/wp-content\/uploads\/2018\/03\/14524434_1106112876131411_958039263622046936_o.jpg","jetpack_sharing_enabled":true,"jetpack_shortlink":"https:\/\/wp.me\/p7ZJR4-17I","jetpack_likes_enabled":false,"jetpack-related-posts":[{"id":15603,"url":"http:\/\/www.grieta.org.mx\/index.php\/2016\/06\/28\/policias-y-soldados-en-mexico-usan-la-tortura-sexual-en-arrestos-de-mujeres\/","url_meta":{"origin":4322,"position":0},"title":"Polic\u00edas y soldados en M\u00e9xico usan la tortura sexual en arrestos de mujeres","author":"grieta","date":"28 junio, 2016","format":false,"excerpt":"Manu Ureste \/ Animal Pol\u00edtico Amnist\u00eda Internacional presenta este martes un informe en el que documenta que 7 de cada 10 mujeres entrevistadas denunciaron abusos sexuales por parte de polic\u00edas y soldados. Todo sucede entre las tres y las tres y media de la madrugada del 7 de febrero de\u2026","rel":"","context":"En &quot;CINTILLO&quot;","block_context":{"text":"CINTILLO","link":"http:\/\/www.grieta.org.mx\/index.php\/category\/cintillo\/"},"img":{"alt_text":"","src":"https:\/\/i0.wp.com\/www.grieta.org.mx\/wp-content\/uploads\/2018\/03\/14524434_1106112876131411_958039263622046936_o.jpg?resize=350%2C200","width":350,"height":200,"srcset":"https:\/\/i0.wp.com\/www.grieta.org.mx\/wp-content\/uploads\/2018\/03\/14524434_1106112876131411_958039263622046936_o.jpg?resize=350%2C200 1x, https:\/\/i0.wp.com\/www.grieta.org.mx\/wp-content\/uploads\/2018\/03\/14524434_1106112876131411_958039263622046936_o.jpg?resize=525%2C300 1.5x, https:\/\/i0.wp.com\/www.grieta.org.mx\/wp-content\/uploads\/2018\/03\/14524434_1106112876131411_958039263622046936_o.jpg?resize=700%2C400 2x"},"classes":[]},{"id":26651,"url":"http:\/\/www.grieta.org.mx\/index.php\/2018\/08\/19\/tortura-practica-casi-cotidiana-de-policias-en-oaxaca\/","url_meta":{"origin":4322,"position":1},"title":"Tortura, pr\u00e1ctica casi cotidiana de polic\u00edas en Oaxaca","author":"grieta","date":"19 agosto, 2018","format":false,"excerpt":"Noticias. Ivonne Mateo, Nelson fue v\u00edctima de tortura en enero del 2015. Polic\u00edas estatales lo golpearon, amenazaron de muerte y asfixiaron con una bolsa de pl\u00e1stico colocada en la cabeza. Eran las 11:30 horas, Nelson se dirig\u00eda a comprar coca\u00edna en inmediaciones de Santiago Matatl\u00e1n, Tlacolula, cuando fue interceptado por\u2026","rel":"","context":"En &quot;CINTILLO&quot;","block_context":{"text":"CINTILLO","link":"http:\/\/www.grieta.org.mx\/index.php\/category\/cintillo\/"},"img":{"alt_text":"","src":"https:\/\/i0.wp.com\/www.grieta.org.mx\/wp-content\/uploads\/2018\/09\/image_16_273.jpg?resize=350%2C200","width":350,"height":200,"srcset":"https:\/\/i0.wp.com\/www.grieta.org.mx\/wp-content\/uploads\/2018\/09\/image_16_273.jpg?resize=350%2C200 1x, https:\/\/i0.wp.com\/www.grieta.org.mx\/wp-content\/uploads\/2018\/09\/image_16_273.jpg?resize=525%2C300 1.5x, https:\/\/i0.wp.com\/www.grieta.org.mx\/wp-content\/uploads\/2018\/09\/image_16_273.jpg?resize=700%2C400 2x, https:\/\/i0.wp.com\/www.grieta.org.mx\/wp-content\/uploads\/2018\/09\/image_16_273.jpg?resize=1050%2C600 3x"},"classes":[]},{"id":58131,"url":"http:\/\/www.grieta.org.mx\/index.php\/2021\/03\/30\/mujeres-sobrevivientes-de-tortura-en-jalisco-el-uso-de-sus-cuerpos-como-metodo-y-fin-de-la-violencia-patriarcal\/","url_meta":{"origin":4322,"position":2},"title":"Mujeres sobrevivientes de tortura en Jalisco: el uso de sus cuerpos como m\u00e9todo y fin  de la violencia patriarcal","author":"grieta","date":"30 marzo, 2021","format":false,"excerpt":"Ilustraciones: Fernanda Kovacs Dalia Souza - Ximena Torres \/ Zona Docs Las mujeres, j\u00f3venes y ni\u00f1as en Jalisco representan el 12.9% de las v\u00edctimas de tortura en las quejas de la Comisi\u00f3n Estatal de Derechos Humanos Jalisco (CEDHJ); y el 3.7% en las carpetas de investigaci\u00f3n abiertas ante la Unidad\u2026","rel":"","context":"En &quot;CINTILLO&quot;","block_context":{"text":"CINTILLO","link":"http:\/\/www.grieta.org.mx\/index.php\/category\/cintillo\/"},"img":{"alt_text":"","src":"https:\/\/i0.wp.com\/www.grieta.org.mx\/wp-content\/uploads\/2021\/04\/upload-982ba941-cf6e-413c-824c-a3e63b325cef.png?resize=350%2C200","width":350,"height":200,"srcset":"https:\/\/i0.wp.com\/www.grieta.org.mx\/wp-content\/uploads\/2021\/04\/upload-982ba941-cf6e-413c-824c-a3e63b325cef.png?resize=350%2C200 1x, https:\/\/i0.wp.com\/www.grieta.org.mx\/wp-content\/uploads\/2021\/04\/upload-982ba941-cf6e-413c-824c-a3e63b325cef.png?resize=525%2C300 1.5x, https:\/\/i0.wp.com\/www.grieta.org.mx\/wp-content\/uploads\/2021\/04\/upload-982ba941-cf6e-413c-824c-a3e63b325cef.png?resize=700%2C400 2x, https:\/\/i0.wp.com\/www.grieta.org.mx\/wp-content\/uploads\/2021\/04\/upload-982ba941-cf6e-413c-824c-a3e63b325cef.png?resize=1050%2C600 3x"},"classes":[]},{"id":29963,"url":"http:\/\/www.grieta.org.mx\/index.php\/2019\/02\/25\/infierno-a-oscuras-testimonio-sobre-tortura-en-la-pgj-de-aguascalientes\/","url_meta":{"origin":4322,"position":3},"title":"Infierno a oscuras: testimonio sobre tortura en la PGJ de Aguascalientes","author":"grieta","date":"25 febrero, 2019","format":false,"excerpt":"Alejandro Romo\/NEwsweek Aguascalientes. La recomendaci\u00f3n 17VG\/2019 de la Comisi\u00f3n Nacional de los Derechos Humanos (CNDH) a la extinta Procuradur\u00eda General de Justicia del Estado de Aguascalientes, revel\u00f3 lo que para muchos era un secreto a voces: la tortura que recib\u00edan personas detenidas para obtener informaci\u00f3n o inculpar a personas por\u2026","rel":"","context":"En &quot;Abuso policiaco y tortura en Aguascalientes&quot;","block_context":{"text":"Abuso policiaco y tortura en Aguascalientes","link":"http:\/\/www.grieta.org.mx\/index.php\/category\/noticias-nacionales\/aguascalientes\/tortura-en-aguascalientes\/"},"img":{"alt_text":"","src":"https:\/\/i0.wp.com\/www.grieta.org.mx\/wp-content\/uploads\/2019\/03\/tortura-3.jpg?resize=350%2C200","width":350,"height":200,"srcset":"https:\/\/i0.wp.com\/www.grieta.org.mx\/wp-content\/uploads\/2019\/03\/tortura-3.jpg?resize=350%2C200 1x, https:\/\/i0.wp.com\/www.grieta.org.mx\/wp-content\/uploads\/2019\/03\/tortura-3.jpg?resize=525%2C300 1.5x"},"classes":[]},{"id":14175,"url":"http:\/\/www.grieta.org.mx\/index.php\/2016\/06\/11\/casas-huevito-en-huentitan-generara-caos-en-la-zona-vecinos\/","url_meta":{"origin":4322,"position":4},"title":"\u201cCasas huevito\u201d en Huentit\u00e1n generar\u00e1 caos en la zona: Vecinos","author":"grieta","date":"11 junio, 2016","format":false,"excerpt":"Servicios p\u00fablicos colapsar\u00e1n, aseguran Adem\u00e1s de quitar un \u00e1rea verde y una unidad deportiva que serv\u00eda de zona recreativa para los vecinos, se afectar\u00e1 el \u00e1rea natural de Huentit\u00e1n con las 800 nuevas viviendas que se proyectan Por Rafael Hern\u00e1ndez Gu\u00edzar Vecinos de la zona de Huentit\u00e1n en Guadalajara contin\u00faan\u2026","rel":"","context":"En &quot;CINTILLO&quot;","block_context":{"text":"CINTILLO","link":"http:\/\/www.grieta.org.mx\/index.php\/category\/cintillo\/"},"img":{"alt_text":"","src":"https:\/\/i0.wp.com\/www.grieta.org.mx\/wp-content\/uploads\/2018\/03\/14524434_1106112876131411_958039263622046936_o.jpg?resize=350%2C200","width":350,"height":200,"srcset":"https:\/\/i0.wp.com\/www.grieta.org.mx\/wp-content\/uploads\/2018\/03\/14524434_1106112876131411_958039263622046936_o.jpg?resize=350%2C200 1x, https:\/\/i0.wp.com\/www.grieta.org.mx\/wp-content\/uploads\/2018\/03\/14524434_1106112876131411_958039263622046936_o.jpg?resize=525%2C300 1.5x, https:\/\/i0.wp.com\/www.grieta.org.mx\/wp-content\/uploads\/2018\/03\/14524434_1106112876131411_958039263622046936_o.jpg?resize=700%2C400 2x"},"classes":[]},{"id":45177,"url":"http:\/\/www.grieta.org.mx\/index.php\/2020\/02\/26\/por-falta-de-justicia-sobrevivientes-de-tortura-en-atenco-van-a-corte-penal-internacional-estado-de-mexico\/","url_meta":{"origin":4322,"position":5},"title":"Por falta de justicia, sobrevivientes de tortura en Atenco van a Corte Penal Internacional (Estado de M\u00e9xico)","author":"grieta","date":"26 febrero, 2020","format":false,"excerpt":"Tania Dami\u00e1n \/ Contral\u00ednea \u201cHemos esperado durante 14 a\u00f1os la justicia. Ahora sabemos que aqu\u00ed no llegar\u00e1 nunca, simplemente porque los autores intelectuales ni si quiera han sido investigados. Por eso acudimos a la Corte Penal Internacional, en su sede de la Haya, Pa\u00edses Bajos\u201d, declararon integrantes del Colectivo de\u2026","rel":"","context":"En &quot;Abuso policiaco y tortura en el Estado de M\u00e9xico&quot;","block_context":{"text":"Abuso policiaco y tortura en el Estado de M\u00e9xico","link":"http:\/\/www.grieta.org.mx\/index.php\/category\/noticias-nacionales\/estado-de-mexico\/abuso-policiaco-y-tortura-en-el-estado-de-mexico\/"},"img":{"alt_text":"","src":"https:\/\/i0.wp.com\/www.grieta.org.mx\/wp-content\/uploads\/2020\/02\/Por-falta-de-justicia-sobrevivientes-de-tortura-en-Atenco-van-a-Corte-Penal-Internacional-edomex-feb.jpg?resize=350%2C200","width":350,"height":200,"srcset":"https:\/\/i0.wp.com\/www.grieta.org.mx\/wp-content\/uploads\/2020\/02\/Por-falta-de-justicia-sobrevivientes-de-tortura-en-Atenco-van-a-Corte-Penal-Internacional-edomex-feb.jpg?resize=350%2C200 1x, https:\/\/i0.wp.com\/www.grieta.org.mx\/wp-content\/uploads\/2020\/02\/Por-falta-de-justicia-sobrevivientes-de-tortura-en-Atenco-van-a-Corte-Penal-Internacional-edomex-feb.jpg?resize=525%2C300 1.5x, https:\/\/i0.wp.com\/www.grieta.org.mx\/wp-content\/uploads\/2020\/02\/Por-falta-de-justicia-sobrevivientes-de-tortura-en-Atenco-van-a-Corte-Penal-Internacional-edomex-feb.jpg?resize=700%2C400 2x"},"classes":[]}],"_links":{"self":[{"href":"http:\/\/www.grieta.org.mx\/index.php\/wp-json\/wp\/v2\/posts\/4322","targetHints":{"allow":["GET"]}}],"collection":[{"href":"http:\/\/www.grieta.org.mx\/index.php\/wp-json\/wp\/v2\/posts"}],"about":[{"href":"http:\/\/www.grieta.org.mx\/index.php\/wp-json\/wp\/v2\/types\/post"}],"author":[{"embeddable":true,"href":"http:\/\/www.grieta.org.mx\/index.php\/wp-json\/wp\/v2\/users\/2"}],"replies":[{"embeddable":true,"href":"http:\/\/www.grieta.org.mx\/index.php\/wp-json\/wp\/v2\/comments?post=4322"}],"version-history":[{"count":1,"href":"http:\/\/www.grieta.org.mx\/index.php\/wp-json\/wp\/v2\/posts\/4322\/revisions"}],"predecessor-version":[{"id":10854,"href":"http:\/\/www.grieta.org.mx\/index.php\/wp-json\/wp\/v2\/posts\/4322\/revisions\/10854"}],"wp:featuredmedia":[{"embeddable":true,"href":"http:\/\/www.grieta.org.mx\/index.php\/wp-json\/wp\/v2\/media\/21928"}],"wp:attachment":[{"href":"http:\/\/www.grieta.org.mx\/index.php\/wp-json\/wp\/v2\/media?parent=4322"}],"wp:term":[{"taxonomy":"category","embeddable":true,"href":"http:\/\/www.grieta.org.mx\/index.php\/wp-json\/wp\/v2\/categories?post=4322"},{"taxonomy":"post_tag","embeddable":true,"href":"http:\/\/www.grieta.org.mx\/index.php\/wp-json\/wp\/v2\/tags?post=4322"}],"curies":[{"name":"wp","href":"https:\/\/api.w.org\/{rel}","templated":true}]}}