{"id":43201,"date":"2020-01-17T18:10:54","date_gmt":"2020-01-18T00:10:54","guid":{"rendered":"http:\/\/www.grieta.org.mx\/?p=43201"},"modified":"2020-01-19T18:18:00","modified_gmt":"2020-01-20T00:18:00","slug":"tres-incidentes-violentos-desatan-temor-en-la-poblacion-de-tamaulipas-mexico","status":"publish","type":"post","link":"http:\/\/www.grieta.org.mx\/index.php\/2020\/01\/17\/tres-incidentes-violentos-desatan-temor-en-la-poblacion-de-tamaulipas-mexico\/","title":{"rendered":"Tres incidentes violentos desatan temor en la poblaci\u00f3n de Tamaulipas, M\u00e9xico"},"content":{"rendered":"<p>Miguel Turriza\/CNN Latinoam\u00e9rica<br \/>\n17 enero 2020<\/p>\n<p>(CNN Espa\u00f1ol) \u2014 En una escalada de violencia en la regi\u00f3n fronteriza de Tamaulipas, el ej\u00e9rcito mexicano abati\u00f3 a once presuntos delincuentes en el municipio de Miguel Alem\u00e1n; en otro incidente, la polic\u00eda estatal detuvo a tres civiles armados tras una persecuci\u00f3n y balacera en la zona centro de Reynosa, mientras que en la ciudad de R\u00edo Bravo se suscitaron enfrentamientos a balazos entre grupos delictivos durante este jueves.<\/p>\n<p>El grupo de Coordinaci\u00f3n para la Seguridad y la Paz de Tamaulipas inform\u00f3 que una patrulla del Ej\u00e9rcito Nacional fue emboscada por civiles armados en el poblado Los \u00c1ngeles.<\/p>\n<p>Como respuesta a la agresi\u00f3n y tras un enfrentamiento de media hora, once presuntos delincuentes fueron abatidos.<\/p>\n<p>Personal forense de la fiscal\u00eda del Estado, resguardado por un convoy de ocho veh\u00edculos militares, recogieron los cuerpos y los trasladaron al anfiteatro de esa ciudad fronteriza.<\/p>\n<p>MIRA: M\u00e1s de tres menores mueren a diario por la violencia en M\u00e9xico, seg\u00fan Redim<\/p>\n<p>Las autoridades adem\u00e1s aseguraron doce armas largas del tipo AK-47 y un artefacto explosivo de fabricaci\u00f3n artesanal.<\/p>\n<p>En otro hecho violento, esta vez en Reynosa, polic\u00edas estatales marcaron el alto a un veh\u00edculo con civiles armados quienes no obedecieron y empezaron a disparar contra los polic\u00edas.<\/p>\n<p>Tras una persecuci\u00f3n finalmente fueron detenidos.<\/p>\n<p>El gobernador de Tamaulipas, Francisco Garc\u00eda Cabeza de Vaca se reun\u00eda con empresarios en la misma zona cuando ocurri\u00f3 el incidente.<\/p>\n<p>Por la noche, usuarios de redes sociales, reportaron diversos enfrentamientos entre grupos de civiles armados, situaci\u00f3n que provoc\u00f3 el temor de los residentes quienes buscaban resguardo de los tiroteos que se escuchaban<br \/>\nen las afueras de sus viviendas.<\/p>\n<p>Hasta el momento, las autoridades no han ofrecido detalles de lo ocurrido. CNN ha solicitado informaci\u00f3n pero no ha recibido respuesta.<\/p>\n<p>El lunes pasado, tres miembros de la Guardia Nacional y uno del ej\u00e9rcito murieron en un enfrentamiento con civiles armados, confirmaron autoridades estatales.<\/p>\n<p>Seg\u00fan cifras del gobierno de M\u00e9xico, al menos 48 personas han muerto de manera violenta en Tamaulipas en los primeros 16 d\u00edas de enero.<\/p>\n<p><a href=\"https:\/\/cnnespanol.cnn.com\/2020\/01\/17\/alerta-tres-incidentes-violentos-desatan-temor-en-la-poblacion-de-tamaulipas\/\" rel=\"noopener noreferrer\" target=\"_blank\">https:\/\/cnnespanol.cnn.com\/2020\/01\/17\/alerta-tres-incidentes-violentos-desatan-temor-en-la-poblacion-de-tamaulipas\/<\/a><\/p>\n","protected":false},"excerpt":{"rendered":"<p>Miguel Turriza\/CNN Latinoam\u00e9rica 17 enero 2020 (CNN Espa\u00f1ol) \u2014 En una escalada de violencia en la regi\u00f3n fronteriza de Tamaulipas, el ej\u00e9rcito mexicano abati\u00f3 a once presuntos delincuentes en el &hellip; <a href=\"http:\/\/www.grieta.org.mx\/index.php\/2020\/01\/17\/tres-incidentes-violentos-desatan-temor-en-la-poblacion-de-tamaulipas-mexico\/\" class=\"more-link\">Leer m\u00e1s<\/a><\/p>\n","protected":false},"author":2,"featured_media":43202,"comment_status":"closed","ping_status":"closed","sticky":false,"template":"","format":"standard","meta":{"ngg_post_thumbnail":0,"_jetpack_newsletter_access":"","_jetpack_dont_email_post_to_subs":false,"_jetpack_newsletter_tier_id":0,"_jetpack_memberships_contains_paywalled_content":false,"_jetpack_memberships_contains_paid_content":false,"footnotes":""},"categories":[80,1501,912,2009,2,33,83],"tags":[3024,3023,614],"class_list":["post-43201","post","type-post","status-publish","format-standard","has-post-thumbnail","hentry","category-cintillo","category-incremento-de-la-violencia-en-tamaulipas","category-militarizacion","category-militarizacion-en-tamaulipas","category-noticias-nacionales","category-tamaulipas","category-temas-nacionales","tag-aumento-de-la-violencia","tag-guardia-nacionalizacion","tag-militarizacion","entry"],"jetpack_featured_media_url":"http:\/\/www.grieta.org.mx\/wp-content\/uploads\/2020\/01\/milicos.png","jetpack_sharing_enabled":true,"jetpack_shortlink":"https:\/\/wp.me\/p7ZJR4-beN","jetpack_likes_enabled":false,"jetpack-related-posts":[{"id":34611,"url":"http:\/\/www.grieta.org.mx\/index.php\/2019\/06\/10\/llegan-tropas-especiales-tamaulipas\/","url_meta":{"origin":43201,"position":0},"title":"Llegan tropas especiales (Tamaulipas)","author":"grieta","date":"10 junio, 2019","format":false,"excerpt":"El Bravo Un contingente de 450 elementos de Fuerzas Especiales del Ej\u00e9rcito entrenados como unidades \u00e9lite de combate a guerrillas urbanas, fue aerotransportado ayer a esta frontera en tres aviones de la Fuerza A\u00e9rea Mexicana para desplegar operativos en Reynosa, R\u00edo Bravo y la regi\u00f3n Ribere\u00f1a. El arribo de las\u2026","rel":"","context":"En &quot;CINTILLO&quot;","block_context":{"text":"CINTILLO","link":"http:\/\/www.grieta.org.mx\/index.php\/category\/cintillo\/"},"img":{"alt_text":"","src":"https:\/\/i0.wp.com\/www.grieta.org.mx\/wp-content\/uploads\/2019\/06\/Llegan-tropas-especiales-tama-jun.jpg?resize=350%2C200","width":350,"height":200,"srcset":"https:\/\/i0.wp.com\/www.grieta.org.mx\/wp-content\/uploads\/2019\/06\/Llegan-tropas-especiales-tama-jun.jpg?resize=350%2C200 1x, https:\/\/i0.wp.com\/www.grieta.org.mx\/wp-content\/uploads\/2019\/06\/Llegan-tropas-especiales-tama-jun.jpg?resize=525%2C300 1.5x"},"classes":[]},{"id":65094,"url":"http:\/\/www.grieta.org.mx\/index.php\/2022\/09\/04\/hospitalizan-a-hermano-de-heidi-pequena-que-murio-por-bala-del-ejercito-en-tamaulipas\/","url_meta":{"origin":43201,"position":1},"title":"Hospitalizan a hermano de Heidi, peque\u00f1a que muri\u00f3 por bala del Ej\u00e9rcito en Tamaulipas","author":"grieta","date":"4 septiembre, 2022","format":false,"excerpt":"Redacci\u00f3n\/El Universal 4 septiembre 2022 Kevin presenci\u00f3 el asesinato de su hermanita, cuando era llevada al hospital del IMSS para ser atendida de dolor estomacal Nuevo Laredo, Tamaulipas.- Kevin, hermano de Heidi Mariana, la peque\u00f1a de 4 a\u00f1os que falleci\u00f3 por una bala perdida a manos del Ej\u00e9rcito Mexicano, fue\u2026","rel":"","context":"En &quot;CINTILLO&quot;","block_context":{"text":"CINTILLO","link":"http:\/\/www.grieta.org.mx\/index.php\/category\/cintillo\/"},"img":{"alt_text":"","src":"https:\/\/i0.wp.com\/www.grieta.org.mx\/wp-content\/uploads\/2022\/09\/hospitalizan_a_hermano_de_heidi_pequena_que_murio_por_bala_perdida_del_ejercito_en_tamaulipas-min.webp?resize=350%2C200","width":350,"height":200,"srcset":"https:\/\/i0.wp.com\/www.grieta.org.mx\/wp-content\/uploads\/2022\/09\/hospitalizan_a_hermano_de_heidi_pequena_que_murio_por_bala_perdida_del_ejercito_en_tamaulipas-min.webp?resize=350%2C200 1x, https:\/\/i0.wp.com\/www.grieta.org.mx\/wp-content\/uploads\/2022\/09\/hospitalizan_a_hermano_de_heidi_pequena_que_murio_por_bala_perdida_del_ejercito_en_tamaulipas-min.webp?resize=525%2C300 1.5x, https:\/\/i0.wp.com\/www.grieta.org.mx\/wp-content\/uploads\/2022\/09\/hospitalizan_a_hermano_de_heidi_pequena_que_murio_por_bala_perdida_del_ejercito_en_tamaulipas-min.webp?resize=700%2C400 2x, https:\/\/i0.wp.com\/www.grieta.org.mx\/wp-content\/uploads\/2022\/09\/hospitalizan_a_hermano_de_heidi_pequena_que_murio_por_bala_perdida_del_ejercito_en_tamaulipas-min.webp?resize=1050%2C600 3x"},"classes":[]},{"id":39526,"url":"http:\/\/www.grieta.org.mx\/index.php\/2019\/09\/26\/crece-militarizacion-en-tamaulipas\/","url_meta":{"origin":43201,"position":2},"title":"Crece militarizaci\u00f3n en Tamaulipas","author":"grieta","date":"26 septiembre, 2019","format":false,"excerpt":"Colectivo Grieta Seg\u00fan notas recientes, hay 8000 elementos de las fuerzas federales desplegados en el territorio de Tamaulipas. De estos, 1,500 son miembros de la Guardia Nacional. Sin embargo, tambi\u00e9n hay efectivos del Ej\u00e9rcito Mexicano, la Secretar\u00eda de Marina y la Polic\u00eda Federal. El argumento para este grado de militarizaci\u00f3n\u2026","rel":"","context":"En &quot;CINTILLO&quot;","block_context":{"text":"CINTILLO","link":"http:\/\/www.grieta.org.mx\/index.php\/category\/cintillo\/"},"img":{"alt_text":"","src":"https:\/\/i0.wp.com\/www.grieta.org.mx\/wp-content\/uploads\/2019\/09\/c1.1-6rluxlml1sjkzkbm9xqocbjvo9e00xe1ls1hmti2m5s.jpg?resize=350%2C200","width":350,"height":200,"srcset":"https:\/\/i0.wp.com\/www.grieta.org.mx\/wp-content\/uploads\/2019\/09\/c1.1-6rluxlml1sjkzkbm9xqocbjvo9e00xe1ls1hmti2m5s.jpg?resize=350%2C200 1x, https:\/\/i0.wp.com\/www.grieta.org.mx\/wp-content\/uploads\/2019\/09\/c1.1-6rluxlml1sjkzkbm9xqocbjvo9e00xe1ls1hmti2m5s.jpg?resize=525%2C300 1.5x, https:\/\/i0.wp.com\/www.grieta.org.mx\/wp-content\/uploads\/2019\/09\/c1.1-6rluxlml1sjkzkbm9xqocbjvo9e00xe1ls1hmti2m5s.jpg?resize=700%2C400 2x, https:\/\/i0.wp.com\/www.grieta.org.mx\/wp-content\/uploads\/2019\/09\/c1.1-6rluxlml1sjkzkbm9xqocbjvo9e00xe1ls1hmti2m5s.jpg?resize=1050%2C600 3x"},"classes":[]},{"id":31269,"url":"http:\/\/www.grieta.org.mx\/index.php\/2019\/03\/26\/semar-tambien-vigilara-carreteras-de-tamaulipas\/","url_meta":{"origin":43201,"position":3},"title":"SEMAR tambi\u00e9n vigilar\u00e1 carreteras de Tamaulipas","author":"grieta","date":"26 marzo, 2019","format":false,"excerpt":"El Bravo TAMAULIPAS.- La Secretar\u00eda de la Marina Armada de M\u00e9xico a trav\u00e9s de la Primera Zona naval se suma a las acciones de vigilancia en las carreteras a fin de evitar cualquier tipo de il\u00edcito. El vicealmirante Mario Maqueda Mendoza, comandante de la Primera Zona Naval, se\u00f1al\u00f3 que en\u2026","rel":"","context":"En &quot;CINTILLO&quot;","block_context":{"text":"CINTILLO","link":"http:\/\/www.grieta.org.mx\/index.php\/category\/cintillo\/"},"img":{"alt_text":"","src":"https:\/\/i0.wp.com\/www.grieta.org.mx\/wp-content\/uploads\/2019\/03\/SEMAR-tambi%C3%A9n-vigilar%C3%A1-carreteras-de-Tamaulipas-mzo.jpg?resize=350%2C200","width":350,"height":200,"srcset":"https:\/\/i0.wp.com\/www.grieta.org.mx\/wp-content\/uploads\/2019\/03\/SEMAR-tambi%C3%A9n-vigilar%C3%A1-carreteras-de-Tamaulipas-mzo.jpg?resize=350%2C200 1x, https:\/\/i0.wp.com\/www.grieta.org.mx\/wp-content\/uploads\/2019\/03\/SEMAR-tambi%C3%A9n-vigilar%C3%A1-carreteras-de-Tamaulipas-mzo.jpg?resize=525%2C300 1.5x"},"classes":[]},{"id":61763,"url":"http:\/\/www.grieta.org.mx\/index.php\/2021\/09\/16\/fgr-investiga-cinco-ejecuciones-extrajudiciales-ocurridas-en-agosto-en-nuevo-laredo-tamaulipas\/","url_meta":{"origin":43201,"position":4},"title":"FGR investiga cinco ejecuciones extrajudiciales ocurridas en agosto en Nuevo Laredo (Tamaulipas)","author":"grieta","date":"16 septiembre, 2021","format":false,"excerpt":"Alberto Pradilla\/Animal Pol\u00edtico 16 septiembre 2021 La Fiscal\u00eda General de la Rep\u00fablica (FGR) tiene abierta una carpeta de investigaci\u00f3n por la presunta ejecuci\u00f3n extrajudicial de cinco personas el pasado 14 de agosto en la colonia Nueva Era de Nuevo Laredo, Tamaulipas. Familiares de las v\u00edctimas interpusieron denuncias tras ser informados\u2026","rel":"","context":"En &quot;CINTILLO&quot;","block_context":{"text":"CINTILLO","link":"http:\/\/www.grieta.org.mx\/index.php\/category\/cintillo\/"},"img":{"alt_text":"","src":"https:\/\/i0.wp.com\/www.grieta.org.mx\/wp-content\/uploads\/2021\/09\/ejercito.png?resize=350%2C200","width":350,"height":200,"srcset":"https:\/\/i0.wp.com\/www.grieta.org.mx\/wp-content\/uploads\/2021\/09\/ejercito.png?resize=350%2C200 1x, https:\/\/i0.wp.com\/www.grieta.org.mx\/wp-content\/uploads\/2021\/09\/ejercito.png?resize=525%2C300 1.5x, https:\/\/i0.wp.com\/www.grieta.org.mx\/wp-content\/uploads\/2021\/09\/ejercito.png?resize=700%2C400 2x"},"classes":[]},{"id":35922,"url":"http:\/\/www.grieta.org.mx\/index.php\/2019\/06\/28\/llega-guardia-nacional-a-reynosa-tamaulipas\/","url_meta":{"origin":43201,"position":5},"title":"Llega Guardia Nacional a Reynosa (Tamaulipas)","author":"grieta","date":"28 junio, 2019","format":false,"excerpt":"Fotograf\u00eda: Publimetro Posta No han presentado informaci\u00f3n oficial sobre el n\u00famero de elementos desplegados en la ciudad fronteriza TAMAULIPAS.- Elementos de la Guardia Nacional (GN) realizan ya patrullajes en las inmediaciones del Puente Internacional Reynosa Hidalgo. Con uniforme militar, los elementos portan en su brazo la insignia que los identifica\u2026","rel":"","context":"En &quot;CINTILLO&quot;","block_context":{"text":"CINTILLO","link":"http:\/\/www.grieta.org.mx\/index.php\/category\/cintillo\/"},"img":{"alt_text":"","src":"https:\/\/i0.wp.com\/www.grieta.org.mx\/wp-content\/uploads\/2019\/07\/Llega-Guardia-Nacional-a-Reynosa-tama-jul.jpg?resize=350%2C200","width":350,"height":200,"srcset":"https:\/\/i0.wp.com\/www.grieta.org.mx\/wp-content\/uploads\/2019\/07\/Llega-Guardia-Nacional-a-Reynosa-tama-jul.jpg?resize=350%2C200 1x, https:\/\/i0.wp.com\/www.grieta.org.mx\/wp-content\/uploads\/2019\/07\/Llega-Guardia-Nacional-a-Reynosa-tama-jul.jpg?resize=525%2C300 1.5x"},"classes":[]}],"_links":{"self":[{"href":"http:\/\/www.grieta.org.mx\/index.php\/wp-json\/wp\/v2\/posts\/43201","targetHints":{"allow":["GET"]}}],"collection":[{"href":"http:\/\/www.grieta.org.mx\/index.php\/wp-json\/wp\/v2\/posts"}],"about":[{"href":"http:\/\/www.grieta.org.mx\/index.php\/wp-json\/wp\/v2\/types\/post"}],"author":[{"embeddable":true,"href":"http:\/\/www.grieta.org.mx\/index.php\/wp-json\/wp\/v2\/users\/2"}],"replies":[{"embeddable":true,"href":"http:\/\/www.grieta.org.mx\/index.php\/wp-json\/wp\/v2\/comments?post=43201"}],"version-history":[{"count":1,"href":"http:\/\/www.grieta.org.mx\/index.php\/wp-json\/wp\/v2\/posts\/43201\/revisions"}],"predecessor-version":[{"id":43203,"href":"http:\/\/www.grieta.org.mx\/index.php\/wp-json\/wp\/v2\/posts\/43201\/revisions\/43203"}],"wp:featuredmedia":[{"embeddable":true,"href":"http:\/\/www.grieta.org.mx\/index.php\/wp-json\/wp\/v2\/media\/43202"}],"wp:attachment":[{"href":"http:\/\/www.grieta.org.mx\/index.php\/wp-json\/wp\/v2\/media?parent=43201"}],"wp:term":[{"taxonomy":"category","embeddable":true,"href":"http:\/\/www.grieta.org.mx\/index.php\/wp-json\/wp\/v2\/categories?post=43201"},{"taxonomy":"post_tag","embeddable":true,"href":"http:\/\/www.grieta.org.mx\/index.php\/wp-json\/wp\/v2\/tags?post=43201"}],"curies":[{"name":"wp","href":"https:\/\/api.w.org\/{rel}","templated":true}]}}