{"id":43159,"date":"2020-01-13T21:20:43","date_gmt":"2020-01-14T03:20:43","guid":{"rendered":"http:\/\/www.grieta.org.mx\/?p=43159"},"modified":"2020-01-18T21:26:03","modified_gmt":"2020-01-19T03:26:03","slug":"victimas-de-desplazamiento-exigen-una-ley-para-atender-a-los-afectados-chihuahua","status":"publish","type":"post","link":"http:\/\/www.grieta.org.mx\/index.php\/2020\/01\/13\/victimas-de-desplazamiento-exigen-una-ley-para-atender-a-los-afectados-chihuahua\/","title":{"rendered":"V\u00edctimas de desplazamiento exigen una ley para atender a los afectados (Chihuahua)"},"content":{"rendered":"<p>Patricia Mayorga\/Proceso<\/p>\n<p><img loading=\"lazy\" decoding=\"async\" data-attachment-id=\"43160\" data-permalink=\"http:\/\/www.grieta.org.mx\/index.php\/2020\/01\/13\/victimas-de-desplazamiento-exigen-una-ley-para-atender-a-los-afectados-chihuahua\/victimas-desplazamiento-forzado-870x522\/\" data-orig-file=\"http:\/\/www.grieta.org.mx\/wp-content\/uploads\/2020\/01\/victimas-desplazamiento-forzado-870x522.jpg\" data-orig-size=\"870,522\" data-comments-opened=\"0\" data-image-meta=\"{&quot;aperture&quot;:&quot;0&quot;,&quot;credit&quot;:&quot;&quot;,&quot;camera&quot;:&quot;&quot;,&quot;caption&quot;:&quot;&quot;,&quot;created_timestamp&quot;:&quot;0&quot;,&quot;copyright&quot;:&quot;&quot;,&quot;focal_length&quot;:&quot;0&quot;,&quot;iso&quot;:&quot;0&quot;,&quot;shutter_speed&quot;:&quot;0&quot;,&quot;title&quot;:&quot;&quot;,&quot;orientation&quot;:&quot;1&quot;}\" data-image-title=\"victimas-desplazamiento-forzado-870&amp;#215;522\" data-image-description=\"\" data-image-caption=\"\" data-medium-file=\"http:\/\/www.grieta.org.mx\/wp-content\/uploads\/2020\/01\/victimas-desplazamiento-forzado-870x522-300x180.jpg\" data-large-file=\"http:\/\/www.grieta.org.mx\/wp-content\/uploads\/2020\/01\/victimas-desplazamiento-forzado-870x522.jpg\" class=\"aligncenter  wp-image-43160\" src=\"http:\/\/www.grieta.org.mx\/wp-content\/uploads\/2020\/01\/victimas-desplazamiento-forzado-870x522.jpg\" alt=\"\" width=\"802\" height=\"481\" srcset=\"http:\/\/www.grieta.org.mx\/wp-content\/uploads\/2020\/01\/victimas-desplazamiento-forzado-870x522.jpg 870w, http:\/\/www.grieta.org.mx\/wp-content\/uploads\/2020\/01\/victimas-desplazamiento-forzado-870x522-300x180.jpg 300w, http:\/\/www.grieta.org.mx\/wp-content\/uploads\/2020\/01\/victimas-desplazamiento-forzado-870x522-768x461.jpg 768w, http:\/\/www.grieta.org.mx\/wp-content\/uploads\/2020\/01\/victimas-desplazamiento-forzado-870x522-833x500.jpg 833w\" sizes=\"auto, (max-width: 802px) 100vw, 802px\" \/><\/p>\n<p>V\u00edctimas de desplazamiento forzado por la violencia en la Sierra Tarahumara solicitaron al presidente, Andr\u00e9s Manuel L\u00f3pez Obrador, que presente al Congreso de la Uni\u00f3n una iniciativa de Ley para la atenci\u00f3n del desplazamiento forzado en M\u00e9xico, que responda a la problem\u00e1tica que afecta a miles de personas en el pa\u00eds.<\/p>\n<p>La principal demanda de las personas desplazadas por inseguridad en sus comunidades, es abatir la impunidad y legislar para un retorno seguro.<\/p>\n<p>Durante la visita al municipio de Nuevo Casas Grandes, el grupo de personas desplazadas y organizaciones de la sociedad civil que acompa\u00f1an sus casos, solicitaron a L\u00f3pez Obrador acciones coordinadas de los tres \u00f3rdenes de gobierno para que integren \u201ccon debida diligencia, las carpetas de investigaci\u00f3n\u201d.<\/p>\n<p>Asimismo, exigieron que se sancione a los responsables del homicidio del activista Cruz Soto Caraveo, quien fue privado de la libertad y asesinado, a pesar de tener medidas cautelares de seguridad.<\/p>\n<p>Otra petici\u00f3n fue la investigaci\u00f3n, sanci\u00f3n y pacificaci\u00f3n de las zonas de expulsi\u00f3n y la garant\u00eda de seguridad de la poblaci\u00f3n para un retorno seguro; el otorgamiento de viviendas propias y un empleo digno, as\u00ed como condiciones adecuadas para que las personas desplazadas tengan mayor estabilidad, y quienes son ind\u00edgenas puedan reproducir su cultura, base de supervivencia.<\/p>\n<p>A la Comisi\u00f3n Estatal de Atenci\u00f3n a V\u00edctimas (CEAV) pidieron que realice, sin demora, el reconocimiento de la calidad de v\u00edctimas de las y los desplazados y garantice sus derechos derivados de esta condici\u00f3n.<\/p>\n<p>En un oficio entregado al presidente de la Rep\u00fablica, le dicen que, sabiendo de su inter\u00e9s por las personas, se acercan para reiterar que el desplazamiento forzado no ha cesado en el estado de Chihuahua desde 2014, cuando llegaron a la capital las primeras familias que han acompa\u00f1ado organizaciones de la sociedad civil.<\/p>\n<p>\u201cA pesar de los esfuerzos para visibilizar y denunciar los casos, las autoridades estatales no han logrado sancionar a los responsables de las m\u00e1s de 100 personas que se acompa\u00f1an desde entonces; tampoco se han realizado acciones contundentes para que las familias logren el regreso a sus hogares en condiciones de seguridad. Incluso, en el caso de Cruz Soto Caraveo, quien se encontraba en situaci\u00f3n de desplazamiento desde el a\u00f1o 2014 y en octubre del a\u00f1o pasado fue privado de su libertad y encontrado asesinado, no hay a la fecha resultados concretos\u201d, reiteran.<\/p>\n<p>Y es que los casos se han acumulado. Hay v\u00edctimas de desplazamiento cuyos casos son apoyados por organizaciones civiles y otros que han sobrevivido sin apoyo.<\/p>\n<p>En el oficio entregado a Andr\u00e9s Manuel L\u00f3pez Obrador, explican que, en el caso de Chihuahua, el desplazamiento forzado interno es consecuencia de la impunidad y la falta de justicia que se han vivido por largo tiempo.<\/p>\n<p>\u201cEs una reacci\u00f3n de cientos de familias a la violencia e inseguridad generalizada provocada por integrantes del crimen organizado que operan en grandes territorios y que se dan, en presencia, en ausencia y en ocasiones en connivencia con instituciones del estado\u201d, se\u00f1alan.<\/p>\n<p>En el 2015, la Comisi\u00f3n Interamericana de Derechos Humanos (CIDH) dict\u00f3 medidas cautelares a favor de la comunidad ind\u00edgena de El Manzano, del municipio de Uruachi (colinda con el estado de Sonora). La solicitud al Estado mexicano es la adopci\u00f3n de las medidas necesarias para preservar la vida e integridad de las y los integrantes de la comunidad, medidas cubiertas parcialmente.<\/p>\n<p>\u201cEsta problem\u00e1tica atrajo la mirada internacional con la visita de la relatora especial de la ONU sobre los derechos humanos de los desplazados internos, Cecilia Jimenez-Damary, en septiembre de 2018. La visita de la relatora especial sobre los derechos de los pueblos ind\u00edgenas de la ONU, Victoria Tauli-Corpuz, en 2017, quienes manifestaron la necesidad de afrontar la problem\u00e1tica en conjunto con las autoridades federales\u201d.<\/p>\n<p>Y advierten:<\/p>\n<p>\u201cLas afectaciones del desplazamiento son la imposibilidad de que las personas desplazadas puedan vivir en su comunidad y el impedimento de realizar su vida de acuerdo con sus usos y costumbres. Adem\u00e1s, poder desarrollar sus labores, sin seguridad alguna, al no contar con recursos propios, acceso a una vivienda digna, servicios de salud y educaci\u00f3n, adem\u00e1s de empleo estable, entre otras muchas situaciones\u201d.<\/p>\n<p>Las organizaciones que los acompa\u00f1an son Centro de Derechos Humanos de las Mujeres (Cedehm), Consultor\u00eda T\u00e9cnica Comunitaria y Alianza Sierra Madre.<\/p>\n<p><a href=\"https:\/\/www.proceso.com.mx\/613812\/victimas-de-desplazamiento-forzado-piden-a-amlo-una-ley-para-atender-a-los-afectados\">https:\/\/www.proceso.com.mx\/613812\/victimas-de-desplazamiento-forzado-piden-a-amlo-una-ley-para-atender-a-los-afectados<\/a><\/p>\n","protected":false},"excerpt":{"rendered":"<p>Patricia Mayorga\/Proceso V\u00edctimas de desplazamiento forzado por la violencia en la Sierra Tarahumara solicitaron al presidente, Andr\u00e9s Manuel L\u00f3pez Obrador, que presente al Congreso de la Uni\u00f3n una iniciativa de &hellip; <a href=\"http:\/\/www.grieta.org.mx\/index.php\/2020\/01\/13\/victimas-de-desplazamiento-exigen-una-ley-para-atender-a-los-afectados-chihuahua\/\" class=\"more-link\">Leer m\u00e1s<\/a><\/p>\n","protected":false},"author":2,"featured_media":43160,"comment_status":"closed","ping_status":"closed","sticky":false,"template":"","format":"standard","meta":{"ngg_post_thumbnail":0,"_jetpack_newsletter_access":"","_jetpack_dont_email_post_to_subs":false,"_jetpack_newsletter_tier_id":0,"_jetpack_memberships_contains_paywalled_content":false,"_jetpack_memberships_contains_paid_content":false,"footnotes":""},"categories":[12,80,87,1042,2655,83],"tags":[121,644],"class_list":["post-43159","post","type-post","status-publish","format-standard","has-post-thumbnail","hentry","category-chihuahua","category-cintillo","category-desaparecidos","category-desaparecidos-en-chihuahua","category-desplazados-por-violencia-en-chihuahua","category-temas-nacionales","tag-desaparecidos","tag-justicia","entry"],"jetpack_featured_media_url":"http:\/\/www.grieta.org.mx\/wp-content\/uploads\/2020\/01\/victimas-desplazamiento-forzado-870x522.jpg","jetpack_sharing_enabled":true,"jetpack_shortlink":"https:\/\/wp.me\/p7ZJR4-be7","jetpack_likes_enabled":false,"jetpack-related-posts":[{"id":28102,"url":"http:\/\/www.grieta.org.mx\/index.php\/2016\/05\/14\/las-cifras-las-comunidades-y-las-causas-del-desplazamiento-forzado-interno-en-mexico\/","url_meta":{"origin":43159,"position":0},"title":"Las cifras, las comunidades y las causas del desplazamiento forzado interno en M\u00e9xico","author":"grieta","date":"14 mayo, 2016","format":false,"excerpt":"Manu Ureste \/ Animal Politico Sinaloa, Michoac\u00e1n, Guerrero y Chihuahua, son las entidades que acumulan el mayor n\u00famero de municipio y comunidades expulsoras de personas como consecuencia de la delincuencia en el pa\u00eds. As\u00ed lo apunta Comisi\u00f3n Nacional de Derechos Humanos (CNDH) en un informe. Las cifras, las comunidades y\u2026","rel":"","context":"En &quot;Desplazados por violencia en Guerrero&quot;","block_context":{"text":"Desplazados por violencia en Guerrero","link":"http:\/\/www.grieta.org.mx\/index.php\/category\/noticias-nacionales\/guerrero\/desplazados-por-violencia-en-guerrero\/"},"img":{"alt_text":"","src":"https:\/\/i0.wp.com\/www.grieta.org.mx\/wp-content\/uploads\/2019\/01\/Desplazamiento-960x500.jpg?resize=350%2C200","width":350,"height":200,"srcset":"https:\/\/i0.wp.com\/www.grieta.org.mx\/wp-content\/uploads\/2019\/01\/Desplazamiento-960x500.jpg?resize=350%2C200 1x, https:\/\/i0.wp.com\/www.grieta.org.mx\/wp-content\/uploads\/2019\/01\/Desplazamiento-960x500.jpg?resize=525%2C300 1.5x, https:\/\/i0.wp.com\/www.grieta.org.mx\/wp-content\/uploads\/2019\/01\/Desplazamiento-960x500.jpg?resize=700%2C400 2x"},"classes":[]},{"id":54363,"url":"http:\/\/www.grieta.org.mx\/index.php\/2020\/10\/20\/desplazamiento-forzado-en-la-tarahumara-obligados-a-dejar-su-comunidad-y-su-bosque-chihuahua\/","url_meta":{"origin":43159,"position":1},"title":"Desplazamiento forzado en la Tarahumara: obligados a dejar su comunidad y su bosque (Chihuahua)","author":"grieta","date":"20 octubre, 2020","format":false,"excerpt":"En el estado de Chihuahua, al norte de M\u00e9xico, la expansi\u00f3n de los grupos dedicados a la producci\u00f3n de drogas ha provocado el desplazamiento forzado de, por lo menos, 400 personas. Foto: Thelma G\u00f3mez Dur\u00e1n. Por: Patricia Mayorga (Mongabay) En la Sierra Tarahumara, el pinole es un alimento vital. Es\u2026","rel":"","context":"En &quot;Chihuahua&quot;","block_context":{"text":"Chihuahua","link":"http:\/\/www.grieta.org.mx\/index.php\/category\/noticias-nacionales\/chihuahua\/"},"img":{"alt_text":"","src":"https:\/\/i0.wp.com\/www.grieta.org.mx\/wp-content\/uploads\/2020\/10\/Chiapas-3-1536x1152-1.jpg?resize=350%2C200","width":350,"height":200,"srcset":"https:\/\/i0.wp.com\/www.grieta.org.mx\/wp-content\/uploads\/2020\/10\/Chiapas-3-1536x1152-1.jpg?resize=350%2C200 1x, https:\/\/i0.wp.com\/www.grieta.org.mx\/wp-content\/uploads\/2020\/10\/Chiapas-3-1536x1152-1.jpg?resize=525%2C300 1.5x, https:\/\/i0.wp.com\/www.grieta.org.mx\/wp-content\/uploads\/2020\/10\/Chiapas-3-1536x1152-1.jpg?resize=700%2C400 2x, https:\/\/i0.wp.com\/www.grieta.org.mx\/wp-content\/uploads\/2020\/10\/Chiapas-3-1536x1152-1.jpg?resize=1050%2C600 3x, https:\/\/i0.wp.com\/www.grieta.org.mx\/wp-content\/uploads\/2020\/10\/Chiapas-3-1536x1152-1.jpg?resize=1400%2C800 4x"},"classes":[]},{"id":18376,"url":"http:\/\/www.grieta.org.mx\/index.php\/2016\/07\/29\/violencia-expulsa-de-sus-estados-a-mas-de-281-mil-sinaloa\/","url_meta":{"origin":43159,"position":2},"title":"Violencia expulsa de sus estados a m\u00e1s de 281 mil","author":"grieta","date":"29 julio, 2016","format":false,"excerpt":"Victor Ch\u00e1vez, Ciudad de M\u00e9xico. CIUDAD DE M\u00c9XICO.- La corrupci\u00f3n, complicidad e incapacidad de los gobiernos para combatir la violencia del crimen organizado, ha provocado la expulsi\u00f3n y desplazamiento de alrededor de 281 mil 400 personas de sus entidades, reportados tan s\u00f3lo en los \u00faltimos 4 a\u00f1os, alerta una investigaci\u00f3n\u2026","rel":"","context":"En &quot;CINTILLO&quot;","block_context":{"text":"CINTILLO","link":"http:\/\/www.grieta.org.mx\/index.php\/category\/cintillo\/"},"img":{"alt_text":"","src":"https:\/\/i0.wp.com\/www.grieta.org.mx\/wp-content\/uploads\/2018\/03\/14524434_1106112876131411_958039263622046936_o.jpg?resize=350%2C200","width":350,"height":200,"srcset":"https:\/\/i0.wp.com\/www.grieta.org.mx\/wp-content\/uploads\/2018\/03\/14524434_1106112876131411_958039263622046936_o.jpg?resize=350%2C200 1x, https:\/\/i0.wp.com\/www.grieta.org.mx\/wp-content\/uploads\/2018\/03\/14524434_1106112876131411_958039263622046936_o.jpg?resize=525%2C300 1.5x, https:\/\/i0.wp.com\/www.grieta.org.mx\/wp-content\/uploads\/2018\/03\/14524434_1106112876131411_958039263622046936_o.jpg?resize=700%2C400 2x"},"classes":[]},{"id":21375,"url":"http:\/\/www.grieta.org.mx\/index.php\/2016\/09\/12\/detectan-a-victimas-de-desplazamiento-forzado-en-aguascalientes\/","url_meta":{"origin":43159,"position":3},"title":"Detectan a v\u00edctimas de desplazamiento forzado en Aguascalientes","author":"grieta","date":"12 septiembre, 2016","format":false,"excerpt":"Hilda Hermosillo, Aguascalientes. La Comisi\u00f3n Estatal de Derechos Humanos en Aguascalientes (Cedha) tiene conocimiento del arribo a la entidad de v\u00edctimas de desplazamiento forzado interno, quienes dejaron sus hogares a causa de la violencia generalizada, los conflictos con el gobierno y las violaciones a sus derechos humanos en otras partes\u2026","rel":"","context":"En &quot;Aguascalientes&quot;","block_context":{"text":"Aguascalientes","link":"http:\/\/www.grieta.org.mx\/index.php\/category\/noticias-nacionales\/aguascalientes\/"},"img":{"alt_text":"","src":"https:\/\/i0.wp.com\/www.grieta.org.mx\/wp-content\/uploads\/2018\/03\/14524434_1106112876131411_958039263622046936_o.jpg?resize=350%2C200","width":350,"height":200,"srcset":"https:\/\/i0.wp.com\/www.grieta.org.mx\/wp-content\/uploads\/2018\/03\/14524434_1106112876131411_958039263622046936_o.jpg?resize=350%2C200 1x, https:\/\/i0.wp.com\/www.grieta.org.mx\/wp-content\/uploads\/2018\/03\/14524434_1106112876131411_958039263622046936_o.jpg?resize=525%2C300 1.5x, https:\/\/i0.wp.com\/www.grieta.org.mx\/wp-content\/uploads\/2018\/03\/14524434_1106112876131411_958039263622046936_o.jpg?resize=700%2C400 2x"},"classes":[]},{"id":63516,"url":"http:\/\/www.grieta.org.mx\/index.php\/2022\/01\/15\/los-desplazados-invisibles-para-el-gobierno\/","url_meta":{"origin":43159,"position":4},"title":"Los desplazados, invisibles para el gobierno","author":"Admin","date":"15 enero, 2022","format":false,"excerpt":"Por Gloria Leticia D\u00edaz \/ Proceso Originaria de la sierra de Guerrero, Teodomira Rosales se ha convertido en un emblema para las personas desplazadas de esa entidad. De 2010 a la fecha ha cambiado de residencia tres veces, amedrentada por quienes se oponen a su lucha. Hace tres semanas ella\u2026","rel":"","context":"En &quot;CINTILLO&quot;","block_context":{"text":"CINTILLO","link":"http:\/\/www.grieta.org.mx\/index.php\/category\/cintillo\/"},"img":{"alt_text":"","src":"https:\/\/i0.wp.com\/www.grieta.org.mx\/wp-content\/uploads\/2022\/02\/f800x450-148909_200355_5050.jpg?resize=350%2C200","width":350,"height":200,"srcset":"https:\/\/i0.wp.com\/www.grieta.org.mx\/wp-content\/uploads\/2022\/02\/f800x450-148909_200355_5050.jpg?resize=350%2C200 1x, https:\/\/i0.wp.com\/www.grieta.org.mx\/wp-content\/uploads\/2022\/02\/f800x450-148909_200355_5050.jpg?resize=525%2C300 1.5x, https:\/\/i0.wp.com\/www.grieta.org.mx\/wp-content\/uploads\/2022\/02\/f800x450-148909_200355_5050.jpg?resize=700%2C400 2x"},"classes":[]},{"id":35011,"url":"http:\/\/www.grieta.org.mx\/index.php\/2019\/06\/18\/desplazamiento-en-la-tarahumara-perder-la-paz-el-patrimonio-y-la-identidad-chihuahua\/","url_meta":{"origin":43159,"position":5},"title":"Desplazamiento en la tarahumara: perder la paz, el patrimonio y la identidad (Chihuahua)","author":"grieta","date":"18 junio, 2019","format":false,"excerpt":"Ra\u00edchali\/ LA VERDAD Chihuahua \u2013 Huyen por el monte, como ganado. \u2013A veces se pasan semanas enteras caminado, escondi\u00e9ndose. \u2013Comen lo que pueden: nopales, plantas, lo que encentran en el camino. \u2013Se van apenas con lo que llevan puesto. Son pocos los que logran planear su salida. \u2013Pasan de comunidad\u2026","rel":"","context":"En &quot;Chihuahua&quot;","block_context":{"text":"Chihuahua","link":"http:\/\/www.grieta.org.mx\/index.php\/category\/noticias-nacionales\/chihuahua\/"},"img":{"alt_text":"","src":"https:\/\/i0.wp.com\/www.grieta.org.mx\/wp-content\/uploads\/2019\/06\/Operativo-coordinado-Atascaderos-2.jpeg?resize=350%2C200","width":350,"height":200,"srcset":"https:\/\/i0.wp.com\/www.grieta.org.mx\/wp-content\/uploads\/2019\/06\/Operativo-coordinado-Atascaderos-2.jpeg?resize=350%2C200 1x, https:\/\/i0.wp.com\/www.grieta.org.mx\/wp-content\/uploads\/2019\/06\/Operativo-coordinado-Atascaderos-2.jpeg?resize=525%2C300 1.5x, https:\/\/i0.wp.com\/www.grieta.org.mx\/wp-content\/uploads\/2019\/06\/Operativo-coordinado-Atascaderos-2.jpeg?resize=700%2C400 2x"},"classes":[]}],"_links":{"self":[{"href":"http:\/\/www.grieta.org.mx\/index.php\/wp-json\/wp\/v2\/posts\/43159","targetHints":{"allow":["GET"]}}],"collection":[{"href":"http:\/\/www.grieta.org.mx\/index.php\/wp-json\/wp\/v2\/posts"}],"about":[{"href":"http:\/\/www.grieta.org.mx\/index.php\/wp-json\/wp\/v2\/types\/post"}],"author":[{"embeddable":true,"href":"http:\/\/www.grieta.org.mx\/index.php\/wp-json\/wp\/v2\/users\/2"}],"replies":[{"embeddable":true,"href":"http:\/\/www.grieta.org.mx\/index.php\/wp-json\/wp\/v2\/comments?post=43159"}],"version-history":[{"count":1,"href":"http:\/\/www.grieta.org.mx\/index.php\/wp-json\/wp\/v2\/posts\/43159\/revisions"}],"predecessor-version":[{"id":43161,"href":"http:\/\/www.grieta.org.mx\/index.php\/wp-json\/wp\/v2\/posts\/43159\/revisions\/43161"}],"wp:featuredmedia":[{"embeddable":true,"href":"http:\/\/www.grieta.org.mx\/index.php\/wp-json\/wp\/v2\/media\/43160"}],"wp:attachment":[{"href":"http:\/\/www.grieta.org.mx\/index.php\/wp-json\/wp\/v2\/media?parent=43159"}],"wp:term":[{"taxonomy":"category","embeddable":true,"href":"http:\/\/www.grieta.org.mx\/index.php\/wp-json\/wp\/v2\/categories?post=43159"},{"taxonomy":"post_tag","embeddable":true,"href":"http:\/\/www.grieta.org.mx\/index.php\/wp-json\/wp\/v2\/tags?post=43159"}],"curies":[{"name":"wp","href":"https:\/\/api.w.org\/{rel}","templated":true}]}}