{"id":43062,"date":"2020-01-13T22:01:42","date_gmt":"2020-01-14T04:01:42","guid":{"rendered":"http:\/\/www.grieta.org.mx\/?p=43062"},"modified":"2020-01-15T22:05:16","modified_gmt":"2020-01-16T04:05:16","slug":"ratifican-ejidatarios-rechazo-a-presa-milpillas-zacatecas","status":"publish","type":"post","link":"http:\/\/www.grieta.org.mx\/index.php\/2020\/01\/13\/ratifican-ejidatarios-rechazo-a-presa-milpillas-zacatecas\/","title":{"rendered":"Ratifican ejidatarios rechazo a presa Milpillas (Zacatecas)"},"content":{"rendered":"<p>MIRIAM SERRANO\/ NTR Zacatecas, 13 de enero de 2020<\/p>\n<p>JIM\u00c9NEZ DEL TE\u00daL.- Luego de que el pasado 4 enero se llev\u00f3 a cabo una asamblea en el Ejido Atotonilco, se inform\u00f3 que ejidatarios de esta localidad y de El Potrero de manera un\u00e1nime ratificaron su rechazo a la autorizaci\u00f3n de construir en sus tierras la presa Milpillas.<\/p>\n<p>Tal como se inform\u00f3 en estas p\u00e1ginas, la asamblea se realiz\u00f3; sin embargo, las autoridades ejidales no hab\u00edan revelado el resultado de la misma, fue a trav\u00e9s de un comunicado difundido por La Red Mexicana de Afectados por la Miner\u00eda (REMA) y el Observatorio de Conflictos Mineros de Zacatecas (OCMZac) donde se inform\u00f3 que, pese a las confusiones infundidas por gobierno del estado para provocar confrontaci\u00f3n, los ejidatarios siguen en la postura de no permitir que sus tierras sean utilizadas para dicho fin.<\/p>\n<p>Se inform\u00f3 que lo d\u00edas 4 y 9 de enero se llevaron a cabo las asambleas en ambas localidades y la decisi\u00f3n fue un\u00e1nime.<\/p>\n<p><a href=\"http:\/\/ntrzacatecas.com\/2020\/01\/13\/ratifican-ejidatarios-rechazo-a-presa-milpillas\/\">http:\/\/ntrzacatecas.com\/2020\/01\/13\/ratifican-ejidatarios-rechazo-a-presa-milpillas\/<\/a><\/p>\n","protected":false},"excerpt":{"rendered":"<p>MIRIAM SERRANO\/ NTR Zacatecas, 13 de enero de 2020 JIM\u00c9NEZ DEL TE\u00daL.- Luego de que el pasado 4 enero se llev\u00f3 a cabo una asamblea en el Ejido Atotonilco, se &hellip; <a href=\"http:\/\/www.grieta.org.mx\/index.php\/2020\/01\/13\/ratifican-ejidatarios-rechazo-a-presa-milpillas-zacatecas\/\" class=\"more-link\">Leer m\u00e1s<\/a><\/p>\n","protected":false},"author":2,"featured_media":21928,"comment_status":"closed","ping_status":"closed","sticky":false,"template":"","format":"standard","meta":{"ngg_post_thumbnail":0,"_jetpack_newsletter_access":"","_jetpack_dont_email_post_to_subs":false,"_jetpack_newsletter_tier_id":0,"_jetpack_memberships_contains_paywalled_content":false,"_jetpack_memberships_contains_paid_content":false,"footnotes":""},"categories":[80,1505,1107,1866,2690,76],"tags":[2216,1065,874,2741],"class_list":["post-43062","post","type-post","status-publish","format-standard","has-post-thumbnail","hentry","category-cintillo","category-danos-ambientales-y-a-la-salud-por-mineria-en-zacatecas","category-resistencia-contra-la-construccion-de-la-presa-milpillas","category-resistencia-contra-la-mineria-en-zacatecas","category-resistencias","category-zacatecas","tag-conflictos-por-mineria","tag-despojo-de-agua-y-tierras","tag-mineras-canadienses","tag-protestas-contra-contaminacion-de-mineras","entry"],"jetpack_featured_media_url":"http:\/\/www.grieta.org.mx\/wp-content\/uploads\/2018\/03\/14524434_1106112876131411_958039263622046936_o.jpg","jetpack_sharing_enabled":true,"jetpack_shortlink":"https:\/\/wp.me\/p7ZJR4-bcy","jetpack_likes_enabled":false,"jetpack-related-posts":[{"id":70975,"url":"http:\/\/www.grieta.org.mx\/index.php\/2025\/01\/30\/comunidades-de-zacatecas-denuncian-nuevas-presiones-para-imponer-la-presa-milpillas\/","url_meta":{"origin":43062,"position":0},"title":"Comunidades de Zacatecas denuncian nuevas presiones para imponer la Presa Milpillas","author":"grieta","date":"30 enero, 2025","format":false,"excerpt":"Organizaciones y pobladores del R\u00edo Atenco rechazan la reactivaci\u00f3n de la la Presa Milpillas, denuncian manipulaci\u00f3n y exigen respeto a su territorio. Por Mario Marlo \/ @Mariomarlo Zona Docs 30 de enero de 2025 Zacatecas, M\u00e9xico.- Las comunidades del R\u00edo Atenco, en Zacatecas, volvieron a encender las alertas ante la\u2026","rel":"","context":"En &quot;CINTILLO&quot;","block_context":{"text":"CINTILLO","link":"http:\/\/www.grieta.org.mx\/index.php\/category\/cintillo\/"},"img":{"alt_text":"","src":"https:\/\/i0.wp.com\/www.grieta.org.mx\/wp-content\/uploads\/2025\/02\/Teul-9-696x462-1.jpg?resize=350%2C200","width":350,"height":200,"srcset":"https:\/\/i0.wp.com\/www.grieta.org.mx\/wp-content\/uploads\/2025\/02\/Teul-9-696x462-1.jpg?resize=350%2C200 1x, https:\/\/i0.wp.com\/www.grieta.org.mx\/wp-content\/uploads\/2025\/02\/Teul-9-696x462-1.jpg?resize=525%2C300 1.5x"},"classes":[]},{"id":34681,"url":"http:\/\/www.grieta.org.mx\/index.php\/2019\/06\/12\/ong-y-pobladores-de-ocho-estados-respaldan-movimiento-contra-presa-milpillas-en-zacatecas\/","url_meta":{"origin":43062,"position":1},"title":"ONG y pobladores de ocho estados respaldan movimiento contra presa Milpillas en Zacatecas","author":"grieta","date":"12 junio, 2019","format":false,"excerpt":"Ver\u00f3nica Espinoza\/Proceso. ZACATECAS, Zac., (apro).- Representantes de pueblos y comunidades ind\u00edgenas y de organizaciones civiles defensoras del agua y territorio de ocho estados se reunieron el fin de semana en el ejido El Potrero del municipio de Jim\u00e9nez del Te\u00fal para respaldar la lucha del Movimiento en defensa del territorio\u2026","rel":"","context":"En &quot;CINTILLO&quot;","block_context":{"text":"CINTILLO","link":"http:\/\/www.grieta.org.mx\/index.php\/category\/cintillo\/"},"img":{"alt_text":"","src":"https:\/\/i0.wp.com\/www.grieta.org.mx\/wp-content\/uploads\/2019\/06\/EncuentroPueblosZac.jpg?resize=350%2C200","width":350,"height":200,"srcset":"https:\/\/i0.wp.com\/www.grieta.org.mx\/wp-content\/uploads\/2019\/06\/EncuentroPueblosZac.jpg?resize=350%2C200 1x, https:\/\/i0.wp.com\/www.grieta.org.mx\/wp-content\/uploads\/2019\/06\/EncuentroPueblosZac.jpg?resize=525%2C300 1.5x, https:\/\/i0.wp.com\/www.grieta.org.mx\/wp-content\/uploads\/2019\/06\/EncuentroPueblosZac.jpg?resize=700%2C400 2x"},"classes":[]},{"id":38782,"url":"http:\/\/www.grieta.org.mx\/index.php\/2019\/09\/03\/rema-interpone-nuevo-juicio-zacatecas\/","url_meta":{"origin":43062,"position":2},"title":"REMA interpone nuevo juicio (Zacatecas)","author":"grieta","date":"3 septiembre, 2019","format":false,"excerpt":"Silvia Alvarado \/ NTR Zacatecas, 03 de septiembre de 2019 La Red Mexicana de Afectados por la Miner\u00eda (REMA) inform\u00f3 que fue interpuesto ante el Tribunal Unitario Agrario, el segundo juicio de nulidad del acta de asamblea realizada el 14 de octubre de 218 en El Potrero, en el que\u2026","rel":"","context":"En &quot;CINTILLO&quot;","block_context":{"text":"CINTILLO","link":"http:\/\/www.grieta.org.mx\/index.php\/category\/cintillo\/"},"img":{"alt_text":"","src":"https:\/\/i0.wp.com\/www.grieta.org.mx\/wp-content\/uploads\/2019\/09\/rema-1.jpeg?resize=350%2C200","width":350,"height":200,"srcset":"https:\/\/i0.wp.com\/www.grieta.org.mx\/wp-content\/uploads\/2019\/09\/rema-1.jpeg?resize=350%2C200 1x, https:\/\/i0.wp.com\/www.grieta.org.mx\/wp-content\/uploads\/2019\/09\/rema-1.jpeg?resize=525%2C300 1.5x, https:\/\/i0.wp.com\/www.grieta.org.mx\/wp-content\/uploads\/2019\/09\/rema-1.jpeg?resize=700%2C400 2x"},"classes":[]},{"id":52012,"url":"http:\/\/www.grieta.org.mx\/index.php\/2020\/06\/15\/presa-milpillas-la-pelea-por-el-agua-en-zacatecas-2\/","url_meta":{"origin":43062,"position":3},"title":"Presa Milpillas: la pelea por el agua en Zacatecas","author":"grieta","date":"15 junio, 2020","format":false,"excerpt":"Pobladores y campesinos de 19 ejidos del municipio de Jim\u00e9nez del Te\u00fal mantienen su resistencia contra la Presa Milpillas. Apoyados por la Red Mexicana de Afectados por la Miner\u00eda, los comuneros han comenzado a realizar acciones jur\u00eddicas Texto y fotograf\u00edas: Mario Marlo \/ ZonaDocs JIM\u00c9NEZ DEL TE\u00daL, ZACATECAS.- El 8\u2026","rel":"","context":"En &quot;CINTILLO&quot;","block_context":{"text":"CINTILLO","link":"http:\/\/www.grieta.org.mx\/index.php\/category\/cintillo\/"},"img":{"alt_text":"","src":"https:\/\/i0.wp.com\/www.grieta.org.mx\/wp-content\/uploads\/2020\/07\/Teul-12-1280x640.jpg?resize=350%2C200","width":350,"height":200,"srcset":"https:\/\/i0.wp.com\/www.grieta.org.mx\/wp-content\/uploads\/2020\/07\/Teul-12-1280x640.jpg?resize=350%2C200 1x, https:\/\/i0.wp.com\/www.grieta.org.mx\/wp-content\/uploads\/2020\/07\/Teul-12-1280x640.jpg?resize=525%2C300 1.5x, https:\/\/i0.wp.com\/www.grieta.org.mx\/wp-content\/uploads\/2020\/07\/Teul-12-1280x640.jpg?resize=700%2C400 2x, https:\/\/i0.wp.com\/www.grieta.org.mx\/wp-content\/uploads\/2020\/07\/Teul-12-1280x640.jpg?resize=1050%2C600 3x"},"classes":[]},{"id":32999,"url":"http:\/\/www.grieta.org.mx\/index.php\/2019\/04\/30\/por-oponerse-a-la-presa-milpillas-mujeres-son-acusadas-de-secuestro-zacatecas\/","url_meta":{"origin":43062,"position":4},"title":"Por oponerse a la Presa Milpillas mujeres son acusadas de secuestro (Zacatecas)","author":"grieta","date":"30 abril, 2019","format":false,"excerpt":"Redacci\u00f3n\/Somos el medio Mujeres del Ejido Atotonilco son acusadas de secuestro por el gobierno de Zacatecas, al oponerse a la construcci\u00f3n de la Presa Milpillas La Red Mexicana de Afectados por la Miner\u00eda (REMA), denunci\u00f3 mediante un comunicado, al gobierno de Zacatecas de pretender criminalizar a las mujeres que forman\u2026","rel":"","context":"En &quot;CINTILLO&quot;","block_context":{"text":"CINTILLO","link":"http:\/\/www.grieta.org.mx\/index.php\/category\/cintillo\/"},"img":{"alt_text":"","src":"https:\/\/i0.wp.com\/www.grieta.org.mx\/wp-content\/uploads\/2019\/05\/milpill.jpg?resize=350%2C200","width":350,"height":200,"srcset":"https:\/\/i0.wp.com\/www.grieta.org.mx\/wp-content\/uploads\/2019\/05\/milpill.jpg?resize=350%2C200 1x, https:\/\/i0.wp.com\/www.grieta.org.mx\/wp-content\/uploads\/2019\/05\/milpill.jpg?resize=525%2C300 1.5x"},"classes":[]},{"id":32998,"url":"http:\/\/www.grieta.org.mx\/index.php\/2019\/04\/30\/la-rema-denuncia-criminalizacion-de-ejidatarias-zacatecanas-que-se-oponen-a-la-presa-milpillas\/","url_meta":{"origin":43062,"position":5},"title":"La Rema denuncia criminalizaci\u00f3n de ejidatarias zacatecanas que se oponen a la presa Milpillas","author":"grieta","date":"30 abril, 2019","format":false,"excerpt":"Redacci\u00f3n\/Proceso ZACATECAS, Zac., (apro).- La Red Mexicana de Afectados por la Miner\u00eda (REMA) y el Movimiento en Defensa del Territorio y Del R\u00edo Atenco, acusaron a las autoridades estatales de Zacatecas de criminalizar a las mujeres ejidatarias que luchan por no llevar a cabo la construcci\u00f3n de la Presa Milpillas,\u2026","rel":"","context":"En &quot;CINTILLO&quot;","block_context":{"text":"CINTILLO","link":"http:\/\/www.grieta.org.mx\/index.php\/category\/cintillo\/"},"img":{"alt_text":"","src":"https:\/\/i0.wp.com\/www.grieta.org.mx\/wp-content\/uploads\/2019\/05\/Atotonilco-1078x671.jpg?resize=350%2C200","width":350,"height":200,"srcset":"https:\/\/i0.wp.com\/www.grieta.org.mx\/wp-content\/uploads\/2019\/05\/Atotonilco-1078x671.jpg?resize=350%2C200 1x, https:\/\/i0.wp.com\/www.grieta.org.mx\/wp-content\/uploads\/2019\/05\/Atotonilco-1078x671.jpg?resize=525%2C300 1.5x, https:\/\/i0.wp.com\/www.grieta.org.mx\/wp-content\/uploads\/2019\/05\/Atotonilco-1078x671.jpg?resize=700%2C400 2x, https:\/\/i0.wp.com\/www.grieta.org.mx\/wp-content\/uploads\/2019\/05\/Atotonilco-1078x671.jpg?resize=1050%2C600 3x"},"classes":[]}],"_links":{"self":[{"href":"http:\/\/www.grieta.org.mx\/index.php\/wp-json\/wp\/v2\/posts\/43062","targetHints":{"allow":["GET"]}}],"collection":[{"href":"http:\/\/www.grieta.org.mx\/index.php\/wp-json\/wp\/v2\/posts"}],"about":[{"href":"http:\/\/www.grieta.org.mx\/index.php\/wp-json\/wp\/v2\/types\/post"}],"author":[{"embeddable":true,"href":"http:\/\/www.grieta.org.mx\/index.php\/wp-json\/wp\/v2\/users\/2"}],"replies":[{"embeddable":true,"href":"http:\/\/www.grieta.org.mx\/index.php\/wp-json\/wp\/v2\/comments?post=43062"}],"version-history":[{"count":1,"href":"http:\/\/www.grieta.org.mx\/index.php\/wp-json\/wp\/v2\/posts\/43062\/revisions"}],"predecessor-version":[{"id":43063,"href":"http:\/\/www.grieta.org.mx\/index.php\/wp-json\/wp\/v2\/posts\/43062\/revisions\/43063"}],"wp:featuredmedia":[{"embeddable":true,"href":"http:\/\/www.grieta.org.mx\/index.php\/wp-json\/wp\/v2\/media\/21928"}],"wp:attachment":[{"href":"http:\/\/www.grieta.org.mx\/index.php\/wp-json\/wp\/v2\/media?parent=43062"}],"wp:term":[{"taxonomy":"category","embeddable":true,"href":"http:\/\/www.grieta.org.mx\/index.php\/wp-json\/wp\/v2\/categories?post=43062"},{"taxonomy":"post_tag","embeddable":true,"href":"http:\/\/www.grieta.org.mx\/index.php\/wp-json\/wp\/v2\/tags?post=43062"}],"curies":[{"name":"wp","href":"https:\/\/api.w.org\/{rel}","templated":true}]}}