{"id":43044,"date":"2020-01-13T16:51:22","date_gmt":"2020-01-13T22:51:22","guid":{"rendered":"http:\/\/www.grieta.org.mx\/?p=43044"},"modified":"2020-01-13T16:51:22","modified_gmt":"2020-01-13T22:51:22","slug":"a-la-semana-10-mujeres-reportadas-desaparecidas-en-michoacan-no-se-sabe-nada-del-25-de-ellas","status":"publish","type":"post","link":"http:\/\/www.grieta.org.mx\/index.php\/2020\/01\/13\/a-la-semana-10-mujeres-reportadas-desaparecidas-en-michoacan-no-se-sabe-nada-del-25-de-ellas\/","title":{"rendered":"A la semana 10 mujeres reportadas desaparecidas en Michoac\u00e1n; no se sabe nada del 25% de ellas"},"content":{"rendered":"<blockquote><p>No importa la edad o a qu\u00e9 se dedican: las v\u00edctimas de desaparici\u00f3n son estudiantes, madres, mujeres que un d\u00eda estaban en casa, en su trabajo, pero despu\u00e9s no se supo nada de ellas<\/p><\/blockquote>\n<figure id=\"attachment_43046\" aria-describedby=\"caption-attachment-43046\" style=\"width: 800px\" class=\"wp-caption aligncenter\"><img loading=\"lazy\" decoding=\"async\" data-attachment-id=\"43046\" data-permalink=\"http:\/\/www.grieta.org.mx\/index.php\/2020\/01\/13\/a-la-semana-10-mujeres-reportadas-desaparecidas-en-michoacan-no-se-sabe-nada-del-25-de-ellas\/nilda-rosario\/\" data-orig-file=\"http:\/\/www.grieta.org.mx\/wp-content\/uploads\/2020\/01\/Nilda-rosario.jpg\" data-orig-size=\"700,466\" data-comments-opened=\"0\" data-image-meta=\"{&quot;aperture&quot;:&quot;0&quot;,&quot;credit&quot;:&quot;&quot;,&quot;camera&quot;:&quot;&quot;,&quot;caption&quot;:&quot;&quot;,&quot;created_timestamp&quot;:&quot;0&quot;,&quot;copyright&quot;:&quot;&quot;,&quot;focal_length&quot;:&quot;0&quot;,&quot;iso&quot;:&quot;0&quot;,&quot;shutter_speed&quot;:&quot;0&quot;,&quot;title&quot;:&quot;&quot;,&quot;orientation&quot;:&quot;1&quot;}\" data-image-title=\"Nilda-rosario\" data-image-description=\"\" data-image-caption=\"&lt;p&gt;Foto: V\u00edctor Ram\u00edrez. Uno de los casos de desaparici\u00f3n que ha dolido a la sociedad es el de Nilda Rosario, la estudiante nicolaita que a\u00fan no aparece.&lt;\/p&gt;\n\" data-medium-file=\"http:\/\/www.grieta.org.mx\/wp-content\/uploads\/2020\/01\/Nilda-rosario-300x200.jpg\" data-large-file=\"http:\/\/www.grieta.org.mx\/wp-content\/uploads\/2020\/01\/Nilda-rosario.jpg\" class=\"wp-image-43046\" src=\"http:\/\/www.grieta.org.mx\/wp-content\/uploads\/2020\/01\/Nilda-rosario.jpg\" alt=\"\" width=\"800\" height=\"533\" srcset=\"http:\/\/www.grieta.org.mx\/wp-content\/uploads\/2020\/01\/Nilda-rosario.jpg 700w, http:\/\/www.grieta.org.mx\/wp-content\/uploads\/2020\/01\/Nilda-rosario-300x200.jpg 300w\" sizes=\"auto, (max-width: 800px) 100vw, 800px\" \/><figcaption id=\"caption-attachment-43046\" class=\"wp-caption-text\">Foto: V\u00edctor Ram\u00edrez. Uno de los casos de desaparici\u00f3n que ha dolido a la sociedad es el de Nilda Rosario, la estudiante nicolaita que a\u00fan no aparece.<\/figcaption><\/figure>\n<p>Redacci\u00f3n \/ La Voz de Michoac\u00e1n, 13 de enero de 2020<\/p>\n<p>Morelia, Michoac\u00e1n. Salieron a la escuela, a su trabajo, a realizar cualquier actividad de su vida diaria, como si fuera un d\u00eda normal. Pero ya no regresaron a casa, al menos, el 25 por ciento de los 456 casos de mujeres que desaparecieron entre enero y octubre de 2019 en Michoac\u00e1n, de acuerdo con la Fiscal\u00eda General del Estado (FGE).<\/p>\n<p>A la semana, en promedio 10 mujeres fueron reportadas como desaparecidas durante los primeros 10 meses del a\u00f1o. De los casi 500 casos registrados, 8 fueron encontradas sin vida y 115 a\u00fan son buscadas, pues no se sabe d\u00f3nde est\u00e1n.<\/p>\n<p>No importa la edad o a qu\u00e9 se dedican: las v\u00edctimas de desaparici\u00f3n son estudiantes, madres, mujeres que un d\u00eda estaban en casa, en su trabajo, en la calle, pero despu\u00e9s no se supo nada de su paradero. Algunas fueron localizadas, la mayor\u00eda. En otros casos sus familias a\u00fan las est\u00e1n buscando.<\/p>\n<p>Como Martha Elena Zamudio Mart\u00ednez, de 50 a\u00f1os de edad, quien el s\u00e1bado 11 de enero de 2020 sali\u00f3 de su domicilio en la colonia Ampliaci\u00f3n El Porvenir, en Morelia, sin referir a d\u00f3nde se dirig\u00eda, y hoy no se sabe d\u00f3nde est\u00e1.<\/p>\n<p>Ella es la d\u00e9cima mujer reportada como desaparecida en lo que va de este a\u00f1o, junto con otras michoacanas como Karen Guadalupe Herrera Guzm\u00e1n, de 28 a\u00f1os, cuyo caso fue notificado el 11 de enero ante la Fiscal\u00eda, aunque la \u00faltima vez que se le vio fue el 25 de diciembre de 2019 en Jacona, cuando se encontraba sobre la calzada Madero de dicha ciudad.<\/p>\n<p>Algunos casos trascienden por la violencia con que sucedieron. Como el de Mar\u00eda Guadalupe del Toro Morales, de 36 a\u00f1os de edad, quien fue vista con vida por \u00faltima vez el 23 de diciembre de 2019. Al siguiente d\u00eda, en Nochebuena, su familia denunci\u00f3 su desaparici\u00f3n y comenz\u00f3 su b\u00fasqueda, que termin\u00f3 una semana despu\u00e9s, el 30 de diciembre, cuando su cuerpo fue encontrado cubierto con tierra en inmediaciones del camino a La Aldea, en Morelia.<\/p>\n<p>De acuerdo al resultado de la necropsia, falleci\u00f3 v\u00edctima de asfixia mec\u00e1nica por estrangulamiento. Un d\u00eda despu\u00e9s, el 31 de diciembre, su esposo, Mart\u00edn G., fue detenido se\u00f1alado como el presunto responsable de su feminicidio.<\/p>\n<p>Mart\u00edn fue internado en el Centro Penitenciario Lic. David Franco Rodr\u00edguez para ser presentado ante el \u00f3rgano jurisdiccional, que resolver\u00e1 su situaci\u00f3n jur\u00eddica.<br \/>\n<strong><br \/>\n\u00bfD\u00f3nde est\u00e1s Nilda?<\/strong><\/p>\n<p>Un caso de desaparici\u00f3n que no ha sido resuelto es el de Nilda Francisco de la Cruz, una joven estudiante de la Universidad Michoacana de San Nicol\u00e1s de Hidalgo (UMSNH) que fue vista por \u00faltima vez hace casi 10 meses.<\/p>\n<p>En diversas ocasiones alumnos de la casa de estudios se han manifestado en exigencia de que se agilice la b\u00fasqueda de Nilda, luego de que ya hay un detenido por su desaparici\u00f3n.<\/p>\n<p>Nilda estudiaba el noveno semestre de la carrera de Veterinaria de la Universidad Michoacan y fue el 17 de marzo cuando la joven desapareci\u00f3 y el 26 del mismo mes se present\u00f3 la denuncia ante la Fiscal\u00eda Especializada para la Investigaci\u00f3n y Persecuci\u00f3n de los Delitos de Desaparici\u00f3n Forzada de Personas y Desaparici\u00f3n Cometida por Particulares.<\/p>\n<figure id=\"attachment_43045\" aria-describedby=\"caption-attachment-43045\" style=\"width: 800px\" class=\"wp-caption aligncenter\"><img loading=\"lazy\" decoding=\"async\" data-attachment-id=\"43045\" data-permalink=\"http:\/\/www.grieta.org.mx\/index.php\/2020\/01\/13\/a-la-semana-10-mujeres-reportadas-desaparecidas-en-michoacan-no-se-sabe-nada-del-25-de-ellas\/nilda-1\/\" data-orig-file=\"http:\/\/www.grieta.org.mx\/wp-content\/uploads\/2020\/01\/Nilda-1.jpeg\" data-orig-size=\"1280,853\" data-comments-opened=\"0\" data-image-meta=\"{&quot;aperture&quot;:&quot;0&quot;,&quot;credit&quot;:&quot;&quot;,&quot;camera&quot;:&quot;&quot;,&quot;caption&quot;:&quot;&quot;,&quot;created_timestamp&quot;:&quot;0&quot;,&quot;copyright&quot;:&quot;&quot;,&quot;focal_length&quot;:&quot;0&quot;,&quot;iso&quot;:&quot;0&quot;,&quot;shutter_speed&quot;:&quot;0&quot;,&quot;title&quot;:&quot;&quot;,&quot;orientation&quot;:&quot;0&quot;}\" data-image-title=\"Nilda-1\" data-image-description=\"\" data-image-caption=\"&lt;p&gt;Foto: La Voz de Michoac\u00e1n.&lt;\/p&gt;\n\" data-medium-file=\"http:\/\/www.grieta.org.mx\/wp-content\/uploads\/2020\/01\/Nilda-1-300x200.jpeg\" data-large-file=\"http:\/\/www.grieta.org.mx\/wp-content\/uploads\/2020\/01\/Nilda-1-1024x682.jpeg\" class=\"wp-image-43045\" src=\"http:\/\/www.grieta.org.mx\/wp-content\/uploads\/2020\/01\/Nilda-1.jpeg\" alt=\"\" width=\"800\" height=\"533\" srcset=\"http:\/\/www.grieta.org.mx\/wp-content\/uploads\/2020\/01\/Nilda-1.jpeg 1280w, http:\/\/www.grieta.org.mx\/wp-content\/uploads\/2020\/01\/Nilda-1-300x200.jpeg 300w, http:\/\/www.grieta.org.mx\/wp-content\/uploads\/2020\/01\/Nilda-1-768x512.jpeg 768w, http:\/\/www.grieta.org.mx\/wp-content\/uploads\/2020\/01\/Nilda-1-1024x682.jpeg 1024w, http:\/\/www.grieta.org.mx\/wp-content\/uploads\/2020\/01\/Nilda-1-750x500.jpeg 750w\" sizes=\"auto, (max-width: 800px) 100vw, 800px\" \/><figcaption id=\"caption-attachment-43045\" class=\"wp-caption-text\">Foto: La Voz de Michoac\u00e1n.<\/figcaption><\/figure>\n<p>Nilda sali\u00f3 de su domicilio de la Casa del Estudiante, \u00abRosa Luxemburgo\u00bb, sin referir a d\u00f3nde se dirig\u00eda, y ya no regres\u00f3, el \u00faltimo contacto que tuvo su familia con ella fue a trav\u00e9s de una mensaje de WhatsApp<\/p>\n<p>Aunque el 25 de junio se detuvo a Nicol\u00e1s G., novio de la estudiante de la UMSNH, por su posible responsabilidad en la desaparici\u00f3n de la joven, a la fecha las autoridades no han dado con el paradero de la chica.<\/p>\n<p>En abril, el pap\u00e1 de Nilda subi\u00f3 a redes un sensible video, pidiendo ayuda para encontrar a su hija.<\/p>\n<p>\u201cYo recurro a ustedes con el coraz\u00f3n en la mano, habl\u00e1ndoles, que se sensibilicen un poquito. Si alguno de ustedes sabe alguna informaci\u00f3n o puede proporcionar una informaci\u00f3n que pueda localizar a mi hija\u201d, expres\u00f3 entre l\u00e1grimas, Fortunato Francisco.<\/p>\n<p>El padre de la joven solicit\u00f3 apoyo de las autoridades, comunidad universitaria y ciudadan\u00eda para encontrar a su hija, de quien hoy no se sabe nada.<\/p>\n<p>Morelia, peligrosa para las mujeres<\/p>\n<p>Morelia se ha convertido en una ciudad peligrosa para las mujeres, al menos as\u00ed lo demuestra la taza de agresiones contra ellas: en este a\u00f1o la capital michoacana ha registrado 7 de los 11 feminicidios contabilizados en Michoac\u00e1n en 2019.<\/p>\n<p>El documento \u201cInformaci\u00f3n sobre violencia contra las mujeres\u201d del Secretariado Ejecutivo del Sistema Nacional de Seguridad P\u00fablica (SESNSP) muestra que Morelia se ubica en el puesto 23 de las ciudades que han registrado mayor n\u00famero de feminicidios durante el a\u00f1o 2019, ya que la ciudad capital de Michoac\u00e1n acumula un registro de 7 casos y una tasa de 1.65 delitos por cada 100 mil mujeres.<\/p>\n<p>Con la misma cantidad de feminicidios que Morelia, se ubican ciudades como Acapulco en Guerrero y C\u00f3rdoba en Veracruz. Por encima de la capital michoacana est\u00e1n Cuernavaca en Morelos y Toluca en el Estado de M\u00e9xico con ocho casos cada uno, Guadalajara en Jalisco y Tijuana en Baja California con 11 casos cada uno, as\u00ed como Culiac\u00e1n en Sinaloa con 14 casos y finalmente Monterrey en Nuevo Le\u00f3n encabeza el listado con 17 hechos.<\/p>\n<p>En el caso de Michoac\u00e1n, la entidad se ubica en el lugar 22, aunque existen varios se\u00f1alamientos de organizaciones de que el n\u00famero de feminicidios deber\u00eda ser mayor, simplemente no se han calificado los casos de tal manera pese a evidencia que parece contundente. A mediados de noviembre se ubicaron los cuerpos de dos mujeres que fueron asesinadas con violencia en la tenencia de Capula, perteneciente a Morelia.<\/p>\n<p>Aunque se esperaba que estos casos fueran tipificados como presuntos feminicidios debido al estado en que las v\u00edctimas fueron encontrados, este mes no se reportaron nuevos feminicidios en la capital michoacana, que se mantuvo con los mismos siete registros desde el mes de octubre.<\/p>\n<p>La plataforma Sem\u00e1foro Delictivo hace referencia a que se registraron dos feminicidios en Michoac\u00e1n durante el pasado mes de noviembre, sin embargo, no los atribuye a ninguno de los 22 municipios que forman parte de su muestreo de datos y entre los que se encuentran Morelia, Apatzing\u00e1n, P\u00e1tzcuaro, L\u00e1zaro C\u00e1rdenas, La Piedad, Jacona y Zamora.<\/p>\n<p>El documento \u201cInformaci\u00f3n sobre violencia contra las mujeres\u201d tambi\u00e9n precisa que, en el conteo de los estados con mayor n\u00famero de feminicidios durante el presente a\u00f1o, Michoac\u00e1n se ubica en el puesto n\u00famero 22 con una suma de once casos. Sin embargo, en lo que se refiere a mujeres que fueron v\u00edctima de presunto homicidio doloso, la entidad est\u00e1 en el puesto n\u00famero seis nacional con 153 casos hasta noviembre pasado.<\/p>\n<p>Con informaci\u00f3n de H\u00e9ctor Jim\u00e9nez<\/p>\n<p><a href=\"https:\/\/www.lavozdemichoacan.com.mx\/seguridad\/a-la-semana-desaparecen-10-mujeres-en-michoacan-salieron-al-trabajo-a-la-escuela-hoy-no-se-sabe-donde-estan\/\">https:\/\/www.lavozdemichoacan.com.mx\/seguridad\/a-la-semana-desaparecen-10-mujeres-en-michoacan-salieron-al-trabajo-a-la-escuela-hoy-no-se-sabe-donde-estan\/<\/a><\/p>\n","protected":false},"excerpt":{"rendered":"<p>No importa la edad o a qu\u00e9 se dedican: las v\u00edctimas de desaparici\u00f3n son estudiantes, madres, mujeres que un d\u00eda estaban en casa, en su trabajo, pero despu\u00e9s no se &hellip; <a href=\"http:\/\/www.grieta.org.mx\/index.php\/2020\/01\/13\/a-la-semana-10-mujeres-reportadas-desaparecidas-en-michoacan-no-se-sabe-nada-del-25-de-ellas\/\" class=\"more-link\">Leer m\u00e1s<\/a><\/p>\n","protected":false},"author":2,"featured_media":43046,"comment_status":"closed","ping_status":"closed","sticky":false,"template":"","format":"standard","meta":{"ngg_post_thumbnail":0,"_jetpack_newsletter_access":"","_jetpack_dont_email_post_to_subs":false,"_jetpack_newsletter_tier_id":0,"_jetpack_memberships_contains_paywalled_content":false,"_jetpack_memberships_contains_paid_content":false,"footnotes":""},"categories":[80,87,368,1201,367,906,2819,21,2247],"tags":[1828,631,2959,81],"class_list":["post-43044","post","type-post","status-publish","format-standard","has-post-thumbnail","hentry","category-cintillo","category-desaparecidos","category-desaparecidos-analisis","category-desaparecidos-en-michoacan","category-feminicidios-analisis","category-feminicidios-en-michoacan","category-luchas-de-las-mujeres-en-michoacan","category-michoacan","category-violencia-contra-la-mujeres-en-michoacan","tag-busqueda-de-desaparecidos","tag-desaparecidas","tag-estadisticas-de-feminicidio","tag-feminicidios","entry"],"jetpack_featured_media_url":"http:\/\/www.grieta.org.mx\/wp-content\/uploads\/2020\/01\/Nilda-rosario.jpg","jetpack_sharing_enabled":true,"jetpack_shortlink":"https:\/\/wp.me\/p7ZJR4-bcg","jetpack_likes_enabled":false,"jetpack-related-posts":[{"id":31419,"url":"http:\/\/www.grieta.org.mx\/index.php\/2019\/03\/28\/35-mil-desplazados-en-michoacan-y-guerrero-por-conflictos-armados\/","url_meta":{"origin":43044,"position":0},"title":"35 mil desplazados en Michoac\u00e1n y Guerrero por conflictos armados","author":"grieta","date":"28 marzo, 2019","format":false,"excerpt":"Benjam\u00edn Alvarez \/Contramuro, 28 de marzo, 2019 Circe L\u00f3pez se\u00f1al\u00f3 que mujeres y ni\u00f1os son de las principales v\u00edctimas del crimen organizado y su colusi\u00f3n con las autoridades Morelia, Michoac\u00e1n.- Alrededor de 35 mil desplazados producto de conflictos armados se registran en Michoac\u00e1n y Guerrero, se\u00f1al\u00f3 la activista Lucero Circe\u2026","rel":"","context":"En &quot;CINTILLO&quot;","block_context":{"text":"CINTILLO","link":"http:\/\/www.grieta.org.mx\/index.php\/category\/cintillo\/"},"img":{"alt_text":"","src":"https:\/\/i0.wp.com\/www.grieta.org.mx\/wp-content\/uploads\/2019\/03\/IMG-20190328-WA0110-1000x500.jpg?resize=350%2C200","width":350,"height":200,"srcset":"https:\/\/i0.wp.com\/www.grieta.org.mx\/wp-content\/uploads\/2019\/03\/IMG-20190328-WA0110-1000x500.jpg?resize=350%2C200 1x, https:\/\/i0.wp.com\/www.grieta.org.mx\/wp-content\/uploads\/2019\/03\/IMG-20190328-WA0110-1000x500.jpg?resize=525%2C300 1.5x, https:\/\/i0.wp.com\/www.grieta.org.mx\/wp-content\/uploads\/2019\/03\/IMG-20190328-WA0110-1000x500.jpg?resize=700%2C400 2x"},"classes":[]},{"id":36848,"url":"http:\/\/www.grieta.org.mx\/index.php\/2019\/07\/22\/matan-a-la-activista-zenaida-pulido-en-carretera-de-michoacan\/","url_meta":{"origin":43044,"position":1},"title":"Matan a la activista Zenaida Pulido en carretera de Michoac\u00e1n","author":"grieta","date":"22 julio, 2019","format":false,"excerpt":"Zenaida se convirti\u00f3 en activista luego de la desaparici\u00f3n de un familiar; fue atacada por hombres armados en el tramo carretero Huahua-Pichilinguillo. Por Redacci\u00f3n Animal Pol\u00edtico, 22 de julio de 2019 La activista y familiar de una persona desaparecida, Zenaida Pulido Lombera, fue asesinada el pasado viernes en el estado\u2026","rel":"","context":"En &quot;CINTILLO&quot;","block_context":{"text":"CINTILLO","link":"http:\/\/www.grieta.org.mx\/index.php\/category\/cintillo\/"},"img":{"alt_text":"","src":"https:\/\/i0.wp.com\/www.grieta.org.mx\/wp-content\/uploads\/2019\/07\/zenaida-e1563807457226.jpg?resize=350%2C200","width":350,"height":200,"srcset":"https:\/\/i0.wp.com\/www.grieta.org.mx\/wp-content\/uploads\/2019\/07\/zenaida-e1563807457226.jpg?resize=350%2C200 1x, https:\/\/i0.wp.com\/www.grieta.org.mx\/wp-content\/uploads\/2019\/07\/zenaida-e1563807457226.jpg?resize=525%2C300 1.5x"},"classes":[]},{"id":32605,"url":"http:\/\/www.grieta.org.mx\/index.php\/2019\/04\/26\/anuncian-nueva-caravana-de-busqueda-de-desaparecidos-en-michoacan\/","url_meta":{"origin":43044,"position":2},"title":"Anuncian nueva caravana de b\u00fasqueda de desaparecidos en Michoac\u00e1n","author":"grieta","date":"26 abril, 2019","format":false,"excerpt":"V\u00edctimas de desaparici\u00f3n forzada en Michoac\u00e1n piden justicia al gobierno federal MVS Noticias, Nora Bucio ?26\/Abr\/19 13:45 Familiares Caminando por la Justicia, anunciaron que realizar\u00e1n la V Caravana \u201cBuscando, encontraremos\u201d, la cual se realizar\u00e1 en Michoac\u00e1n, la cual pretende encontrar vivos y post mortem a personas denunciadas como desaparecidas. Evangelina\u2026","rel":"","context":"En &quot;CINTILLO&quot;","block_context":{"text":"CINTILLO","link":"http:\/\/www.grieta.org.mx\/index.php\/category\/cintillo\/"},"img":{"alt_text":"","src":"https:\/\/i0.wp.com\/www.grieta.org.mx\/wp-content\/uploads\/2019\/04\/dc3ffd0d-d5git5zx4aipsz1-1024x768.jpg?resize=350%2C200","width":350,"height":200,"srcset":"https:\/\/i0.wp.com\/www.grieta.org.mx\/wp-content\/uploads\/2019\/04\/dc3ffd0d-d5git5zx4aipsz1-1024x768.jpg?resize=350%2C200 1x, https:\/\/i0.wp.com\/www.grieta.org.mx\/wp-content\/uploads\/2019\/04\/dc3ffd0d-d5git5zx4aipsz1-1024x768.jpg?resize=525%2C300 1.5x, https:\/\/i0.wp.com\/www.grieta.org.mx\/wp-content\/uploads\/2019\/04\/dc3ffd0d-d5git5zx4aipsz1-1024x768.jpg?resize=700%2C400 2x"},"classes":[]},{"id":39693,"url":"http:\/\/www.grieta.org.mx\/index.php\/2019\/09\/17\/michoacan-esconde-homicidios-y-no-atiende-desapariciones-denuncian-activistas\/","url_meta":{"origin":43044,"position":3},"title":"Michoac\u00e1n esconde homicidios y no atiende desapariciones, denuncian activistas","author":"grieta","date":"17 septiembre, 2019","format":false,"excerpt":"En Michoac\u00e1n se reportan 617 desaparecidos de enero al 24 de junio de 2019, es decir, m\u00e1s de 100 casos al mes Noticieros Televisa, 17 de septiembre de 2019 En Michoac\u00e1n, estado gobernado por Silvano Aureoles, en 2019 han desaparecido 100 personas por mes. Colectivos de familiares de desaparecidos han\u2026","rel":"","context":"En &quot;CINTILLO&quot;","block_context":{"text":"CINTILLO","link":"http:\/\/www.grieta.org.mx\/index.php\/category\/cintillo\/"},"img":{"alt_text":"","src":"https:\/\/i0.wp.com\/www.grieta.org.mx\/wp-content\/uploads\/2019\/09\/michoacan-esconde-homicidios-y-no-atiende-desapariciones-denuncian-activistas.jpg?resize=350%2C200","width":350,"height":200,"srcset":"https:\/\/i0.wp.com\/www.grieta.org.mx\/wp-content\/uploads\/2019\/09\/michoacan-esconde-homicidios-y-no-atiende-desapariciones-denuncian-activistas.jpg?resize=350%2C200 1x, https:\/\/i0.wp.com\/www.grieta.org.mx\/wp-content\/uploads\/2019\/09\/michoacan-esconde-homicidios-y-no-atiende-desapariciones-denuncian-activistas.jpg?resize=525%2C300 1.5x, https:\/\/i0.wp.com\/www.grieta.org.mx\/wp-content\/uploads\/2019\/09\/michoacan-esconde-homicidios-y-no-atiende-desapariciones-denuncian-activistas.jpg?resize=700%2C400 2x"},"classes":[]},{"id":31757,"url":"http:\/\/www.grieta.org.mx\/index.php\/2019\/04\/03\/feminicidios-aumentaron-237-en-4-anos-michoacan\/","url_meta":{"origin":43044,"position":4},"title":"Feminicidios aumentaron 237% en 4 a\u00f1os (Michoac\u00e1n)","author":"grieta","date":"3 abril, 2019","format":false,"excerpt":"Rodrigo Caballero D\u00edaz, Investigaciones Disruptivas Inteligentes, 03 de abril Morelia.- Desde 2015, el n\u00famero de feminicidios registrados en M\u00e9xico aumentaron en un 237 por ciento seg\u00fan datos del Secretariado Ejecutivo del Sistema Nacional de Seguridad P\u00fablica (SESESP). Mientras en el primer bimestre de 2015 hubo un total de 62 feminicidios\u2026","rel":"","context":"En &quot;CINTILLO&quot;","block_context":{"text":"CINTILLO","link":"http:\/\/www.grieta.org.mx\/index.php\/category\/cintillo\/"},"img":{"alt_text":"","src":"https:\/\/i0.wp.com\/www.grieta.org.mx\/wp-content\/uploads\/2019\/04\/feminicidio.jpg?resize=350%2C200","width":350,"height":200,"srcset":"https:\/\/i0.wp.com\/www.grieta.org.mx\/wp-content\/uploads\/2019\/04\/feminicidio.jpg?resize=350%2C200 1x, https:\/\/i0.wp.com\/www.grieta.org.mx\/wp-content\/uploads\/2019\/04\/feminicidio.jpg?resize=525%2C300 1.5x, https:\/\/i0.wp.com\/www.grieta.org.mx\/wp-content\/uploads\/2019\/04\/feminicidio.jpg?resize=700%2C400 2x, https:\/\/i0.wp.com\/www.grieta.org.mx\/wp-content\/uploads\/2019\/04\/feminicidio.jpg?resize=1050%2C600 3x"},"classes":[]},{"id":60824,"url":"http:\/\/www.grieta.org.mx\/index.php\/2021\/05\/21\/convocan-a-artistas-a-visibilizar-y-no-olvidar-a-personas-detenidas-desaparecidas-en-michoacan-2\/","url_meta":{"origin":43044,"position":5},"title":"Convocan a artistas a visibilizar y no olvidar a personas detenidas desaparecidas en Michoac\u00e1n","author":"grieta","date":"21 mayo, 2021","format":false,"excerpt":"Dalia Souza \/ Zona Docs 21 mayo, 2020 En el marco de la desaparici\u00f3n de Leonel Orozco y Barbara Robles, personas detenidas desaparecidas en el estado de Michoac\u00e1n entre el a\u00f1o 2008 y 2019, la organizaci\u00f3n Familiares Caminando por Justicia en Michoac\u00e1n convoca a artistas a realizar su retrato para\u2026","rel":"","context":"En &quot;CINTILLO&quot;","block_context":{"text":"CINTILLO","link":"http:\/\/www.grieta.org.mx\/index.php\/category\/cintillo\/"},"img":{"alt_text":"","src":"https:\/\/i0.wp.com\/www.grieta.org.mx\/wp-content\/uploads\/2021\/07\/recorte-familiares-buscando-justicia.jpg?resize=350%2C200","width":350,"height":200,"srcset":"https:\/\/i0.wp.com\/www.grieta.org.mx\/wp-content\/uploads\/2021\/07\/recorte-familiares-buscando-justicia.jpg?resize=350%2C200 1x, https:\/\/i0.wp.com\/www.grieta.org.mx\/wp-content\/uploads\/2021\/07\/recorte-familiares-buscando-justicia.jpg?resize=525%2C300 1.5x, https:\/\/i0.wp.com\/www.grieta.org.mx\/wp-content\/uploads\/2021\/07\/recorte-familiares-buscando-justicia.jpg?resize=700%2C400 2x"},"classes":[]}],"_links":{"self":[{"href":"http:\/\/www.grieta.org.mx\/index.php\/wp-json\/wp\/v2\/posts\/43044","targetHints":{"allow":["GET"]}}],"collection":[{"href":"http:\/\/www.grieta.org.mx\/index.php\/wp-json\/wp\/v2\/posts"}],"about":[{"href":"http:\/\/www.grieta.org.mx\/index.php\/wp-json\/wp\/v2\/types\/post"}],"author":[{"embeddable":true,"href":"http:\/\/www.grieta.org.mx\/index.php\/wp-json\/wp\/v2\/users\/2"}],"replies":[{"embeddable":true,"href":"http:\/\/www.grieta.org.mx\/index.php\/wp-json\/wp\/v2\/comments?post=43044"}],"version-history":[{"count":1,"href":"http:\/\/www.grieta.org.mx\/index.php\/wp-json\/wp\/v2\/posts\/43044\/revisions"}],"predecessor-version":[{"id":43047,"href":"http:\/\/www.grieta.org.mx\/index.php\/wp-json\/wp\/v2\/posts\/43044\/revisions\/43047"}],"wp:featuredmedia":[{"embeddable":true,"href":"http:\/\/www.grieta.org.mx\/index.php\/wp-json\/wp\/v2\/media\/43046"}],"wp:attachment":[{"href":"http:\/\/www.grieta.org.mx\/index.php\/wp-json\/wp\/v2\/media?parent=43044"}],"wp:term":[{"taxonomy":"category","embeddable":true,"href":"http:\/\/www.grieta.org.mx\/index.php\/wp-json\/wp\/v2\/categories?post=43044"},{"taxonomy":"post_tag","embeddable":true,"href":"http:\/\/www.grieta.org.mx\/index.php\/wp-json\/wp\/v2\/tags?post=43044"}],"curies":[{"name":"wp","href":"https:\/\/api.w.org\/{rel}","templated":true}]}}