{"id":4276,"date":"2015-10-14T18:18:52","date_gmt":"2015-10-14T18:18:52","guid":{"rendered":"http:\/\/50.22.11.12\/~grietaor\/?p=4276"},"modified":"2016-04-25T00:35:03","modified_gmt":"2016-04-25T00:35:03","slug":"por-que-dejo-fundej-las-mesas-de-trabajo-con-el-gobierno-de-jalisco","status":"publish","type":"post","link":"http:\/\/www.grieta.org.mx\/index.php\/2015\/10\/14\/por-que-dejo-fundej-las-mesas-de-trabajo-con-el-gobierno-de-jalisco\/","title":{"rendered":"\u00bfPor qu\u00e9 dej\u00f3 FUNDEJ las mesas de trabajo con el Gobierno de Jalisco?"},"content":{"rendered":"<p>Por: Darwin Franco Migues <\/p>\n<p>En lo que va del 2015, en promedio, han desaparecido en Jalisco tres personas por d\u00eda<\/p>\n<p>14 de octubre 2015.- Familias Unidas por Nuestros Desaparecidos Jalisco (FUNDEJ) abandon\u00f3 el pasado 9 de octubre las mesas de trabajo con el Gobierno de Jalisco porque ninguna de las m\u00e1s de 300 familias que integran este colectivo ha obtenido un resultado positivo respecto a la b\u00fasqueda e investigaci\u00f3n que supuestamente realiza la Fiscal\u00eda General de sus seres queridos, as\u00ed lo informaron a trav\u00e9s de un comunicado donde enfatizaron que de parte del gobernador, Arist\u00f3teles Sandoval, no ha existido un real inter\u00e9s por resolver lo que consideran es el problema m\u00e1s importante para su administraci\u00f3n.<\/p>\n<p>En Jalisco, desde el a\u00f1o 2006 hasta el 31 de agosto de 2015 han desaparecido 2 mil 898 personas, tal y como se confirma en la solicitud de informaci\u00f3n LTAIPJ\/FG\/1133\/2015. El 58% de estas desapariciones (mil 703 personas) sucedieron bajo la administraci\u00f3n del pri\u00edsta, quien continuamente ha declarado que este problema es una herencia de pasadas administraciones. Esto, quiz\u00e1, explica por qu\u00e9 su palabra fue perdiendo valor en cada una de las cinco mesas de trabajo que FUNDEJ sostuvo con funcionarios de su gobierno, pues en ninguna de ellas se hizo cumplir la promesa que Arist\u00f3teles Sandoval hizo a las madres de los desaparecidos: \u201cencontrar a sus hijos\u201d.<\/p>\n<p>El inicio de las mesas de trabajo que FUNDEJ tuvo con el Gobierno de Jalisco se origin\u00f3 el pasado 18 de marzo cuando este colectivo solicit\u00f3 por escrito una reuni\u00f3n con el gobernador para exigirle soluci\u00f3n a sus ocho demandas:<\/p>\n<p>    Entrega de los expedientes que contienen sus investigaciones<\/p>\n<p>    Realizaci\u00f3n de prueba de ADN a todos los familiares de desaparecidos<\/p>\n<p>    Renovaci\u00f3n del personal de la Agencia del Ministerio P\u00fablico 12\/C, especializada en desapariciones<\/p>\n<p>    B\u00fasqueda inmediata ante cualquier desaparici\u00f3n<\/p>\n<p>    Correcta aplicaci\u00f3n de la Alerta \u00c1mber<\/p>\n<p>    Que el registro estatal de desaparecidos sea p\u00fablico<\/p>\n<p>    Realizaci\u00f3n de acuerdos con las compa\u00f1\u00edas telef\u00f3nicas para acceder a la sabana de las \u00faltimas llamadas del n\u00famero del desaparecido<\/p>\n<p>    Alto a la victimizaci\u00f3n de las familias de los desaparecidos de parte del personal de la Fiscal\u00eda General<\/p>\n<p>Sin embargo, la reuni\u00f3n con el mandatario jalisciense no sucedi\u00f3 hasta 59 d\u00edas despu\u00e9s, ya que fue el 15 de mayo cuando \u00e9ste no s\u00f3lo recibi\u00f3 a la peticionaria FUNDEJ sino tambi\u00e9n a otras organizaciones como Carriolas Vac\u00edas, Fundaci\u00f3n FIND y Asociaci\u00f3n Mexicana de Ni\u00f1os Robados y Desaparecidos A.C., las cuales acudieron al llamado del gobernador para hacer una \u201cverdadera cruzada por los desaparecidos de Jalisco\u201d; no obstante, lo que siempre se coment\u00f3 en las mesas de trabajo no fueron las necesidades o propuestas de estas otras organizaciones sino las ocho demandas que present\u00f3 FUNDEJ.<\/p>\n<p>En esa primera reuni\u00f3n, el gobernador Arist\u00f3teles Sandoval instruy\u00f3 la creaci\u00f3n de mesas de trabajo donde deber\u00edan de acudir los titulares de la Secretar\u00eda General de Gobierno, la Fiscal\u00eda General de Jalisco, la Fiscal\u00eda de Derechos Humanos, la Comisi\u00f3n Estatal de Derechos Humanos, el secretario ejecutivo del Sistema Estatal de Atenci\u00f3n a V\u00edctimas (SEAV), el director del Instituto Jalisciense de Ciencias Forenses, la encargada de la Agencia del Ministerio P\u00fablico 12\/C, especializada en desapariciones; as\u00ed como el delegado estatal de la Comisi\u00f3n Ejecutiva de Atenci\u00f3n a V\u00edctimas (CEAV), Juan Francisco Garc\u00eda, quien acudi\u00f3 a petici\u00f3n de FUNDEJ. La CEAV fue el \u00fanico organismo federal que particip\u00f3 en este ejercicio que tendr\u00eda como finalidad el localizar a los desaparecidos del estado, el gobernador \u2013a diferencia de lo que ocurri\u00f3 con otros estados que realizaron mesas de trabajo similares- jam\u00e1s realiz\u00f3 una invitaci\u00f3n para participar a la delegaci\u00f3n estatal de la Procuradur\u00eda General de la Rep\u00fablica y a la Polic\u00eda Federal.<\/p>\n<p>Un personaje central en estas mesas de trabajo fue Kristyan Felipe Luis Navarro, secretario ejecutivo del SEAV, organismo que entr\u00f3 en funciones el 27 de mayo pero que a la fecha no ha dado ning\u00fan resultado en cuanto a la atenci\u00f3n a las v\u00edctimas de violencia en Jalisco. Su funci\u00f3n en las mesas consist\u00eda en coordinar los trabajos y en garantizar el respeto a los derechos a las v\u00edctimas de desaparici\u00f3n. Ninguna de estas acciones fueron garantizadas porque el actuar de la SEAV en las mesas siempre fue pro gobierno y no pro v\u00edctima.<\/p>\n<p>Cinco mesas de trabajo se realizaron entre el gobierno de Jalisco y FUNDEJ; sin embargo, para este colectivo ninguna de sus ocho demandas se cumplieron a cabalidad: \u201cpor la falta de inter\u00e9s que existe de parte del Gobierno de Jalisco para buscar no s\u00f3lo a los desaparecidos de FUNDEJ sino tambi\u00e9n a todos los desaparecidos del estado, pues desde que nos sentamos a trabajar con el gobierno desaparecieron 341 jaliscienses m\u00e1s\u201d, explic\u00f3 este colectivo conformado por familiares de desaparecidos de todo el estado.<\/p>\n<p>Las demandas inconclusas<\/p>\n<p>A pesar de que el Secretario de Gobierno, Roberto L\u00f3pez Lara, afirmara el 22 de junio, en sus redes sociales que, al menos, siete de las ocho demandas de FUNDEJ estaban resueltas, la realidad de cada una de estas familias est\u00e1 muy distante de los dichos de este funcionario, ya que tras la revisi\u00f3n de los casos m\u00e1s de 300 casos que integran se concluy\u00f3 que:<\/p>\n<p>    No todas las familias de FUNDEJ tienen acceso a las copias de su expediente.<\/p>\n<p>    No todas las familias tienen los resultados de sus ex\u00e1menes de ADN.<\/p>\n<p>Siendo que estos son derechos b\u00e1sicos que les garantizan tanto la Ley General de V\u00edctimas como la Ley Estatal de Atenci\u00f3n a V\u00edctimas de Jalisco, a esto le agregaron que a la fecha:<\/p>\n<p>    La Agencia del Ministerio P\u00fablico 12\/C, especializada en desapariciones, no cuenta con el n\u00famero de ministerios p\u00fablicos y polic\u00edas investigadores suficientes para afrontar la gravedad del problema de las desapariciones.<\/p>\n<p>    No se tienen resultados claros del trabajo realizado por la Unidad de B\u00fasqueda R\u00e1pida que se cre\u00f3 para dar cuenta de los casos recientes y antiguos.<\/p>\n<p>    La Alerta \u00c1mber Jalisco no se ha vuelto una herramienta de ayuda ni de b\u00fasqueda inmediata porque no todas las desapariciones de menores de edad ameritan la activaci\u00f3n de dicha Alerta.<\/p>\n<p>    No todas las familias de FUNDEJ tienen acceso a la s\u00e1bana de llamadas de los tel\u00e9fonos de sus desaparecidos como tampoco a las c\u00e1maras de video-vigilancia del lugar donde ocurri\u00f3 la desaparici\u00f3n.<\/p>\n<p>Esto significa que no existe una b\u00fasqueda integral de los desaparecidos en Jalisco, lo cual contraviene los datos que la propia Fiscal\u00eda General inform\u00f3 en la solicitud LTAIPJ\/FG\/1132\/2015, en ella precis\u00f3 que del 1 de enero al 31 de agosto de 2015 se presentaron mil 494 indagatorias por desaparici\u00f3n de personas, de las cuales se desprendieron mil 597 desaparecidos. Sin embargo, la Fiscal\u00eda indic\u00f3 que de ellos logr\u00f3 localizar con vida mil 006 y sin ella a 66 personas, es decir encontr\u00f3 a mil 072 desaparecidos. Ninguno de ellos fue alguno de los familiares de FUNDEJ, siendo que el nivel de efectividad que arrojan los n\u00fameros de la Fiscal\u00eda, en 2015, es del 67%., porcentaje que \u201cse obtuvo\u201d cuando ya eran una realidad las mesas de trabajo en FUNDEJ con el gobierno.<\/p>\n<p>De ah\u00ed que una de las exigencias de FUNDEJ sigue siendo que:<\/p>\n<p>    La Fiscal\u00eda General haga p\u00fablica la informaci\u00f3n de desapariciones en Jalisco por g\u00e9nero, mes, a\u00f1o, municipio y delegaci\u00f3n desde 2006 a la fecha, adem\u00e1s de que aclare los casos de aquellas v\u00edctimas que consideran como \u201clocalizadas\u201d.<\/p>\n<p>El reto de buscar y la obligaci\u00f3n que no termina para Arist\u00f3teles Sandoval<\/p>\n<p>\u201cQue nosotros dejemos estas mesas de trabajo no significa que el gobierno no tenga la obligaci\u00f3n de seguir buscando a todos los m\u00e1s de 3 mil 300 desaparecidos que tenemos en Jalisco. La investigaci\u00f3n, b\u00fasqueda y localizaci\u00f3n de todos ellos seguir\u00e1 siendo obligaci\u00f3n del gobierno de Arist\u00f3teles Sandoval y de la Fiscal\u00eda General que ahora encabeza Eduardo Almaguer\u201d, explic\u00f3 FUNDEJ en su comunicado, ya que para las familias era vital decir que su retiro de las mesas no exime al Gobierno de Jalisco de cumplir con su obligaci\u00f3n de buscar a los desaparecidos, de castigar a los culpables y de generar las medidas para evitar que las desapariciones sigan sucediendo. En lo que va del 2015, en promedio, han desaparecido en Jalisco tres personas por d\u00eda.<\/p>\n<p>A trav\u00e9s de su comunicado, FUNDEJ adem\u00e1s agreg\u00f3 que el reto del Gobierno de Jalisco y su Fiscal\u00eda General en materia de desapariciones debe incluir:<\/p>\n<p>    La entrega de las confrontas que se est\u00e1n haciendo entre los ADN que les fueron tomados con aquellos que se extrajeron de los cuerpos encontrados en las fosas clandestinas localizadas en fechas recientes en Jalisco.<\/p>\n<p>Agregando que \u201clas familias de los desaparecidos tienen derecho a estar a pie de fosa, a revisar las prendas y pertenencias localizadas pero sobre todo a saber si existe la posibilidad de que su familiar estuviera o no ah\u00ed\u201d; por ello, solicitaron que toda la informaci\u00f3n sobre las fosas clandestinas en el estado se haga p\u00fablica porque s\u00f3lo se da a conocer el hallazgo de las fosas pero no se dan mayores detalles de lo que se encuentra ah\u00ed.<\/p>\n<p>FUNDEJ, finalmente, precis\u00f3 que est\u00e1n dejando las mesas de trabajo con el Gobierno de Jalisco pero \u201cnunca dejar\u00e1n de buscar a sus familiares\u201d, ya que ellos son la raz\u00f3n de ser de todas sus b\u00fasquedas y esperanzas, las cuales no podr\u00edan haber seguido adelante si se hubiesen quedado sentadas en unas mesas de trabajo donde no hab\u00eda un inter\u00e9s real por buscar a cada uno de los desaparecidos que hoy tiene Jalisco.<\/p>\n<p><a href=\"http:\/\/www.proyectodiez.mx\/por-que-dejo-fundej-las-mesas-de-trabajo-con-el-gobierno-de-jalisco\/\" target=\"_blank\">http:\/\/www.proyectodiez.mx\/por-que-dejo-fundej-las-mesas-de-trabajo-con-el-gobierno-de-jalisco\/<\/a><\/p>\n","protected":false},"excerpt":{"rendered":"<p>Por: Darwin Franco Migues En lo que va del 2015, en promedio, han desaparecido en Jalisco tres personas por d\u00eda 14 de octubre 2015.- Familias Unidas por Nuestros Desaparecidos Jalisco &hellip; <a href=\"http:\/\/www.grieta.org.mx\/index.php\/2015\/10\/14\/por-que-dejo-fundej-las-mesas-de-trabajo-con-el-gobierno-de-jalisco\/\" class=\"more-link\">Leer m\u00e1s<\/a><\/p>\n","protected":false},"author":2,"featured_media":21928,"comment_status":"closed","ping_status":"open","sticky":false,"template":"","format":"standard","meta":{"ngg_post_thumbnail":0,"_jetpack_newsletter_access":"","_jetpack_dont_email_post_to_subs":false,"_jetpack_newsletter_tier_id":0,"_jetpack_memberships_contains_paywalled_content":false,"_jetpack_memberships_contains_paid_content":false,"footnotes":""},"categories":[80,230],"tags":[121],"class_list":["post-4276","post","type-post","status-publish","format-standard","has-post-thumbnail","hentry","category-cintillo","category-jalisco","tag-desaparecidos","entry"],"jetpack_featured_media_url":"http:\/\/www.grieta.org.mx\/wp-content\/uploads\/2018\/03\/14524434_1106112876131411_958039263622046936_o.jpg","jetpack_sharing_enabled":true,"jetpack_shortlink":"https:\/\/wp.me\/p7ZJR4-16Y","jetpack_likes_enabled":false,"jetpack-related-posts":[{"id":3255,"url":"http:\/\/www.grieta.org.mx\/index.php\/2016\/02\/01\/en-jalisco-nace-por-amor-a-ellos-una-organizacion-que-busca-a-los-desaparecidos\/","url_meta":{"origin":4276,"position":0},"title":"En Jalisco: Nace \u201cPor amor a ellos\u201d, una organizaci\u00f3n que busca a los desaparecidos","author":"grieta","date":"1 febrero, 2016","format":false,"excerpt":"Por: Darwin Franco Migues (@darwinfranco) Proyecto Diez 01 de febrero 2015.- Debido a las presiones gubernamentales que pretenden institucionalizar la b\u00fasqueda de los desaparecidos del estado, un gran n\u00famero de las y los integrantes de Familias Unidas por Nuestros Desaparecidos Jalisco (FUNDEJ), anunci\u00f3 tras un acto p\u00fablico y la emisi\u00f3n\u2026","rel":"","context":"En &quot;CINTILLO&quot;","block_context":{"text":"CINTILLO","link":"http:\/\/www.grieta.org.mx\/index.php\/category\/cintillo\/"},"img":{"alt_text":"","src":"https:\/\/i0.wp.com\/www.grieta.org.mx\/wp-content\/uploads\/2018\/03\/14524434_1106112876131411_958039263622046936_o.jpg?resize=350%2C200","width":350,"height":200,"srcset":"https:\/\/i0.wp.com\/www.grieta.org.mx\/wp-content\/uploads\/2018\/03\/14524434_1106112876131411_958039263622046936_o.jpg?resize=350%2C200 1x, https:\/\/i0.wp.com\/www.grieta.org.mx\/wp-content\/uploads\/2018\/03\/14524434_1106112876131411_958039263622046936_o.jpg?resize=525%2C300 1.5x, https:\/\/i0.wp.com\/www.grieta.org.mx\/wp-content\/uploads\/2018\/03\/14524434_1106112876131411_958039263622046936_o.jpg?resize=700%2C400 2x"},"classes":[]},{"id":48180,"url":"http:\/\/www.grieta.org.mx\/index.php\/2020\/04\/23\/temen-fundej-incineracion-de-personas-no-identificadas-sin-protocolos-jalisco\/","url_meta":{"origin":4276,"position":1},"title":"Temen Fundej incineraci\u00f3n de personas no identificadas sin protocolos (Jalisco)","author":"grieta","date":"23 abril, 2020","format":false,"excerpt":"Foto: Jorge Alberto Mendoza Redacci\u00f3n \/ EL Diario NTR Tras la aprobaci\u00f3n del protocolo manejo de cuerpos de personas que fallecieron a causa de Covid-19, integrantes de la organizaci\u00f3n Familias Unidas por Nuestros Desaparecidos Jalisco (Fundej) temen que el gobierno de Jalisco utilice este momento de contingencia para incinerar los\u2026","rel":"","context":"En &quot;CINTILLO&quot;","block_context":{"text":"CINTILLO","link":"http:\/\/www.grieta.org.mx\/index.php\/category\/cintillo\/"},"img":{"alt_text":"","src":"https:\/\/i0.wp.com\/www.grieta.org.mx\/wp-content\/uploads\/2020\/04\/2020-04-23_06-04-54___7221.jpg?resize=350%2C200","width":350,"height":200,"srcset":"https:\/\/i0.wp.com\/www.grieta.org.mx\/wp-content\/uploads\/2020\/04\/2020-04-23_06-04-54___7221.jpg?resize=350%2C200 1x, https:\/\/i0.wp.com\/www.grieta.org.mx\/wp-content\/uploads\/2020\/04\/2020-04-23_06-04-54___7221.jpg?resize=525%2C300 1.5x, https:\/\/i0.wp.com\/www.grieta.org.mx\/wp-content\/uploads\/2020\/04\/2020-04-23_06-04-54___7221.jpg?resize=700%2C400 2x"},"classes":[]},{"id":4328,"url":"http:\/\/www.grieta.org.mx\/index.php\/2015\/05\/11\/madres-de-desaparecidos-en-jalisco-cambian-festejo-por-manifestacion\/","url_meta":{"origin":4276,"position":2},"title":"Madres de desaparecidos en Jalisco cambian festejo por manifestaci\u00f3n","author":"grieta","date":"11 mayo, 2015","format":false,"excerpt":"Redacci\u00f3n El Informador Critican incapacidad y desd\u00e9n de la Fiscal\u00eda General del Estado En el D\u00eda de las Madres, docenas de mujeres exigieron a las autoridades que encuentren a sus hijos GUADALAJARA, JALISCO (11\/MAY\/2015).- \u201cEn Jalisco hay miles de desaparecidos\u201d, reza la manta que un grupo de mujeres sosten\u00eda durante\u2026","rel":"","context":"En &quot;CINTILLO&quot;","block_context":{"text":"CINTILLO","link":"http:\/\/www.grieta.org.mx\/index.php\/category\/cintillo\/"},"img":{"alt_text":"","src":"https:\/\/i0.wp.com\/www.grieta.org.mx\/wp-content\/uploads\/2018\/03\/14524434_1106112876131411_958039263622046936_o.jpg?resize=350%2C200","width":350,"height":200,"srcset":"https:\/\/i0.wp.com\/www.grieta.org.mx\/wp-content\/uploads\/2018\/03\/14524434_1106112876131411_958039263622046936_o.jpg?resize=350%2C200 1x, https:\/\/i0.wp.com\/www.grieta.org.mx\/wp-content\/uploads\/2018\/03\/14524434_1106112876131411_958039263622046936_o.jpg?resize=525%2C300 1.5x, https:\/\/i0.wp.com\/www.grieta.org.mx\/wp-content\/uploads\/2018\/03\/14524434_1106112876131411_958039263622046936_o.jpg?resize=700%2C400 2x"},"classes":[]},{"id":4279,"url":"http:\/\/www.grieta.org.mx\/index.php\/2015\/10\/13\/seguiran-busqueda-por-su-cuenta\/","url_meta":{"origin":4276,"position":3},"title":"Seguir\u00e1n b\u00fasqueda por su cuenta","author":"grieta","date":"13 octubre, 2015","format":false,"excerpt":"Alejandra Guill\u00e9n.- A principios de este a\u00f1o, una madre que busca a su hijo contaba desesperada que los pocos avances que la Fiscal\u00eda de Jalisco le hab\u00eda notificado sobre su caso hab\u00edan sido puro enga\u00f1o. Le avisaron que hab\u00edan detenido a varias personas que se adjudicaban la muerte de su\u2026","rel":"","context":"En &quot;CINTILLO&quot;","block_context":{"text":"CINTILLO","link":"http:\/\/www.grieta.org.mx\/index.php\/category\/cintillo\/"},"img":{"alt_text":"","src":"https:\/\/i0.wp.com\/www.grieta.org.mx\/wp-content\/uploads\/2018\/03\/14524434_1106112876131411_958039263622046936_o.jpg?resize=350%2C200","width":350,"height":200,"srcset":"https:\/\/i0.wp.com\/www.grieta.org.mx\/wp-content\/uploads\/2018\/03\/14524434_1106112876131411_958039263622046936_o.jpg?resize=350%2C200 1x, https:\/\/i0.wp.com\/www.grieta.org.mx\/wp-content\/uploads\/2018\/03\/14524434_1106112876131411_958039263622046936_o.jpg?resize=525%2C300 1.5x, https:\/\/i0.wp.com\/www.grieta.org.mx\/wp-content\/uploads\/2018\/03\/14524434_1106112876131411_958039263622046936_o.jpg?resize=700%2C400 2x"},"classes":[]},{"id":63414,"url":"http:\/\/www.grieta.org.mx\/index.php\/2022\/02\/15\/ante-un-gobierno-ciego-sordo-y-mudo-familiares-de-desaparecidos-se-unen-jalisco\/","url_meta":{"origin":4276,"position":4},"title":"Ante un gobierno ciego, sordo y mudo, familiares de desaparecidos se unen (Jalisco)","author":"grieta","date":"15 febrero, 2022","format":false,"excerpt":"Foto:\u00a0\u00a0Lauro Rodr\u00edguez Lauro Rodr\u00edguez\u00a0 \/ El Diario NTR Guadalajara cumple 480 a\u00f1os. En este marco, no hay nada que celebrar, m\u00e1s de 15 mil jaliscienses est\u00e1n desaparecidos. Familias Unidas por Nuestros Desaparecidos Jalisco (Fundej) sali\u00f3 a marchar para recordarle al Estado que es incompetente para buscar a quienes fueron desaparecidos,\u2026","rel":"","context":"En &quot;CINTILLO&quot;","block_context":{"text":"CINTILLO","link":"http:\/\/www.grieta.org.mx\/index.php\/category\/cintillo\/"},"img":{"alt_text":"","src":"https:\/\/i0.wp.com\/www.grieta.org.mx\/wp-content\/uploads\/2022\/02\/2022-02-15_11-02-26___6418.jpg?resize=350%2C200","width":350,"height":200,"srcset":"https:\/\/i0.wp.com\/www.grieta.org.mx\/wp-content\/uploads\/2022\/02\/2022-02-15_11-02-26___6418.jpg?resize=350%2C200 1x, https:\/\/i0.wp.com\/www.grieta.org.mx\/wp-content\/uploads\/2022\/02\/2022-02-15_11-02-26___6418.jpg?resize=525%2C300 1.5x, https:\/\/i0.wp.com\/www.grieta.org.mx\/wp-content\/uploads\/2022\/02\/2022-02-15_11-02-26___6418.jpg?resize=700%2C400 2x"},"classes":[]},{"id":37651,"url":"http:\/\/www.grieta.org.mx\/index.php\/2019\/08\/08\/denuncia-fundej-hostigamiento-jaisco\/","url_meta":{"origin":4276,"position":5},"title":"Denuncia Fundej hostigamiento (Jaisco)","author":"grieta","date":"8 agosto, 2019","format":false,"excerpt":"Foto: Grisel Pajarito Dario Pereira \/ El Diario NTR El colectivo Familias Unidas por Nuestros Desaparecidos Jalisco (Fundej) denunci\u00f3 a trav\u00e9s de un comunicado que algunos de sus integrantes han recibido llamadas telef\u00f3nicas mediante las que un colectivo aparentemente ap\u00f3crifo les ofrece dinero por unirse a \u00e9l, adem\u00e1s de generarles\u2026","rel":"","context":"En &quot;CINTILLO&quot;","block_context":{"text":"CINTILLO","link":"http:\/\/www.grieta.org.mx\/index.php\/category\/cintillo\/"},"img":{"alt_text":"","src":"https:\/\/i0.wp.com\/www.grieta.org.mx\/wp-content\/uploads\/2019\/08\/2019-08-07_11-08-16___4293.jpg?resize=350%2C200","width":350,"height":200,"srcset":"https:\/\/i0.wp.com\/www.grieta.org.mx\/wp-content\/uploads\/2019\/08\/2019-08-07_11-08-16___4293.jpg?resize=350%2C200 1x, https:\/\/i0.wp.com\/www.grieta.org.mx\/wp-content\/uploads\/2019\/08\/2019-08-07_11-08-16___4293.jpg?resize=525%2C300 1.5x, https:\/\/i0.wp.com\/www.grieta.org.mx\/wp-content\/uploads\/2019\/08\/2019-08-07_11-08-16___4293.jpg?resize=700%2C400 2x"},"classes":[]}],"_links":{"self":[{"href":"http:\/\/www.grieta.org.mx\/index.php\/wp-json\/wp\/v2\/posts\/4276","targetHints":{"allow":["GET"]}}],"collection":[{"href":"http:\/\/www.grieta.org.mx\/index.php\/wp-json\/wp\/v2\/posts"}],"about":[{"href":"http:\/\/www.grieta.org.mx\/index.php\/wp-json\/wp\/v2\/types\/post"}],"author":[{"embeddable":true,"href":"http:\/\/www.grieta.org.mx\/index.php\/wp-json\/wp\/v2\/users\/2"}],"replies":[{"embeddable":true,"href":"http:\/\/www.grieta.org.mx\/index.php\/wp-json\/wp\/v2\/comments?post=4276"}],"version-history":[{"count":1,"href":"http:\/\/www.grieta.org.mx\/index.php\/wp-json\/wp\/v2\/posts\/4276\/revisions"}],"predecessor-version":[{"id":10845,"href":"http:\/\/www.grieta.org.mx\/index.php\/wp-json\/wp\/v2\/posts\/4276\/revisions\/10845"}],"wp:featuredmedia":[{"embeddable":true,"href":"http:\/\/www.grieta.org.mx\/index.php\/wp-json\/wp\/v2\/media\/21928"}],"wp:attachment":[{"href":"http:\/\/www.grieta.org.mx\/index.php\/wp-json\/wp\/v2\/media?parent=4276"}],"wp:term":[{"taxonomy":"category","embeddable":true,"href":"http:\/\/www.grieta.org.mx\/index.php\/wp-json\/wp\/v2\/categories?post=4276"},{"taxonomy":"post_tag","embeddable":true,"href":"http:\/\/www.grieta.org.mx\/index.php\/wp-json\/wp\/v2\/tags?post=4276"}],"curies":[{"name":"wp","href":"https:\/\/api.w.org\/{rel}","templated":true}]}}