{"id":42717,"date":"2019-12-14T20:18:56","date_gmt":"2019-12-15T02:18:56","guid":{"rendered":"http:\/\/www.grieta.org.mx\/?p=42717"},"modified":"2020-01-04T20:22:24","modified_gmt":"2020-01-05T02:22:24","slug":"protestan-contra-carlos-pena-por-falta-de-pago-zacatecas","status":"publish","type":"post","link":"http:\/\/www.grieta.org.mx\/index.php\/2019\/12\/14\/protestan-contra-carlos-pena-por-falta-de-pago-zacatecas\/","title":{"rendered":"Protestan contra Carlos Pe\u00f1a por falta de pago (Zacatecas)"},"content":{"rendered":"<p>Alberto Morones \/ NTR Zacatecas, 14 de diciembre de 2019<\/p>\n<figure id=\"attachment_42718\" aria-describedby=\"caption-attachment-42718\" style=\"width: 800px\" class=\"wp-caption aligncenter\"><img loading=\"lazy\" decoding=\"async\" data-attachment-id=\"42718\" data-permalink=\"http:\/\/www.grieta.org.mx\/index.php\/2019\/12\/14\/protestan-contra-carlos-pena-por-falta-de-pago-zacatecas\/sntea-izea-1-650x380\/\" data-orig-file=\"http:\/\/www.grieta.org.mx\/wp-content\/uploads\/2020\/01\/sntea-izea-1-650x380.jpg\" data-orig-size=\"650,380\" data-comments-opened=\"0\" data-image-meta=\"{&quot;aperture&quot;:&quot;0&quot;,&quot;credit&quot;:&quot;&quot;,&quot;camera&quot;:&quot;&quot;,&quot;caption&quot;:&quot;&quot;,&quot;created_timestamp&quot;:&quot;0&quot;,&quot;copyright&quot;:&quot;&quot;,&quot;focal_length&quot;:&quot;0&quot;,&quot;iso&quot;:&quot;0&quot;,&quot;shutter_speed&quot;:&quot;0&quot;,&quot;title&quot;:&quot;&quot;,&quot;orientation&quot;:&quot;0&quot;}\" data-image-title=\"sntea-izea-1-650&amp;#215;380\" data-image-description=\"\" data-image-caption=\"&lt;p&gt;Foto: NTR Zacatecas&lt;\/p&gt;\n\" data-medium-file=\"http:\/\/www.grieta.org.mx\/wp-content\/uploads\/2020\/01\/sntea-izea-1-650x380-300x175.jpg\" data-large-file=\"http:\/\/www.grieta.org.mx\/wp-content\/uploads\/2020\/01\/sntea-izea-1-650x380.jpg\" class=\"wp-image-42718\" src=\"http:\/\/www.grieta.org.mx\/wp-content\/uploads\/2020\/01\/sntea-izea-1-650x380.jpg\" alt=\"\" width=\"800\" height=\"468\" srcset=\"http:\/\/www.grieta.org.mx\/wp-content\/uploads\/2020\/01\/sntea-izea-1-650x380.jpg 650w, http:\/\/www.grieta.org.mx\/wp-content\/uploads\/2020\/01\/sntea-izea-1-650x380-300x175.jpg 300w\" sizes=\"auto, (max-width: 800px) 100vw, 800px\" \/><figcaption id=\"caption-attachment-42718\" class=\"wp-caption-text\">Foto: NTR Zacatecas<\/figcaption><\/figure>\n<p>La Secci\u00f3n 32 del Sindicato Nacional de Trabajadores para la Educaci\u00f3n de los Adultos (SNTEA) realiz\u00f3 una protesta frente las oficinas del Instituto Zacatecano de Educaci\u00f3n para Adultos (IZEA), tras darse a conocer que no se les pagar\u00e1n algunas prestaciones por supuesto d\u00e9ficit en la partida de pagos.<\/p>\n<p>Gabriela Ram\u00edrez Santoyo, secretaria general de la Secci\u00f3n 32, expuso que el 11 de diciembre el director del IZEA, Carlos Pe\u00f1a Badillo, inform\u00f3 que hab\u00eda un problema respecto al recurso correspondiente a pagos, lo que hac\u00eda imposible la dispersi\u00f3n de cinco prestaciones a 114 sindicalizados.<\/p>\n<p>La l\u00edder sindical detall\u00f3 que los bonos, que ser\u00e1n pagados hasta principios del pr\u00f3ximo a\u00f1o, son: por puntualidad mensual, puntualidad anual, d\u00edas econ\u00f3micos, ajuste de calendario y notas buenas, que equivalen a un monto de 600 mil pesos.<\/p>\n<p>Los inconformes solicitaron que Pe\u00f1a Badillo rinda cuentas sobre el uso del recurso, pues \u201cno nos parece correcto el argumento que nos dio el director, y queremos que nos presente documentos que aclaren por qu\u00e9 se cre\u00f3 este faltante\u201d.<\/p>\n<p>Tras la protesta, se acord\u00f3 con personal jur\u00eddico del IZEA entablar una mesa de negociaci\u00f3n, en la que, enfatiz\u00f3 Gabriela Ram\u00edrez, \u201ccontinu\u00f3 la postura de las autoridades de hacer el pago hasta 2020\u201d.<\/p>\n<p>En esta reuni\u00f3n, se precis\u00f3 que el pago de las prestaciones adeudas se realizar\u00e1 en la primera quincena de enero, recurso que ser\u00e1 cubierto con presupuesto de 2020.<\/p>\n<p>La secretaria expres\u00f3 que el faltante de recurso \u201cno se gener\u00f3 por un est\u00edmulo que se nos entreg\u00f3 a medio a\u00f1o [en julio], pues \u00e9se tambi\u00e9n fue un pago que se debi\u00f3 haber hecho a finales de 2018, un retraso m\u00e1s\u00bb.<\/p>\n<p>Al concluir la reuni\u00f3n, la Secci\u00f3n 32 del SNTEA acept\u00f3 los t\u00e9rminos propuestos por la Administraci\u00f3n Central, por lo que ahora deber\u00e1n esperar al pr\u00f3ximo mes para gozar de estos incentivos.<\/p>\n<p><a href=\"http:\/\/ntrzacatecas.com\/2019\/12\/14\/protestan-contra-carlos-pena-por-falta-de-pago\/\">http:\/\/ntrzacatecas.com\/2019\/12\/14\/protestan-contra-carlos-pena-por-falta-de-pago\/<\/a><\/p>\n","protected":false},"excerpt":{"rendered":"<p>Alberto Morones \/ NTR Zacatecas, 14 de diciembre de 2019 La Secci\u00f3n 32 del Sindicato Nacional de Trabajadores para la Educaci\u00f3n de los Adultos (SNTEA) realiz\u00f3 una protesta frente las &hellip; <a href=\"http:\/\/www.grieta.org.mx\/index.php\/2019\/12\/14\/protestan-contra-carlos-pena-por-falta-de-pago-zacatecas\/\" class=\"more-link\">Leer m\u00e1s<\/a><\/p>\n","protected":false},"author":2,"featured_media":42718,"comment_status":"closed","ping_status":"closed","sticky":false,"template":"","format":"standard","meta":{"ngg_post_thumbnail":0,"_jetpack_newsletter_access":"","_jetpack_dont_email_post_to_subs":false,"_jetpack_newsletter_tier_id":0,"_jetpack_memberships_contains_paywalled_content":false,"_jetpack_memberships_contains_paid_content":false,"footnotes":""},"categories":[80,1562,1109,2364,76],"tags":[2250,2841,1290,1550,1361],"class_list":["post-42717","post","type-post","status-publish","format-standard","has-post-thumbnail","hentry","category-cintillo","category-conflictos-de-trabajadores-del-estado-en-zacatecas","category-explotacion-y-precariedad-laboral-zacatecas","category-protestas-y-movilizaciones-de-maestros-en-zacatecas","category-zacatecas","tag-conflictos-laborales-en-el-sector-publico","tag-explotacion-y-precariedad-laboral","tag-precariedad-laboral","tag-precariedad-presupuestal","tag-protestas-de-maestros","entry"],"jetpack_featured_media_url":"http:\/\/www.grieta.org.mx\/wp-content\/uploads\/2020\/01\/sntea-izea-1-650x380.jpg","jetpack_sharing_enabled":true,"jetpack_shortlink":"https:\/\/wp.me\/p7ZJR4-b6Z","jetpack_likes_enabled":false,"jetpack-related-posts":[{"id":60448,"url":"http:\/\/www.grieta.org.mx\/index.php\/2021\/07\/01\/se-suma-sitez-a-protestas-contra-reforma-a-la-ley-de-issstezac-zacatecas\/","url_meta":{"origin":42717,"position":0},"title":"Se suma SITEZ a protestas contra reforma a la Ley de Issstezac (Zacatecas)","author":"grieta","date":"1 julio, 2021","format":false,"excerpt":"KAREN CALDER\u00d3N \/ NTRZACATECAS.COM, 01 de julio de 2021 ZACATECAS. El Sindicato Independiente de Trabajadores del Estado de Zacatecas (SITEZ) se manifest\u00f3 a las afueras del Congreso del Estado y en Plaza de Armas en contra de la reforma a la Ley de Issstezac y de las percepciones extraordinarias del\u2026","rel":"","context":"En &quot;CINTILLO&quot;","block_context":{"text":"CINTILLO","link":"http:\/\/www.grieta.org.mx\/index.php\/category\/cintillo\/"},"img":{"alt_text":"","src":"https:\/\/i0.wp.com\/www.grieta.org.mx\/wp-content\/uploads\/2021\/07\/sitez-4-650x380-1.jpeg?resize=350%2C200","width":350,"height":200,"srcset":"https:\/\/i0.wp.com\/www.grieta.org.mx\/wp-content\/uploads\/2021\/07\/sitez-4-650x380-1.jpeg?resize=350%2C200 1x, https:\/\/i0.wp.com\/www.grieta.org.mx\/wp-content\/uploads\/2021\/07\/sitez-4-650x380-1.jpeg?resize=525%2C300 1.5x"},"classes":[]},{"id":29466,"url":"http:\/\/www.grieta.org.mx\/index.php\/2019\/02\/20\/denuncian-despidos-injustificados-zacatecas\/","url_meta":{"origin":42717,"position":1},"title":"Denuncian despidos injustificados (Zacatecas)","author":"grieta","date":"20 febrero, 2019","format":false,"excerpt":"ALEJANDRO CASTA\u00d1EDA | NTRZACATECAS.COM. Zacatecas.- Ex trabajadores del Sistema Nacional del Empleo (SNE) delegaci\u00f3n Zacatecas denunciaron que aproximadamente 40 personas han sido despedidas injustificadamente por la dependencia y 20 m\u00e1s est\u00e1n en riesgo de ser removidos. Rogelio Alv\u00e1rez, quien trabaj\u00f3 durante 22 a\u00f1os en el SNE, asegur\u00f3 que los despidos\u2026","rel":"","context":"En &quot;CINTILLO&quot;","block_context":{"text":"CINTILLO","link":"http:\/\/www.grieta.org.mx\/index.php\/category\/cintillo\/"},"img":{"alt_text":"","src":"https:\/\/i0.wp.com\/www.grieta.org.mx\/wp-content\/uploads\/2019\/02\/whatsapp-image-2019-02-20-at-13.25.25.jpeg?resize=350%2C200","width":350,"height":200,"srcset":"https:\/\/i0.wp.com\/www.grieta.org.mx\/wp-content\/uploads\/2019\/02\/whatsapp-image-2019-02-20-at-13.25.25.jpeg?resize=350%2C200 1x, https:\/\/i0.wp.com\/www.grieta.org.mx\/wp-content\/uploads\/2019\/02\/whatsapp-image-2019-02-20-at-13.25.25.jpeg?resize=525%2C300 1.5x, https:\/\/i0.wp.com\/www.grieta.org.mx\/wp-content\/uploads\/2019\/02\/whatsapp-image-2019-02-20-at-13.25.25.jpeg?resize=700%2C400 2x, https:\/\/i0.wp.com\/www.grieta.org.mx\/wp-content\/uploads\/2019\/02\/whatsapp-image-2019-02-20-at-13.25.25.jpeg?resize=1050%2C600 3x"},"classes":[]},{"id":42712,"url":"http:\/\/www.grieta.org.mx\/index.php\/2019\/12\/17\/subsistemas-educativos-protestan-por-reduccion-a-presupuesto-zacatecas\/","url_meta":{"origin":42717,"position":2},"title":"Subsistemas educativos protestan por reducci\u00f3n a presupuesto (Zacatecas)","author":"grieta","date":"17 diciembre, 2019","format":false,"excerpt":"Zacatecasonline \/ Martes 17 de Diciembre de 2019 Este martes comenz\u00f3 una movilizaci\u00f3n de docentes y trabajadores de distintas instituciones educativas, para exigir a diputados que no se reduzcan los recursos para el 2020, tal como viene contemplado en el paquete econ\u00f3mico estatal del 2020. Por la ma\u00f1ana comenzaron a\u2026","rel":"","context":"En &quot;CINTILLO&quot;","block_context":{"text":"CINTILLO","link":"http:\/\/www.grieta.org.mx\/index.php\/category\/cintillo\/"},"img":{"alt_text":"","src":"https:\/\/i0.wp.com\/www.grieta.org.mx\/wp-content\/uploads\/2020\/01\/cobaez_2.jpeg?resize=350%2C200","width":350,"height":200,"srcset":"https:\/\/i0.wp.com\/www.grieta.org.mx\/wp-content\/uploads\/2020\/01\/cobaez_2.jpeg?resize=350%2C200 1x, https:\/\/i0.wp.com\/www.grieta.org.mx\/wp-content\/uploads\/2020\/01\/cobaez_2.jpeg?resize=525%2C300 1.5x"},"classes":[]},{"id":22522,"url":"http:\/\/www.grieta.org.mx\/index.php\/2018\/04\/03\/toman-sindicalizados-la-alcaldia-de-trancoso-zacatecas\/","url_meta":{"origin":42717,"position":3},"title":"Toman sindicalizados la alcald\u00eda de Trancoso (Zacatecas)","author":"grieta","date":"3 abril, 2018","format":false,"excerpt":"Juan Castro\/El Sol de Zacatecas","rel":"","context":"En &quot;CINTILLO&quot;","block_context":{"text":"CINTILLO","link":"http:\/\/www.grieta.org.mx\/index.php\/category\/cintillo\/"},"img":{"alt_text":"","src":"https:\/\/i0.wp.com\/www.grieta.org.mx\/wp-content\/uploads\/2018\/04\/z1.jpg?resize=350%2C200","width":350,"height":200,"srcset":"https:\/\/i0.wp.com\/www.grieta.org.mx\/wp-content\/uploads\/2018\/04\/z1.jpg?resize=350%2C200 1x, https:\/\/i0.wp.com\/www.grieta.org.mx\/wp-content\/uploads\/2018\/04\/z1.jpg?resize=525%2C300 1.5x, https:\/\/i0.wp.com\/www.grieta.org.mx\/wp-content\/uploads\/2018\/04\/z1.jpg?resize=700%2C400 2x"},"classes":[]},{"id":60460,"url":"http:\/\/www.grieta.org.mx\/index.php\/2021\/07\/15\/frenan-protestas-reforma-issstezac-zacatecas\/","url_meta":{"origin":42717,"position":4},"title":"Frenan protestas reforma Issstezac (Zacatecas)","author":"grieta","date":"15 julio, 2021","format":false,"excerpt":"LANDY VALLE Y FRANZELY REYNA\/NTRZACATECAS.COM 15 de julio de 2021. Zacatecas, Zacatecas.-Tras horas de protestas en la capital del estado, sindicalizados acordaron con los diputados locales que recibieran sus propuestas y ampliaran la discusi\u00f3n de la reforma al Instituto de Seguridad y Servicios Sociales de los Trabajadores del Estado de\u2026","rel":"","context":"En &quot;CINTILLO&quot;","block_context":{"text":"CINTILLO","link":"http:\/\/www.grieta.org.mx\/index.php\/category\/cintillo\/"},"img":{"alt_text":"","src":"https:\/\/i0.wp.com\/www.grieta.org.mx\/wp-content\/uploads\/2021\/07\/sindicatos-2.jpg?resize=350%2C200","width":350,"height":200,"srcset":"https:\/\/i0.wp.com\/www.grieta.org.mx\/wp-content\/uploads\/2021\/07\/sindicatos-2.jpg?resize=350%2C200 1x, https:\/\/i0.wp.com\/www.grieta.org.mx\/wp-content\/uploads\/2021\/07\/sindicatos-2.jpg?resize=525%2C300 1.5x, https:\/\/i0.wp.com\/www.grieta.org.mx\/wp-content\/uploads\/2021\/07\/sindicatos-2.jpg?resize=700%2C400 2x, https:\/\/i0.wp.com\/www.grieta.org.mx\/wp-content\/uploads\/2021\/07\/sindicatos-2.jpg?resize=1050%2C600 3x, https:\/\/i0.wp.com\/www.grieta.org.mx\/wp-content\/uploads\/2021\/07\/sindicatos-2.jpg?resize=1400%2C800 4x"},"classes":[]},{"id":34083,"url":"http:\/\/www.grieta.org.mx\/index.php\/2019\/05\/28\/protestan-en-zacatecas-por-despidos-en-el-issste\/","url_meta":{"origin":42717,"position":5},"title":"Protestan en Zacatecas por despidos en el ISSSTE","author":"grieta","date":"28 mayo, 2019","format":false,"excerpt":"Ra\u00fal Garc\u00eda\/El Sol de Zacatecas Integrantes del Sindicato Independiente de Trabajadores del ISSSTE (Sitissste) en Zacatecas expresaron su rechazo al despido de los trabajadores de la oficina de Turissste . Con la colocaci\u00f3n de pancartas en el hospital general del Instituto, en la capital zacatecana, se unieron a la manifestaci\u00f3n\u2026","rel":"","context":"En &quot;CINTILLO&quot;","block_context":{"text":"CINTILLO","link":"http:\/\/www.grieta.org.mx\/index.php\/category\/cintillo\/"},"img":{"alt_text":"","src":"https:\/\/i0.wp.com\/www.grieta.org.mx\/wp-content\/uploads\/2019\/06\/z1.jpg?resize=350%2C200","width":350,"height":200,"srcset":"https:\/\/i0.wp.com\/www.grieta.org.mx\/wp-content\/uploads\/2019\/06\/z1.jpg?resize=350%2C200 1x, https:\/\/i0.wp.com\/www.grieta.org.mx\/wp-content\/uploads\/2019\/06\/z1.jpg?resize=525%2C300 1.5x, https:\/\/i0.wp.com\/www.grieta.org.mx\/wp-content\/uploads\/2019\/06\/z1.jpg?resize=700%2C400 2x"},"classes":[]}],"_links":{"self":[{"href":"http:\/\/www.grieta.org.mx\/index.php\/wp-json\/wp\/v2\/posts\/42717","targetHints":{"allow":["GET"]}}],"collection":[{"href":"http:\/\/www.grieta.org.mx\/index.php\/wp-json\/wp\/v2\/posts"}],"about":[{"href":"http:\/\/www.grieta.org.mx\/index.php\/wp-json\/wp\/v2\/types\/post"}],"author":[{"embeddable":true,"href":"http:\/\/www.grieta.org.mx\/index.php\/wp-json\/wp\/v2\/users\/2"}],"replies":[{"embeddable":true,"href":"http:\/\/www.grieta.org.mx\/index.php\/wp-json\/wp\/v2\/comments?post=42717"}],"version-history":[{"count":1,"href":"http:\/\/www.grieta.org.mx\/index.php\/wp-json\/wp\/v2\/posts\/42717\/revisions"}],"predecessor-version":[{"id":42719,"href":"http:\/\/www.grieta.org.mx\/index.php\/wp-json\/wp\/v2\/posts\/42717\/revisions\/42719"}],"wp:featuredmedia":[{"embeddable":true,"href":"http:\/\/www.grieta.org.mx\/index.php\/wp-json\/wp\/v2\/media\/42718"}],"wp:attachment":[{"href":"http:\/\/www.grieta.org.mx\/index.php\/wp-json\/wp\/v2\/media?parent=42717"}],"wp:term":[{"taxonomy":"category","embeddable":true,"href":"http:\/\/www.grieta.org.mx\/index.php\/wp-json\/wp\/v2\/categories?post=42717"},{"taxonomy":"post_tag","embeddable":true,"href":"http:\/\/www.grieta.org.mx\/index.php\/wp-json\/wp\/v2\/tags?post=42717"}],"curies":[{"name":"wp","href":"https:\/\/api.w.org\/{rel}","templated":true}]}}