{"id":4267,"date":"2015-10-26T18:05:21","date_gmt":"2015-10-26T18:05:21","guid":{"rendered":"http:\/\/50.22.11.12\/~grietaor\/?p=4267"},"modified":"2016-04-25T00:33:57","modified_gmt":"2016-04-25T00:33:57","slug":"protestan-en-vallarta-por-desaparicion-de-abogada","status":"publish","type":"post","link":"http:\/\/www.grieta.org.mx\/index.php\/2015\/10\/26\/protestan-en-vallarta-por-desaparicion-de-abogada\/","title":{"rendered":"Protestan en Vallarta por desaparici\u00f3n de abogada"},"content":{"rendered":"<p>Por Javier Santos, corresponsal <\/p>\n<p>Puerto Vallarta, Jalisco. Unas 300 personas de los poblados de Yelapa, Quimixto, Chacala y de Puerto Vallarta marcharon la noche del domingo para exigir con vida la aparici\u00f3n de la abogada Miriam Patricia Almanza, desparecida el 16 de octubre pasado.<\/p>\n<p>La joven abogada hab\u00eda asistido a un encuentro con unas personas en el caf\u00e9 Starbucks del centro de la ciudad donde despareci\u00f3 junto con su veh\u00edculo.<\/p>\n<p>Ana Almanza, hermana de la litigante, dijo al t\u00e9rmino de la marcha que no existe ning\u00fan avance en las investigaciones hasta el momento. \u201cQueremos que regrese con vida, no queremos un cuerpo porque fue una persona viva la que desapareci\u00f3 en el centro, en el primer cuadro de la ciudad, a la luz del d\u00eda\u201d.<\/p>\n<p>Entre l\u00e1grimas, Almanza destac\u00f3 que no le gustar\u00eda que alguien \u201cpasara por lo que estamos pasando. Cr\u00e9anme es morir poco a poco todos los d\u00edas, son diez d\u00edas que no tenemos noticias del paradero de Miriam. Son diez d\u00edas que no se duerme, no se come, el coraz\u00f3n se rompe d\u00eda a d\u00eda\u201d.<\/p>\n<p>Gran parte de los manifestantes utilizaron pancartas en ingl\u00e9s y espa\u00f1ol alusivas al regreso de la abogada ya que su caso no era un hecho aislado.<\/p>\n<p>La manifestaci\u00f3n sali\u00f3 de la Unidad Deportiva Agust\u00edn Flores Contreras, pas\u00f3 por el malec\u00f3n y concluy\u00f3 en kiosco, frente a la presidencia municipal.<\/p>\n<p><a href=\"http:\/\/www.jornada.unam.mx\/ultimas\/2015\/10\/26\/protestan-en-vallarta-por-desaparicion-de-abogada-5621.html\" target=\"_blank\">http:\/\/www.jornada.unam.mx\/ultimas\/2015\/10\/26\/protestan-en-vallarta-por-desaparicion-de-abogada-5621.html<\/a><\/p>\n","protected":false},"excerpt":{"rendered":"<p>Por Javier Santos, corresponsal Puerto Vallarta, Jalisco. Unas 300 personas de los poblados de Yelapa, Quimixto, Chacala y de Puerto Vallarta marcharon la noche del domingo para exigir con vida &hellip; <a href=\"http:\/\/www.grieta.org.mx\/index.php\/2015\/10\/26\/protestan-en-vallarta-por-desaparicion-de-abogada\/\" class=\"more-link\">Leer m\u00e1s<\/a><\/p>\n","protected":false},"author":2,"featured_media":21928,"comment_status":"closed","ping_status":"open","sticky":false,"template":"","format":"standard","meta":{"ngg_post_thumbnail":0,"_jetpack_newsletter_access":"","_jetpack_dont_email_post_to_subs":false,"_jetpack_newsletter_tier_id":0,"_jetpack_memberships_contains_paywalled_content":false,"_jetpack_memberships_contains_paid_content":false,"footnotes":""},"categories":[80,230],"tags":[121],"class_list":["post-4267","post","type-post","status-publish","format-standard","has-post-thumbnail","hentry","category-cintillo","category-jalisco","tag-desaparecidos","entry"],"jetpack_featured_media_url":"http:\/\/www.grieta.org.mx\/wp-content\/uploads\/2018\/03\/14524434_1106112876131411_958039263622046936_o.jpg","jetpack_sharing_enabled":true,"jetpack_shortlink":"https:\/\/wp.me\/p7ZJR4-16P","jetpack_likes_enabled":false,"jetpack-related-posts":[{"id":64450,"url":"http:\/\/www.grieta.org.mx\/index.php\/2022\/06\/22\/abogada-feminista-en-vallarta-bajo-acoso-y-perseguida-jalisco\/","url_meta":{"origin":4267,"position":0},"title":"Abogada feminista en Vallarta bajo acoso y perseguida (Jalisco)","author":"grieta","date":"22 junio, 2022","format":false,"excerpt":"Imagen: Perimetral Susana Rodr\u00edguez \/ PERIMETRAL \u201cSi esto me pas\u00f3 a m\u00ed, que soy una figura reconocida que tiene contactos y conoce los procedimiento, \u00bfQu\u00e9 le espera a una mujer v\u00edctima de violencia que viene con todo el temor y carente de herramientas a poner una denuncia a la fiscal\u00eda?\u00bb,\u2026","rel":"","context":"En &quot;Amenazas contra activistas en Jalisco&quot;","block_context":{"text":"Amenazas contra activistas en Jalisco","link":"http:\/\/www.grieta.org.mx\/index.php\/category\/noticias-nacionales\/jalisco\/amenazas-contra-activistas-en-jalisco\/"},"img":{"alt_text":"","src":"https:\/\/i0.wp.com\/www.grieta.org.mx\/wp-content\/uploads\/2022\/06\/WhatsApp-Image-2022-06-20-at-7.22.10-PM-1-788x1024-1.jpeg?resize=350%2C200","width":350,"height":200,"srcset":"https:\/\/i0.wp.com\/www.grieta.org.mx\/wp-content\/uploads\/2022\/06\/WhatsApp-Image-2022-06-20-at-7.22.10-PM-1-788x1024-1.jpeg?resize=350%2C200 1x, https:\/\/i0.wp.com\/www.grieta.org.mx\/wp-content\/uploads\/2022\/06\/WhatsApp-Image-2022-06-20-at-7.22.10-PM-1-788x1024-1.jpeg?resize=525%2C300 1.5x, https:\/\/i0.wp.com\/www.grieta.org.mx\/wp-content\/uploads\/2022\/06\/WhatsApp-Image-2022-06-20-at-7.22.10-PM-1-788x1024-1.jpeg?resize=700%2C400 2x"},"classes":[]},{"id":30695,"url":"http:\/\/www.grieta.org.mx\/index.php\/2019\/03\/13\/mujeres-desaparecidas-en-vallarta-jalisco\/","url_meta":{"origin":4267,"position":1},"title":"Mujeres Desaparecidas en Vallarta (Jalisco)","author":"grieta","date":"13 marzo, 2019","format":false,"excerpt":"Adolfo Torres Mart\u00ednez \/ Siempre LIbres\u00a0 En los \u00faltimos a\u00f1os se han dado varios casos de desapariciones de mujeres en el municipio de Puerto Vallarta, de las cuales s\u00f3lo en el caso de una adolescente de 15 a\u00f1os se pudo resolver, gracias al trabajo de algunas personas de la sociedad\u2026","rel":"","context":"En &quot;CINTILLO&quot;","block_context":{"text":"CINTILLO","link":"http:\/\/www.grieta.org.mx\/index.php\/category\/cintillo\/"},"img":{"alt_text":"","src":"https:\/\/i0.wp.com\/www.grieta.org.mx\/wp-content\/uploads\/2018\/03\/14524434_1106112876131411_958039263622046936_o.jpg?resize=350%2C200","width":350,"height":200,"srcset":"https:\/\/i0.wp.com\/www.grieta.org.mx\/wp-content\/uploads\/2018\/03\/14524434_1106112876131411_958039263622046936_o.jpg?resize=350%2C200 1x, https:\/\/i0.wp.com\/www.grieta.org.mx\/wp-content\/uploads\/2018\/03\/14524434_1106112876131411_958039263622046936_o.jpg?resize=525%2C300 1.5x, https:\/\/i0.wp.com\/www.grieta.org.mx\/wp-content\/uploads\/2018\/03\/14524434_1106112876131411_958039263622046936_o.jpg?resize=700%2C400 2x"},"classes":[]},{"id":45318,"url":"http:\/\/www.grieta.org.mx\/index.php\/2020\/02\/24\/protestan-contra-construccion-de-hidroelectrica-en-rio-los-horcones-de-puerto-vallarta-jalisco\/","url_meta":{"origin":4267,"position":2},"title":"Protestan contra construcci\u00f3n de hidroel\u00e9ctrica en r\u00edo Los Horcones de Puerto Vallarta (Jalisco)","author":"grieta","date":"24 febrero, 2020","format":false,"excerpt":"Fotograf\u00eda: Puerto Vallarta Fue desde las 9 de la ma\u00f1ana que el contingente de unas 50 personas, entre ellos algunos extranjeros radicados en la localidad costera al sur del municipio Redacci\u00f3n \/ UDGTV Guadalajara, Jalisco. Ante el temor de que contin\u00fae la construcci\u00f3n de la mini hidroel\u00e9ctrica sobre el r\u00edo\u2026","rel":"","context":"En &quot;CINTILLO&quot;","block_context":{"text":"CINTILLO","link":"http:\/\/www.grieta.org.mx\/index.php\/category\/cintillo\/"},"img":{"alt_text":"","src":"https:\/\/i0.wp.com\/www.grieta.org.mx\/wp-content\/uploads\/2020\/02\/Protesta-r%C3%ADo-Horcones-PV-696x392.jpeg?resize=350%2C200","width":350,"height":200,"srcset":"https:\/\/i0.wp.com\/www.grieta.org.mx\/wp-content\/uploads\/2020\/02\/Protesta-r%C3%ADo-Horcones-PV-696x392.jpeg?resize=350%2C200 1x, https:\/\/i0.wp.com\/www.grieta.org.mx\/wp-content\/uploads\/2020\/02\/Protesta-r%C3%ADo-Horcones-PV-696x392.jpeg?resize=525%2C300 1.5x"},"classes":[]},{"id":53090,"url":"http:\/\/www.grieta.org.mx\/index.php\/2020\/08\/19\/vallarta-un-destino-para-la-trata-y-la-explotacion-sexual-jalisco\/","url_meta":{"origin":4267,"position":3},"title":"Vallarta, un destino para la trata y la explotaci\u00f3n sexual (Jalisco)","author":"grieta","date":"19 agosto, 2020","format":false,"excerpt":"Foto: Perimetral Puerto Vallarta, en Jalisco, es uno de los dos destinos tur\u00edsticos en donde hay m\u00e1s trata y explotaci\u00f3n sexual. El abuso que sufri\u00f3 una ni\u00f1a por parte de un funcionario municipal no es un caso aislado y evidencia la complicidad de autoridades, advierte la abogada\u00a0de la familia Jade\u2026","rel":"","context":"En &quot;CINTILLO&quot;","block_context":{"text":"CINTILLO","link":"http:\/\/www.grieta.org.mx\/index.php\/category\/cintillo\/"},"img":{"alt_text":"","src":"https:\/\/i0.wp.com\/www.grieta.org.mx\/wp-content\/uploads\/2020\/09\/Perimetral01.jpg?resize=350%2C200","width":350,"height":200,"srcset":"https:\/\/i0.wp.com\/www.grieta.org.mx\/wp-content\/uploads\/2020\/09\/Perimetral01.jpg?resize=350%2C200 1x, https:\/\/i0.wp.com\/www.grieta.org.mx\/wp-content\/uploads\/2020\/09\/Perimetral01.jpg?resize=525%2C300 1.5x, https:\/\/i0.wp.com\/www.grieta.org.mx\/wp-content\/uploads\/2020\/09\/Perimetral01.jpg?resize=700%2C400 2x, https:\/\/i0.wp.com\/www.grieta.org.mx\/wp-content\/uploads\/2020\/09\/Perimetral01.jpg?resize=1050%2C600 3x"},"classes":[]},{"id":65435,"url":"http:\/\/www.grieta.org.mx\/index.php\/2022\/09\/29\/aborto-legal-ya-feministas-exigen-su-derecho-a-decidir-en-puerto-vallarta-jalisco\/","url_meta":{"origin":4267,"position":4},"title":"\u201cAborto legal ya\u201d: feministas exigen su derecho a decidir en Puerto Vallarta (Jalisco)","author":"grieta","date":"29 septiembre, 2022","format":false,"excerpt":"Imagen: Zona Docs: Decenas de feministas en Puerto Vallarta, Jalisco se unieron a la marea verde este 28 de septiembre en conmemoraci\u00f3n del\u00a0D\u00eda de Acci\u00f3n Global por un aborto legal, seguro\u00a0y gratuito para exigir que este derecho sea garantizado a las mujeres y personas con capacidad de gestar en la\u2026","rel":"","context":"En &quot;CINTILLO&quot;","block_context":{"text":"CINTILLO","link":"http:\/\/www.grieta.org.mx\/index.php\/category\/cintillo\/"},"img":{"alt_text":"","src":"https:\/\/i0.wp.com\/www.grieta.org.mx\/wp-content\/uploads\/2022\/10\/photo1664426560-1-1068x801-1.jpeg?resize=350%2C200","width":350,"height":200,"srcset":"https:\/\/i0.wp.com\/www.grieta.org.mx\/wp-content\/uploads\/2022\/10\/photo1664426560-1-1068x801-1.jpeg?resize=350%2C200 1x, https:\/\/i0.wp.com\/www.grieta.org.mx\/wp-content\/uploads\/2022\/10\/photo1664426560-1-1068x801-1.jpeg?resize=525%2C300 1.5x, https:\/\/i0.wp.com\/www.grieta.org.mx\/wp-content\/uploads\/2022\/10\/photo1664426560-1-1068x801-1.jpeg?resize=700%2C400 2x, https:\/\/i0.wp.com\/www.grieta.org.mx\/wp-content\/uploads\/2022\/10\/photo1664426560-1-1068x801-1.jpeg?resize=1050%2C600 3x"},"classes":[]},{"id":59551,"url":"http:\/\/www.grieta.org.mx\/index.php\/2021\/05\/18\/protestas-jovenes-por-desaparecidos-en-puerto-vallarta-jalisco\/","url_meta":{"origin":4267,"position":5},"title":"Protestan j\u00f3venes por desaparecidos en Puerto Vallarta (Jalisco)","author":"grieta","date":"18 mayo, 2021","format":false,"excerpt":"Foto: Ilustrativa, tomada de Internet J. Alejo \/ Meridiano.MX Puerto Vallarta.- Colectivos marcharon la tarde de ayer en protesta por la desaparici\u00f3n y posterior hallazgo sin vida de los hermanos Gonz\u00e1lez Moreno. De manera pac\u00edfica y por las principales calles de la ciudad, decenas de personas, mujeres j\u00f3venes en su\u2026","rel":"","context":"En &quot;CINTILLO&quot;","block_context":{"text":"CINTILLO","link":"http:\/\/www.grieta.org.mx\/index.php\/category\/cintillo\/"},"img":{"alt_text":"","src":"https:\/\/i0.wp.com\/www.grieta.org.mx\/wp-content\/uploads\/2021\/05\/WhatsApp-Image-2020-09-26-at-1.41.48-PM-e1621889726451.jpeg?resize=350%2C200","width":350,"height":200,"srcset":"https:\/\/i0.wp.com\/www.grieta.org.mx\/wp-content\/uploads\/2021\/05\/WhatsApp-Image-2020-09-26-at-1.41.48-PM-e1621889726451.jpeg?resize=350%2C200 1x, https:\/\/i0.wp.com\/www.grieta.org.mx\/wp-content\/uploads\/2021\/05\/WhatsApp-Image-2020-09-26-at-1.41.48-PM-e1621889726451.jpeg?resize=525%2C300 1.5x, https:\/\/i0.wp.com\/www.grieta.org.mx\/wp-content\/uploads\/2021\/05\/WhatsApp-Image-2020-09-26-at-1.41.48-PM-e1621889726451.jpeg?resize=700%2C400 2x"},"classes":[]}],"_links":{"self":[{"href":"http:\/\/www.grieta.org.mx\/index.php\/wp-json\/wp\/v2\/posts\/4267","targetHints":{"allow":["GET"]}}],"collection":[{"href":"http:\/\/www.grieta.org.mx\/index.php\/wp-json\/wp\/v2\/posts"}],"about":[{"href":"http:\/\/www.grieta.org.mx\/index.php\/wp-json\/wp\/v2\/types\/post"}],"author":[{"embeddable":true,"href":"http:\/\/www.grieta.org.mx\/index.php\/wp-json\/wp\/v2\/users\/2"}],"replies":[{"embeddable":true,"href":"http:\/\/www.grieta.org.mx\/index.php\/wp-json\/wp\/v2\/comments?post=4267"}],"version-history":[{"count":1,"href":"http:\/\/www.grieta.org.mx\/index.php\/wp-json\/wp\/v2\/posts\/4267\/revisions"}],"predecessor-version":[{"id":10841,"href":"http:\/\/www.grieta.org.mx\/index.php\/wp-json\/wp\/v2\/posts\/4267\/revisions\/10841"}],"wp:featuredmedia":[{"embeddable":true,"href":"http:\/\/www.grieta.org.mx\/index.php\/wp-json\/wp\/v2\/media\/21928"}],"wp:attachment":[{"href":"http:\/\/www.grieta.org.mx\/index.php\/wp-json\/wp\/v2\/media?parent=4267"}],"wp:term":[{"taxonomy":"category","embeddable":true,"href":"http:\/\/www.grieta.org.mx\/index.php\/wp-json\/wp\/v2\/categories?post=4267"},{"taxonomy":"post_tag","embeddable":true,"href":"http:\/\/www.grieta.org.mx\/index.php\/wp-json\/wp\/v2\/tags?post=4267"}],"curies":[{"name":"wp","href":"https:\/\/api.w.org\/{rel}","templated":true}]}}