{"id":42516,"date":"2019-12-26T13:27:30","date_gmt":"2019-12-26T19:27:30","guid":{"rendered":"http:\/\/www.grieta.org.mx\/?p=42516"},"modified":"2019-12-27T13:45:31","modified_gmt":"2019-12-27T19:45:31","slug":"queremos-vivir-sin-miedo-protestan-por-feminicidio-de-nazaret-estudiante-de-chapingo-estado-de-mexico","status":"publish","type":"post","link":"http:\/\/www.grieta.org.mx\/index.php\/2019\/12\/26\/queremos-vivir-sin-miedo-protestan-por-feminicidio-de-nazaret-estudiante-de-chapingo-estado-de-mexico\/","title":{"rendered":"Queremos vivir sin miedo\u201d: protestan por feminicidio de Nazaret, estudiante de Chapingo (Estado de M\u00e9xico)"},"content":{"rendered":"<p><img loading=\"lazy\" decoding=\"async\" data-attachment-id=\"42517\" data-permalink=\"http:\/\/www.grieta.org.mx\/index.php\/2019\/12\/26\/queremos-vivir-sin-miedo-protestan-por-feminicidio-de-nazaret-estudiante-de-chapingo-estado-de-mexico\/queremos-vivir-sin-miedo-protestan-por-feminicidio-de-nazaret-estudiante-de-chapingo-edomex-dic\/\" data-orig-file=\"http:\/\/www.grieta.org.mx\/wp-content\/uploads\/2019\/12\/Queremos-vivir-sin-miedo-protestan-por-feminicidio-de-Nazaret-estudiante-de-Chapingo-edomex-dic.png\" data-orig-size=\"571,470\" data-comments-opened=\"0\" data-image-meta=\"{&quot;aperture&quot;:&quot;0&quot;,&quot;credit&quot;:&quot;&quot;,&quot;camera&quot;:&quot;&quot;,&quot;caption&quot;:&quot;&quot;,&quot;created_timestamp&quot;:&quot;0&quot;,&quot;copyright&quot;:&quot;&quot;,&quot;focal_length&quot;:&quot;0&quot;,&quot;iso&quot;:&quot;0&quot;,&quot;shutter_speed&quot;:&quot;0&quot;,&quot;title&quot;:&quot;&quot;,&quot;orientation&quot;:&quot;0&quot;}\" data-image-title=\"Queremos vivir sin miedo protestan por feminicidio de Nazaret, estudiante de Chapingo edomex dic\" data-image-description=\"\" data-image-caption=\"\" data-medium-file=\"http:\/\/www.grieta.org.mx\/wp-content\/uploads\/2019\/12\/Queremos-vivir-sin-miedo-protestan-por-feminicidio-de-Nazaret-estudiante-de-Chapingo-edomex-dic-300x247.png\" data-large-file=\"http:\/\/www.grieta.org.mx\/wp-content\/uploads\/2019\/12\/Queremos-vivir-sin-miedo-protestan-por-feminicidio-de-Nazaret-estudiante-de-Chapingo-edomex-dic.png\" class=\"aligncenter size-full wp-image-42517\" src=\"http:\/\/www.grieta.org.mx\/wp-content\/uploads\/2019\/12\/Queremos-vivir-sin-miedo-protestan-por-feminicidio-de-Nazaret-estudiante-de-Chapingo-edomex-dic.png\" alt=\"\" width=\"571\" height=\"470\" srcset=\"http:\/\/www.grieta.org.mx\/wp-content\/uploads\/2019\/12\/Queremos-vivir-sin-miedo-protestan-por-feminicidio-de-Nazaret-estudiante-de-Chapingo-edomex-dic.png 571w, http:\/\/www.grieta.org.mx\/wp-content\/uploads\/2019\/12\/Queremos-vivir-sin-miedo-protestan-por-feminicidio-de-Nazaret-estudiante-de-Chapingo-edomex-dic-300x247.png 300w\" sizes=\"auto, (max-width: 571px) 100vw, 571px\" \/><br \/>\n<em>@romoblank<\/em><\/p>\n<p>Animal Pol\u00edtico<\/p>\n<blockquote><p>Los alumnos guardaron un minuto de silencio en honor a su compa\u00f1era estudiante.<\/p><\/blockquote>\n<p>Estudiantes de la Universidad Aut\u00f3noma de Chapingo, en Texcoco, Estado de M\u00e9xico, protestan por el feminicidio de Nazaret Bautista, alumna de la Preparatoria Agr\u00edcola de esta casa de estudios.<\/p>\n<p>El 23 de diciembre, autoridades del Estado de M\u00e9xico encontraron el cad\u00e1ver de Nazaret, de 15 a\u00f1os, reportada como desaparecida desde el 19 de diciembre.<\/p>\n<p>La Universidad confirm\u00f3 el hallazgo del cuerpo sin vida de la joven, aunque las autoridades no han detallado qu\u00e9 provoc\u00f3 su muerte.<\/p>\n<p>Las protestas de los j\u00f3venes iniciaron desde ayer por la noche afuera de la universidad y fueron convocados nuevamente para este jueves por el Comit\u00e9 Ejecutivo Estudiantil de la Universidad Aut\u00f3noma de Chapingo para acudir a Rector\u00eda.<\/p>\n<p>Alumnas portan pancartas en las que exigen justicia y denuncian la violencia que padecen las mujeres en la zona, en ellas se lee: \u201cJusticia para Nazaret\u201d, \u201cYo quiero que mi familia venga a mi graduaci\u00f3n, NO a reconocer mi cuerpo\u201d, \u201cEn Chapingo acosan, violan y matan\u201d, \u201c#ChapingoFeminicida\u201d, \u201c#NazaretSomosTodas\u201d, \u201cQueremos vivir sin miedo y queremos al culpable\u201d.<\/p>\n<p>\u201cHoy la familia de Nazaret no celebra, nosotras tampoco, \u201cSi un d\u00eda me desaparecen, quema todo lo que encuentres a tu lado\u201d, se lee en las pancartas colocadas en el acceso principal de la Universidad.<\/p>\n<p>En un comunicado, el Comit\u00e9 Ejecutivo Estudiantil de la Universidad Aut\u00f3noma de Chapingo detall\u00f3 que la exigencia es que los estudiantes tengan un mejor futuro, llegar a salvo a sus hogares y frenar la situaci\u00f3n de inseguridad que se vive en el pa\u00eds.<\/p>\n<p>Denunciaron asaltos, acoso, y secuestros, por lo que se\u00f1alaron que era momento de demostrar solidaridad y uni\u00f3n ante causas comunes a favor de sus garant\u00edas, derechos universitarios y humanitarios.<\/p>\n<p>Tambi\u00e9n hicieron un llamado a toda la comunidad estudiantil a romper las diferencias ideol\u00f3gicas, para hacer peticiones comunes que requieren la fuerza de todo el alumnado.<\/p>\n<p>Los estudiantes guardaron un minuto de silencio en honor a su compa\u00f1era estudiante.<\/p>\n<p><a href=\"https:\/\/www.animalpolitico.com\/2019\/12\/protesta-feminicidio-nazaret-estudiante-chapingo\/\" target=\"_blank\" rel=\"noopener noreferrer\">https:\/\/www.animalpolitico.com\/2019\/12\/protesta-feminicidio-nazaret-estudiante-chapingo\/<\/a><\/p>\n","protected":false},"excerpt":{"rendered":"<p>@romoblank Animal Pol\u00edtico Los alumnos guardaron un minuto de silencio en honor a su compa\u00f1era estudiante. Estudiantes de la Universidad Aut\u00f3noma de Chapingo, en Texcoco, Estado de M\u00e9xico, protestan por &hellip; <a href=\"http:\/\/www.grieta.org.mx\/index.php\/2019\/12\/26\/queremos-vivir-sin-miedo-protestan-por-feminicidio-de-nazaret-estudiante-de-chapingo-estado-de-mexico\/\" class=\"more-link\">Leer m\u00e1s<\/a><\/p>\n","protected":false},"author":2,"featured_media":42517,"comment_status":"closed","ping_status":"closed","sticky":false,"template":"","format":"standard","meta":{"ngg_post_thumbnail":0,"_jetpack_newsletter_access":"","_jetpack_dont_email_post_to_subs":false,"_jetpack_newsletter_tier_id":0,"_jetpack_memberships_contains_paywalled_content":false,"_jetpack_memberships_contains_paid_content":false,"footnotes":""},"categories":[80,916,2900,16,84,1013,2765,2315,2151,2,83,2720],"tags":[2566,81,1565,1630],"class_list":["post-42516","post","type-post","status-publish","format-standard","has-post-thumbnail","hentry","category-cintillo","category-privatizacion-del-la-educacion-publica","category-crisis-en-el-sistema-educativo-en-el-estado-de-mexico","category-estado-de-mexico","category-feminicidios","category-feminicios-en-el-estado-de-mexico","category-incremento-de-la-violencia-en-el-estado-de-mexico","category-la-ninez-bajo-la-tormenta-capitalista-en-el-estado-de-mexico","category-movilizaciones-en-la-universidad-autonoma-de-chapingo","category-noticias-nacionales","category-temas-nacionales","category-violencia-contra-las-mujeres-en-el-estado-de-mexico","tag-crisis-en-el-sistema-educativo","tag-feminicidios","tag-violencia-contra-estudiantes","tag-violencia-contra-las-mujeres","entry"],"jetpack_featured_media_url":"http:\/\/www.grieta.org.mx\/wp-content\/uploads\/2019\/12\/Queremos-vivir-sin-miedo-protestan-por-feminicidio-de-Nazaret-estudiante-de-Chapingo-edomex-dic.png","jetpack_sharing_enabled":true,"jetpack_shortlink":"https:\/\/wp.me\/p7ZJR4-b3K","jetpack_likes_enabled":false,"jetpack-related-posts":[{"id":43836,"url":"http:\/\/www.grieta.org.mx\/index.php\/2020\/01\/27\/me-violaron-dentro-de-la-universidad-asi-han-denunciado-acoso-en-chapingo-estado-de-mexico\/","url_meta":{"origin":42516,"position":0},"title":"&#8220;Me violaron dentro de la Universidad&#8221;, as\u00ed han denunciado acoso en Chapingo (Estado de M\u00e9xico)","author":"grieta","date":"27 enero, 2020","format":false,"excerpt":"Juan L\u00e1zaro \/ La Silla Rota Tras el feminicidio de Nazareth, las estudiantes han hecho p\u00fablicos sus casos de violencia de g\u00e9nero y hasta el momento el tendedero re\u00fane m\u00e1s de 100 denuncias \"El profesor de matem\u00e1ticas de preparatoria agr\u00edcola Vicente \"N\", quiso un beso a cambio de pasar su\u2026","rel":"","context":"En &quot;CINTILLO&quot;","block_context":{"text":"CINTILLO","link":"http:\/\/www.grieta.org.mx\/index.php\/category\/cintillo\/"},"img":{"alt_text":"","src":"https:\/\/i0.wp.com\/www.grieta.org.mx\/wp-content\/uploads\/2020\/02\/Me-violaron-dentro-de-la-Universidad-as%C3%AD-han-denunciado-acoso-en-Chapingo-edomex-feb.jpg?resize=350%2C200","width":350,"height":200},"classes":[]},{"id":55453,"url":"http:\/\/www.grieta.org.mx\/index.php\/2020\/11\/22\/colectivos-protestan-colgando-mantas-en-toluca-ante-el-aumento-de-femenicidios-estado-de-mexico\/","url_meta":{"origin":42516,"position":1},"title":"Colectivos protestan colgando mantas en Toluca ante el aumento de femenicidios (Estado de M\u00e9xico)","author":"grieta","date":"22 noviembre, 2020","format":false,"excerpt":"Foto tomada de: ADNoticias V\u00edctor Castillo \/ ADNoticias Hasta octubre en el Estado de M\u00e9xico se han contabilizado 119 casos de feminicidio Integrantes de colectivos feministas colocaron este s\u00e1bado mantas sobre un puente peatonal en Paseo Tollocan, en protesta por los feminicidios en el Estado de M\u00e9xico. Esto se suma\u2026","rel":"","context":"En &quot;CINTILLO&quot;","block_context":{"text":"CINTILLO","link":"http:\/\/www.grieta.org.mx\/index.php\/category\/cintillo\/"},"img":{"alt_text":"","src":"https:\/\/i0.wp.com\/www.grieta.org.mx\/wp-content\/uploads\/2020\/11\/Colectivos-protestan-colgando-mantas-en-Toluca-ante-el-aumento-de-femenicidios-edomex-nov.jpg?resize=350%2C200","width":350,"height":200,"srcset":"https:\/\/i0.wp.com\/www.grieta.org.mx\/wp-content\/uploads\/2020\/11\/Colectivos-protestan-colgando-mantas-en-Toluca-ante-el-aumento-de-femenicidios-edomex-nov.jpg?resize=350%2C200 1x, https:\/\/i0.wp.com\/www.grieta.org.mx\/wp-content\/uploads\/2020\/11\/Colectivos-protestan-colgando-mantas-en-Toluca-ante-el-aumento-de-femenicidios-edomex-nov.jpg?resize=525%2C300 1.5x, https:\/\/i0.wp.com\/www.grieta.org.mx\/wp-content\/uploads\/2020\/11\/Colectivos-protestan-colgando-mantas-en-Toluca-ante-el-aumento-de-femenicidios-edomex-nov.jpg?resize=700%2C400 2x"},"classes":[]},{"id":40775,"url":"http:\/\/www.grieta.org.mx\/index.php\/2019\/10\/30\/se-han-presentado-77-denuncias-por-acoso-en-la-fes-cuautitlan-estado-de-mexico\/","url_meta":{"origin":42516,"position":2},"title":"SE HAN PRESENTADO 77 DENUNCIAS POR ACOSO EN LA FES CUAUTITL\u00c1N (Estado de M\u00e9xico)","author":"grieta","date":"30 octubre, 2019","format":false,"excerpt":"Reporte \u00cdndigo En la FES Cuautitl\u00e1n, alumnas ha presentado 77 denuncias por acoso sexual; los responsables han recibido amonestaciones, expulsi\u00f3n o rescisi\u00f3n Las denuncias por acoso sexual por parte de estudiantes de la FES Cuautitl\u00e1n se elev\u00f3 a 77. Por lo anterior, la Facultad de Estudios Superiores de la Universidad\u2026","rel":"","context":"En &quot;CINTILLO&quot;","block_context":{"text":"CINTILLO","link":"http:\/\/www.grieta.org.mx\/index.php\/category\/cintillo\/"},"img":{"alt_text":"","src":"https:\/\/i0.wp.com\/www.grieta.org.mx\/wp-content\/uploads\/2019\/11\/SE-HAN-PRESENTADO-77-DENUNCIAS-POR-ACOSO-EN-LA-FES-CUAUTITL%C3%81N-edomex-nov.jpg?resize=350%2C200","width":350,"height":200},"classes":[]},{"id":45793,"url":"http:\/\/www.grieta.org.mx\/index.php\/2020\/03\/06\/con-cacerolazo-protestan-contra-los-feminicidios-en-ecatepec-estado-de-mexico\/","url_meta":{"origin":42516,"position":3},"title":"Con cacerolazo, protestan contra los feminicidios en Ecatepec (Estado de M\u00e9xico)","author":"grieta","date":"6 marzo, 2020","format":false,"excerpt":"Foto: Cortes\u00eda de @abismada_ Karina Almaraz T\u00e9llez \/ La Raz\u00f3n de M\u00e9xico Colectivos feministas protestaron en las afueras del metro R\u00edo de los Remedios, punto emblem\u00e1tico de la violencia que padecen las mujeres en ese municipio. Colectivos feministas protestaron con un cacerolazo en las afueras del metro R\u00edo de los\u2026","rel":"","context":"En &quot;CINTILLO&quot;","block_context":{"text":"CINTILLO","link":"http:\/\/www.grieta.org.mx\/index.php\/category\/cintillo\/"},"img":{"alt_text":"","src":"https:\/\/i0.wp.com\/www.grieta.org.mx\/wp-content\/uploads\/2020\/03\/Con-cacerolazo-protestan-contra-los-feminicidios-en-Ecatepec-edomex-mzo.jpeg?resize=350%2C200","width":350,"height":200,"srcset":"https:\/\/i0.wp.com\/www.grieta.org.mx\/wp-content\/uploads\/2020\/03\/Con-cacerolazo-protestan-contra-los-feminicidios-en-Ecatepec-edomex-mzo.jpeg?resize=350%2C200 1x, https:\/\/i0.wp.com\/www.grieta.org.mx\/wp-content\/uploads\/2020\/03\/Con-cacerolazo-protestan-contra-los-feminicidios-en-Ecatepec-edomex-mzo.jpeg?resize=525%2C300 1.5x"},"classes":[]},{"id":25295,"url":"http:\/\/www.grieta.org.mx\/index.php\/2018\/07\/30\/comunidad-universitaria-de-la-uacm-exige-dar-con-los-responsables-del-feminicidio-de-nancy-lara\/","url_meta":{"origin":42516,"position":4},"title":"Comunidad universitaria de la UACM exige dar con los responsables del feminicidio de Nancy Lara","author":"grieta","date":"30 julio, 2018","format":false,"excerpt":"somoselmedio A trav\u00e9s de una carta dirigida a la Procuradur\u00eda General de Justicia de la Ciudad de M\u00e9xico, y a la Fiscal\u00eda General de Justicia del Estado de M\u00e9xico, la comunidad de la Universidad Aut\u00f3noma de la Ciudad de M\u00e9xico (UACM), exigi\u00f3 se realice todas las investigaciones necesarias para dar\u2026","rel":"","context":"En &quot;CINTILLO&quot;","block_context":{"text":"CINTILLO","link":"http:\/\/www.grieta.org.mx\/index.php\/category\/cintillo\/"},"img":{"alt_text":"","src":"https:\/\/i0.wp.com\/www.grieta.org.mx\/wp-content\/uploads\/2018\/08\/37718556_2015892805099617_5829932635576598528_n-696x392.jpg?resize=350%2C200","width":350,"height":200,"srcset":"https:\/\/i0.wp.com\/www.grieta.org.mx\/wp-content\/uploads\/2018\/08\/37718556_2015892805099617_5829932635576598528_n-696x392.jpg?resize=350%2C200 1x, https:\/\/i0.wp.com\/www.grieta.org.mx\/wp-content\/uploads\/2018\/08\/37718556_2015892805099617_5829932635576598528_n-696x392.jpg?resize=525%2C300 1.5x"},"classes":[]},{"id":42629,"url":"http:\/\/www.grieta.org.mx\/index.php\/2019\/12\/14\/protesta-grafica-en-ciencias-politicas-las-paredes-se-limpian-ellas-no-vuelven-ciudad-de-mexico\/","url_meta":{"origin":42516,"position":5},"title":"Protesta gr\u00e1fica en Ciencias Pol\u00edticas: las paredes se limpian, ellas no vuelven (Ciudad de M\u00e9xico)","author":"grieta","date":"14 diciembre, 2019","format":false,"excerpt":"Marcial Yangali \/ Contral\u00ednea En las paredes de la Facultad de Ciencias Pol\u00edticas y Sociales de Ciudad Universitaria se alberga un reclamo generalizado contra la violencia sexual y de g\u00e9nero que padecen estudiantes, acad\u00e9micas y trabajadoras en el espacio escolar. Una protesta gr\u00e1fica contra la ineficacia de las autoridades de\u2026","rel":"","context":"En &quot;CINTILLO&quot;","block_context":{"text":"CINTILLO","link":"http:\/\/www.grieta.org.mx\/index.php\/category\/cintillo\/"},"img":{"alt_text":"","src":"https:\/\/i0.wp.com\/www.grieta.org.mx\/wp-content\/uploads\/2019\/12\/Protesta-gr%C3%A1fica-en-Ciencias-Pol%C3%ADticas-las-paredes-se-limpian-ellas-no-vuelven-cdmx-dic.jpg?resize=350%2C200","width":350,"height":200},"classes":[]}],"_links":{"self":[{"href":"http:\/\/www.grieta.org.mx\/index.php\/wp-json\/wp\/v2\/posts\/42516","targetHints":{"allow":["GET"]}}],"collection":[{"href":"http:\/\/www.grieta.org.mx\/index.php\/wp-json\/wp\/v2\/posts"}],"about":[{"href":"http:\/\/www.grieta.org.mx\/index.php\/wp-json\/wp\/v2\/types\/post"}],"author":[{"embeddable":true,"href":"http:\/\/www.grieta.org.mx\/index.php\/wp-json\/wp\/v2\/users\/2"}],"replies":[{"embeddable":true,"href":"http:\/\/www.grieta.org.mx\/index.php\/wp-json\/wp\/v2\/comments?post=42516"}],"version-history":[{"count":1,"href":"http:\/\/www.grieta.org.mx\/index.php\/wp-json\/wp\/v2\/posts\/42516\/revisions"}],"predecessor-version":[{"id":42518,"href":"http:\/\/www.grieta.org.mx\/index.php\/wp-json\/wp\/v2\/posts\/42516\/revisions\/42518"}],"wp:featuredmedia":[{"embeddable":true,"href":"http:\/\/www.grieta.org.mx\/index.php\/wp-json\/wp\/v2\/media\/42517"}],"wp:attachment":[{"href":"http:\/\/www.grieta.org.mx\/index.php\/wp-json\/wp\/v2\/media?parent=42516"}],"wp:term":[{"taxonomy":"category","embeddable":true,"href":"http:\/\/www.grieta.org.mx\/index.php\/wp-json\/wp\/v2\/categories?post=42516"},{"taxonomy":"post_tag","embeddable":true,"href":"http:\/\/www.grieta.org.mx\/index.php\/wp-json\/wp\/v2\/tags?post=42516"}],"curies":[{"name":"wp","href":"https:\/\/api.w.org\/{rel}","templated":true}]}}