{"id":4246,"date":"2015-12-24T17:41:34","date_gmt":"2015-12-24T17:41:34","guid":{"rendered":"http:\/\/50.22.11.12\/~grietaor\/?p=4246"},"modified":"2016-04-25T00:31:08","modified_gmt":"2016-04-25T00:31:08","slug":"denuncian-cremacion-de-cuerpos-sin-identificar-en-jalisco","status":"publish","type":"post","link":"http:\/\/www.grieta.org.mx\/index.php\/2015\/12\/24\/denuncian-cremacion-de-cuerpos-sin-identificar-en-jalisco\/","title":{"rendered":"Denuncian cremaci\u00f3n de cuerpos sin identificar en Jalisco"},"content":{"rendered":"<p>Gerardo S\u00e1nchez <\/p>\n<p>Las autoridades entregan las cenizas sin estar seguros que sean los familiares quienes las reciben<\/p>\n<p>Desde 2006 y hasta octubre de 2015, se report\u00f3 que el Gobierno de Jalisco autoriz\u00f3 la cremaci\u00f3n de cuerpos de personas desaparecidas que no hab\u00edan sido identificados previamente y sin haberles hecho la prueba gen\u00e9tica, y as\u00ed haber entregado las cenizas a los familiares, denunciaron Organizaciones defensoras de Derechos Humanos.<\/p>\n<p>El Centro de Justicia para la Paz y el Desarrollo y la Red de Organismos de Derechos Humanos, han exigido al gobierno de Jalisco y a la Fiscal\u00eda que detengan la cremaci\u00f3n de cuerpos de personas no identificadas por parte del personal del Instituto Jalisciense de Ciencias Forenses (IJCF).<\/p>\n<p>\u201cEso es terrible, es un delito al Art. 21 de la Ley General de V\u00edctimas la que proh\u00edbe terminantemente que se cremen los cuerpos. Lo peor de todo es que no dejan un diente, un dedo, una evidencia de saber, de tener certeza de que es nuestro familiar\u201d, lament\u00f3 Lupita Aguilar Mam\u00e1 de Jos\u00e9 Luis Arana Aguilar de 34 a\u00f1os, desaparecido hace cuatro a\u00f1os.<\/p>\n<p>Las organizaciones explicaron que la fiscal\u00eda no comunic\u00f3 a los familiares de las v\u00edctimas que se realizaron exhumaciones en cementerios o fosas clandestinas donde pudieran existir indicios del paradero de sus familiares.<\/p>\n<p>Sin haber realizado todas las diligencias necesarias para la protecci\u00f3n de la vida e integridad f\u00edsica y psicol\u00f3gica de las v\u00edctimas de desaparici\u00f3n, tampoco les inform\u00f3 a los familiares qu\u00e9 tipos de protocolos, procedimientos y pruebas t\u00e9cnicas y cient\u00edficas habr\u00edan de llevar a cabo para la plena identificaci\u00f3n de los cuerpos y osamentas encontradas.<\/p>\n<p>\u201cCon gran indignaci\u00f3n los familiares que integran Familias Unidas por Nuestros Desaparecidos Jalisco (Fundej), comentaron que este hecho violenta los derechos de las v\u00edctimas, sin guardar respeto por sus costumbres, tradiciones religiosas y culturales con la entrega de esas cenizas, sin tener la certeza y las pruebas cient\u00edficas de que son sus familiares,\u201d puntualizaron en un escrito enviado al gobernador, Arist\u00f3teles Sandoval, y al fiscal del estado, Eduardo Almaguer.<\/p>\n<p><a href=\"http:\/\/www.somoselmedio.org\/article\/denuncian-cremaci%C3%B3n-de-cuerpos-sin-identificar-en-jalisco\" target=\"_blank\">http:\/\/www.somoselmedio.org\/article\/denuncian-cremaci%C3%B3n-de-cuerpos-sin-identificar-en-jalisco<\/a><\/p>\n","protected":false},"excerpt":{"rendered":"<p>Gerardo S\u00e1nchez Las autoridades entregan las cenizas sin estar seguros que sean los familiares quienes las reciben Desde 2006 y hasta octubre de 2015, se report\u00f3 que el Gobierno de &hellip; <a href=\"http:\/\/www.grieta.org.mx\/index.php\/2015\/12\/24\/denuncian-cremacion-de-cuerpos-sin-identificar-en-jalisco\/\" class=\"more-link\">Leer m\u00e1s<\/a><\/p>\n","protected":false},"author":2,"featured_media":21928,"comment_status":"closed","ping_status":"open","sticky":false,"template":"","format":"standard","meta":{"ngg_post_thumbnail":0,"_jetpack_newsletter_access":"","_jetpack_dont_email_post_to_subs":false,"_jetpack_newsletter_tier_id":0,"_jetpack_memberships_contains_paywalled_content":false,"_jetpack_memberships_contains_paid_content":false,"footnotes":""},"categories":[80],"tags":[],"class_list":["post-4246","post","type-post","status-publish","format-standard","has-post-thumbnail","hentry","category-cintillo","entry"],"jetpack_featured_media_url":"http:\/\/www.grieta.org.mx\/wp-content\/uploads\/2018\/03\/14524434_1106112876131411_958039263622046936_o.jpg","jetpack_sharing_enabled":true,"jetpack_shortlink":"https:\/\/wp.me\/p7ZJR4-16u","jetpack_likes_enabled":false,"jetpack-related-posts":[{"id":4253,"url":"http:\/\/www.grieta.org.mx\/index.php\/2015\/11\/30\/familias-de-desaparecidos-no-aceptaran-mas-cenizas-de-la-fiscalia\/","url_meta":{"origin":4246,"position":0},"title":"Familias de desaparecidos no aceptar\u00e1n m\u00e1s cenizas de la Fiscal\u00eda","author":"grieta","date":"30 noviembre, 2015","format":false,"excerpt":"Por: Darwin Franco Migues 30 de noviembre 2015.- \u201cCremar el cuerpo de personas no identificadas que podr\u00edan tener reporte de desaparici\u00f3n es desaparecerlas completamente\u201d, manifestaron as\u00ed los integrantes de Familias Unidas por Nuestros Desaparecidos Jalisco (FUNDEJ), en la protesta que realizan de manera mensual en el Parque Revoluci\u00f3n (parque rojo).\u2026","rel":"","context":"En &quot;CINTILLO&quot;","block_context":{"text":"CINTILLO","link":"http:\/\/www.grieta.org.mx\/index.php\/category\/cintillo\/"},"img":{"alt_text":"","src":"https:\/\/i0.wp.com\/www.grieta.org.mx\/wp-content\/uploads\/2018\/03\/14524434_1106112876131411_958039263622046936_o.jpg?resize=350%2C200","width":350,"height":200,"srcset":"https:\/\/i0.wp.com\/www.grieta.org.mx\/wp-content\/uploads\/2018\/03\/14524434_1106112876131411_958039263622046936_o.jpg?resize=350%2C200 1x, https:\/\/i0.wp.com\/www.grieta.org.mx\/wp-content\/uploads\/2018\/03\/14524434_1106112876131411_958039263622046936_o.jpg?resize=525%2C300 1.5x, https:\/\/i0.wp.com\/www.grieta.org.mx\/wp-content\/uploads\/2018\/03\/14524434_1106112876131411_958039263622046936_o.jpg?resize=700%2C400 2x"},"classes":[]},{"id":4261,"url":"http:\/\/www.grieta.org.mx\/index.php\/2015\/11\/18\/fiscalia-entrega-cenizas-a-familias-de-probables-desaparecidos\/","url_meta":{"origin":4246,"position":1},"title":"Fiscal\u00eda entrega cenizas a familias de probables desaparecidos","author":"grieta","date":"18 noviembre, 2015","format":false,"excerpt":"Redacci\u00f3n El Informador Integrantes de la Fundej se\u00f1alan que hay motivos para dudar si corresponden a los cuerpos de sus parientes En ambos casos, los cuerpos fueron encontrados hace a\u00f1os y apenas en noviembre notificaron a los familiares GUADALAJARA, JALISCO (18\/NOV\/2015).- Durante los primeros d\u00edas de noviembre, la Fiscal\u00eda General\u2026","rel":"","context":"En &quot;CINTILLO&quot;","block_context":{"text":"CINTILLO","link":"http:\/\/www.grieta.org.mx\/index.php\/category\/cintillo\/"},"img":{"alt_text":"","src":"https:\/\/i0.wp.com\/www.grieta.org.mx\/wp-content\/uploads\/2018\/03\/14524434_1106112876131411_958039263622046936_o.jpg?resize=350%2C200","width":350,"height":200,"srcset":"https:\/\/i0.wp.com\/www.grieta.org.mx\/wp-content\/uploads\/2018\/03\/14524434_1106112876131411_958039263622046936_o.jpg?resize=350%2C200 1x, https:\/\/i0.wp.com\/www.grieta.org.mx\/wp-content\/uploads\/2018\/03\/14524434_1106112876131411_958039263622046936_o.jpg?resize=525%2C300 1.5x, https:\/\/i0.wp.com\/www.grieta.org.mx\/wp-content\/uploads\/2018\/03\/14524434_1106112876131411_958039263622046936_o.jpg?resize=700%2C400 2x"},"classes":[]},{"id":29379,"url":"http:\/\/www.grieta.org.mx\/index.php\/2019\/01\/30\/jalisco-cuando-el-gobierno-borra-las-huellas-de-los-desaparecidos\/","url_meta":{"origin":4246,"position":2},"title":"Jalisco: cuando el gobierno borra las huellas de los desaparecidos","author":"grieta","date":"30 enero, 2019","format":false,"excerpt":"Daniela Pastrana \/ Pie de P\u00e1gina \u00a0 El gobierno de Jalisco quem\u00f3 los cuerpos de m\u00e1s de mil 500 personas no identificadas y con ello cerr\u00f3 la posibilidad de que sus familiares corroboren su identidad. El Centro de Justicia para la Paz y el Desarrollo (Cepad) inform\u00f3 este mi\u00e9rcoles que\u2026","rel":"","context":"En &quot;CINTILLO&quot;","block_context":{"text":"CINTILLO","link":"http:\/\/www.grieta.org.mx\/index.php\/category\/cintillo\/"},"img":{"alt_text":"","src":"https:\/\/i0.wp.com\/www.grieta.org.mx\/wp-content\/uploads\/2019\/02\/desaparecidosqueman.png?resize=350%2C200","width":350,"height":200,"srcset":"https:\/\/i0.wp.com\/www.grieta.org.mx\/wp-content\/uploads\/2019\/02\/desaparecidosqueman.png?resize=350%2C200 1x, https:\/\/i0.wp.com\/www.grieta.org.mx\/wp-content\/uploads\/2019\/02\/desaparecidosqueman.png?resize=525%2C300 1.5x, https:\/\/i0.wp.com\/www.grieta.org.mx\/wp-content\/uploads\/2019\/02\/desaparecidosqueman.png?resize=700%2C400 2x, https:\/\/i0.wp.com\/www.grieta.org.mx\/wp-content\/uploads\/2019\/02\/desaparecidosqueman.png?resize=1050%2C600 3x"},"classes":[]},{"id":4258,"url":"http:\/\/www.grieta.org.mx\/index.php\/2015\/11\/23\/en-jalisco-creman-restos-de-desaparecidos-sin-tomar-adn\/","url_meta":{"origin":4246,"position":3},"title":"En Jalisco, creman restos de desaparecidos sin tomar ADN","author":"grieta","date":"23 noviembre, 2015","format":false,"excerpt":"Por: Darwin Franco Migues 23 de noviembre 2015.- Cuando un cuerpo es cremado es casi imposible que de sus cenizas se pueda extraer material gen\u00e9tico (ADN) que permita generar un perfil para conocer, a trav\u00e9s de una confronta con otro ADN, la identidad de quien ilegalmente fue creado, porque instancias\u2026","rel":"","context":"En &quot;CINTILLO&quot;","block_context":{"text":"CINTILLO","link":"http:\/\/www.grieta.org.mx\/index.php\/category\/cintillo\/"},"img":{"alt_text":"","src":"https:\/\/i0.wp.com\/www.grieta.org.mx\/wp-content\/uploads\/2018\/03\/14524434_1106112876131411_958039263622046936_o.jpg?resize=350%2C200","width":350,"height":200,"srcset":"https:\/\/i0.wp.com\/www.grieta.org.mx\/wp-content\/uploads\/2018\/03\/14524434_1106112876131411_958039263622046936_o.jpg?resize=350%2C200 1x, https:\/\/i0.wp.com\/www.grieta.org.mx\/wp-content\/uploads\/2018\/03\/14524434_1106112876131411_958039263622046936_o.jpg?resize=525%2C300 1.5x, https:\/\/i0.wp.com\/www.grieta.org.mx\/wp-content\/uploads\/2018\/03\/14524434_1106112876131411_958039263622046936_o.jpg?resize=700%2C400 2x"},"classes":[]},{"id":3241,"url":"http:\/\/www.grieta.org.mx\/index.php\/2016\/09\/12\/desaparecidos-en-jalisco\/","url_meta":{"origin":4246,"position":4},"title":"Desaparecidos en Jalisco","author":"grieta","date":"12 septiembre, 2016","format":false,"excerpt":"12\/09\/16. Exigen resolver falta de presupuesto en b\u00fasqueda de desaparecidosNtr Guadalajara 30\/08\/16. Gobierno de Jalisco oculta la tragedia de los desaparecidosSomos el Medio 10\/08\/16. Jalisco, tercer lugar en desapariciones Ntr Guadalajara 15\/06\/16. Familiares de desaparecidos van ante la oficina de la ONU Ntr Guadalajara 08\/06\/16. Jalisco: cr\u00edmenes de lesa humanidad\u2026","rel":"","context":"En &quot;Desaparecidos&quot;","block_context":{"text":"Desaparecidos","link":"http:\/\/www.grieta.org.mx\/index.php\/category\/temas-nacionales\/desaparecidos\/"},"img":{"alt_text":"","src":"https:\/\/i0.wp.com\/www.grieta.org.mx\/wp-content\/uploads\/2018\/03\/14524434_1106112876131411_958039263622046936_o.jpg?resize=350%2C200","width":350,"height":200,"srcset":"https:\/\/i0.wp.com\/www.grieta.org.mx\/wp-content\/uploads\/2018\/03\/14524434_1106112876131411_958039263622046936_o.jpg?resize=350%2C200 1x, https:\/\/i0.wp.com\/www.grieta.org.mx\/wp-content\/uploads\/2018\/03\/14524434_1106112876131411_958039263622046936_o.jpg?resize=525%2C300 1.5x, https:\/\/i0.wp.com\/www.grieta.org.mx\/wp-content\/uploads\/2018\/03\/14524434_1106112876131411_958039263622046936_o.jpg?resize=700%2C400 2x"},"classes":[]},{"id":28777,"url":"http:\/\/www.grieta.org.mx\/index.php\/2019\/01\/30\/mil-581-cuerpos-sin-identificar-han-sido-incinerados-en-jalisco\/","url_meta":{"origin":4246,"position":5},"title":"Mil 581 cuerpos sin identificar han sido incinerados en Jalisco","author":"grieta","date":"30 enero, 2019","format":false,"excerpt":"Laura Ials\/Reporte \u00cdndigo. La organizaci\u00f3n denuncia que esta situaci\u00f3n es una grave violaci\u00f3n a los derechos humanos que priva a los familiares de las personas desaparecidas de la posibilidad de alcanzar la verdad y la justicia \u201cNo est\u00e1 el cuerpo, ese cuerpo se inciner\u00f3. No se preocupe se\u00f1ora, por lo\u2026","rel":"","context":"En &quot;CINTILLO&quot;","block_context":{"text":"CINTILLO","link":"http:\/\/www.grieta.org.mx\/index.php\/category\/cintillo\/"},"img":{"alt_text":"","src":"https:\/\/i0.wp.com\/www.grieta.org.mx\/wp-content\/uploads\/2019\/02\/Fosas_Tonal_4.jpg?resize=350%2C200","width":350,"height":200,"srcset":"https:\/\/i0.wp.com\/www.grieta.org.mx\/wp-content\/uploads\/2019\/02\/Fosas_Tonal_4.jpg?resize=350%2C200 1x, https:\/\/i0.wp.com\/www.grieta.org.mx\/wp-content\/uploads\/2019\/02\/Fosas_Tonal_4.jpg?resize=525%2C300 1.5x, https:\/\/i0.wp.com\/www.grieta.org.mx\/wp-content\/uploads\/2019\/02\/Fosas_Tonal_4.jpg?resize=700%2C400 2x"},"classes":[]}],"_links":{"self":[{"href":"http:\/\/www.grieta.org.mx\/index.php\/wp-json\/wp\/v2\/posts\/4246","targetHints":{"allow":["GET"]}}],"collection":[{"href":"http:\/\/www.grieta.org.mx\/index.php\/wp-json\/wp\/v2\/posts"}],"about":[{"href":"http:\/\/www.grieta.org.mx\/index.php\/wp-json\/wp\/v2\/types\/post"}],"author":[{"embeddable":true,"href":"http:\/\/www.grieta.org.mx\/index.php\/wp-json\/wp\/v2\/users\/2"}],"replies":[{"embeddable":true,"href":"http:\/\/www.grieta.org.mx\/index.php\/wp-json\/wp\/v2\/comments?post=4246"}],"version-history":[{"count":1,"href":"http:\/\/www.grieta.org.mx\/index.php\/wp-json\/wp\/v2\/posts\/4246\/revisions"}],"predecessor-version":[{"id":10835,"href":"http:\/\/www.grieta.org.mx\/index.php\/wp-json\/wp\/v2\/posts\/4246\/revisions\/10835"}],"wp:featuredmedia":[{"embeddable":true,"href":"http:\/\/www.grieta.org.mx\/index.php\/wp-json\/wp\/v2\/media\/21928"}],"wp:attachment":[{"href":"http:\/\/www.grieta.org.mx\/index.php\/wp-json\/wp\/v2\/media?parent=4246"}],"wp:term":[{"taxonomy":"category","embeddable":true,"href":"http:\/\/www.grieta.org.mx\/index.php\/wp-json\/wp\/v2\/categories?post=4246"},{"taxonomy":"post_tag","embeddable":true,"href":"http:\/\/www.grieta.org.mx\/index.php\/wp-json\/wp\/v2\/tags?post=4246"}],"curies":[{"name":"wp","href":"https:\/\/api.w.org\/{rel}","templated":true}]}}