{"id":42410,"date":"2019-12-20T19:07:52","date_gmt":"2019-12-21T01:07:52","guid":{"rendered":"http:\/\/www.grieta.org.mx\/?p=42410"},"modified":"2019-12-23T19:13:00","modified_gmt":"2019-12-24T01:13:00","slug":"sin-acuerdos-ante-plan-de-agua-para-cedros-zacatecas","status":"publish","type":"post","link":"http:\/\/www.grieta.org.mx\/index.php\/2019\/12\/20\/sin-acuerdos-ante-plan-de-agua-para-cedros-zacatecas\/","title":{"rendered":"Sin acuerdos, ante Plan de Agua para Cedros (Zacatecas)"},"content":{"rendered":"<figure id=\"attachment_42411\" aria-describedby=\"caption-attachment-42411\" style=\"width: 800px\" class=\"wp-caption aligncenter\"><img loading=\"lazy\" decoding=\"async\" data-attachment-id=\"42411\" data-permalink=\"http:\/\/www.grieta.org.mx\/index.php\/2019\/12\/20\/sin-acuerdos-ante-plan-de-agua-para-cedros-zacatecas\/reunion-penasquito-7-650x380\/\" data-orig-file=\"http:\/\/www.grieta.org.mx\/wp-content\/uploads\/2019\/12\/reunion-penasquito-7-650x380.jpg\" data-orig-size=\"650,380\" data-comments-opened=\"0\" data-image-meta=\"{&quot;aperture&quot;:&quot;0&quot;,&quot;credit&quot;:&quot;&quot;,&quot;camera&quot;:&quot;&quot;,&quot;caption&quot;:&quot;&quot;,&quot;created_timestamp&quot;:&quot;0&quot;,&quot;copyright&quot;:&quot;&quot;,&quot;focal_length&quot;:&quot;0&quot;,&quot;iso&quot;:&quot;0&quot;,&quot;shutter_speed&quot;:&quot;0&quot;,&quot;title&quot;:&quot;&quot;,&quot;orientation&quot;:&quot;0&quot;}\" data-image-title=\"reunion-penasquito-7-650&amp;#215;380\" data-image-description=\"\" data-image-caption=\"&lt;p&gt;Foto: NTR Zacatacas&lt;\/p&gt;\n\" data-medium-file=\"http:\/\/www.grieta.org.mx\/wp-content\/uploads\/2019\/12\/reunion-penasquito-7-650x380-300x175.jpg\" data-large-file=\"http:\/\/www.grieta.org.mx\/wp-content\/uploads\/2019\/12\/reunion-penasquito-7-650x380.jpg\" class=\"wp-image-42411\" src=\"http:\/\/www.grieta.org.mx\/wp-content\/uploads\/2019\/12\/reunion-penasquito-7-650x380.jpg\" alt=\"\" width=\"800\" height=\"468\" srcset=\"http:\/\/www.grieta.org.mx\/wp-content\/uploads\/2019\/12\/reunion-penasquito-7-650x380.jpg 650w, http:\/\/www.grieta.org.mx\/wp-content\/uploads\/2019\/12\/reunion-penasquito-7-650x380-300x175.jpg 300w\" sizes=\"auto, (max-width: 800px) 100vw, 800px\" \/><figcaption id=\"caption-attachment-42411\" class=\"wp-caption-text\">Foto: NTR Zacatacas<\/figcaption><\/figure>\n<p>Miriam Serrano \/ NTR Zacatecas, 20 de diciembre de 2019.<br \/>\nZacatecas.- Tras haber firmado el acuerdo de Plan de Agua para Cedros entre ejidatarios de esta comunidad y directivos de la minera Pe\u00f1asquito de Newmont\u2013Goldcorp, vuelven a entramparse las negociaciones, pues autoridades del ejido no est\u00e1n de acuerdo con el nivel de agua establecido.<\/p>\n<p>En la reuni\u00f3n realizada este jueves en la Secretar\u00eda de Econom\u00eda (Sezac), en la que se abordar\u00eda el segundo punto establecido en el acuerdo y que tiene que ver con la remediaci\u00f3n ambiental ante el posible da\u00f1o causado por la mina, \u00e9ste qued\u00f3 de lado.<\/p>\n<p>El pasado 12 de diciembre se firm\u00f3 el Plan de Agua que garantizar\u00e1 el abasto por 30 a\u00f1os, el acuerdo se realiz\u00f3 en Ciudad de M\u00e9xico, en la Secretar\u00eda de Gobernaci\u00f3n (Segob).<\/p>\n<p>Sin embargo, al pasar al siguiente punto, la discusi\u00f3n se trab\u00f3 en las pulgadas de agua, pues los ejidatarios manifestaron su inconformidad, al decir que no se avanza en ning\u00fan tema.<\/p>\n<p>En este tenor, directivos de la empresa difirieron y dijeron que el avance es significativo, pues ya se firm\u00f3 el Plan de Agua, al tiempo que expresaron que hay quienes no leyeron el documento y hablan sin conocer su contenido.<\/p>\n<p>Argumentaron que el plan contiene el uso de agua agr\u00edcola, pecuario, aspectos que ya fueron aprobados y que en la \u00faltima reuni\u00f3n no se hab\u00eda establecido la inversi\u00f3n social para la comunidad, la cancha, la alberca, zona de recreaci\u00f3n y la plaza, entre otros rubros que demuestran que la empresa pone de su parte para resolver el conflicto.<\/p>\n<p>Ante los se\u00f1alamientos de los ejidatarios, se les solicit\u00f3 que los reclamos hechos ante la mesa, deben llevarlos por escrito, \u201ccon los hechos que ustedes argumentan\u201d, sostuvieron los directivos.<\/p>\n<p>Refirieron que desde el pasado 13 de septiembre se les entreg\u00f3 la propuesta y, al d\u00eda de hoy, no han recibido ninguna respuesta por escrito que demuestre que se analiz\u00f3, por tanto, expusieron que los argumentos no son v\u00e1lidos.<\/p>\n<p>Rigoberto L\u00f3pez, presidente del comisariado ejidal, dijo que se trat\u00f3 de llevar la mesa tiempo y tiempo y, aunque reconoci\u00f3 que hay algunas soluciones, sostuvo que \u201cnunca se ha estado en el acuerdo de la sinton\u00eda de las voluntades, siempre nosotros no tenemos la raz\u00f3n cuando ellos siempre tienen la raz\u00f3n\u201d.<\/p>\n<p>\u201cA m\u00ed me pones el agua como estaba y te dejo de molestar, pero me pones la que estaba y no me vas a decir que porque la ley dice que solamente ten\u00eda concesionada tanto, no se\u00f1ores, ah\u00ed sal\u00edan 12 pulgadas a m\u00ed me responden por 12 pulgadas [\u2026] es tan sencillo que nos digan, se\u00f1ores, no les vamos a cumplir\u201d, exigi\u00f3.<\/p>\n<figure id=\"attachment_42412\" aria-describedby=\"caption-attachment-42412\" style=\"width: 800px\" class=\"wp-caption aligncenter\"><img loading=\"lazy\" decoding=\"async\" data-attachment-id=\"42412\" data-permalink=\"http:\/\/www.grieta.org.mx\/index.php\/2019\/12\/20\/sin-acuerdos-ante-plan-de-agua-para-cedros-zacatecas\/reunion-penasquito-5-1-650x380\/\" data-orig-file=\"http:\/\/www.grieta.org.mx\/wp-content\/uploads\/2019\/12\/reunion-penasquito-5-1-650x380.jpg\" data-orig-size=\"650,380\" data-comments-opened=\"0\" data-image-meta=\"{&quot;aperture&quot;:&quot;0&quot;,&quot;credit&quot;:&quot;&quot;,&quot;camera&quot;:&quot;&quot;,&quot;caption&quot;:&quot;&quot;,&quot;created_timestamp&quot;:&quot;0&quot;,&quot;copyright&quot;:&quot;&quot;,&quot;focal_length&quot;:&quot;0&quot;,&quot;iso&quot;:&quot;0&quot;,&quot;shutter_speed&quot;:&quot;0&quot;,&quot;title&quot;:&quot;&quot;,&quot;orientation&quot;:&quot;0&quot;}\" data-image-title=\"reunion-penasquito-5-1-650&amp;#215;380\" data-image-description=\"\" data-image-caption=\"&lt;p&gt;Foto:  NTR Zacatecas&lt;\/p&gt;\n\" data-medium-file=\"http:\/\/www.grieta.org.mx\/wp-content\/uploads\/2019\/12\/reunion-penasquito-5-1-650x380-300x175.jpg\" data-large-file=\"http:\/\/www.grieta.org.mx\/wp-content\/uploads\/2019\/12\/reunion-penasquito-5-1-650x380.jpg\" class=\"wp-image-42412\" src=\"http:\/\/www.grieta.org.mx\/wp-content\/uploads\/2019\/12\/reunion-penasquito-5-1-650x380.jpg\" alt=\"\" width=\"800\" height=\"468\" srcset=\"http:\/\/www.grieta.org.mx\/wp-content\/uploads\/2019\/12\/reunion-penasquito-5-1-650x380.jpg 650w, http:\/\/www.grieta.org.mx\/wp-content\/uploads\/2019\/12\/reunion-penasquito-5-1-650x380-300x175.jpg 300w\" sizes=\"auto, (max-width: 800px) 100vw, 800px\" \/><figcaption id=\"caption-attachment-42412\" class=\"wp-caption-text\">Foto: NTR Zacatecas<\/figcaption><\/figure>\n<p><a href=\"http:\/\/ntrzacatecas.com\/2019\/12\/20\/entrampada-negociacion-entre-ejidatarios-y-goldcorp\/\">http:\/\/ntrzacatecas.com\/2019\/12\/20\/entrampada-negociacion-entre-ejidatarios-y-goldcorp\/<\/a><\/p>\n","protected":false},"excerpt":{"rendered":"<p>Miriam Serrano \/ NTR Zacatecas, 20 de diciembre de 2019. Zacatecas.- Tras haber firmado el acuerdo de Plan de Agua para Cedros entre ejidatarios de esta comunidad y directivos de &hellip; <a href=\"http:\/\/www.grieta.org.mx\/index.php\/2019\/12\/20\/sin-acuerdos-ante-plan-de-agua-para-cedros-zacatecas\/\" class=\"more-link\">Leer m\u00e1s<\/a><\/p>\n","protected":false},"author":2,"featured_media":42411,"comment_status":"closed","ping_status":"closed","sticky":false,"template":"","format":"standard","meta":{"ngg_post_thumbnail":0,"_jetpack_newsletter_access":"","_jetpack_dont_email_post_to_subs":false,"_jetpack_newsletter_tier_id":0,"_jetpack_memberships_contains_paywalled_content":false,"_jetpack_memberships_contains_paid_content":false,"footnotes":""},"categories":[80,1973,1111,1505,1535,2930,2690,76],"tags":[2216],"class_list":["post-42410","post","type-post","status-publish","format-standard","has-post-thumbnail","hentry","category-cintillo","category-conflictos-mineros-en-zacatecas","category-danos-ambientales-por-industria-en-zacatecas","category-danos-ambientales-y-a-la-salud-por-mineria-en-zacatecas","category-desabasto-de-agua-en-zacatecas","category-despojo-de-tierras-y-territorios-en-zacatecas","category-resistencias","category-zacatecas","tag-conflictos-por-mineria","entry"],"jetpack_featured_media_url":"http:\/\/www.grieta.org.mx\/wp-content\/uploads\/2019\/12\/reunion-penasquito-7-650x380.jpg","jetpack_sharing_enabled":true,"jetpack_shortlink":"https:\/\/wp.me\/p7ZJR4-b22","jetpack_likes_enabled":false,"jetpack-related-posts":[{"id":38782,"url":"http:\/\/www.grieta.org.mx\/index.php\/2019\/09\/03\/rema-interpone-nuevo-juicio-zacatecas\/","url_meta":{"origin":42410,"position":0},"title":"REMA interpone nuevo juicio (Zacatecas)","author":"grieta","date":"3 septiembre, 2019","format":false,"excerpt":"Silvia Alvarado \/ NTR Zacatecas, 03 de septiembre de 2019 La Red Mexicana de Afectados por la Miner\u00eda (REMA) inform\u00f3 que fue interpuesto ante el Tribunal Unitario Agrario, el segundo juicio de nulidad del acta de asamblea realizada el 14 de octubre de 218 en El Potrero, en el que\u2026","rel":"","context":"En &quot;CINTILLO&quot;","block_context":{"text":"CINTILLO","link":"http:\/\/www.grieta.org.mx\/index.php\/category\/cintillo\/"},"img":{"alt_text":"","src":"https:\/\/i0.wp.com\/www.grieta.org.mx\/wp-content\/uploads\/2019\/09\/rema-1.jpeg?resize=350%2C200","width":350,"height":200,"srcset":"https:\/\/i0.wp.com\/www.grieta.org.mx\/wp-content\/uploads\/2019\/09\/rema-1.jpeg?resize=350%2C200 1x, https:\/\/i0.wp.com\/www.grieta.org.mx\/wp-content\/uploads\/2019\/09\/rema-1.jpeg?resize=525%2C300 1.5x, https:\/\/i0.wp.com\/www.grieta.org.mx\/wp-content\/uploads\/2019\/09\/rema-1.jpeg?resize=700%2C400 2x"},"classes":[]},{"id":43062,"url":"http:\/\/www.grieta.org.mx\/index.php\/2020\/01\/13\/ratifican-ejidatarios-rechazo-a-presa-milpillas-zacatecas\/","url_meta":{"origin":42410,"position":1},"title":"Ratifican ejidatarios rechazo a presa Milpillas (Zacatecas)","author":"grieta","date":"13 enero, 2020","format":false,"excerpt":"MIRIAM SERRANO\/ NTR Zacatecas, 13 de enero de 2020 JIM\u00c9NEZ DEL TE\u00daL.- Luego de que el pasado 4 enero se llev\u00f3 a cabo una asamblea en el Ejido Atotonilco, se inform\u00f3 que ejidatarios de esta localidad y de El Potrero de manera un\u00e1nime ratificaron su rechazo a la autorizaci\u00f3n de\u2026","rel":"","context":"En &quot;CINTILLO&quot;","block_context":{"text":"CINTILLO","link":"http:\/\/www.grieta.org.mx\/index.php\/category\/cintillo\/"},"img":{"alt_text":"","src":"https:\/\/i0.wp.com\/www.grieta.org.mx\/wp-content\/uploads\/2018\/03\/14524434_1106112876131411_958039263622046936_o.jpg?resize=350%2C200","width":350,"height":200,"srcset":"https:\/\/i0.wp.com\/www.grieta.org.mx\/wp-content\/uploads\/2018\/03\/14524434_1106112876131411_958039263622046936_o.jpg?resize=350%2C200 1x, https:\/\/i0.wp.com\/www.grieta.org.mx\/wp-content\/uploads\/2018\/03\/14524434_1106112876131411_958039263622046936_o.jpg?resize=525%2C300 1.5x, https:\/\/i0.wp.com\/www.grieta.org.mx\/wp-content\/uploads\/2018\/03\/14524434_1106112876131411_958039263622046936_o.jpg?resize=700%2C400 2x"},"classes":[]},{"id":36358,"url":"http:\/\/www.grieta.org.mx\/index.php\/2019\/05\/01\/acaba-mina-de-plata-con-agua-en-zacatecas\/","url_meta":{"origin":42410,"position":2},"title":"Acaba mina de plata con agua en Zacatecas","author":"grieta","date":"1 mayo, 2019","format":false,"excerpt":"El l\u00edder del Frente Popular de Lucha asegur\u00f3 que han devastado la actividad productiva de la regi\u00f3n Carlos Lara | El sol de M\u00e9xico, 19 de mayo de 20199 Cat\u00e1strofe y destrucci\u00f3n es lo que ha provocado la operaci\u00f3n de la Mina Pe\u00f1asquito en Zacatecas; el Frente Popular de Lucha\u2026","rel":"","context":"En &quot;Conflictos mineros en Zacatecas&quot;","block_context":{"text":"Conflictos mineros en Zacatecas","link":"http:\/\/www.grieta.org.mx\/index.php\/category\/noticias-nacionales\/zacatecas\/explotacion-y-precariedad-laboral-zacatecas\/conflictos-mineros-en-zacatecas\/"},"img":{"alt_text":"","src":"https:\/\/i0.wp.com\/www.grieta.org.mx\/wp-content\/uploads\/2019\/07\/mina.jpg?resize=350%2C200","width":350,"height":200,"srcset":"https:\/\/i0.wp.com\/www.grieta.org.mx\/wp-content\/uploads\/2019\/07\/mina.jpg?resize=350%2C200 1x, https:\/\/i0.wp.com\/www.grieta.org.mx\/wp-content\/uploads\/2019\/07\/mina.jpg?resize=525%2C300 1.5x, https:\/\/i0.wp.com\/www.grieta.org.mx\/wp-content\/uploads\/2019\/07\/mina.jpg?resize=700%2C400 2x"},"classes":[]},{"id":56058,"url":"http:\/\/www.grieta.org.mx\/index.php\/2020\/12\/26\/acusan-contubernio-de-municipio-con-empresa-minera-zacatecas\/","url_meta":{"origin":42410,"position":3},"title":"Acusan contubernio de Municipio con empresa minera (Zacatecas)","author":"grieta","date":"26 diciembre, 2020","format":false,"excerpt":"MIRIAM SERRANO \/ NTRZACATECAS.COM, 26 de diciembre de 2020 MAZAPIL. Roberto de la Rosa D\u00e1vila, l\u00edder comunitario de Salaverna, denunci\u00f3 que existe contubernio entre el presidente municipal, Gregorio Mac\u00edas Z\u00fa\u00f1iga, y directivos de la empresa minera Frisco-Tayahua, de Carlos Slim, al violar los derechos humanos de los habitantes del municipio.\u2026","rel":"","context":"En &quot;CINTILLO&quot;","block_context":{"text":"CINTILLO","link":"http:\/\/www.grieta.org.mx\/index.php\/category\/cintillo\/"},"img":{"alt_text":"","src":"https:\/\/i0.wp.com\/www.grieta.org.mx\/wp-content\/uploads\/2020\/12\/mazapil-1.jpg?resize=350%2C200","width":350,"height":200,"srcset":"https:\/\/i0.wp.com\/www.grieta.org.mx\/wp-content\/uploads\/2020\/12\/mazapil-1.jpg?resize=350%2C200 1x, https:\/\/i0.wp.com\/www.grieta.org.mx\/wp-content\/uploads\/2020\/12\/mazapil-1.jpg?resize=525%2C300 1.5x, https:\/\/i0.wp.com\/www.grieta.org.mx\/wp-content\/uploads\/2020\/12\/mazapil-1.jpg?resize=700%2C400 2x"},"classes":[]},{"id":32995,"url":"http:\/\/www.grieta.org.mx\/index.php\/2019\/04\/30\/el-mayor-productor-de-oro-en-el-mundo-suspende-operaciones-en-mina-de-mexico-zacatecas\/","url_meta":{"origin":42410,"position":4},"title":"El mayor productor de oro en el mundo suspende operaciones en mina de M\u00e9xico (Zacatecas)","author":"grieta","date":"30 abril, 2019","format":false,"excerpt":"Redacci\u00f3n\/RT La compa\u00f1\u00eda Newmont Goldcorp suspendi\u00f3 operaciones este lunes en la mina a cielo abierto del Pe\u00f1asquito, en el estado de Zacatecas (centronorte de M\u00e9xico), por un presunto bloqueo realizado por parte de un contratista de camiones y miembros de la comunidad de Cedros. \"La compa\u00f1\u00eda tiene la intenci\u00f3n de\u2026","rel":"","context":"En &quot;CINTILLO&quot;","block_context":{"text":"CINTILLO","link":"http:\/\/www.grieta.org.mx\/index.php\/category\/cintillo\/"},"img":{"alt_text":"","src":"https:\/\/i0.wp.com\/www.grieta.org.mx\/wp-content\/uploads\/2019\/05\/5cc786dce9180f7e678b4567.jpg?resize=350%2C200","width":350,"height":200,"srcset":"https:\/\/i0.wp.com\/www.grieta.org.mx\/wp-content\/uploads\/2019\/05\/5cc786dce9180f7e678b4567.jpg?resize=350%2C200 1x, https:\/\/i0.wp.com\/www.grieta.org.mx\/wp-content\/uploads\/2019\/05\/5cc786dce9180f7e678b4567.jpg?resize=525%2C300 1.5x, https:\/\/i0.wp.com\/www.grieta.org.mx\/wp-content\/uploads\/2019\/05\/5cc786dce9180f7e678b4567.jpg?resize=700%2C400 2x"},"classes":[]},{"id":3494,"url":"http:\/\/www.grieta.org.mx\/index.php\/2015\/06\/01\/agua-en-zacatecas-altamente-contaminada\/","url_meta":{"origin":42410,"position":5},"title":"Agua en Zacatecas, altamente contaminada","author":"grieta","date":"1 junio, 2015","format":false,"excerpt":"NTR Periodismo Cr\u00edtico Zacatecas Agua en Zacatecas, altamente contaminada Publicado: Lunes, 01 Junio 2015 STAFF\/NTRZACATECAS.COM Darcy Tetreault, investigador de la Unidad Acad\u00e9mica en Estudios en Desarrollo de la UAZ, present\u00f3 un estudio sobre los hallazgos de los altos niveles de contaminaci\u00f3n en el agua que se distribuye en Guadalupe y\u2026","rel":"","context":"En &quot;CINTILLO&quot;","block_context":{"text":"CINTILLO","link":"http:\/\/www.grieta.org.mx\/index.php\/category\/cintillo\/"},"img":{"alt_text":"","src":"https:\/\/i0.wp.com\/www.grieta.org.mx\/wp-content\/uploads\/2018\/03\/14524434_1106112876131411_958039263622046936_o.jpg?resize=350%2C200","width":350,"height":200,"srcset":"https:\/\/i0.wp.com\/www.grieta.org.mx\/wp-content\/uploads\/2018\/03\/14524434_1106112876131411_958039263622046936_o.jpg?resize=350%2C200 1x, https:\/\/i0.wp.com\/www.grieta.org.mx\/wp-content\/uploads\/2018\/03\/14524434_1106112876131411_958039263622046936_o.jpg?resize=525%2C300 1.5x, https:\/\/i0.wp.com\/www.grieta.org.mx\/wp-content\/uploads\/2018\/03\/14524434_1106112876131411_958039263622046936_o.jpg?resize=700%2C400 2x"},"classes":[]}],"_links":{"self":[{"href":"http:\/\/www.grieta.org.mx\/index.php\/wp-json\/wp\/v2\/posts\/42410","targetHints":{"allow":["GET"]}}],"collection":[{"href":"http:\/\/www.grieta.org.mx\/index.php\/wp-json\/wp\/v2\/posts"}],"about":[{"href":"http:\/\/www.grieta.org.mx\/index.php\/wp-json\/wp\/v2\/types\/post"}],"author":[{"embeddable":true,"href":"http:\/\/www.grieta.org.mx\/index.php\/wp-json\/wp\/v2\/users\/2"}],"replies":[{"embeddable":true,"href":"http:\/\/www.grieta.org.mx\/index.php\/wp-json\/wp\/v2\/comments?post=42410"}],"version-history":[{"count":1,"href":"http:\/\/www.grieta.org.mx\/index.php\/wp-json\/wp\/v2\/posts\/42410\/revisions"}],"predecessor-version":[{"id":42413,"href":"http:\/\/www.grieta.org.mx\/index.php\/wp-json\/wp\/v2\/posts\/42410\/revisions\/42413"}],"wp:featuredmedia":[{"embeddable":true,"href":"http:\/\/www.grieta.org.mx\/index.php\/wp-json\/wp\/v2\/media\/42411"}],"wp:attachment":[{"href":"http:\/\/www.grieta.org.mx\/index.php\/wp-json\/wp\/v2\/media?parent=42410"}],"wp:term":[{"taxonomy":"category","embeddable":true,"href":"http:\/\/www.grieta.org.mx\/index.php\/wp-json\/wp\/v2\/categories?post=42410"},{"taxonomy":"post_tag","embeddable":true,"href":"http:\/\/www.grieta.org.mx\/index.php\/wp-json\/wp\/v2\/tags?post=42410"}],"curies":[{"name":"wp","href":"https:\/\/api.w.org\/{rel}","templated":true}]}}