{"id":4240,"date":"2016-03-17T17:02:01","date_gmt":"2016-03-17T17:02:01","guid":{"rendered":"http:\/\/50.22.11.12\/~grietaor\/?p=4240"},"modified":"2016-04-25T00:27:38","modified_gmt":"2016-04-25T00:27:38","slug":"exigen-den-informes-sobre-fosas","status":"publish","type":"post","link":"http:\/\/www.grieta.org.mx\/index.php\/2016\/03\/17\/exigen-den-informes-sobre-fosas\/","title":{"rendered":"Exigen den informes sobre fosas"},"content":{"rendered":"<p>Redacci\u00f3n AM Lagos de Moreno<br \/>\nFamiliares de personas desaparecidas en Lagos de Morneo exigen a las autoridades una apertura total e inmediata a la informaci\u00f3n sobre las fosas clandestinas localizadas en el municipio.<\/p>\n<p>Mediante un comunicado, el colectivo \u201cPor Amor a Ellxs\u201d, que agrupa a familiares de  personas desaparecidas en Jalisco, exigi\u00f3 acciones al Instituto Jalisciense de Ciencias Forenses, Ministerios P\u00fablicos y la Fiscal\u00eda General del Estado, ante los restos calcinados localizados recientemente en Lagos de Moreno.<\/p>\n<p>Las exigencias<\/p>\n<p>\u201cRealizar de manera urgente las pruebas de ADN correspondientes a los restos calcinados localizados en el municipio de Lagos de Moreno\u201d, exigen los familiares como primer punto.<\/p>\n<p>Tambi\u00e9n exigen transparentar las pruebas gen\u00e9ticas que han realizado a los cuerpos, y permitir el acceso total e inmediato a pertenencias y fotograf\u00edas obtenidas por autoridades en los sitios de los hallazgos.<\/p>\n<p>Como cuarto punto, solicitan que se env\u00eden inmediatamente sus muestras de ADN a Guadalajara para que se realicen las confrontas correspondientes.<\/p>\n<p>Y que se entregue informaci\u00f3n sobre la identificaci\u00f3n de personas que murieron durante los enfrentamientos armados, ya que hay cuerpos en las instalaciones del Servicio M\u00e9dico Forense que no han sido reclamados.<\/p>\n<p>Los familiares hacen referencia a la nota \u201cSiguen restos sin identificar\u201d, publicada por am el 14 de marzo, donde se se\u00f1ala que a m\u00e1s de cinco meses de haber sido localizados restos \u00f3seos calcinados en fosas de Chipinque y Salsipuedes, las autoridades no han identificado qui\u00e9nes eran las v\u00edctimas.<\/p>\n<p>\u201cHasta la fecha se nos ha negado informaci\u00f3n que podr\u00eda ser vital para la localizaci\u00f3n no s\u00f3lo de nuestros desaparecidos sino tambi\u00e9n para la identificaci\u00f3n de quienes desgraciadamente fueron encontrados en las fosas clandestinas localizadas en Lagos de Moreno en los \u00faltimos meses. \u00a1Nos Faltan Todos!\u201d, cierra el comunicado de las familias.<\/p>\n<p><a href=\"http:\/\/www.am.com.mx\/2016\/03\/17\/lagos-de-moreno\/sucesos\/exigen-den-informes-sobre-fosas-270465\" target=\"_blank\">http:\/\/www.am.com.mx\/2016\/03\/17\/lagos-de-moreno\/sucesos\/exigen-den-informes-sobre-fosas-270465<\/a><\/p>\n","protected":false},"excerpt":{"rendered":"<p>Redacci\u00f3n AM Lagos de Moreno Familiares de personas desaparecidas en Lagos de Morneo exigen a las autoridades una apertura total e inmediata a la informaci\u00f3n sobre las fosas clandestinas localizadas &hellip; <a href=\"http:\/\/www.grieta.org.mx\/index.php\/2016\/03\/17\/exigen-den-informes-sobre-fosas\/\" class=\"more-link\">Leer m\u00e1s<\/a><\/p>\n","protected":false},"author":2,"featured_media":21928,"comment_status":"closed","ping_status":"open","sticky":false,"template":"","format":"standard","meta":{"ngg_post_thumbnail":0,"_jetpack_newsletter_access":"","_jetpack_dont_email_post_to_subs":false,"_jetpack_newsletter_tier_id":0,"_jetpack_memberships_contains_paywalled_content":false,"_jetpack_memberships_contains_paid_content":false,"footnotes":""},"categories":[80,230],"tags":[121],"class_list":["post-4240","post","type-post","status-publish","format-standard","has-post-thumbnail","hentry","category-cintillo","category-jalisco","tag-desaparecidos","entry"],"jetpack_featured_media_url":"http:\/\/www.grieta.org.mx\/wp-content\/uploads\/2018\/03\/14524434_1106112876131411_958039263622046936_o.jpg","jetpack_sharing_enabled":true,"jetpack_shortlink":"https:\/\/wp.me\/p7ZJR4-16o","jetpack_likes_enabled":false,"jetpack-related-posts":[{"id":58844,"url":"http:\/\/www.grieta.org.mx\/index.php\/2021\/04\/13\/desapariciones-no-cesan-en-jalisco-exigen-la-aparicion-con-vida-de-cristian-joven-musico-y-comerciante-desaparecido-en-lagos-de-moreno-jalisco\/","url_meta":{"origin":4240,"position":0},"title":"Desapariciones no cesan en Jalisco: exigen la aparici\u00f3n con vida de Cristian, joven m\u00fasico y comerciante desaparecido en Lagos de Moreno","author":"grieta","date":"13 abril, 2021","format":false,"excerpt":"Foto: Bajo La Lupa Lagos Dalia Souza \/ Zona Docs Cristian In\u00e9s Hern\u00e1ndez Aldana\u00a0fue desaparecido el jueves\u00a08 de abril de 2021 en Lagos de Moreno, Jalisco. Su familia y amigos llevaron a cabo una marcha pac\u00edfica a las afueras de la Presidencia Municipal el pasado 12 de abril y es\u2026","rel":"","context":"En &quot;CINTILLO&quot;","block_context":{"text":"CINTILLO","link":"http:\/\/www.grieta.org.mx\/index.php\/category\/cintillo\/"},"img":{"alt_text":"","src":"https:\/\/i0.wp.com\/www.grieta.org.mx\/wp-content\/uploads\/2021\/04\/Unknown-7.jpeg?resize=350%2C200","width":350,"height":200,"srcset":"https:\/\/i0.wp.com\/www.grieta.org.mx\/wp-content\/uploads\/2021\/04\/Unknown-7.jpeg?resize=350%2C200 1x, https:\/\/i0.wp.com\/www.grieta.org.mx\/wp-content\/uploads\/2021\/04\/Unknown-7.jpeg?resize=525%2C300 1.5x, https:\/\/i0.wp.com\/www.grieta.org.mx\/wp-content\/uploads\/2021\/04\/Unknown-7.jpeg?resize=700%2C400 2x, https:\/\/i0.wp.com\/www.grieta.org.mx\/wp-content\/uploads\/2021\/04\/Unknown-7.jpeg?resize=1050%2C600 3x"},"classes":[]},{"id":3241,"url":"http:\/\/www.grieta.org.mx\/index.php\/2016\/09\/12\/desaparecidos-en-jalisco\/","url_meta":{"origin":4240,"position":1},"title":"Desaparecidos en Jalisco","author":"grieta","date":"12 septiembre, 2016","format":false,"excerpt":"12\/09\/16. Exigen resolver falta de presupuesto en b\u00fasqueda de desaparecidosNtr Guadalajara 30\/08\/16. Gobierno de Jalisco oculta la tragedia de los desaparecidosSomos el Medio 10\/08\/16. Jalisco, tercer lugar en desapariciones Ntr Guadalajara 15\/06\/16. Familiares de desaparecidos van ante la oficina de la ONU Ntr Guadalajara 08\/06\/16. Jalisco: cr\u00edmenes de lesa humanidad\u2026","rel":"","context":"En &quot;Desaparecidos&quot;","block_context":{"text":"Desaparecidos","link":"http:\/\/www.grieta.org.mx\/index.php\/category\/temas-nacionales\/desaparecidos\/"},"img":{"alt_text":"","src":"https:\/\/i0.wp.com\/www.grieta.org.mx\/wp-content\/uploads\/2018\/03\/14524434_1106112876131411_958039263622046936_o.jpg?resize=350%2C200","width":350,"height":200,"srcset":"https:\/\/i0.wp.com\/www.grieta.org.mx\/wp-content\/uploads\/2018\/03\/14524434_1106112876131411_958039263622046936_o.jpg?resize=350%2C200 1x, https:\/\/i0.wp.com\/www.grieta.org.mx\/wp-content\/uploads\/2018\/03\/14524434_1106112876131411_958039263622046936_o.jpg?resize=525%2C300 1.5x, https:\/\/i0.wp.com\/www.grieta.org.mx\/wp-content\/uploads\/2018\/03\/14524434_1106112876131411_958039263622046936_o.jpg?resize=700%2C400 2x"},"classes":[]},{"id":59395,"url":"http:\/\/www.grieta.org.mx\/index.php\/2021\/05\/09\/guerreras-unidas-exigen-identificacion-inmediata-de-personas-localizadas-en-fosas-clandestinas-jalisco\/","url_meta":{"origin":4240,"position":2},"title":"Guerreras Unidas exigen identificaci\u00f3n inmediata de personas localizadas en fosas clandestinas (Jalisco)","author":"grieta","date":"9 mayo, 2021","format":false,"excerpt":"Foto: Zona Docs Con dos a\u00f1os de lucha, el Colectivo Guerreras Unidas por Chapala exige a las autoridades de Jalisco respuestas contundentes para saber si sus familiares han sido o no localizados en las fosas clandestinas localizadas en la regi\u00f3n en el \u00faltimo a\u00f1o. A la fecha, de las m\u00e1s\u2026","rel":"","context":"En &quot;CINTILLO&quot;","block_context":{"text":"CINTILLO","link":"http:\/\/www.grieta.org.mx\/index.php\/category\/cintillo\/"},"img":{"alt_text":"","src":"https:\/\/i0.wp.com\/www.grieta.org.mx\/wp-content\/uploads\/2021\/05\/Unknown-7-1-1080x608-1-e1621277089892.jpeg?resize=350%2C200","width":350,"height":200,"srcset":"https:\/\/i0.wp.com\/www.grieta.org.mx\/wp-content\/uploads\/2021\/05\/Unknown-7-1-1080x608-1-e1621277089892.jpeg?resize=350%2C200 1x, https:\/\/i0.wp.com\/www.grieta.org.mx\/wp-content\/uploads\/2021\/05\/Unknown-7-1-1080x608-1-e1621277089892.jpeg?resize=525%2C300 1.5x, https:\/\/i0.wp.com\/www.grieta.org.mx\/wp-content\/uploads\/2021\/05\/Unknown-7-1-1080x608-1-e1621277089892.jpeg?resize=700%2C400 2x"},"classes":[]},{"id":61642,"url":"http:\/\/www.grieta.org.mx\/index.php\/2021\/09\/11\/familiares-exigen-que-se-de-con-el-paradero-de-los-jovenes-potosinos-desaparecidos-en-jalisco\/","url_meta":{"origin":4240,"position":3},"title":"Familiares exigen que se d\u00e9 con el paradero de los j\u00f3venes potosinos desaparecidos en Jalisco","author":"grieta","date":"11 septiembre, 2021","format":false,"excerpt":"La Jornada San Luis Fotos: C\u00e9sar Rivera 11 septiembre 2021 Familiares de los cuatro j\u00f3venes potosinos desaparecidos en Jalisco se manifestaron para exigir resultados en las investigaciones de la fiscal\u00eda jalisciense y para demandar que la Fiscal\u00eda potosina presione en ese sentido. Los manifestantes portaron fotograf\u00edas con el mensaje \u201c\u00bfD\u00f3nde\u2026","rel":"","context":"En &quot;CINTILLO&quot;","block_context":{"text":"CINTILLO","link":"http:\/\/www.grieta.org.mx\/index.php\/category\/cintillo\/"},"img":{"alt_text":"","src":"https:\/\/i0.wp.com\/www.grieta.org.mx\/wp-content\/uploads\/2021\/09\/donde-estan.jpeg?resize=350%2C200","width":350,"height":200,"srcset":"https:\/\/i0.wp.com\/www.grieta.org.mx\/wp-content\/uploads\/2021\/09\/donde-estan.jpeg?resize=350%2C200 1x, https:\/\/i0.wp.com\/www.grieta.org.mx\/wp-content\/uploads\/2021\/09\/donde-estan.jpeg?resize=525%2C300 1.5x"},"classes":[]},{"id":39359,"url":"http:\/\/www.grieta.org.mx\/index.php\/2019\/09\/18\/exigen-aplicar-pruebas-de-adn-a-todos-los-restos-hallados-en-fosa-de-jalisco\/","url_meta":{"origin":4240,"position":4},"title":"Exigen aplicar pruebas de ADN a todos los restos hallados en fosa de Jalisco","author":"grieta","date":"18 septiembre, 2019","format":false,"excerpt":"Foto: Elizabeth Ibal El Instituto Jalisciense de Ciencias Forenses dio la indicaci\u00f3n de que solamente se aplicaran dicha pruebas a troncos y cabezas Ram\u00f3n Ortega \/ El Occidental Jalisco.- Por segundo d\u00eda consecutivo, integrantes de la asociaci\u00f3n civil Familias Unidas por Nuestros Desaparecidos (FUNDEJ)se manifestaron frente al\u00a0Instituto Jalisciense de Ciencias\u2026","rel":"","context":"En &quot;CINTILLO&quot;","block_context":{"text":"CINTILLO","link":"http:\/\/www.grieta.org.mx\/index.php\/category\/cintillo\/"},"img":{"alt_text":"","src":"https:\/\/i0.wp.com\/www.grieta.org.mx\/wp-content\/uploads\/2019\/09\/fundej.jpg?resize=350%2C200","width":350,"height":200,"srcset":"https:\/\/i0.wp.com\/www.grieta.org.mx\/wp-content\/uploads\/2019\/09\/fundej.jpg?resize=350%2C200 1x, https:\/\/i0.wp.com\/www.grieta.org.mx\/wp-content\/uploads\/2019\/09\/fundej.jpg?resize=525%2C300 1.5x, https:\/\/i0.wp.com\/www.grieta.org.mx\/wp-content\/uploads\/2019\/09\/fundej.jpg?resize=700%2C400 2x"},"classes":[]},{"id":64516,"url":"http:\/\/www.grieta.org.mx\/index.php\/2022\/07\/08\/7-de-julio-no-se-olvida-9-anos-sin-justicia-jalisco\/","url_meta":{"origin":4240,"position":5},"title":"\u201c7 de julio no se olvida\u201d: 9 a\u00f1os sin justicia (Jalisco)","author":"grieta","date":"8 julio, 2022","format":false,"excerpt":"Imagen: Zona Docs Han pasado 9 a\u00f1os desde que \u00c1ngel, Daniel, Eduardo, Jos\u00e9 Gerardo, Rodrigo, Marco y Cristian fueron desaparecidos y localizados sin vida el 7 de julio de 2013 en Lagos de Moreno, Jalisco. Como cada aniversario, sus familiares y personas solidarias participaron en una marcha pac\u00edfica y un\u2026","rel":"","context":"En &quot;CINTILLO&quot;","block_context":{"text":"CINTILLO","link":"http:\/\/www.grieta.org.mx\/index.php\/category\/cintillo\/"},"img":{"alt_text":"","src":"https:\/\/i0.wp.com\/www.grieta.org.mx\/wp-content\/uploads\/2022\/07\/photo1657259451-1068x710-1.jpeg?resize=350%2C200","width":350,"height":200,"srcset":"https:\/\/i0.wp.com\/www.grieta.org.mx\/wp-content\/uploads\/2022\/07\/photo1657259451-1068x710-1.jpeg?resize=350%2C200 1x, https:\/\/i0.wp.com\/www.grieta.org.mx\/wp-content\/uploads\/2022\/07\/photo1657259451-1068x710-1.jpeg?resize=525%2C300 1.5x, https:\/\/i0.wp.com\/www.grieta.org.mx\/wp-content\/uploads\/2022\/07\/photo1657259451-1068x710-1.jpeg?resize=700%2C400 2x, https:\/\/i0.wp.com\/www.grieta.org.mx\/wp-content\/uploads\/2022\/07\/photo1657259451-1068x710-1.jpeg?resize=1050%2C600 3x"},"classes":[]}],"_links":{"self":[{"href":"http:\/\/www.grieta.org.mx\/index.php\/wp-json\/wp\/v2\/posts\/4240","targetHints":{"allow":["GET"]}}],"collection":[{"href":"http:\/\/www.grieta.org.mx\/index.php\/wp-json\/wp\/v2\/posts"}],"about":[{"href":"http:\/\/www.grieta.org.mx\/index.php\/wp-json\/wp\/v2\/types\/post"}],"author":[{"embeddable":true,"href":"http:\/\/www.grieta.org.mx\/index.php\/wp-json\/wp\/v2\/users\/2"}],"replies":[{"embeddable":true,"href":"http:\/\/www.grieta.org.mx\/index.php\/wp-json\/wp\/v2\/comments?post=4240"}],"version-history":[{"count":1,"href":"http:\/\/www.grieta.org.mx\/index.php\/wp-json\/wp\/v2\/posts\/4240\/revisions"}],"predecessor-version":[{"id":10828,"href":"http:\/\/www.grieta.org.mx\/index.php\/wp-json\/wp\/v2\/posts\/4240\/revisions\/10828"}],"wp:featuredmedia":[{"embeddable":true,"href":"http:\/\/www.grieta.org.mx\/index.php\/wp-json\/wp\/v2\/media\/21928"}],"wp:attachment":[{"href":"http:\/\/www.grieta.org.mx\/index.php\/wp-json\/wp\/v2\/media?parent=4240"}],"wp:term":[{"taxonomy":"category","embeddable":true,"href":"http:\/\/www.grieta.org.mx\/index.php\/wp-json\/wp\/v2\/categories?post=4240"},{"taxonomy":"post_tag","embeddable":true,"href":"http:\/\/www.grieta.org.mx\/index.php\/wp-json\/wp\/v2\/tags?post=4240"}],"curies":[{"name":"wp","href":"https:\/\/api.w.org\/{rel}","templated":true}]}}