{"id":42185,"date":"2019-12-09T00:39:26","date_gmt":"2019-12-09T06:39:26","guid":{"rendered":"http:\/\/www.grieta.org.mx\/?p=42185"},"modified":"2019-12-15T00:55:05","modified_gmt":"2019-12-15T06:55:05","slug":"vecinos-de-multifamiliar-tlalpan-temen-otra-amarga-navidad-en-campamento-ciudad-de-mexico","status":"publish","type":"post","link":"http:\/\/www.grieta.org.mx\/index.php\/2019\/12\/09\/vecinos-de-multifamiliar-tlalpan-temen-otra-amarga-navidad-en-campamento-ciudad-de-mexico\/","title":{"rendered":"Vecinos de Multifamiliar Tlalpan temen otra amarga Navidad en campamento (Ciudad de M\u00e9xico)"},"content":{"rendered":"<p><img loading=\"lazy\" decoding=\"async\" data-attachment-id=\"42186\" data-permalink=\"http:\/\/www.grieta.org.mx\/index.php\/2019\/12\/09\/vecinos-de-multifamiliar-tlalpan-temen-otra-amarga-navidad-en-campamento-ciudad-de-mexico\/vecinos-de-multifamiliar-tlalpan-cdmx-dic\/\" data-orig-file=\"http:\/\/www.grieta.org.mx\/wp-content\/uploads\/2019\/12\/Vecinos-de-Multifamiliar-Tlalpan-cdmx-dic.jpg\" data-orig-size=\"298,169\" data-comments-opened=\"0\" data-image-meta=\"{&quot;aperture&quot;:&quot;0&quot;,&quot;credit&quot;:&quot;&quot;,&quot;camera&quot;:&quot;&quot;,&quot;caption&quot;:&quot;&quot;,&quot;created_timestamp&quot;:&quot;0&quot;,&quot;copyright&quot;:&quot;&quot;,&quot;focal_length&quot;:&quot;0&quot;,&quot;iso&quot;:&quot;0&quot;,&quot;shutter_speed&quot;:&quot;0&quot;,&quot;title&quot;:&quot;&quot;,&quot;orientation&quot;:&quot;0&quot;}\" data-image-title=\"Vecinos de Multifamiliar Tlalpan cdmx dic\" data-image-description=\"\" data-image-caption=\"\" data-medium-file=\"http:\/\/www.grieta.org.mx\/wp-content\/uploads\/2019\/12\/Vecinos-de-Multifamiliar-Tlalpan-cdmx-dic.jpg\" data-large-file=\"http:\/\/www.grieta.org.mx\/wp-content\/uploads\/2019\/12\/Vecinos-de-Multifamiliar-Tlalpan-cdmx-dic.jpg\" class=\"aligncenter wp-image-42186\" src=\"http:\/\/www.grieta.org.mx\/wp-content\/uploads\/2019\/12\/Vecinos-de-Multifamiliar-Tlalpan-cdmx-dic.jpg\" alt=\"\" width=\"383\" height=\"217\" \/><br \/>\nMarco Antonio Mart\u00ednez \/ La silla Rota<\/p>\n<blockquote><p>Tras dos a\u00f1os y tres meses de vivir en campamento, 14 familias esperan con ansias las entregas de sus departamentos y poder reconstruir su vida y sus hogares<\/p><\/blockquote>\n<p>Vanessa Lemus Padilla y sus tres hijas llevan dos a\u00f1os y casi tres meses de vivir en un campamento, con otras 14 familias, en el parque que est\u00e1 a unos metros del multifamiliar Tlalpan, compuesto por 10 edificios y el cual result\u00f3 da\u00f1ado el 19 de septiembre de 2017 a causa del terremoto que sacudi\u00f3 a la ciudad ese d\u00eda.<\/p>\n<p>&#8220;Despu\u00e9s del sismo, la organizaci\u00f3n Techo nos hizo casitas, ha sido muy dif\u00edcil, hemos sufrido<br \/>\naqu\u00ed inclemencias, fr\u00edo, lluvia, calor e inclusive roedores, aqu\u00ed hemos padecido bastante. Solo queremos regresar a casa, luego de dos a\u00f1os ha sido muy dif\u00edcil todo esto&#8221;.<\/p>\n<p>Las otras 14 familias, como la de Vanessa, espera pronto regresar a su departamento, que est\u00e1 en obras de rehabilitaci\u00f3n por parte de la Comisi\u00f3n de Reconstrucci\u00f3n del gobierno capitalino. Aunque el edificio 2B, departamento 40, donde viv\u00eda est\u00e1 a unos pasos, al mismo tiempo a\u00fan no sabe cu\u00e1ndo lo recibir\u00e1.<\/p>\n<p>&#8220;La primera fecha de entrega hab\u00eda sido el 10 de junio posteriormente fue en agosto, luego nos dijeron que en septiembre luego que al 30 de noviembre y estamos casi a mediados de diciembre y no nos han entregado. Nos dicen que posiblemente para el 19 de diciembre que as\u00ed como van las cosas no creo o posiblemente hasta el 30 de diciembre. Yo lo dudo, estamos a la espera de que nos entreguen pero ya para poder vivir, nada de que nos dan las llaves porque aunque las entreguen no podemos entrar a vivir&#8221;, dice Vanessa a La Silla Rota.<\/p>\n<p>No es el \u00fanico campamento. Aleda\u00f1o a Tlalpan hay otro. En total, son 500 familias las que ah\u00ed viv\u00edan. Los que no est\u00e1n en campamentos rentan o viven con familiares.<\/p>\n<p>Vanessa alberga dudas de que vaya a poder regresar el 19 de diciembre porque en los pasillos que conectan a los edificios se ven aun cuadrillas de trabajadores, la unidad permanece tapiada y a la vista se ven algunos balcones despostillados y el aplanado se nota disparejo.<\/p>\n<p>Afirma que si bien a algunos vecinos ya les entregaron las llaves, s\u00f3lo algunos ya viven ah\u00ed y eso por su necesidad de tener ya un lugar, porque incluso es dif\u00edcil y m\u00e1s complicado es hacer una mudanza, considera.<\/p>\n<blockquote><p>&#8220;Se hizo una simulaci\u00f3n de que entregaron llaves y un edificio y ya hab\u00eda entrado gente a vivir. Si se entregaron llaves pero la gente no puede entrar a vivir a sus departamentos porque a\u00fan hay trabajadores para meter su mudanza, porque est\u00e1 tapiada la unidad, es muy dif\u00edcil el acceso para meter sus muebles. Ya encontraron filtraciones en los edificios que entregaron las llaves, tuvieron que botar el azulejo de cocina y ba\u00f1o para ver de d\u00f3nde ven\u00eda la filtraci\u00f3n. \u00bfC\u00f3mo es posible que entreguen el edificio y aparezcan filtraciones a d\u00edas de que los entregaron?&#8221;, cuestiona.<\/p><\/blockquote>\n<p>Vanessa muestra el edificio donde viv\u00eda, el 2B y de ah\u00ed se\u00f1ala un balc\u00f3n que tiene una ligera inclinaci\u00f3n hacia abajo y el cual no fue reparado. Ese es uno de los elementos que no le dan confianza. Otro son los propios acabados y pone de ejemplo al edificio vecino, el 2C, que tiene unos balcones que s\u00ed fueron arreglados, pero que lucen en algunas partes despostilladas. Asegura que en ese edificio es donde se detectaron las filtraciones de agua.<\/p>\n<p>A\u00f1ade que en todos los edificios hay quejas por fallas que encuentran, menos en el 1C, que es el que ese d\u00eda colaps\u00f3 y debi\u00f3 ser reconstruido. Lo atribuye a que en su caso el proceso corri\u00f3 a cargo del Instituto de Vivienda (Invi) y no de los administradores de cada edificio.<\/p>\n<p>&#8220;Pedir\u00eda que vinieran a ver las anomal\u00edas que hay en los departamentos que entregaron, que hay<br \/>\nfiltraciones, cosas que no terminan. Que nos den una fecha definitiva para entregar. Ha sido un incumplimiento, seguimos en lo mismo, ya es diciembre, hab\u00edamos dicho que no quer\u00edamos pasar otro diciembre en la calle, parece que as\u00ed va a ser. Vamos a estar un 24 y 31 de diciembre aqu\u00ed en la calle y a\u00fan no tenemos una fecha certera y real que ese d\u00eda vamos a poder entrar a nuestras casas&#8221;.<\/p>\n<p>Pese a sus dudas, en los alrededores se ve a hombres arreglar las banquetas de las calles adyacentes, como cuando se avecina una inauguraci\u00f3n de obras, sin embargo, incluso esos arreglos han tenido sus fallas y muestra una foto donde se ve que el reencarpetado est\u00e1 sumido.<\/p>\n<p>El pasado 2 de diciembre la organizaci\u00f3n Damnificados Unidos, que naci\u00f3 en el Multifamiliar Tlalpan pero que abarca a m\u00e1s edificios afectados por el terremoto, dio a conocer que no hab\u00edan regresado 40 familias y que era una simulaci\u00f3n como parte del incumplimiento del gobierno capitalino y empresas constructoras y encargadas de la rehabilitaci\u00f3n.<\/p>\n<blockquote><p>&#8220;De los 500 departamentos que conformamos el multifamiliar Tlalpan, s\u00edmbolo de la reconstrucci\u00f3n, apenas una docena de familias han vuelto a habitarlo por la imperiosa necesidad, en condiciones muy distantes a las de seguridad y habitabilidad que ser\u00edan dignas. Se fingen preentregas y entregas de llaves en edificios que contin\u00faan en trabajos de rehabilitaci\u00f3n. Incluso se condiciona la devoluci\u00f3n de sus llaves a que cada vecino firme un documento aceptando entera satisfacci\u00f3n al tiempo que acepta tambi\u00e9n que los trabajos no han terminado y que es riesgoso residir ah\u00ed&#8221;.<\/p><\/blockquote>\n<p>Incluso el edificio 1C, el colapsado y que el Instituto de Vivienda hab\u00eda prometido entregar el 19 de diciembre, tambi\u00e9n se ve en riesgo por posibles retrasos &#8220;debido a una mala coordinaci\u00f3n entre ese instituto, la Comisi\u00f3n para la Reconstrucci\u00f3n y las empresas que laboran en la unidad&#8221;, seg\u00fan el comunicado.<\/p>\n<p>Adem\u00e1s, Damnificados Unidos denunci\u00f3 que la Comisi\u00f3n Federal de Electricidad (CFE) sustrajo sus antiguos medidores de luz y ahora condiciona la conexi\u00f3n del servicio &#8220;al pago de supuestos adeudos impagables&#8221;.<\/p>\n<p>La organizaci\u00f3n explic\u00f3 que si bien los departamentos contaban con electricidad el 19 de septiembre de 2017, 25 por ciento de los departamentos manten\u00edan una huelga de pagos como protesta por lo que consideraban cobros injustificados por un decreto del entonces presidente Felipe Calder\u00f3n &#8220;que nos condenaba a tarifas elevadas&#8221;.<\/p>\n<p>Pidieron a la jefa de gobierno, Claudia Sheinbaum tomar las acciones necesarias para garantizar el regreso de las 500 familias en condiciones de seguridad y habitabilidad y no volver a pasar por tercera vez a\u00f1o nuevo y navidad fuera de sus hogares.<\/p>\n<p>En caso de no hacerlo considerar\u00e1n un fracaso y evaluar\u00e1n los pendientes de todos los predios de<br \/>\nDamnificados Unidos &#8220;para ofrecer p\u00fablicamente nuestra calificaci\u00f3n de este gobierno y definir nuestras acciones a seguir&#8221;.<\/p>\n<p>La Silla Rota busc\u00f3 al comisionado de reconstrucci\u00f3n, C\u00e9sar Cravioto, sin respuesta.<\/p>\n<p>PROMETE CRAVIOTO ENTREGA A TIEMPO<br \/>\nEl comisionado de la reconstrucci\u00f3n, C\u00e9sar Cravioto prometi\u00f3 a medios de comunicaci\u00f3n que la entrega de los 10 edificios del multifamiliar Tlalpan ser\u00e1 antes de que acabe diciembre de este a\u00f1o.<\/p>\n<p>&#8220;Les queremos compartir un video de reconstrucci\u00f3n para ver el avance que se tiene. Se han entregado 150 departamentos. No todos habitados porque la gente est\u00e1 en un proceso de mudanza pero inmuebles est\u00e1n quedando bien y le hemos dicho a las empresas que no puede pasar de diciembre la entrega de 10 edificios y si las empresas no cumplen se les va a sancionar&#8221;, advirti\u00f3.<\/p>\n<p><a href=\"https:\/\/lasillarota.com\/especialeslsr\/vecinos-de-multifamiliar-tlalpan-temen-otra-amarga-navidad-en-campamento-19-s-sismo-19-s\/343311\" target=\"_blank\" rel=\"noopener noreferrer\">https:\/\/lasillarota.com\/especialeslsr\/vecinos-de-multifamiliar-tlalpan-temen-otra-amarga-navidad-en-campamento-19-s-sismo-19-s\/343311<\/a><\/p>\n","protected":false},"excerpt":{"rendered":"<p>Marco Antonio Mart\u00ednez \/ La silla Rota Tras dos a\u00f1os y tres meses de vivir en campamento, 14 familias esperan con ansias las entregas de sus departamentos y poder reconstruir &hellip; <a href=\"http:\/\/www.grieta.org.mx\/index.php\/2019\/12\/09\/vecinos-de-multifamiliar-tlalpan-temen-otra-amarga-navidad-en-campamento-ciudad-de-mexico\/\" class=\"more-link\">Leer m\u00e1s<\/a><\/p>\n","protected":false},"author":2,"featured_media":42186,"comment_status":"closed","ping_status":"closed","sticky":false,"template":"","format":"standard","meta":{"ngg_post_thumbnail":0,"_jetpack_newsletter_access":"","_jetpack_dont_email_post_to_subs":false,"_jetpack_newsletter_tier_id":0,"_jetpack_memberships_contains_paywalled_content":false,"_jetpack_memberships_contains_paid_content":false,"footnotes":""},"categories":[80,14,1026,1742,2065,2],"tags":[1028,1027],"class_list":["post-42185","post","type-post","status-publish","format-standard","has-post-thumbnail","hentry","category-cintillo","category-ciudad-de-mexico","category-damnificados-por-el-sismo-del-19-de-septiembre","category-damnificados-y-reconstruccion-en-la-ciudad-de-mexico","category-movilizaciones-y-protestas-de-habitantes-de-la-ciudad-de-mexico","category-noticias-nacionales","tag-damnificados","tag-sismo-19-s","entry"],"jetpack_featured_media_url":"http:\/\/www.grieta.org.mx\/wp-content\/uploads\/2019\/12\/Vecinos-de-Multifamiliar-Tlalpan-cdmx-dic.jpg","jetpack_sharing_enabled":true,"jetpack_shortlink":"https:\/\/wp.me\/p7ZJR4-aYp","jetpack_likes_enabled":false,"jetpack-related-posts":[{"id":23394,"url":"http:\/\/www.grieta.org.mx\/index.php\/2018\/05\/30\/damnificados-montan-campamento-en-calzada-de-tlalpan-reclaman-que-autoridades-cumplan-con-reconstruccion\/","url_meta":{"origin":42185,"position":0},"title":"Damnificados montan campamento en calzada de Tlalpan; reclaman que autoridades cumplan con reconstrucci\u00f3n","author":"grieta","date":"30 mayo, 2018","format":false,"excerpt":"Redacci\u00f3n Animal Pol\u00edtico Damnificados del Multifamiliar dijeron que mantendr\u00e1n un campamento en calzada de Tlalpan, hasta que las autoridades de la CDMX cumplan con sus exigencias de reconstrucci\u00f3n de viviendas, luego de los da\u00f1os causados por el sismo del 19 de septiembre. Damnificados del Multifamiliar Tlalpan informaron la noche de\u2026","rel":"","context":"En &quot;CINTILLO&quot;","block_context":{"text":"CINTILLO","link":"http:\/\/www.grieta.org.mx\/index.php\/category\/cintillo\/"},"img":{"alt_text":"","src":"https:\/\/i0.wp.com\/www.grieta.org.mx\/wp-content\/uploads\/2018\/06\/tlalpan-960x500.jpg?resize=350%2C200","width":350,"height":200,"srcset":"https:\/\/i0.wp.com\/www.grieta.org.mx\/wp-content\/uploads\/2018\/06\/tlalpan-960x500.jpg?resize=350%2C200 1x, https:\/\/i0.wp.com\/www.grieta.org.mx\/wp-content\/uploads\/2018\/06\/tlalpan-960x500.jpg?resize=525%2C300 1.5x, https:\/\/i0.wp.com\/www.grieta.org.mx\/wp-content\/uploads\/2018\/06\/tlalpan-960x500.jpg?resize=700%2C400 2x"},"classes":[]},{"id":22186,"url":"http:\/\/www.grieta.org.mx\/index.php\/2018\/03\/19\/ya-no-recibimos-apoyo-de-nadie-hemos-perdido-la-esperanza-damnificados-del-multifamiliar-tlalpan\/","url_meta":{"origin":42185,"position":1},"title":"Ya no recibimos apoyo de nadie, hemos perdido la esperanza: damnificados del Multifamiliar Tlalpan","author":"grieta","date":"19 marzo, 2018","format":false,"excerpt":"C\u00e9sar Revelea Se cumple medio a\u00f1o del 19S y la situaci\u00f3n de los damnificados en Tlalpan ha empeorado, desde hace dos meses no reciben ning\u00fan tipo de ayuda y los sismos recientes detuvieron los proyectos de reforzamiento y reconstrucci\u00f3n. A seis meses del sismo de magnitud 7.1 que sacudi\u00f3 la\u2026","rel":"","context":"En &quot;CINTILLO&quot;","block_context":{"text":"CINTILLO","link":"http:\/\/www.grieta.org.mx\/index.php\/category\/cintillo\/"},"img":{"alt_text":"","src":"https:\/\/i0.wp.com\/www.grieta.org.mx\/wp-content\/uploads\/2018\/03\/WhatsApp-Image-2018-03-18-at-21.41.38-e1521470522313-960x500.jpeg?resize=350%2C200","width":350,"height":200,"srcset":"https:\/\/i0.wp.com\/www.grieta.org.mx\/wp-content\/uploads\/2018\/03\/WhatsApp-Image-2018-03-18-at-21.41.38-e1521470522313-960x500.jpeg?resize=350%2C200 1x, https:\/\/i0.wp.com\/www.grieta.org.mx\/wp-content\/uploads\/2018\/03\/WhatsApp-Image-2018-03-18-at-21.41.38-e1521470522313-960x500.jpeg?resize=525%2C300 1.5x, https:\/\/i0.wp.com\/www.grieta.org.mx\/wp-content\/uploads\/2018\/03\/WhatsApp-Image-2018-03-18-at-21.41.38-e1521470522313-960x500.jpeg?resize=700%2C400 2x"},"classes":[]},{"id":44329,"url":"http:\/\/www.grieta.org.mx\/index.php\/2020\/02\/15\/vecinos-de-multifamiliar-tlalpan-reportan-herreria-desprendida-en-edificios-recien-entregados-ciudad-de-mexico\/","url_meta":{"origin":42185,"position":2},"title":"Vecinos de Multifamiliar Tlalpan reportan herrer\u00eda desprendida en edificios reci\u00e9n entregados (Ciudad de M\u00e9xico)","author":"grieta","date":"15 febrero, 2020","format":false,"excerpt":"Animal Pol\u00edtico Los edificios rehabilitados fueron entregados por el gobierno de la Ciudad de M\u00e9xico apenas el 8 de febrero. Habitantes del Multifamiliar Tlalpan denunciaron el desprendimiento de un barandal y de protecciones de ventanas en los edificios rehabilitados tras el sismo del 19 septiembre del 2017. Los edificios fueron\u2026","rel":"","context":"En &quot;CINTILLO&quot;","block_context":{"text":"CINTILLO","link":"http:\/\/www.grieta.org.mx\/index.php\/category\/cintillo\/"},"img":{"alt_text":"","src":"https:\/\/i0.wp.com\/www.grieta.org.mx\/wp-content\/uploads\/2020\/02\/Vecinos-de-Multifamiliar-Tlalpan-reportan-herrer%C3%ADa-desprendida-en-edificios-reci%C3%A9n-entregados-cdmx-feb.png?resize=350%2C200","width":350,"height":200,"srcset":"https:\/\/i0.wp.com\/www.grieta.org.mx\/wp-content\/uploads\/2020\/02\/Vecinos-de-Multifamiliar-Tlalpan-reportan-herrer%C3%ADa-desprendida-en-edificios-reci%C3%A9n-entregados-cdmx-feb.png?resize=350%2C200 1x, https:\/\/i0.wp.com\/www.grieta.org.mx\/wp-content\/uploads\/2020\/02\/Vecinos-de-Multifamiliar-Tlalpan-reportan-herrer%C3%ADa-desprendida-en-edificios-reci%C3%A9n-entregados-cdmx-feb.png?resize=525%2C300 1.5x"},"classes":[]},{"id":23950,"url":"http:\/\/www.grieta.org.mx\/index.php\/2018\/06\/22\/damnificados-de-tlalpan-doblan-al-gobierno-de-la-cdmx-consiguen-reconstruccion-con-recursos-publicos\/","url_meta":{"origin":42185,"position":3},"title":"Damnificados de Tlalpan doblan al gobierno de la CDMX: consiguen reconstrucci\u00f3n con recursos p\u00fablicos","author":"grieta","date":"22 junio, 2018","format":false,"excerpt":"Proceso CIUDAD DE M\u00c9XICO (apro).- De manera in\u00e9dita, el gobierno de la Ciudad de M\u00e9xico y la Asamblea Legislativa firmaron una declaratoria de compromisos para iniciar los trabajos de reconstrucci\u00f3n con recursos p\u00fablicos en beneficio de los damnificados que bloquearon alrededor de ocho horas la Calzada de Tlalpan. Esta madrugada,\u2026","rel":"","context":"En &quot;CINTILLO&quot;","block_context":{"text":"CINTILLO","link":"http:\/\/www.grieta.org.mx\/index.php\/category\/cintillo\/"},"img":{"alt_text":"","src":"https:\/\/i0.wp.com\/www.grieta.org.mx\/wp-content\/uploads\/2018\/06\/tlalpan-1.jpg?resize=350%2C200","width":350,"height":200,"srcset":"https:\/\/i0.wp.com\/www.grieta.org.mx\/wp-content\/uploads\/2018\/06\/tlalpan-1.jpg?resize=350%2C200 1x, https:\/\/i0.wp.com\/www.grieta.org.mx\/wp-content\/uploads\/2018\/06\/tlalpan-1.jpg?resize=525%2C300 1.5x, https:\/\/i0.wp.com\/www.grieta.org.mx\/wp-content\/uploads\/2018\/06\/tlalpan-1.jpg?resize=700%2C400 2x"},"classes":[]},{"id":22063,"url":"http:\/\/www.grieta.org.mx\/index.php\/2018\/02\/24\/crean-red-nacional-de-damnificados-cdmx\/","url_meta":{"origin":42185,"position":4},"title":"Crean Red Nacional de Damnificados (CDMX)","author":"grieta","date":"24 febrero, 2018","format":false,"excerpt":"Oscar Santill\u00e1n Buscar\u00e1n que los recursos del Fondo de Desastres Naturales (Fonden) llegue a los sitios afectados por el sismo del 19S Ante el olvido en el que han quedado los afectados por el sismo del 19 de septiembre de 2017, este s\u00e1bado, durante el V Encuentro Nacional de Damnificados\u2026","rel":"","context":"En &quot;CINTILLO&quot;","block_context":{"text":"CINTILLO","link":"http:\/\/www.grieta.org.mx\/index.php\/category\/cintillo\/"},"img":{"alt_text":"","src":"https:\/\/i0.wp.com\/www.grieta.org.mx\/wp-content\/uploads\/2018\/03\/dsc0170-53b92c1f0ffe3ab7a8e159cfe822d71b-1200x600.jpg?resize=350%2C200","width":350,"height":200,"srcset":"https:\/\/i0.wp.com\/www.grieta.org.mx\/wp-content\/uploads\/2018\/03\/dsc0170-53b92c1f0ffe3ab7a8e159cfe822d71b-1200x600.jpg?resize=350%2C200 1x, https:\/\/i0.wp.com\/www.grieta.org.mx\/wp-content\/uploads\/2018\/03\/dsc0170-53b92c1f0ffe3ab7a8e159cfe822d71b-1200x600.jpg?resize=525%2C300 1.5x, https:\/\/i0.wp.com\/www.grieta.org.mx\/wp-content\/uploads\/2018\/03\/dsc0170-53b92c1f0ffe3ab7a8e159cfe822d71b-1200x600.jpg?resize=700%2C400 2x, https:\/\/i0.wp.com\/www.grieta.org.mx\/wp-content\/uploads\/2018\/03\/dsc0170-53b92c1f0ffe3ab7a8e159cfe822d71b-1200x600.jpg?resize=1050%2C600 3x"},"classes":[]},{"id":39389,"url":"http:\/\/www.grieta.org.mx\/index.php\/2019\/09\/19\/dos-anos-del-s19-seguimos-en-la-calle-y-la-corrupcion-continua-recriminan-damnificados-unidos\/","url_meta":{"origin":42185,"position":5},"title":"Dos a\u00f1os del S19, seguimos en la calle y la corrupci\u00f3n contin\u00faa, recriminan Damnificados Unidos","author":"grieta","date":"19 septiembre, 2019","format":false,"excerpt":"Blanca Estela Flores, damnificada del Multifamiliar Tlalpan, detall\u00f3 que los damnificados denunciaron, el pasado mes de mayo, que en el edificio 4B del Multifamiliar Tlalpan, la empresa REM Ingenier\u00eda Ecol\u00f3gica, estaba vendiendo a sobre costos. Dijo que, por ejemplo, un juego de ba\u00f1o que vale 1,800 pesos, la empresa lo\u2026","rel":"","context":"En &quot;CINTILLO&quot;","block_context":{"text":"CINTILLO","link":"http:\/\/www.grieta.org.mx\/index.php\/category\/cintillo\/"},"img":{"alt_text":"","src":"https:\/\/i0.wp.com\/www.grieta.org.mx\/wp-content\/uploads\/2019\/09\/damnificados.jpg?resize=350%2C200","width":350,"height":200,"srcset":"https:\/\/i0.wp.com\/www.grieta.org.mx\/wp-content\/uploads\/2019\/09\/damnificados.jpg?resize=350%2C200 1x, https:\/\/i0.wp.com\/www.grieta.org.mx\/wp-content\/uploads\/2019\/09\/damnificados.jpg?resize=525%2C300 1.5x, https:\/\/i0.wp.com\/www.grieta.org.mx\/wp-content\/uploads\/2019\/09\/damnificados.jpg?resize=700%2C400 2x, https:\/\/i0.wp.com\/www.grieta.org.mx\/wp-content\/uploads\/2019\/09\/damnificados.jpg?resize=1050%2C600 3x"},"classes":[]}],"_links":{"self":[{"href":"http:\/\/www.grieta.org.mx\/index.php\/wp-json\/wp\/v2\/posts\/42185","targetHints":{"allow":["GET"]}}],"collection":[{"href":"http:\/\/www.grieta.org.mx\/index.php\/wp-json\/wp\/v2\/posts"}],"about":[{"href":"http:\/\/www.grieta.org.mx\/index.php\/wp-json\/wp\/v2\/types\/post"}],"author":[{"embeddable":true,"href":"http:\/\/www.grieta.org.mx\/index.php\/wp-json\/wp\/v2\/users\/2"}],"replies":[{"embeddable":true,"href":"http:\/\/www.grieta.org.mx\/index.php\/wp-json\/wp\/v2\/comments?post=42185"}],"version-history":[{"count":1,"href":"http:\/\/www.grieta.org.mx\/index.php\/wp-json\/wp\/v2\/posts\/42185\/revisions"}],"predecessor-version":[{"id":42187,"href":"http:\/\/www.grieta.org.mx\/index.php\/wp-json\/wp\/v2\/posts\/42185\/revisions\/42187"}],"wp:featuredmedia":[{"embeddable":true,"href":"http:\/\/www.grieta.org.mx\/index.php\/wp-json\/wp\/v2\/media\/42186"}],"wp:attachment":[{"href":"http:\/\/www.grieta.org.mx\/index.php\/wp-json\/wp\/v2\/media?parent=42185"}],"wp:term":[{"taxonomy":"category","embeddable":true,"href":"http:\/\/www.grieta.org.mx\/index.php\/wp-json\/wp\/v2\/categories?post=42185"},{"taxonomy":"post_tag","embeddable":true,"href":"http:\/\/www.grieta.org.mx\/index.php\/wp-json\/wp\/v2\/tags?post=42185"}],"curies":[{"name":"wp","href":"https:\/\/api.w.org\/{rel}","templated":true}]}}