{"id":42137,"date":"2019-12-11T15:56:08","date_gmt":"2019-12-11T21:56:08","guid":{"rendered":"http:\/\/www.grieta.org.mx\/?p=42137"},"modified":"2019-12-13T16:50:17","modified_gmt":"2019-12-13T22:50:17","slug":"las-consultas-indigenas-del-tren-maya-incumplen-con-el-convenio-de-la-oit-acusa-organizacion","status":"publish","type":"post","link":"http:\/\/www.grieta.org.mx\/index.php\/2019\/12\/11\/las-consultas-indigenas-del-tren-maya-incumplen-con-el-convenio-de-la-oit-acusa-organizacion\/","title":{"rendered":"Las consultas ind\u00edgenas del Tren Maya incumplen con el convenio de la OIT, acusa organizaci\u00f3n"},"content":{"rendered":"<p><img loading=\"lazy\" decoding=\"async\" data-attachment-id=\"42138\" data-permalink=\"http:\/\/www.grieta.org.mx\/index.php\/2019\/12\/11\/las-consultas-indigenas-del-tren-maya-incumplen-con-el-convenio-de-la-oit-acusa-organizacion\/tren-consulta\/\" data-orig-file=\"http:\/\/www.grieta.org.mx\/wp-content\/uploads\/2019\/12\/tren-consulta-e1576277010234.jpg\" data-orig-size=\"800,422\" data-comments-opened=\"0\" data-image-meta=\"{&quot;aperture&quot;:&quot;0&quot;,&quot;credit&quot;:&quot;&quot;,&quot;camera&quot;:&quot;&quot;,&quot;caption&quot;:&quot;&quot;,&quot;created_timestamp&quot;:&quot;0&quot;,&quot;copyright&quot;:&quot;&quot;,&quot;focal_length&quot;:&quot;0&quot;,&quot;iso&quot;:&quot;0&quot;,&quot;shutter_speed&quot;:&quot;0&quot;,&quot;title&quot;:&quot;&quot;,&quot;orientation&quot;:&quot;0&quot;}\" data-image-title=\"tren-consulta\" data-image-description=\"\" data-image-caption=\"\" data-medium-file=\"http:\/\/www.grieta.org.mx\/wp-content\/uploads\/2019\/12\/tren-consulta-300x158.jpg\" data-large-file=\"http:\/\/www.grieta.org.mx\/wp-content\/uploads\/2019\/12\/tren-consulta-1024x540.jpg\" src=\"http:\/\/www.grieta.org.mx\/wp-content\/uploads\/2019\/12\/tren-consulta-e1576277010234.jpg\" alt=\"\" width=\"800\" height=\"422\" class=\"aligncenter size-full wp-image-42138\" \/><\/p>\n<p>SinEmbargo<\/p>\n<blockquote><p>La organizaci\u00f3n denunci\u00f3 que las autoridades comunitarias no han sido informadas que el proyecto no ha sido sometido a los estudios de impacto ambiental.<\/p><\/blockquote>\n<p>Ciudad de M\u00e9xico- El Gobierno de M\u00e9xico incumple con el convenio 169 de la Organizaci\u00f3n Internacional del Trabajo (OIT) al consultar a los pueblos por donde pasar\u00e1 el Tren Maya, denunci\u00f3 el Consejo Civil Mexicano para la Silvicultura Sostenible (Ccmss).<\/p>\n<p>De acuerdo con la organizaci\u00f3n, las autoridades federales no han generado las condiciones necesarias para que las comunidades se informen de manera libre y culturalmente adecuada.<\/p>\n<p>El Ccmss acudi\u00f3 a las consultadas realizadas en las comunidades de Quintana Roo y Campeche y ah\u00ed presencio una serie de irregularidades por parte de los funcionarios federales.<\/p>\n<p>Entre ellas se encontraron que el Gobierno \u201cno est\u00e1 buscando el consentimiento previo de los pueblos originarios, sobre la ejecuci\u00f3n del megaproyecto del Tren Maya, sino \u00fanicamente \u2018conocer sus opiniones\u2019\u201d.<\/p>\n<p>    Adem\u00e1s, la consulta \u201cincumple el principio de \u2018informada\u2019, toda vez que la informaci\u00f3n disponible, a manera de datos sobre el proyecto, sus componentes y montos de inversi\u00f3n, no ha permitido ni el an\u00e1lisis, ni la comprensi\u00f3n de las afectaciones de este megaproyecto sobre los territorios y la vida de las comunidades ind\u00edgenas\u201c.<\/p>\n<p><img loading=\"lazy\" decoding=\"async\" data-attachment-id=\"42140\" data-permalink=\"http:\/\/www.grieta.org.mx\/index.php\/2019\/12\/11\/las-consultas-indigenas-del-tren-maya-incumplen-con-el-convenio-de-la-oit-acusa-organizacion\/consulta-dos\/\" data-orig-file=\"http:\/\/www.grieta.org.mx\/wp-content\/uploads\/2019\/12\/consulta-dos.jpg\" data-orig-size=\"700,574\" data-comments-opened=\"0\" data-image-meta=\"{&quot;aperture&quot;:&quot;0&quot;,&quot;credit&quot;:&quot;&quot;,&quot;camera&quot;:&quot;&quot;,&quot;caption&quot;:&quot;&quot;,&quot;created_timestamp&quot;:&quot;0&quot;,&quot;copyright&quot;:&quot;&quot;,&quot;focal_length&quot;:&quot;0&quot;,&quot;iso&quot;:&quot;0&quot;,&quot;shutter_speed&quot;:&quot;0&quot;,&quot;title&quot;:&quot;&quot;,&quot;orientation&quot;:&quot;0&quot;}\" data-image-title=\"consulta-dos\" data-image-description=\"\" data-image-caption=\"\" data-medium-file=\"http:\/\/www.grieta.org.mx\/wp-content\/uploads\/2019\/12\/consulta-dos-300x246.jpg\" data-large-file=\"http:\/\/www.grieta.org.mx\/wp-content\/uploads\/2019\/12\/consulta-dos.jpg\" src=\"http:\/\/www.grieta.org.mx\/wp-content\/uploads\/2019\/12\/consulta-dos.jpg\" alt=\"\" width=\"700\" height=\"574\" class=\"aligncenter size-full wp-image-42140\" srcset=\"http:\/\/www.grieta.org.mx\/wp-content\/uploads\/2019\/12\/consulta-dos.jpg 700w, http:\/\/www.grieta.org.mx\/wp-content\/uploads\/2019\/12\/consulta-dos-300x246.jpg 300w, http:\/\/www.grieta.org.mx\/wp-content\/uploads\/2019\/12\/consulta-dos-610x500.jpg 610w\" sizes=\"auto, (max-width: 700px) 100vw, 700px\" \/><br \/>\nEl Gobierno federal ha realizado consultas en las comunidades por donde pasar\u00e1 el Tren Maya. Foto: Twitter, @TrenMayaMX.<\/p>\n<p>La organizaci\u00f3n denunci\u00f3 que las autoridades comunitarias no han sido informadas que el proyecto no ha sido sometido a los estudios de impacto ambiental.<\/p>\n<p>Tampoco, a\u00f1adi\u00f3, se ha dado informaci\u00f3n sobre los polos de desarrollo, que, de acuerdo a la informaci\u00f3n oficial, son siete ciudades de 50 mil habitantes que el Gobierno y la iniciativa privada pretenden crear.<\/p>\n<p>Agreg\u00f3 que la consulta no fue libre ni informada ni culturalmente adecuada porque s\u00f3lo se convoc\u00f3 a las autoridades agrarias y locales y no al resto de la comunidad.<\/p>\n<p>Por lo que el Gobierno dio la responsabilidad a las autoridades agrarias y locales de informar al resto de la comunidad.<\/p>\n<p>Acus\u00f3 que las asambleas no facilitaron el di\u00e1logo para que los asistentes pudieran analizar y discutir el proyecto, sino que condujeron la sesi\u00f3n con el fin de hacerles ver que el tren resolver\u00eda sus necesidades hist\u00f3ricas.<\/p>\n<p>Incluso, resalt\u00f3 que el proceso fue discriminatorio porque s\u00f3lo les concede el derecho a opinar sobre el proyecto y no votar por si est\u00e1n a favor o en contra del Tren Maya.<\/p>\n<p>Finalmente, recalcaron que el proyecto del Tren Maya m\u00e1s que un proyecto de transporte es un megaproyecto tur\u00edstico e inmobiliario que articular\u00e1 nuevas inversiones del gran y mediano capital, despojando a las comunidades de su tierra y territorio, y generando una serie de afectaciones en los sistemas ambientales y sociales.<\/p>\n<p><a href=\"https:\/\/www.sinembargo.mx\/11-12-2019\/3694636\" rel=\"noopener noreferrer\" target=\"_blank\">https:\/\/www.sinembargo.mx\/11-12-2019\/3694636<\/a><\/p>\n","protected":false},"excerpt":{"rendered":"<p>SinEmbargo La organizaci\u00f3n denunci\u00f3 que las autoridades comunitarias no han sido informadas que el proyecto no ha sido sometido a los estudios de impacto ambiental. Ciudad de M\u00e9xico- El Gobierno &hellip; <a href=\"http:\/\/www.grieta.org.mx\/index.php\/2019\/12\/11\/las-consultas-indigenas-del-tren-maya-incumplen-con-el-convenio-de-la-oit-acusa-organizacion\/\" class=\"more-link\">Leer m\u00e1s<\/a><\/p>\n","protected":false},"author":2,"featured_media":42138,"comment_status":"closed","ping_status":"closed","sticky":false,"template":"","format":"standard","meta":{"ngg_post_thumbnail":0,"_jetpack_newsletter_access":"","_jetpack_dont_email_post_to_subs":false,"_jetpack_newsletter_tier_id":0,"_jetpack_memberships_contains_paywalled_content":false,"_jetpack_memberships_contains_paid_content":false,"footnotes":""},"categories":[11,80,3,922,926,944,952,2,28,1875,1876,1877,2026,36],"tags":[1878],"class_list":["post-42137","post","type-post","status-publish","format-standard","has-post-thumbnail","hentry","category-campeche","category-cintillo","category-megaproyectos","category-megaproyectos-estados","category-mp-campeche","category-mp-quintana-roo","category-mp-yucatan","category-noticias-nacionales","category-quintana-roo","category-resistencia-al-tren-maya-en-la-peninsula-de-yucatan","category-resistencia-al-tren-maya-en-la-peninsula-de-yucatan-quintana-roo","category-resistencia-al-tren-maya-en-la-peninsula-de-yucatan-campeche","category-tren-maya","category-yucatan","tag-tren-maya","entry"],"jetpack_featured_media_url":"http:\/\/www.grieta.org.mx\/wp-content\/uploads\/2019\/12\/tren-consulta-e1576277010234.jpg","jetpack_sharing_enabled":true,"jetpack_shortlink":"https:\/\/wp.me\/p7ZJR4-aXD","jetpack_likes_enabled":false,"jetpack-related-posts":[{"id":47874,"url":"http:\/\/www.grieta.org.mx\/index.php\/2020\/04\/13\/las-vias-torcidas-del-tren-maya-video\/","url_meta":{"origin":42137,"position":0},"title":"Las v\u00edas torcidas del tren maya (Video)","author":"grieta","date":"13 abril, 2020","format":false,"excerpt":"https:\/\/www.youtube.com\/watch?v=k8FRX9eT0YY","rel":"","context":"En &quot;16. Pueblo Maya&quot;","block_context":{"text":"16. Pueblo Maya","link":"http:\/\/www.grieta.org.mx\/index.php\/category\/espejos-de-la-resistencia\/16-pueblo-maya\/"},"img":{"alt_text":"","src":"https:\/\/i0.wp.com\/www.grieta.org.mx\/wp-content\/uploads\/2020\/04\/ViasTorcidasTrenMaya.png?resize=350%2C200","width":350,"height":200,"srcset":"https:\/\/i0.wp.com\/www.grieta.org.mx\/wp-content\/uploads\/2020\/04\/ViasTorcidasTrenMaya.png?resize=350%2C200 1x, https:\/\/i0.wp.com\/www.grieta.org.mx\/wp-content\/uploads\/2020\/04\/ViasTorcidasTrenMaya.png?resize=525%2C300 1.5x, https:\/\/i0.wp.com\/www.grieta.org.mx\/wp-content\/uploads\/2020\/04\/ViasTorcidasTrenMaya.png?resize=700%2C400 2x"},"classes":[]},{"id":35945,"url":"http:\/\/www.grieta.org.mx\/index.php\/2019\/07\/05\/expansion-de-megaproyectos-en-la-peninsula-de-yucatan-video\/","url_meta":{"origin":42137,"position":1},"title":"Expansi\u00f3n de Megaproyectos en la Pen\u00ednsula de Yucat\u00e1n (Video)","author":"grieta","date":"5 julio, 2019","format":false,"excerpt":"https:\/\/youtu.be\/qLBARIAaBsI","rel":"","context":"En &quot;Campeche&quot;","block_context":{"text":"Campeche","link":"http:\/\/www.grieta.org.mx\/index.php\/category\/noticias-nacionales\/campeche\/"},"img":{"alt_text":"","src":"https:\/\/i0.wp.com\/img.youtube.com\/vi\/qLBARIAaBsI\/0.jpg?resize=350%2C200","width":350,"height":200},"classes":[]},{"id":41978,"url":"http:\/\/www.grieta.org.mx\/index.php\/2019\/12\/08\/rechazan-consulta-de-tren-maya\/","url_meta":{"origin":42137,"position":2},"title":"Rechazan consulta de Tren Maya","author":"grieta","date":"8 diciembre, 2019","format":false,"excerpt":"El Siglo de Torre\u00f3n Al considerar que incumple el Convenio 169 sobre Pueblos Ind\u00edgenas y Tribales Organizaciones ind\u00edgenas, civiles y acad\u00e9micos en la Pen\u00ednsula de Yucat\u00e1n, se pronunciaron en contra del megaproyecto del Tren Maya y expresaron su rechazo a la pretendida Consulta Ind\u00edgena organizada por el Gobierno mexicano, al\u2026","rel":"","context":"En &quot;16. Pueblo Maya&quot;","block_context":{"text":"16. Pueblo Maya","link":"http:\/\/www.grieta.org.mx\/index.php\/category\/espejos-de-la-resistencia\/16-pueblo-maya\/"},"img":{"alt_text":"","src":"https:\/\/i0.wp.com\/www.grieta.org.mx\/wp-content\/uploads\/2019\/12\/RechazanTrenMaya-e1575900335223.png?resize=350%2C200","width":350,"height":200,"srcset":"https:\/\/i0.wp.com\/www.grieta.org.mx\/wp-content\/uploads\/2019\/12\/RechazanTrenMaya-e1575900335223.png?resize=350%2C200 1x, https:\/\/i0.wp.com\/www.grieta.org.mx\/wp-content\/uploads\/2019\/12\/RechazanTrenMaya-e1575900335223.png?resize=525%2C300 1.5x, https:\/\/i0.wp.com\/www.grieta.org.mx\/wp-content\/uploads\/2019\/12\/RechazanTrenMaya-e1575900335223.png?resize=700%2C400 2x"},"classes":[]},{"id":45360,"url":"http:\/\/www.grieta.org.mx\/index.php\/2020\/02\/27\/no-estamos-peleando-la-suspension-provisional-del-tren-maya-sino-la-definitiva-cruz-rueda\/","url_meta":{"origin":42137,"position":3},"title":"&#8220;No estamos peleando la suspensi\u00f3n provisional del Tren Maya, sino la definitiva&#8221;: Cruz Rueda","author":"grieta","date":"27 febrero, 2020","format":false,"excerpt":"Impugnaci\u00f3n de Presidencia \"no nos quita el sue\u00f1o\" Abraham Bote \/Foto: Tomada de Twitter \/La Jornada Maya M\u00e9rida, Yucat\u00e1n Respecto a la impugnaci\u00f3n que realiz\u00f3 la Presidencia de la Rep\u00fablica y el apoderado de la Naci\u00f3n Financiera (Nafin), contra la suspensi\u00f3n provisional del proyecto de Tren Maya, la asesora jur\u00eddica\u2026","rel":"","context":"En &quot;16. Pueblo Maya&quot;","block_context":{"text":"16. Pueblo Maya","link":"http:\/\/www.grieta.org.mx\/index.php\/category\/espejos-de-la-resistencia\/16-pueblo-maya\/"},"img":{"alt_text":"","src":"https:\/\/i0.wp.com\/www.grieta.org.mx\/wp-content\/uploads\/2020\/02\/TrenMallaCampeche.png?resize=350%2C200","width":350,"height":200,"srcset":"https:\/\/i0.wp.com\/www.grieta.org.mx\/wp-content\/uploads\/2020\/02\/TrenMallaCampeche.png?resize=350%2C200 1x, https:\/\/i0.wp.com\/www.grieta.org.mx\/wp-content\/uploads\/2020\/02\/TrenMallaCampeche.png?resize=525%2C300 1.5x, https:\/\/i0.wp.com\/www.grieta.org.mx\/wp-content\/uploads\/2020\/02\/TrenMallaCampeche.png?resize=700%2C400 2x"},"classes":[]},{"id":53770,"url":"http:\/\/www.grieta.org.mx\/index.php\/2020\/09\/22\/tal-como-advirtieron-arqueologos-tren-maya-podria-danar-vestigios-y-zonas-arqueologicas-detienen-obras-en-campeche-por-hallazgo\/","url_meta":{"origin":42137,"position":4},"title":"Tal como advirtieron arque\u00f3logos, Tren Maya podr\u00eda da\u00f1ar vestigios y zonas arqueol\u00f3gicas; detienen obras en Campeche por hallazgo","author":"grieta","date":"22 septiembre, 2020","format":false,"excerpt":"Itzel Chan \/ Noticaribe M\u00c9RIDA, MX.- Tal como han expuesto m\u00e1s de 100 arque\u00f3logos, acad\u00e9micos e investigadores de M\u00e9xico, Brasil, Canad\u00e1, Estados Unidos y otros pa\u00edses sobre el riesgo que existe de que el Tren Maya podr\u00eda destruir algunos monumentos arqueol\u00f3gicos, recientemente fueron canceladas las obras en Campeche, debido a\u2026","rel":"","context":"En &quot;Campeche&quot;","block_context":{"text":"Campeche","link":"http:\/\/www.grieta.org.mx\/index.php\/category\/noticias-nacionales\/campeche\/"},"img":{"alt_text":"","src":"https:\/\/i0.wp.com\/www.grieta.org.mx\/wp-content\/uploads\/2020\/09\/TrenViasCampeche-e1600970198628.png?resize=350%2C200","width":350,"height":200,"srcset":"https:\/\/i0.wp.com\/www.grieta.org.mx\/wp-content\/uploads\/2020\/09\/TrenViasCampeche-e1600970198628.png?resize=350%2C200 1x, https:\/\/i0.wp.com\/www.grieta.org.mx\/wp-content\/uploads\/2020\/09\/TrenViasCampeche-e1600970198628.png?resize=525%2C300 1.5x, https:\/\/i0.wp.com\/www.grieta.org.mx\/wp-content\/uploads\/2020\/09\/TrenViasCampeche-e1600970198628.png?resize=700%2C400 2x"},"classes":[]},{"id":63716,"url":"http:\/\/www.grieta.org.mx\/index.php\/2022\/03\/09\/organizacion-indigena-condena-que-amlo-afirme-que-obras-del-tren-maya-no-se-detendran\/","url_meta":{"origin":42137,"position":5},"title":"Organizaci\u00f3n ind\u00edgena condena que AMLO afirme que obras del Tren Maya no se detendr\u00e1n","author":"grieta","date":"9 marzo, 2022","format":false,"excerpt":"Gloria Leticia D\u00edaz \/ Proceso CIUDAD DE M\u00c9XICO (apro).- La Asamblea de Defensores del Territorio Maya, M\u00fauch\u2019 X\u00edinbal, conden\u00f3 las declaraciones del presidente Andr\u00e9s Manuel L\u00f3pez Obrador quien sostuvo que las obras del Tren Maya continuar\u00e1n a pesar de resoluciones del Poder Judicial que ordenan parar su construcci\u00f3n en el\u2026","rel":"","context":"En &quot;Campeche&quot;","block_context":{"text":"Campeche","link":"http:\/\/www.grieta.org.mx\/index.php\/category\/noticias-nacionales\/campeche\/"},"img":{"alt_text":"","src":"https:\/\/i0.wp.com\/www.grieta.org.mx\/wp-content\/uploads\/2022\/03\/TrenOrganizacionIndigenaCondena-e1647560160318.png?resize=350%2C200","width":350,"height":200,"srcset":"https:\/\/i0.wp.com\/www.grieta.org.mx\/wp-content\/uploads\/2022\/03\/TrenOrganizacionIndigenaCondena-e1647560160318.png?resize=350%2C200 1x, https:\/\/i0.wp.com\/www.grieta.org.mx\/wp-content\/uploads\/2022\/03\/TrenOrganizacionIndigenaCondena-e1647560160318.png?resize=525%2C300 1.5x, https:\/\/i0.wp.com\/www.grieta.org.mx\/wp-content\/uploads\/2022\/03\/TrenOrganizacionIndigenaCondena-e1647560160318.png?resize=700%2C400 2x"},"classes":[]}],"_links":{"self":[{"href":"http:\/\/www.grieta.org.mx\/index.php\/wp-json\/wp\/v2\/posts\/42137","targetHints":{"allow":["GET"]}}],"collection":[{"href":"http:\/\/www.grieta.org.mx\/index.php\/wp-json\/wp\/v2\/posts"}],"about":[{"href":"http:\/\/www.grieta.org.mx\/index.php\/wp-json\/wp\/v2\/types\/post"}],"author":[{"embeddable":true,"href":"http:\/\/www.grieta.org.mx\/index.php\/wp-json\/wp\/v2\/users\/2"}],"replies":[{"embeddable":true,"href":"http:\/\/www.grieta.org.mx\/index.php\/wp-json\/wp\/v2\/comments?post=42137"}],"version-history":[{"count":1,"href":"http:\/\/www.grieta.org.mx\/index.php\/wp-json\/wp\/v2\/posts\/42137\/revisions"}],"predecessor-version":[{"id":42141,"href":"http:\/\/www.grieta.org.mx\/index.php\/wp-json\/wp\/v2\/posts\/42137\/revisions\/42141"}],"wp:featuredmedia":[{"embeddable":true,"href":"http:\/\/www.grieta.org.mx\/index.php\/wp-json\/wp\/v2\/media\/42138"}],"wp:attachment":[{"href":"http:\/\/www.grieta.org.mx\/index.php\/wp-json\/wp\/v2\/media?parent=42137"}],"wp:term":[{"taxonomy":"category","embeddable":true,"href":"http:\/\/www.grieta.org.mx\/index.php\/wp-json\/wp\/v2\/categories?post=42137"},{"taxonomy":"post_tag","embeddable":true,"href":"http:\/\/www.grieta.org.mx\/index.php\/wp-json\/wp\/v2\/tags?post=42137"}],"curies":[{"name":"wp","href":"https:\/\/api.w.org\/{rel}","templated":true}]}}