{"id":42126,"date":"2019-12-11T15:00:15","date_gmt":"2019-12-11T21:00:15","guid":{"rendered":"http:\/\/www.grieta.org.mx\/?p=42126"},"modified":"2019-12-13T15:55:19","modified_gmt":"2019-12-13T21:55:19","slug":"tren-maya-aumentan-tensiones-mientras-se-acerca-el-dia-de-las-consultas","status":"publish","type":"post","link":"http:\/\/www.grieta.org.mx\/index.php\/2019\/12\/11\/tren-maya-aumentan-tensiones-mientras-se-acerca-el-dia-de-las-consultas\/","title":{"rendered":"Tren maya: aumentan tensiones mientras se acerca el d\u00eda de las consultas"},"content":{"rendered":"<p><img loading=\"lazy\" decoding=\"async\" data-attachment-id=\"42127\" data-permalink=\"http:\/\/www.grieta.org.mx\/index.php\/2019\/12\/11\/tren-maya-aumentan-tensiones-mientras-se-acerca-el-dia-de-las-consultas\/1030-11\/\" data-orig-file=\"http:\/\/www.grieta.org.mx\/wp-content\/uploads\/2019\/12\/1030-11.jpg\" data-orig-size=\"750,437\" data-comments-opened=\"0\" data-image-meta=\"{&quot;aperture&quot;:&quot;0&quot;,&quot;credit&quot;:&quot;&quot;,&quot;camera&quot;:&quot;&quot;,&quot;caption&quot;:&quot;&quot;,&quot;created_timestamp&quot;:&quot;0&quot;,&quot;copyright&quot;:&quot;&quot;,&quot;focal_length&quot;:&quot;0&quot;,&quot;iso&quot;:&quot;0&quot;,&quot;shutter_speed&quot;:&quot;0&quot;,&quot;title&quot;:&quot;&quot;,&quot;orientation&quot;:&quot;0&quot;}\" data-image-title=\"1030-11\" data-image-description=\"\" data-image-caption=\"\" data-medium-file=\"http:\/\/www.grieta.org.mx\/wp-content\/uploads\/2019\/12\/1030-11-300x175.jpg\" data-large-file=\"http:\/\/www.grieta.org.mx\/wp-content\/uploads\/2019\/12\/1030-11.jpg\" src=\"http:\/\/www.grieta.org.mx\/wp-content\/uploads\/2019\/12\/1030-11.jpg\" alt=\"\" width=\"750\" height=\"437\" class=\"aligncenter size-full wp-image-42127\" srcset=\"http:\/\/www.grieta.org.mx\/wp-content\/uploads\/2019\/12\/1030-11.jpg 750w, http:\/\/www.grieta.org.mx\/wp-content\/uploads\/2019\/12\/1030-11-300x175.jpg 300w\" sizes=\"auto, (max-width: 750px) 100vw, 750px\" \/><br \/>\nEugenia L\u00f3pez \/Avispa Midia<br \/>\nEl proceso de \u201cconsulta\u201d para la realizaci\u00f3n del Tren Maya emprendido por el gobierno federal desde el 15 de noviembre pasado est\u00e1 por concluir.<\/p>\n<p>En realidad, son dos las \u201cconsultas\u201d que pretenden realizarse de manera simult\u00e1nea: una dirigida a ciudadanos en general por medio de un \u201cejercicio participativo ciudadano\u201d, y otra a comunidades ind\u00edgenas afectadas por el megaproyecto, los d\u00edas 14 y 15 de diciembre de 2019.<\/p>\n<p>Para el \u201cejercicio participativo ciudadano\u201d, la \u201cConvocatoria del Proceso de Consulta Ind\u00edgena y Jornada de Ejercicio Participativo Ciudadano sobre el Proyecto de Desarrollo Tren Maya\u201d especifica que se instalar\u00e1n M\u00f3dulos de Participaci\u00f3n Ciudadana en los estados de Chiapas, Tabasco, Campeche, Yucat\u00e1n y Quintana Roo. El d\u00eda 15 de diciembre, en un horario de 8:00 a 18:00 horas \u201cse recibir\u00e1 la participaci\u00f3n de la ciudadan\u00eda a trav\u00e9s de casillas y papeletas en la que expresar\u00e1n su opini\u00f3n\u201d, precisa el documento.<\/p>\n<p>En cuanto a la consulta ind\u00edgena, \u00e9sta se llevar\u00e1 a cabo por medio de 15 Asambleas Regionales Consultivas en diferentes localidades. Seg\u00fan la convocatoria, para esas asambleas est\u00e1n convocadas \u201clas autoridades e instituciones representativas de los municipios y las comunidades ind\u00edgenas pertenecientes a los pueblos ind\u00edgenas Maya, Ch\u2019ol, Tseltal, Tsotsil, y otros, de los estados de Chiapas, Tabasco, Campeche, Yucat\u00e1n y Quintana Roo, ubicados en el \u00e1rea de influencia del \u2018Proyecto de Desarrollo Tren Maya\u2019\u201d.<\/p>\n<p><img loading=\"lazy\" decoding=\"async\" data-attachment-id=\"42128\" data-permalink=\"http:\/\/www.grieta.org.mx\/index.php\/2019\/12\/11\/tren-maya-aumentan-tensiones-mientras-se-acerca-el-dia-de-las-consultas\/municipios-de-la-ruta-768x486\/\" data-orig-file=\"http:\/\/www.grieta.org.mx\/wp-content\/uploads\/2019\/12\/municipios-de-la-ruta-768x486.png\" data-orig-size=\"768,486\" data-comments-opened=\"0\" data-image-meta=\"{&quot;aperture&quot;:&quot;0&quot;,&quot;credit&quot;:&quot;&quot;,&quot;camera&quot;:&quot;&quot;,&quot;caption&quot;:&quot;&quot;,&quot;created_timestamp&quot;:&quot;0&quot;,&quot;copyright&quot;:&quot;&quot;,&quot;focal_length&quot;:&quot;0&quot;,&quot;iso&quot;:&quot;0&quot;,&quot;shutter_speed&quot;:&quot;0&quot;,&quot;title&quot;:&quot;&quot;,&quot;orientation&quot;:&quot;0&quot;}\" data-image-title=\"municipios-de-la-ruta&amp;#8211;768&amp;#215;486\" data-image-description=\"\" data-image-caption=\"\" data-medium-file=\"http:\/\/www.grieta.org.mx\/wp-content\/uploads\/2019\/12\/municipios-de-la-ruta-768x486-300x190.png\" data-large-file=\"http:\/\/www.grieta.org.mx\/wp-content\/uploads\/2019\/12\/municipios-de-la-ruta-768x486.png\" src=\"http:\/\/www.grieta.org.mx\/wp-content\/uploads\/2019\/12\/municipios-de-la-ruta-768x486.png\" alt=\"\" width=\"768\" height=\"486\" class=\"aligncenter size-full wp-image-42128\" srcset=\"http:\/\/www.grieta.org.mx\/wp-content\/uploads\/2019\/12\/municipios-de-la-ruta-768x486.png 768w, http:\/\/www.grieta.org.mx\/wp-content\/uploads\/2019\/12\/municipios-de-la-ruta-768x486-300x190.png 300w\" sizes=\"auto, (max-width: 768px) 100vw, 768px\" \/><br \/>\nMunicipios en la ruta de la construcci\u00f3n del megaproyecto. Fuente: Procesos de consulta para el Tren Maya<\/p>\n<p>El texto tambi\u00e9n especifica que las 15 regiones ind\u00edgenas en las que se realizar\u00e1n las asambleas fueron configuradas \u201cteniendo como base la informaci\u00f3n oficial disponible sobre municipios y localidades ind\u00edgenas ubicados en el \u00e1rea de influencia del proyecto\u201d.<\/p>\n<p>Antes, se deben de haber realizado asambleas informativas, as\u00ed como una etapa deliberativa en la que los representantes de las comunidades ind\u00edgenas podr\u00e1n haber llevado a cabo \u201casambleas o reuniones con sus integrantes a fin de reflexionar la informaci\u00f3n recibida y construir propuestas, sugerencias o planteamientos sobre el Proyecto de Desarrollo Tren Maya\u201d.<\/p>\n<p><img loading=\"lazy\" decoding=\"async\" data-attachment-id=\"42129\" data-permalink=\"http:\/\/www.grieta.org.mx\/index.php\/2019\/12\/11\/tren-maya-aumentan-tensiones-mientras-se-acerca-el-dia-de-las-consultas\/cronograma-consulta-768x498\/\" data-orig-file=\"http:\/\/www.grieta.org.mx\/wp-content\/uploads\/2019\/12\/cronograma-consulta-768x498.png\" data-orig-size=\"768,498\" data-comments-opened=\"0\" data-image-meta=\"{&quot;aperture&quot;:&quot;0&quot;,&quot;credit&quot;:&quot;&quot;,&quot;camera&quot;:&quot;&quot;,&quot;caption&quot;:&quot;&quot;,&quot;created_timestamp&quot;:&quot;0&quot;,&quot;copyright&quot;:&quot;&quot;,&quot;focal_length&quot;:&quot;0&quot;,&quot;iso&quot;:&quot;0&quot;,&quot;shutter_speed&quot;:&quot;0&quot;,&quot;title&quot;:&quot;&quot;,&quot;orientation&quot;:&quot;0&quot;}\" data-image-title=\"cronograma-consulta-768&amp;#215;498\" data-image-description=\"\" data-image-caption=\"\" data-medium-file=\"http:\/\/www.grieta.org.mx\/wp-content\/uploads\/2019\/12\/cronograma-consulta-768x498-300x195.png\" data-large-file=\"http:\/\/www.grieta.org.mx\/wp-content\/uploads\/2019\/12\/cronograma-consulta-768x498.png\" src=\"http:\/\/www.grieta.org.mx\/wp-content\/uploads\/2019\/12\/cronograma-consulta-768x498.png\" alt=\"\" width=\"768\" height=\"498\" class=\"aligncenter size-full wp-image-42129\" srcset=\"http:\/\/www.grieta.org.mx\/wp-content\/uploads\/2019\/12\/cronograma-consulta-768x498.png 768w, http:\/\/www.grieta.org.mx\/wp-content\/uploads\/2019\/12\/cronograma-consulta-768x498-300x195.png 300w\" sizes=\"auto, (max-width: 768px) 100vw, 768px\" \/><br \/>\nCronograma del proceso de consulta. Fuente: Procesos de consulta para el Tren Maya<\/p>\n<p>Seg\u00fan palabras del titular del Fondo Nacional de Fomento al Turismo (Fonatur), Rogelio Jim\u00e9nez Pons, tanto en la consulta ciudadana como en la consulta ind\u00edgena, la \u00fanica pregunta ser\u00e1 \u201c\u00bfva el tren Maya, s\u00ed o no?\u201d.<\/p>\n<p>Por otro lado, el proyecto de investigaci\u00f3n \u201cProducci\u00f3n de territorialidades y resistencia a los megaproyectos en la regi\u00f3n maya\u201d, documenta que el tren maya afectar\u00e1 a 1828 comunidades y 163 n\u00facleos ejidales por donde pasar\u00e1 la v\u00eda o donde se construir\u00e1n las estaciones, \u201caunque realmente a\u00fan no sabemos la cifra exacta porque todav\u00eda es un proyecto\u201d.<\/p>\n<p>El proyecto<\/p>\n<p>Seg\u00fan el documento \u201cFicha t\u00e9cnica del Tren Maya: Aspectos legislativos, ambientales, econ\u00f3micos y socio-culturales\u201d, el proyecto contempla la puesta en marcha de un tren en un circuito de 1,525 kil\u00f3metros a lo largo de los estados de Quintana Roo, Yucat\u00e1n, Campeche, Tabasco y Chiapas. Se plantea la construcci\u00f3n de 17 estaciones en las localidades de Palenque, Tenosique, Esc\u00e1rcega, Campeche, Xpujil, Calakmul, M\u00e9rida, Maxcan\u00fa, Izamal, Chich\u00e9n Itz\u00e1, Valladolid, Canc\u00fan, Puerto Morelos, Playa del Carmen, Tulum, Felipe Carrillo Puerto y Bacalar. La ruta est\u00e1 dividida en tres tramos: 426 km en la selva, 653km en el Golfo y 446 km en el Caribe.<\/p>\n<p>Seg\u00fan palabras de Rogelio Jim\u00e9nez Pons, de esos 1525 km, m\u00e1s del 90% ya cuenta con derecho de v\u00eda.  <\/p>\n<p>El ferrocarril pretende transportar tres millones de turistas al a\u00f1o, usando locomotoras de biodi\u00e9sel h\u00edbridas.<\/p>\n<p>El proyecto es presentado por el gobierno federal como un plan \u201cintegral de ordenamiento territorial, infraestructura, crecimiento socioecon\u00f3mico y turismo sostenible\u201d, y que, se argumenta, tiene como principal objetivo \u201cel bienestar social de los habitantes de la zona maya\u201d con la conexi\u00f3n de \u201clas principales ciudades y circuitos tur\u00edsticos de la regi\u00f3n para integrar territorios de gran riqueza natural y cultural al desarrollo tur\u00edstico, ambiental y social en la regi\u00f3n\u201d.<\/p>\n<p>Sin embargo, el discurso oficial omite difundir las consecuencias en la deforestaci\u00f3n de la selva, la venta de tierras de propiedad social, el cambio de uso de suelo o la especulaci\u00f3n inmobiliaria.<\/p>\n<p>EN CONTEXTO El agronegocio, industria depredadora en la Pen\u00ednsula de Yucat\u00e1n<\/p>\n<p>Como lo documenta la investigaci\u00f3n \u201cProducci\u00f3n de territorialidades y resistencia a los megaproyectos en la regi\u00f3n maya\u201d, la instituci\u00f3n encargada del desarrollo del Tren Maya, Fonatur, es la instituci\u00f3n que en el pasado ha impulsado la construcci\u00f3n de las zonas tur\u00edsticas de Canc\u00fan, Huatulco, Loreto o Los Cabos. \u201cCabe se\u00f1alar que, en todos los casos, la construcci\u00f3n de los Centros Integralmente Planeados gener\u00f3 graves conflictos agrarios, pues las tierras (mayoritariamente ejidales y comunales) fueron expropiadas de manera irregular, a veces a trav\u00e9s del fraude y la especulaci\u00f3n, otras con indemnizaciones muy bajas\u201d, se\u00f1ala el documento sobre los estragos de la industria inmobiliaria y tur\u00edstica en la regi\u00f3n.<\/p>\n<p>La investigaci\u00f3n tambi\u00e9n detalla que el proyecto del Tren Maya, adem\u00e1s de las estaciones tambi\u00e9n \u201cproyecta la creaci\u00f3n de nuevos centros urbanos, los cuales, seg\u00fan Fonatur, podr\u00edan agregar hasta 50 mil habitantes a la regi\u00f3n. Estas nuevas ciudades que depender\u00e1n del turismo, en lugar de traer un desarrollo de las comunidades y una mejor\u00eda en el bienestar social, pueden afectar el medioambiente y la cultura de las comunidades\u201d, argumenta el documento.<\/p>\n<div class=\"jetpack-video-wrapper\"><iframe loading=\"lazy\" title=\"Algunas preguntas sobre el mal llamado &quot;Tren Maya&quot;  #EsSimulacionNoConsulta\" width=\"1170\" height=\"658\" src=\"https:\/\/www.youtube.com\/embed\/rQL3l711Exk?feature=oembed\" frameborder=\"0\" allow=\"accelerometer; autoplay; clipboard-write; encrypted-media; gyroscope; picture-in-picture\" allowfullscreen><\/iframe><\/div>\n<p>Confiamos en la encuesta, dice titular de Fonatur<\/p>\n<p>Durante su mensaje el primero de diciembre en el Z\u00f3calo por su primer a\u00f1o de gobierno, el presidente Andr\u00e9s Manuel L\u00f3pez Obrador (AMLO) reiter\u00f3 que el futuro del proyecto del Tren Maya depender\u00e1 del resultado de la consulta.<\/p>\n<p>Anteriormente, el mandatario ya hab\u00eda declarado que \u201csi la gente dice no, hasta ah\u00ed llegamos; el pueblo manda\u201d. Sin embargo, las declaraciones del titular de Fonatur, Rogelio Jim\u00e9nez Pons, no parecen contemplar la posibilidad de un \u201cno\u201d al proyecto.<\/p>\n<p><img loading=\"lazy\" decoding=\"async\" data-attachment-id=\"42130\" data-permalink=\"http:\/\/www.grieta.org.mx\/index.php\/2019\/12\/11\/tren-maya-aumentan-tensiones-mientras-se-acerca-el-dia-de-las-consultas\/amlo_consulta_tren_maya_15112019-965x440-768x350\/\" data-orig-file=\"http:\/\/www.grieta.org.mx\/wp-content\/uploads\/2019\/12\/amlo_consulta_tren_maya_15112019-965x440-768x350.jpg\" data-orig-size=\"768,350\" data-comments-opened=\"0\" data-image-meta=\"{&quot;aperture&quot;:&quot;0&quot;,&quot;credit&quot;:&quot;&quot;,&quot;camera&quot;:&quot;&quot;,&quot;caption&quot;:&quot;&quot;,&quot;created_timestamp&quot;:&quot;0&quot;,&quot;copyright&quot;:&quot;&quot;,&quot;focal_length&quot;:&quot;0&quot;,&quot;iso&quot;:&quot;0&quot;,&quot;shutter_speed&quot;:&quot;0&quot;,&quot;title&quot;:&quot;&quot;,&quot;orientation&quot;:&quot;0&quot;}\" data-image-title=\"amlo_consulta_tren_maya_15112019-965&amp;#215;440-768&amp;#215;350\" data-image-description=\"\" data-image-caption=\"\" data-medium-file=\"http:\/\/www.grieta.org.mx\/wp-content\/uploads\/2019\/12\/amlo_consulta_tren_maya_15112019-965x440-768x350-300x137.jpg\" data-large-file=\"http:\/\/www.grieta.org.mx\/wp-content\/uploads\/2019\/12\/amlo_consulta_tren_maya_15112019-965x440-768x350.jpg\" src=\"http:\/\/www.grieta.org.mx\/wp-content\/uploads\/2019\/12\/amlo_consulta_tren_maya_15112019-965x440-768x350.jpg\" alt=\"\" width=\"768\" height=\"350\" class=\"aligncenter size-full wp-image-42130\" srcset=\"http:\/\/www.grieta.org.mx\/wp-content\/uploads\/2019\/12\/amlo_consulta_tren_maya_15112019-965x440-768x350.jpg 768w, http:\/\/www.grieta.org.mx\/wp-content\/uploads\/2019\/12\/amlo_consulta_tren_maya_15112019-965x440-768x350-300x137.jpg 300w\" sizes=\"auto, (max-width: 768px) 100vw, 768px\" \/><br \/>\nTitulares de Fonatur e Inpi posan junto al presidente de M\u00e9xico y la subsecretaria de Gobernaci\u00f3n al anunciar el proceso de consulta para la construcci\u00f3n del Tren Maya<\/p>\n<p>\u201cNo hay ninguna duda, estoy convencido de que ya medimos el agua a los tamales, como dijo el presidente. Lo que tenemos que hacer es patente ese apoyo, lo tenemos que ratificar, debe existir un ejercicio democr\u00e1tico, que el sureste se muestre solidario y unido en torno al proyecto\u201d, asegur\u00f3 el titular del Fonatur en entrevista con El Financiero.<\/p>\n<p>De hecho, Pons ya anunci\u00f3 que el arranque de la primera etapa del Tren Maya comenzar\u00e1 en los primeros d\u00edas de abril de 2020, en caso de que gane el \u201cs\u00ed\u201d a la consulta. \u201cEspero que las obras empiecen en marzo, a m\u00e1s tardar en abril. Se ha retrasado muy poco el lanzamiento de estos procesos, podr\u00edamos decir que un mes\u201d, dijo, tambi\u00e9n para El Financiero.<\/p>\n<p>Adem\u00e1s, el funcionario federal agreg\u00f3 que, aunque en el plan inicial estaba planteado presentar los estudios de impacto ambiental antes de realizar la consulta, se cambi\u00f3 el orden porque el gobierno necesita el respaldo de los pueblos ind\u00edgenas para emprender la obra de infraestructura.<\/p>\n<p>Eso significa que las consultas se llevar\u00e1n a cabo sin tener informaci\u00f3n precisa sobre los riesgos que el proyecto implica para el medioambiente en las regiones en las que pretende ser desarrollado.<\/p>\n<p>Por su lado, investigadores de la Direcci\u00f3n de Etnolog\u00eda y Antropolog\u00eda Social del Instituto Nacional de Antropolog\u00eda e Historia y de la Universidad Aut\u00f3noma Metropolitana advierten que \u201ccon la construcci\u00f3n del Tren Maya, puede suceder lo que es com\u00fan en muchas obras de ese tipo: la afectaci\u00f3n de tierras de cultivo y la deforestaci\u00f3n en zonas de reserva, as\u00ed como de sitios arqueol\u00f3gicos donde la ruta del tren no puede ser desviada por razones t\u00e9cnicas\u201d.<\/p>\n<p>El gobierno financiar\u00e1 el 70% del Tren Maya, ya no el 10%<\/p>\n<p>Otro anuncio de gran importancia por parte del titular de Fonatur es el cambio en el financiamiento para la construcci\u00f3n del tren: la propuesta inicial en donde el gobierno federal apenas tendr\u00eda una participaci\u00f3n de 10 por ciento en la inversi\u00f3n del proyecto ferroviario se transform\u00f3 por completo, ya que ahora el gobierno federal pretende aportar el 70 por ciento de su costo para evitar adquirir deuda en los mercados financieros.<\/p>\n<p>\u201cAl presidente le preocup\u00f3 mucho y me dijo: \u2018podemos aumentar la participaci\u00f3n del Estado para no dejar tanto dinero comprometido en deuda\u2019\u201d, explic\u00f3 el director general de Fonatur.<\/p>\n<p>\u201cPor ahora, el plan es que el gobierno participe entre un 60 y 70 por ciento y lo dem\u00e1s salga por s\u00ed solo\u201d, agreg\u00f3 Jim\u00e9nez Pons.<\/p>\n<p>En d\u00edas anteriores, el presidente se\u00f1al\u00f3 que el ferrocarril ser\u00e1 financiado con los \u201cahorros\u201d producto del combate a la corrupci\u00f3n y la pol\u00edtica de austeridad de su gobierno. Cabe resaltar que, para este a\u00f1o, esos \u201cahorros\u201d suman alrededor de 11 mil millones de pesos, apenas 7.5 por ciento de los recursos necesarios para concluir el proyecto ferroviario, seg\u00fan c\u00e1lculos del peri\u00f3dico El Financiero.<\/p>\n<p>916 millones de pesos en derechos de v\u00eda<\/p>\n<p><img loading=\"lazy\" decoding=\"async\" data-attachment-id=\"42131\" data-permalink=\"http:\/\/www.grieta.org.mx\/index.php\/2019\/12\/11\/tren-maya-aumentan-tensiones-mientras-se-acerca-el-dia-de-las-consultas\/vias-tren-notimex\/\" data-orig-file=\"http:\/\/www.grieta.org.mx\/wp-content\/uploads\/2019\/12\/vias-tren-notimex.jpg\" data-orig-size=\"560,371\" data-comments-opened=\"0\" data-image-meta=\"{&quot;aperture&quot;:&quot;0&quot;,&quot;credit&quot;:&quot;&quot;,&quot;camera&quot;:&quot;&quot;,&quot;caption&quot;:&quot;&quot;,&quot;created_timestamp&quot;:&quot;0&quot;,&quot;copyright&quot;:&quot;&quot;,&quot;focal_length&quot;:&quot;0&quot;,&quot;iso&quot;:&quot;0&quot;,&quot;shutter_speed&quot;:&quot;0&quot;,&quot;title&quot;:&quot;&quot;,&quot;orientation&quot;:&quot;0&quot;}\" data-image-title=\"vias-tren-notimex\" data-image-description=\"\" data-image-caption=\"\" data-medium-file=\"http:\/\/www.grieta.org.mx\/wp-content\/uploads\/2019\/12\/vias-tren-notimex-300x199.jpg\" data-large-file=\"http:\/\/www.grieta.org.mx\/wp-content\/uploads\/2019\/12\/vias-tren-notimex.jpg\" src=\"http:\/\/www.grieta.org.mx\/wp-content\/uploads\/2019\/12\/vias-tren-notimex.jpg\" alt=\"\" width=\"560\" height=\"371\" class=\"aligncenter size-full wp-image-42131\" srcset=\"http:\/\/www.grieta.org.mx\/wp-content\/uploads\/2019\/12\/vias-tren-notimex.jpg 560w, http:\/\/www.grieta.org.mx\/wp-content\/uploads\/2019\/12\/vias-tren-notimex-300x199.jpg 300w\" sizes=\"auto, (max-width: 560px) 100vw, 560px\" \/><br \/>\nV\u00edas antiguas del ferrocarril que recorre por la pen\u00ednsula de Yucat\u00e1n. Foto de Notimex<\/p>\n<p>Fonatur tambi\u00e9n anunci\u00f3 que invertir\u00e1 m\u00e1s de 916 millones de pesos para la adquisici\u00f3n y acondicionamiento de 392 kil\u00f3metros de derecho de v\u00eda entre los municipios de Palenque, La Libertad y Emiliano Zapata, en Chiapas; Tenosique y Balanc\u00e1n en Tabasco, y Candelaria, Esc\u00e1rcega, Champot\u00f3n y la zona urbana de Campeche en Campeche.<\/p>\n<p>La instituci\u00f3n gubernamental especific\u00f3 que este a\u00f1o se har\u00e1 un primer desembolso de 183 millones 271 mil pesos y el pr\u00f3ximo a\u00f1o los restantes 733 millones 85 mil.<\/p>\n<p>\u201cPor medio del presente programa se realizar\u00e1 la liberaci\u00f3n del derecho de v\u00eda, con la finalidad de llevar a cabo la construcci\u00f3n del Tren Maya, lo cual contribuir\u00e1 al incremento de la competitividad regional y nacional\u201d, indic\u00f3 Fonatur al diario capitalino Milenio.<\/p>\n<p>Comunidades declaran su rechazo absoluto al proceso de consulta<\/p>\n<p>Por otro lado, comunidades ind\u00edgenas de la Pen\u00ednsula de Yucat\u00e1n publicaron un comunicado en el que declaran su rechazo absoluto al proyecto del tren.<\/p>\n<p>\u201cEl megaproyecto Tren Maya como otros tantos estamos seguros que no nos traer\u00e1n beneficios ni desarrollo regional, no est\u00e1 planeado para nosotros la gente com\u00fan, es un proyecto tur\u00edstico que s\u00f3lo beneficiar\u00e1 a los pudientes y a los extranjeros; nosotros los due\u00f1os de las tierras s\u00f3lo lo veremos pasar puesto que las estaciones no est\u00e1n contempladas en la mayor\u00eda de nuestros pueblos y s\u00f3lo est\u00e1n considerados puntos de inter\u00e9s tur\u00edstico que ya han sido copados por los grandes capitales; a nuestras comunidades s\u00f3lo nos tocar\u00e1 cargar con la parte perniciosa del proyecto, esa situaci\u00f3n ya la sufren las comunidades por donde circula el Tren Chepe y en su caso el desarrollo a\u00fan sigue pendiente, no queremos lo mismo para nosotros y nuestros hijos.<\/p>\n<p><img loading=\"lazy\" decoding=\"async\" data-attachment-id=\"42132\" data-permalink=\"http:\/\/www.grieta.org.mx\/index.php\/2019\/12\/11\/tren-maya-aumentan-tensiones-mientras-se-acerca-el-dia-de-las-consultas\/contra-tren\/\" data-orig-file=\"http:\/\/www.grieta.org.mx\/wp-content\/uploads\/2019\/12\/contra-tren.png\" data-orig-size=\"684,409\" data-comments-opened=\"0\" data-image-meta=\"{&quot;aperture&quot;:&quot;0&quot;,&quot;credit&quot;:&quot;&quot;,&quot;camera&quot;:&quot;&quot;,&quot;caption&quot;:&quot;&quot;,&quot;created_timestamp&quot;:&quot;0&quot;,&quot;copyright&quot;:&quot;&quot;,&quot;focal_length&quot;:&quot;0&quot;,&quot;iso&quot;:&quot;0&quot;,&quot;shutter_speed&quot;:&quot;0&quot;,&quot;title&quot;:&quot;&quot;,&quot;orientation&quot;:&quot;0&quot;}\" data-image-title=\"contra-tren\" data-image-description=\"\" data-image-caption=\"\" data-medium-file=\"http:\/\/www.grieta.org.mx\/wp-content\/uploads\/2019\/12\/contra-tren-300x179.png\" data-large-file=\"http:\/\/www.grieta.org.mx\/wp-content\/uploads\/2019\/12\/contra-tren.png\" src=\"http:\/\/www.grieta.org.mx\/wp-content\/uploads\/2019\/12\/contra-tren.png\" alt=\"\" width=\"684\" height=\"409\" class=\"aligncenter size-full wp-image-42132\" srcset=\"http:\/\/www.grieta.org.mx\/wp-content\/uploads\/2019\/12\/contra-tren.png 684w, http:\/\/www.grieta.org.mx\/wp-content\/uploads\/2019\/12\/contra-tren-300x179.png 300w\" sizes=\"auto, (max-width: 684px) 100vw, 684px\" \/><br \/>\nEl Foro por la Vida y la Defensa del Territorio realizado el 8 de diciembre denunci\u00f3 la violaci\u00f3n a los protocolos de consulta en el proceso del Tren Maya.<\/p>\n<p>No estamos en contra del progreso, estamos en contra del beneficio de pocos en detrimento de muchos, ya no aceptamos espejos a cambio de nuestras tierras. Que se sepa desde hoy que rechazamos totalmente el megaproyecto Tren Maya\u201d, afirma el comunicado firmado por numerosas colectividades, entre las cuales se encuentran el Consejo Regional Ind\u00edgena y Popular de Xpujil S.C, Prodiversa A.C., la Red de Productores de Servicios Ambientales Ya\u2019ax Sot\u2019 Ot\u2019 Yook\u2019ol Kaab AC, el Colectivo de Comunidades Mayas de los Chenes, Muuch Kambal A.C., el Consejo Ind\u00edgena de Atasta-Francisca Heredia C\u00f3rdoba, y el Movimiento de Resistencia Civil Candelaria Campeche.<\/p>\n<p>En cuanto a la consulta, aclaran que rechazar\u00e1n \u201ccualquier resultado que la misma tenga ya sea a favor o en contra\u201d.<\/p>\n<p>\u201cNo es permisible que nadie, ninguna persona fuera de la Pen\u00ednsula de Yucat\u00e1n pretenda decidir lo que se puede hacer o dejar de hacer en nuestros territorios, as\u00ed como nosotros jam\u00e1s intentaremos decidir lo que se har\u00e1 con sus bienes, derechos y posesiones\u201d, argumentan las comunidades ind\u00edgenas.<\/p>\n<p>Para los pueblos en resistencia, una verdadera consulta debe de ser \u201cprevia, libre, informada, de buena fe y culturalmente adecuada\u201d, como lo estipulan tanto la legislaci\u00f3n nacional como los tratados internacionales.<\/p>\n<p>Sin embargo, denuncian que \u201cnada de lo anterior se cumple, puesto que el megaproyecto Tren Maya a la fecha ya se inici\u00f3 y prueba de ello es que ya se tienen entre otras cosas presupuestos, licitaciones, trazos y hasta fecha de inicio y con nosotros nadie ha convenido absolutamente nada; la \u00fanica informaci\u00f3n que tenemos es lo que los noticieros han transmitido y las filtraciones que nos han llegado, de manera oficial no hay autoridad alguna que se haya sentado a dialogar con nosotros a pesar de que la obra f\u00edsica pretenden asentarla en nuestro territorios; ni hablar de buena fe, esta no existe, todo se ha llevado a nuestras espaldas y para estar en condiciones de que sea culturalmente adecuada en primer t\u00e9rmino los quisi\u00e9ramos que cualquier decisi\u00f3n que se pretenda tomar sea en presencia de nuestras representaciones y en nuestros territorios\u201d.<\/p>\n<p>En una conferencia de prensa realizada el d\u00eda 11 de diciembre en la ciudad de M\u00e9rida, Yucat\u00e1n, el representante de la Asamblea de Defensores del Territorio Maya M\u00fauch\u2019 X\u00edinbal tambi\u00e9n denunci\u00f3 la manera en la que se est\u00e1 llevando a cabo la llamada consulta. \u201cLos procesos y los tiempos impuestos a las comunidades para formular su perspectiva han sido decididos desde el centro del pa\u00eds sin considerar las din\u00e1micas de las comunidades mayas, los pueblos y los ejidos\u201d, afirm\u00f3, y agreg\u00f3 \u201cno somos sujetos de derecho como dicen\u201d.<\/p>\n<p>Se\u00f1al\u00f3 en particular que no se les ha proporcionado informaci\u00f3n real y clara hacia las comunidades, y mucho menos en Maya, \u201ccuando el 80% de la poblaci\u00f3n local es maya-hablante\u201d. El representante de la Asamblea agreg\u00f3 que cuando ha sido usado el maya, lo ha sido \u201cni siquiera con una<br \/>\ntraducci\u00f3n correcta\u201d.<\/p>\n<p>Por otro lado, denunci\u00f3 que los pueblos est\u00e1n siendo consultados \u201cbajo violencia institucional\u201d, en particular \u201cen un clima de violencia, asesinatos de mujeres, adem\u00e1s del desempleo, y la crisis\u201d.<\/p>\n<p>Declar\u00f3 que por todas esas razones, el proyecto no es nada \u201cintercultural\u201d, como pretende ser, y que pone bajo amenaza no s\u00f3lo los recursos naturales de la regi\u00f3n sino \u201cla reproducci\u00f3n cultural del pueblo maya\u201d. \u201cLa consulta gubernamental sobre ese tren neoliberal es una estrategia para legitimar ese megaproyecto, para distraer y desviar la atenci\u00f3n del pueblo maya en la exigencia de sus derechos. Nuestro derecho es la autonom\u00eda y la libre-determinaci\u00f3n de los pueblos ind\u00edgenas. Entonces es claro: no al enga\u00f1o y a las decisiones tomadas a espaldas del territorio maya\u201d, concluy\u00f3.<\/p>\n<p>Experiencias previas de consultas ileg\u00edtimas<\/p>\n<p>La manera en la que se est\u00e1 dando el proceso de consulta respeto al Tren Maya no es nada in\u00e9dita: ya existen varias otras experiencias de consultas que violaron los derechos de las comunidades en las que se quieren experimentar a lo largo del pa\u00eds.<\/p>\n<p>Un ejemplo es el caso de la consulta que se llev\u00f3 a cabo con la comunidad ind\u00edgena de Juchit\u00e1n de Zaragoza, Oaxaca, durante el a\u00f1o 2015 con respecto al proyecto e\u00f3lico de la empresa E\u00f3licas del Sur. Integrantes del Pueblo Binniz\u00e1 denunciaron el car\u00e1cter ilegitimo de la consulta, en particular por no ser previa al desarrollo del proyecto.<\/p>\n<p>\u201cLos permisos y autorizaciones para la implementaci\u00f3n del proyecto E\u00f3licas del Sur se emitieron con anterioridad a la realizaci\u00f3n de la consulta o sin que este proceso estuviera concluido, lo que evidencia la violaci\u00f3n clara al car\u00e1cter previo de la consulta a la comunidad Zapoteca de Juchit\u00e1n, as\u00ed como una violaci\u00f3n al derecho a la consulta en sentido general\u201d, estableci\u00f3 Edmundo del Pozo, abogado de la organizaci\u00f3n Fundar.<\/p>\n<p>Otro ejemplo es el de la consulta ciudadana que se realiz\u00f3 respecto al Proyecto Integral Morelos (PIM) al inicio de este a\u00f1o. Dos tribunales colegiados en materia administrativa dieron la raz\u00f3n a ocho comunidades de Puebla, Morelos y Tlaxcala quienes hab\u00edan interpuesto una demanda contra el proceso de consulta. <\/p>\n<p>Entre otras cosas, concluyeron que la consulta abri\u00f3 la puerta a la continuaci\u00f3n del proyecto, sin garantizar la participaci\u00f3n efectiva de los pueblos en las medidas administrativas que puedan impactar su entorno o h\u00e1bitat. Tambi\u00e9n reconocieron que la metodolog\u00eda de la consulta no cumpli\u00f3 con los par\u00e1metros del Convenio 169 de la Organizaci\u00f3n Internacional del Trabajo (OIT), para dar a los interesados una adecuada participaci\u00f3n.<\/p>\n<p>12 municipios de Chiapas rechazan la \u201ccarretera de las culturas\u201d, obra asociada al Tren Maya<\/p>\n<p><img loading=\"lazy\" decoding=\"async\" data-attachment-id=\"42134\" data-permalink=\"http:\/\/www.grieta.org.mx\/index.php\/2019\/12\/11\/tren-maya-aumentan-tensiones-mientras-se-acerca-el-dia-de-las-consultas\/3-chiapas-comunidades-indigenas-habitantes-carretera-tres-culturas-tren-maya-3-02122019-1-768x1024\/\" data-orig-file=\"http:\/\/www.grieta.org.mx\/wp-content\/uploads\/2019\/12\/3-chiapas-comunidades-indigenas-habitantes-carretera-tres-culturas-tren-maya-3-02122019-1-768x1024.jpg\" data-orig-size=\"768,1024\" data-comments-opened=\"0\" data-image-meta=\"{&quot;aperture&quot;:&quot;0&quot;,&quot;credit&quot;:&quot;&quot;,&quot;camera&quot;:&quot;&quot;,&quot;caption&quot;:&quot;&quot;,&quot;created_timestamp&quot;:&quot;0&quot;,&quot;copyright&quot;:&quot;&quot;,&quot;focal_length&quot;:&quot;0&quot;,&quot;iso&quot;:&quot;0&quot;,&quot;shutter_speed&quot;:&quot;0&quot;,&quot;title&quot;:&quot;&quot;,&quot;orientation&quot;:&quot;0&quot;}\" data-image-title=\"3-chiapas-comunidades-indigenas-habitantes-carretera-tres-culturas-tren-maya-3-02122019-1-768&amp;#215;1024\" data-image-description=\"\" data-image-caption=\"\" data-medium-file=\"http:\/\/www.grieta.org.mx\/wp-content\/uploads\/2019\/12\/3-chiapas-comunidades-indigenas-habitantes-carretera-tres-culturas-tren-maya-3-02122019-1-768x1024-225x300.jpg\" data-large-file=\"http:\/\/www.grieta.org.mx\/wp-content\/uploads\/2019\/12\/3-chiapas-comunidades-indigenas-habitantes-carretera-tres-culturas-tren-maya-3-02122019-1-768x1024-768x1024.jpg\" src=\"http:\/\/www.grieta.org.mx\/wp-content\/uploads\/2019\/12\/3-chiapas-comunidades-indigenas-habitantes-carretera-tres-culturas-tren-maya-3-02122019-1-768x1024.jpg\" alt=\"\" width=\"768\" height=\"1024\" class=\"aligncenter size-full wp-image-42134\" srcset=\"http:\/\/www.grieta.org.mx\/wp-content\/uploads\/2019\/12\/3-chiapas-comunidades-indigenas-habitantes-carretera-tres-culturas-tren-maya-3-02122019-1-768x1024.jpg 768w, http:\/\/www.grieta.org.mx\/wp-content\/uploads\/2019\/12\/3-chiapas-comunidades-indigenas-habitantes-carretera-tres-culturas-tren-maya-3-02122019-1-768x1024-225x300.jpg 225w, http:\/\/www.grieta.org.mx\/wp-content\/uploads\/2019\/12\/3-chiapas-comunidades-indigenas-habitantes-carretera-tres-culturas-tren-maya-3-02122019-1-768x1024-375x500.jpg 375w\" sizes=\"auto, (max-width: 768px) 100vw, 768px\" \/><br \/>\nComunicado del MODEVITE en rechazo a la construcci\u00f3n de una obra asociada al Tren Maya.<\/p>\n<p>Adem\u00e1s del rechazo abierto hacia el megaproyecto del Tren Maya, en Chiapas varias comunidades se est\u00e1n movilizando en contra de otro proyecto asociado conocido como \u201ccarretera de las culturas\u201d.<\/p>\n<p>Autoridades comunitarias de 12 municipios de poblaci\u00f3n ind\u00edgena entregaron el lunes 2 de diciembre una carta a las secretar\u00edas de Gobierno y de Obras P\u00fablicas del gobierno de Chiapas, donde manifiestan su rechazo a la construcci\u00f3n de dicha carretera, la cual impactar\u00eda 153 kil\u00f3metros de la actual v\u00eda que comunica San Crist\u00f3bal-Palenque.<\/p>\n<p>En el escrito, las autoridades de Huixt\u00e1n, Tenejapa, San Juan Canc\u00fac, Oxchuc, Altamirano, Ocosingo, Chil\u00f3n, Sital\u00e1, Yajal\u00f3n, Palenque, Salto de Agua y Ejido Candelaria de San Crist\u00f3bal de las Casas, denuncian que el pasado 29 de octubre, representantes del gobierno de Chiapas acudieron al municipio de San Juan Canc\u00fac, para gestionar el \u201cderecho de v\u00eda\u201d que tienen que dar las personas que poseen terrenos en donde pasar\u00eda la obra.<\/p>\n<p>Denuncian en particular haber recibido la amenaza de ya no recibir recursos de programas sociales en caso de negarse a entregar el derecho de v\u00eda.<\/p>\n<p>\u201cQuien est\u00e1 financiando esta obra son empresarios que se han beneficiado explotando nuestro territorio y nuestra cultura con sus carreteras, sus hoteles, sus tiendas. A nosotros solo nos usan como imagen, pero en la pr\u00e1ctica contaminan nuestra tierra con sus hoteles, donde solo nos contratan para las labores de limpieza y servicio; compran a precio bajo nuestra artesan\u00eda para revenderla. Nosotros no tenemos ning\u00fan beneficio significativo, ning\u00fan beneficio nos trae\u201d, explicaron las autoridades reunidas en el Movimiento en Defensa de la Vida y el Territorio (MODEVITE), quienes mantienen su rechazo a la construcci\u00f3n del proyecto carretero.<\/p>\n<p><a href=\"https:\/\/avispa.org\/tren-maya-aumentan-tensiones-mientras-se-acerca-el-dia-de-las-consultas\/\" rel=\"noopener noreferrer\" target=\"_blank\">https:\/\/avispa.org\/tren-maya-aumentan-tensiones-mientras-se-acerca-el-dia-de-las-consultas\/<\/a><\/p>\n","protected":false},"excerpt":{"rendered":"<p>Eugenia L\u00f3pez \/Avispa Midia El proceso de \u201cconsulta\u201d para la realizaci\u00f3n del Tren Maya emprendido por el gobierno federal desde el 15 de noviembre pasado est\u00e1 por concluir. En realidad, &hellip; <a href=\"http:\/\/www.grieta.org.mx\/index.php\/2019\/12\/11\/tren-maya-aumentan-tensiones-mientras-se-acerca-el-dia-de-las-consultas\/\" class=\"more-link\">Leer m\u00e1s<\/a><\/p>\n","protected":false},"author":2,"featured_media":42127,"comment_status":"closed","ping_status":"closed","sticky":false,"template":"","format":"standard","meta":{"ngg_post_thumbnail":0,"_jetpack_newsletter_access":"","_jetpack_dont_email_post_to_subs":false,"_jetpack_newsletter_tier_id":0,"_jetpack_memberships_contains_paywalled_content":false,"_jetpack_memberships_contains_paid_content":false,"footnotes":""},"categories":[60,69,11,80,958,976,984,1,954,3,922,926,944,948,952,2,28,1875,1876,1877,2044,36],"tags":[1878],"class_list":["post-42126","post","type-post","status-publish","format-standard","has-post-thumbnail","hentry","category-16-pueblo-maya","category-25-xpujil","category-campeche","category-cintillo","category-esp-campeche","category-esp-quintana-roo","category-esp-yucatan","category-espejos-de-la-resistencia","category-espejos-estados","category-megaproyectos","category-megaproyectos-estados","category-mp-campeche","category-mp-quintana-roo","category-mp-tabasco","category-mp-yucatan","category-noticias-nacionales","category-quintana-roo","category-resistencia-al-tren-maya-en-la-peninsula-de-yucatan","category-resistencia-al-tren-maya-en-la-peninsula-de-yucatan-quintana-roo","category-resistencia-al-tren-maya-en-la-peninsula-de-yucatan-campeche","category-tren-maya-analisis","category-yucatan","tag-tren-maya","entry"],"jetpack_featured_media_url":"http:\/\/www.grieta.org.mx\/wp-content\/uploads\/2019\/12\/1030-11.jpg","jetpack_sharing_enabled":true,"jetpack_shortlink":"https:\/\/wp.me\/p7ZJR4-aXs","jetpack_likes_enabled":false,"jetpack-related-posts":[{"id":47874,"url":"http:\/\/www.grieta.org.mx\/index.php\/2020\/04\/13\/las-vias-torcidas-del-tren-maya-video\/","url_meta":{"origin":42126,"position":0},"title":"Las v\u00edas torcidas del tren maya (Video)","author":"grieta","date":"13 abril, 2020","format":false,"excerpt":"https:\/\/www.youtube.com\/watch?v=k8FRX9eT0YY","rel":"","context":"En &quot;16. Pueblo Maya&quot;","block_context":{"text":"16. Pueblo Maya","link":"http:\/\/www.grieta.org.mx\/index.php\/category\/espejos-de-la-resistencia\/16-pueblo-maya\/"},"img":{"alt_text":"","src":"https:\/\/i0.wp.com\/www.grieta.org.mx\/wp-content\/uploads\/2020\/04\/ViasTorcidasTrenMaya.png?resize=350%2C200","width":350,"height":200,"srcset":"https:\/\/i0.wp.com\/www.grieta.org.mx\/wp-content\/uploads\/2020\/04\/ViasTorcidasTrenMaya.png?resize=350%2C200 1x, https:\/\/i0.wp.com\/www.grieta.org.mx\/wp-content\/uploads\/2020\/04\/ViasTorcidasTrenMaya.png?resize=525%2C300 1.5x, https:\/\/i0.wp.com\/www.grieta.org.mx\/wp-content\/uploads\/2020\/04\/ViasTorcidasTrenMaya.png?resize=700%2C400 2x"},"classes":[]},{"id":35945,"url":"http:\/\/www.grieta.org.mx\/index.php\/2019\/07\/05\/expansion-de-megaproyectos-en-la-peninsula-de-yucatan-video\/","url_meta":{"origin":42126,"position":1},"title":"Expansi\u00f3n de Megaproyectos en la Pen\u00ednsula de Yucat\u00e1n (Video)","author":"grieta","date":"5 julio, 2019","format":false,"excerpt":"https:\/\/youtu.be\/qLBARIAaBsI","rel":"","context":"En &quot;Campeche&quot;","block_context":{"text":"Campeche","link":"http:\/\/www.grieta.org.mx\/index.php\/category\/noticias-nacionales\/campeche\/"},"img":{"alt_text":"","src":"https:\/\/i0.wp.com\/img.youtube.com\/vi\/qLBARIAaBsI\/0.jpg?resize=350%2C200","width":350,"height":200},"classes":[]},{"id":45360,"url":"http:\/\/www.grieta.org.mx\/index.php\/2020\/02\/27\/no-estamos-peleando-la-suspension-provisional-del-tren-maya-sino-la-definitiva-cruz-rueda\/","url_meta":{"origin":42126,"position":2},"title":"&#8220;No estamos peleando la suspensi\u00f3n provisional del Tren Maya, sino la definitiva&#8221;: Cruz Rueda","author":"grieta","date":"27 febrero, 2020","format":false,"excerpt":"Impugnaci\u00f3n de Presidencia \"no nos quita el sue\u00f1o\" Abraham Bote \/Foto: Tomada de Twitter \/La Jornada Maya M\u00e9rida, Yucat\u00e1n Respecto a la impugnaci\u00f3n que realiz\u00f3 la Presidencia de la Rep\u00fablica y el apoderado de la Naci\u00f3n Financiera (Nafin), contra la suspensi\u00f3n provisional del proyecto de Tren Maya, la asesora jur\u00eddica\u2026","rel":"","context":"En &quot;16. Pueblo Maya&quot;","block_context":{"text":"16. Pueblo Maya","link":"http:\/\/www.grieta.org.mx\/index.php\/category\/espejos-de-la-resistencia\/16-pueblo-maya\/"},"img":{"alt_text":"","src":"https:\/\/i0.wp.com\/www.grieta.org.mx\/wp-content\/uploads\/2020\/02\/TrenMallaCampeche.png?resize=350%2C200","width":350,"height":200,"srcset":"https:\/\/i0.wp.com\/www.grieta.org.mx\/wp-content\/uploads\/2020\/02\/TrenMallaCampeche.png?resize=350%2C200 1x, https:\/\/i0.wp.com\/www.grieta.org.mx\/wp-content\/uploads\/2020\/02\/TrenMallaCampeche.png?resize=525%2C300 1.5x, https:\/\/i0.wp.com\/www.grieta.org.mx\/wp-content\/uploads\/2020\/02\/TrenMallaCampeche.png?resize=700%2C400 2x"},"classes":[]},{"id":48940,"url":"http:\/\/www.grieta.org.mx\/index.php\/2020\/05\/11\/interponen-queja-ante-la-cndh-contra-obras-del-tren-maya\/","url_meta":{"origin":42126,"position":3},"title":"Interponen queja ante la CNDH contra obras del Tren Maya","author":"grieta","date":"11 mayo, 2020","format":false,"excerpt":"Lilia Balam \/ Informe Fracto Colectivos ind\u00edgenas y organizaciones civiles argumentaron que continuar con la construcci\u00f3n del proyecto durante la pandemia vulnera los derechos de los pobladores de la regi\u00f3n. Colectivos ind\u00edgenas y organizaciones civiles de la Pen\u00ednsula de Yucat\u00e1n interpusieron una queja ante la Comisi\u00f3n Nacional de los Derechos\u2026","rel":"","context":"En &quot;Campeche&quot;","block_context":{"text":"Campeche","link":"http:\/\/www.grieta.org.mx\/index.php\/category\/noticias-nacionales\/campeche\/"},"img":{"alt_text":"","src":"https:\/\/i0.wp.com\/www.grieta.org.mx\/wp-content\/uploads\/2020\/05\/tren_maya.jpg1_-640x360-1-e1589284542406.jpg?resize=350%2C200","width":350,"height":200,"srcset":"https:\/\/i0.wp.com\/www.grieta.org.mx\/wp-content\/uploads\/2020\/05\/tren_maya.jpg1_-640x360-1-e1589284542406.jpg?resize=350%2C200 1x, https:\/\/i0.wp.com\/www.grieta.org.mx\/wp-content\/uploads\/2020\/05\/tren_maya.jpg1_-640x360-1-e1589284542406.jpg?resize=525%2C300 1.5x, https:\/\/i0.wp.com\/www.grieta.org.mx\/wp-content\/uploads\/2020\/05\/tren_maya.jpg1_-640x360-1-e1589284542406.jpg?resize=700%2C400 2x"},"classes":[]},{"id":50050,"url":"http:\/\/www.grieta.org.mx\/index.php\/2020\/05\/31\/los-derechos-indigenas-son-pisoteados-con-impunidad-presidencial-y-sin-recato-dicen-mayas-a-amlo\/","url_meta":{"origin":42126,"position":4},"title":"Los derechos ind\u00edgenas \u201cson pisoteados con impunidad presidencial y sin recato\u201d, dicen mayas a AMLO","author":"grieta","date":"31 mayo, 2020","format":false,"excerpt":"Redacci\u00f3n \/ Sin Embargo \u201cSr. L\u00f3pez, viene usted a Yucat\u00e1n, la tierra donde los malos gobiernos (de los tres niveles) se ponen sin decencia ni recato al servicio de megaproyectos de alma podrida, sembrando discordia y conflictos sociales en nuestras comunidades. Llega usted, Sr. L\u00f3pez, al Yucat\u00e1n donde la ilegalidad,\u2026","rel":"","context":"En &quot;16. Pueblo Maya&quot;","block_context":{"text":"16. Pueblo Maya","link":"http:\/\/www.grieta.org.mx\/index.php\/category\/espejos-de-la-resistencia\/16-pueblo-maya\/"},"img":{"alt_text":"","src":"https:\/\/i0.wp.com\/www.grieta.org.mx\/wp-content\/uploads\/2020\/05\/amloco-tirano-rex-e1590968383995.jpg?resize=350%2C200","width":350,"height":200,"srcset":"https:\/\/i0.wp.com\/www.grieta.org.mx\/wp-content\/uploads\/2020\/05\/amloco-tirano-rex-e1590968383995.jpg?resize=350%2C200 1x, https:\/\/i0.wp.com\/www.grieta.org.mx\/wp-content\/uploads\/2020\/05\/amloco-tirano-rex-e1590968383995.jpg?resize=525%2C300 1.5x, https:\/\/i0.wp.com\/www.grieta.org.mx\/wp-content\/uploads\/2020\/05\/amloco-tirano-rex-e1590968383995.jpg?resize=700%2C400 2x"},"classes":[]},{"id":29462,"url":"http:\/\/www.grieta.org.mx\/index.php\/2019\/02\/18\/migrantes-construirian-tren-maya-y-refineria-en-tabasco\/","url_meta":{"origin":42126,"position":5},"title":"Migrantes \u2018construir\u00edan\u2019 Tren Maya y refiner\u00eda en Tabasco","author":"grieta","date":"18 febrero, 2019","format":false,"excerpt":"Redacci\u00f3n \/ XEVA Noticias Ra\u00fal Bonifaz Mohedano, diputado federal de Morena y presidente de la Comisi\u00f3n de la Frontera Sur en el Congreso de la Uni\u00f3n, adelant\u00f3 que hay un proyecto que podr\u00eda contemplar la contrataci\u00f3n de migrantes en obras federales en el sur del pa\u00eds. El legislador federal expuso\u2026","rel":"","context":"En &quot;16. Pueblo Maya&quot;","block_context":{"text":"16. Pueblo Maya","link":"http:\/\/www.grieta.org.mx\/index.php\/category\/espejos-de-la-resistencia\/16-pueblo-maya\/"},"img":{"alt_text":"","src":"https:\/\/i0.wp.com\/www.grieta.org.mx\/wp-content\/uploads\/2019\/02\/tren-1550524057-621x354.jpg?resize=350%2C200","width":350,"height":200,"srcset":"https:\/\/i0.wp.com\/www.grieta.org.mx\/wp-content\/uploads\/2019\/02\/tren-1550524057-621x354.jpg?resize=350%2C200 1x, https:\/\/i0.wp.com\/www.grieta.org.mx\/wp-content\/uploads\/2019\/02\/tren-1550524057-621x354.jpg?resize=525%2C300 1.5x"},"classes":[]}],"_links":{"self":[{"href":"http:\/\/www.grieta.org.mx\/index.php\/wp-json\/wp\/v2\/posts\/42126","targetHints":{"allow":["GET"]}}],"collection":[{"href":"http:\/\/www.grieta.org.mx\/index.php\/wp-json\/wp\/v2\/posts"}],"about":[{"href":"http:\/\/www.grieta.org.mx\/index.php\/wp-json\/wp\/v2\/types\/post"}],"author":[{"embeddable":true,"href":"http:\/\/www.grieta.org.mx\/index.php\/wp-json\/wp\/v2\/users\/2"}],"replies":[{"embeddable":true,"href":"http:\/\/www.grieta.org.mx\/index.php\/wp-json\/wp\/v2\/comments?post=42126"}],"version-history":[{"count":1,"href":"http:\/\/www.grieta.org.mx\/index.php\/wp-json\/wp\/v2\/posts\/42126\/revisions"}],"predecessor-version":[{"id":42136,"href":"http:\/\/www.grieta.org.mx\/index.php\/wp-json\/wp\/v2\/posts\/42126\/revisions\/42136"}],"wp:featuredmedia":[{"embeddable":true,"href":"http:\/\/www.grieta.org.mx\/index.php\/wp-json\/wp\/v2\/media\/42127"}],"wp:attachment":[{"href":"http:\/\/www.grieta.org.mx\/index.php\/wp-json\/wp\/v2\/media?parent=42126"}],"wp:term":[{"taxonomy":"category","embeddable":true,"href":"http:\/\/www.grieta.org.mx\/index.php\/wp-json\/wp\/v2\/categories?post=42126"},{"taxonomy":"post_tag","embeddable":true,"href":"http:\/\/www.grieta.org.mx\/index.php\/wp-json\/wp\/v2\/tags?post=42126"}],"curies":[{"name":"wp","href":"https:\/\/api.w.org\/{rel}","templated":true}]}}